{"id":157379,"date":"2026-01-22T14:05:00","date_gmt":"2026-01-22T17:05:00","guid":{"rendered":"https:\/\/www.em.com.br\/emfoco\/?p=157379"},"modified":"2026-01-20T11:02:59","modified_gmt":"2026-01-20T14:02:59","slug":"nova-ajuda-financeira-libera-salario-mensal-para-quem-cuida-de-idoso-acamado-na-propria-casa-veja-regras-e-como-solicitar","status":"publish","type":"post","link":"https:\/\/www.em.com.br\/emfoco\/2026\/01\/22\/nova-ajuda-financeira-libera-salario-mensal-para-quem-cuida-de-idoso-acamado-na-propria-casa-veja-regras-e-como-solicitar\/","title":{"rendered":"Nova ajuda financeira libera sal\u00e1rio mensal para quem cuida de idoso acamado na pr\u00f3pria casa; veja regras e como solicitar"},"content":{"rendered":"\n<h2 class=\"wp-block-heading\">A Bolsa Cuidador concede apoio financeiro a fam\u00edlias que cuidam de idosos dependentes em casa. O benef\u00edcio, geralmente de um sal\u00e1rio m\u00ednimo, exige Cad\u00danico, laudo m\u00e9dico e avalia\u00e7\u00e3o social, reduz interna\u00e7\u00f5es e garante cuidado domiciliar cont\u00ednuo.<\/h2>\n\n\n\n<p>A <strong>Bolsa Cuidador<\/strong> reconhece o trabalho de quem cuida de idosos dependentes em casa e oferece apoio financeiro \u00e0s fam\u00edlias. O benef\u00edcio busca garantir dignidade, evitar interna\u00e7\u00f5es desnecess\u00e1rias e permitir que o idoso permane\u00e7a no conv\u00edvio familiar com assist\u00eancia cont\u00ednua.<\/p>\n\n\n\n<h2 class=\"wp-block-heading\">O que \u00e9 a Bolsa Cuidador e por que ela foi criada?<\/h2>\n\n\n\n<p>A Bolsa Cuidador \u00e9 uma pol\u00edtica de <strong><a href=\"https:\/\/repositorio.ipea.gov.br\/server\/api\/core\/bitstreams\/128eb5a3-de8e-43d1-9da6-cbff468b7493\/content\" target=\"_blank\" rel=\"noreferrer noopener\">justi\u00e7a social e sa\u00fade p\u00fablica<\/a><\/strong> voltada a fam\u00edlias que cuidam de idosos acamados ou com limita\u00e7\u00f5es severas, permitindo que o cuidado aconte\u00e7a no ambiente dom\u00e9stico com suporte financeiro m\u00ednimo.<\/p>\n\n\n\n<p>A iniciativa responde ao envelhecimento da popula\u00e7\u00e3o e \u00e0 sobrecarga dos sistemas de sa\u00fade, reconhecendo que o cuidado familiar reduz interna\u00e7\u00f5es, preserva v\u00ednculos afetivos e melhora o <strong>bem-estar emocional<\/strong> do idoso dependente.<\/p>\n\n\n\n<figure class=\"wp-block-image size-large\"><img loading=\"lazy\" decoding=\"async\" width=\"1024\" height=\"576\" src=\"https:\/\/www.em.com.br\/emfoco\/wp-content\/uploads\/2026\/01\/AIAI-6-34-1024x576.jpg\" alt=\"Nova ajuda financeira libera sal\u00e1rio mensal para quem cuida de idoso acamado na pr\u00f3pria casa; veja regras e como solicitar\" class=\"wp-image-157403\" srcset=\"https:\/\/www.em.com.br\/emfoco\/wp-content\/uploads\/2026\/01\/AIAI-6-34-1024x576.jpg 1024w, https:\/\/www.em.com.br\/emfoco\/wp-content\/uploads\/2026\/01\/AIAI-6-34-300x169.jpg 300w, https:\/\/www.em.com.br\/emfoco\/wp-content\/uploads\/2026\/01\/AIAI-6-34-768x432.jpg 768w, https:\/\/www.em.com.br\/emfoco\/wp-content\/uploads\/2026\/01\/AIAI-6-34-750x422.jpg 750w, https:\/\/www.em.com.br\/emfoco\/wp-content\/uploads\/2026\/01\/AIAI-6-34-1140x641.jpg 1140w, https:\/\/www.em.com.br\/emfoco\/wp-content\/uploads\/2026\/01\/AIAI-6-34.jpg 1280w\" sizes=\"auto, (max-width: 1024px) 100vw, 1024px\" \/><figcaption class=\"wp-element-caption\">Programa foi criado para valorizar cuidado familiar e reduzir interna\u00e7\u00f5es de idosos<\/figcaption><\/figure>\n\n\n\n<h2 class=\"wp-block-heading\">Quem pode receber a Bolsa Cuidador atualmente?<\/h2>\n\n\n\n<p>O acesso ao benef\u00edcio depende do cumprimento de crit\u00e9rios sociais e de sa\u00fade, definidos por programas estaduais ou municipais, com foco em vulnerabilidade e depend\u00eancia permanente. Entre os requisitos mais observados, est\u00e3o os listados a seguir.<\/p>\n\n\n\n<ul class=\"wp-block-list\">\n<li><strong>Condi\u00e7\u00e3o do idoso<\/strong>: idade m\u00ednima de 60 anos com depend\u00eancia cont\u00ednua para atividades b\u00e1sicas.<\/li>\n\n\n\n<li><strong>Renda familiar<\/strong>: inscri\u00e7\u00e3o no Cad\u00danico e renda per capita dentro dos limites de vulnerabilidade.<\/li>\n\n\n\n<li><strong>Perfil do cuidador<\/strong>: familiar ou respons\u00e1vel sem renda fixa ou com dedica\u00e7\u00e3o exclusiva.<\/li>\n<\/ul>\n\n\n\n<h2 class=\"wp-block-heading\">Qual \u00e9 o valor pago e como ele ajuda a fam\u00edlia?<\/h2>\n\n\n\n<p>O pagamento mensal de <strong>1 sal\u00e1rio m\u00ednimo<\/strong> ajuda a cobrir custos inevit\u00e1veis do cuidado domiciliar, como fraldas geri\u00e1tricas, insumos de higiene e complementa\u00e7\u00e3o alimentar para o idoso acamado.<\/p>\n\n\n\n<p>Al\u00e9m do impacto financeiro, o benef\u00edcio funciona como uma forma de compensa\u00e7\u00e3o social ao cuidador, que muitas vezes deixa o mercado de trabalho para exercer uma fun\u00e7\u00e3o essencial e cont\u00ednua.<\/p>\n\n\n\n<figure class=\"wp-block-image size-large\"><img loading=\"lazy\" decoding=\"async\" width=\"1024\" height=\"576\" src=\"https:\/\/www.em.com.br\/emfoco\/wp-content\/uploads\/2026\/01\/AIAI-7-33-1024x576.jpg\" alt=\"Nova ajuda financeira libera sal\u00e1rio mensal para quem cuida de idoso acamado na pr\u00f3pria casa; veja regras e como solicitar\" class=\"wp-image-157404\" srcset=\"https:\/\/www.em.com.br\/emfoco\/wp-content\/uploads\/2026\/01\/AIAI-7-33-1024x576.jpg 1024w, https:\/\/www.em.com.br\/emfoco\/wp-content\/uploads\/2026\/01\/AIAI-7-33-300x169.jpg 300w, https:\/\/www.em.com.br\/emfoco\/wp-content\/uploads\/2026\/01\/AIAI-7-33-768x432.jpg 768w, https:\/\/www.em.com.br\/emfoco\/wp-content\/uploads\/2026\/01\/AIAI-7-33-750x422.jpg 750w, https:\/\/www.em.com.br\/emfoco\/wp-content\/uploads\/2026\/01\/AIAI-7-33-1140x641.jpg 1140w, https:\/\/www.em.com.br\/emfoco\/wp-content\/uploads\/2026\/01\/AIAI-7-33.jpg 1280w\" sizes=\"auto, (max-width: 1024px) 100vw, 1024px\" \/><figcaption class=\"wp-element-caption\">Valor mensal ajuda a custear insumos essenciais e despesas do cuidado cont\u00ednuo<\/figcaption><\/figure>\n\n\n\n<p><em>Leia mais: <em><strong><a href=\"https:\/\/www.em.com.br\/emfoco\/2026\/01\/19\/sem-esse-exame-voce-nao-pode-mais-tirar-a-cnh-nova-exigencia-virou-barreira-para-milhares-de-brasileiros\/\" target=\"_blank\" rel=\"noreferrer noopener\">Sem esse exame voc\u00ea n\u00e3o pode mais tirar a CNH! Nova exig\u00eancia virou barreira para milhares de brasileiros<\/a><\/strong><\/em><\/em><\/p>\n\n\n\n<h2 class=\"wp-block-heading\">Como solicitar a Bolsa Cuidador passo a passo?<\/h2>\n\n\n\n<p>O processo de solicita\u00e7\u00e3o exige organiza\u00e7\u00e3o documental e avalia\u00e7\u00e3o social, garantindo que o benef\u00edcio seja destinado a quem realmente precisa. Para dar entrada corretamente, observe as etapas pr\u00e1ticas descritas abaixo.<\/p>\n\n\n\n<ul class=\"wp-block-list\">\n<li><strong>Atualiza\u00e7\u00e3o do Cad\u00danico<\/strong>: dados corretos no CRAS garantem an\u00e1lise adequada.<\/li>\n\n\n\n<li><strong>Laudo m\u00e9dico<\/strong>: documento que comprove depend\u00eancia e necessidade de cuidado cont\u00ednuo.<\/li>\n\n\n\n<li><strong>Avalia\u00e7\u00e3o social<\/strong>: visita t\u00e9cnica para verificar a rotina e as condi\u00e7\u00f5es da fam\u00edlia.<\/li>\n<\/ul>\n\n\n\n<h2 class=\"wp-block-heading\">Bolsa Cuidador \u00e9 diferente de outros benef\u00edcios existentes?<\/h2>\n\n\n\n<p>A Bolsa Cuidador n\u00e3o deve ser confundida com o BPC ou com o adicional de 25% pago a aposentados por invalidez, pois s\u00e3o benef\u00edcios com <strong>finalidades e p\u00fablicos distintos<\/strong>.<\/p>\n\n\n\n<p>Em algumas localidades, \u00e9 poss\u00edvel acumular o benef\u00edcio do idoso com a Bolsa Cuidador do familiar respons\u00e1vel, desde que a legisla\u00e7\u00e3o local permita, refor\u00e7ando a prote\u00e7\u00e3o financeira e a dignidade no cuidado di\u00e1rio.<\/p>\n","protected":false},"excerpt":{"rendered":"<p>A Bolsa Cuidador concede apoio financeiro a fam\u00edlias que cuidam de idosos dependentes em casa. O benef\u00edcio, geralmente de um sal\u00e1rio m\u00ednimo, exige Cad\u00danico, laudo m\u00e9dico e avalia\u00e7\u00e3o social, reduz interna\u00e7\u00f5es e garante cuidado domiciliar cont\u00ednuo. A Bolsa Cuidador reconhece o trabalho de quem cuida de idosos dependentes em casa e oferece apoio financeiro \u00e0s [&hellip;]<\/p>\n","protected":false},"author":13,"featured_media":157402,"comment_status":"open","ping_status":"open","sticky":false,"template":"","format":"standard","meta":{"jnews-multi-image_gallery":[],"jnews_single_post":{"format":"standard"},"jnews_primary_category":[],"jnews_social_meta":[],"jnews_override_counter":[],"footnotes":""},"categories":[28],"tags":[21732,497,717],"class_list":["post-157379","post","type-post","status-publish","format-standard","has-post-thumbnail","hentry","category-economia","tag-bolsa-cuidador","tag-justica-social","tag-salario-minimo"],"yoast_head":"<!-- This site is optimized with the Yoast SEO plugin v23.8 - https:\/\/yoast.com\/wordpress\/plugins\/seo\/ -->\n<title>Nova ajuda financeira libera sal\u00e1rio mensal para quem cuida de idoso acamado na pr\u00f3pria casa; veja regras e como solicitar - Estado de Minas - Em foco<\/title>\n<meta name=\"description\" content=\"Programa Bolsa Cuidador paga 1 sal\u00e1rio m\u00ednimo a quem cuida de idoso dependente em casa. Veja como funciona e quem pode solicitar.\" \/>\n<meta name=\"robots\" content=\"index, follow, max-snippet:-1, max-image-preview:large, max-video-preview:-1\" \/>\n<link rel=\"canonical\" href=\"https:\/\/www.em.com.br\/emfoco\/2026\/01\/22\/nova-ajuda-financeira-libera-salario-mensal-para-quem-cuida-de-idoso-acamado-na-propria-casa-veja-regras-e-como-solicitar\/\" \/>\n<meta property=\"og:locale\" content=\"pt_BR\" \/>\n<meta property=\"og:type\" content=\"article\" \/>\n<meta property=\"og:title\" content=\"Nova ajuda financeira libera sal\u00e1rio mensal para quem cuida de idoso acamado na pr\u00f3pria casa; veja regras e como solicitar - Estado de Minas - Em foco\" \/>\n<meta property=\"og:description\" content=\"Programa Bolsa Cuidador paga 1 sal\u00e1rio m\u00ednimo a quem cuida de idoso dependente em casa. Veja como funciona e quem pode solicitar.\" \/>\n<meta property=\"og:url\" content=\"https:\/\/www.em.com.br\/emfoco\/2026\/01\/22\/nova-ajuda-financeira-libera-salario-mensal-para-quem-cuida-de-idoso-acamado-na-propria-casa-veja-regras-e-como-solicitar\/\" \/>\n<meta property=\"og:site_name\" content=\"Estado de Minas - Em foco\" \/>\n<meta property=\"article:published_time\" content=\"2026-01-22T17:05:00+00:00\" \/>\n<meta property=\"article:modified_time\" content=\"2026-01-20T14:02:59+00:00\" \/>\n<meta property=\"og:image\" content=\"https:\/\/www.em.com.br\/emfoco\/wp-content\/uploads\/2026\/01\/AIAI-5-40.jpg\" \/>\n\t<meta property=\"og:image:width\" content=\"1280\" \/>\n\t<meta property=\"og:image:height\" content=\"720\" \/>\n\t<meta property=\"og:image:type\" content=\"image\/jpeg\" \/>\n<meta name=\"author\" content=\"Gabriel Martins\" \/>\n<meta name=\"twitter:card\" content=\"summary_large_image\" \/>\n<meta name=\"twitter:label1\" content=\"Escrito por\" \/>\n\t<meta name=\"twitter:data1\" content=\"Gabriel Martins\" \/>\n\t<meta name=\"twitter:label2\" content=\"Est. tempo de leitura\" \/>\n\t<meta name=\"twitter:data2\" content=\"4 minutos\" \/>\n<!-- \/ Yoast SEO plugin. -->","yoast_head_json":{"title":"Nova ajuda financeira libera sal\u00e1rio mensal para quem cuida de idoso acamado na pr\u00f3pria casa; veja regras e como solicitar - Estado de Minas - Em foco","description":"Programa Bolsa Cuidador paga 1 sal\u00e1rio m\u00ednimo a quem cuida de idoso dependente em casa. Veja como funciona e quem pode solicitar.","robots":{"index":"index","follow":"follow","max-snippet":"max-snippet:-1","max-image-preview":"max-image-preview:large","max-video-preview":"max-video-preview:-1"},"canonical":"https:\/\/www.em.com.br\/emfoco\/2026\/01\/22\/nova-ajuda-financeira-libera-salario-mensal-para-quem-cuida-de-idoso-acamado-na-propria-casa-veja-regras-e-como-solicitar\/","og_locale":"pt_BR","og_type":"article","og_title":"Nova ajuda financeira libera sal\u00e1rio mensal para quem cuida de idoso acamado na pr\u00f3pria casa; veja regras e como solicitar - Estado de Minas - Em foco","og_description":"Programa Bolsa Cuidador paga 1 sal\u00e1rio m\u00ednimo a quem cuida de idoso dependente em casa. Veja como funciona e quem pode solicitar.","og_url":"https:\/\/www.em.com.br\/emfoco\/2026\/01\/22\/nova-ajuda-financeira-libera-salario-mensal-para-quem-cuida-de-idoso-acamado-na-propria-casa-veja-regras-e-como-solicitar\/","og_site_name":"Estado de Minas - Em foco","article_published_time":"2026-01-22T17:05:00+00:00","article_modified_time":"2026-01-20T14:02:59+00:00","og_image":[{"width":1280,"height":720,"url":"https:\/\/www.em.com.br\/emfoco\/wp-content\/uploads\/2026\/01\/AIAI-5-40.jpg","type":"image\/jpeg"}],"author":"Gabriel Martins","twitter_card":"summary_large_image","twitter_misc":{"Escrito por":"Gabriel Martins","Est. tempo de leitura":"4 minutos"},"schema":{"@context":"https:\/\/schema.org","@graph":[{"@type":"WebPage","@id":"https:\/\/www.em.com.br\/emfoco\/2026\/01\/22\/nova-ajuda-financeira-libera-salario-mensal-para-quem-cuida-de-idoso-acamado-na-propria-casa-veja-regras-e-como-solicitar\/","url":"https:\/\/www.em.com.br\/emfoco\/2026\/01\/22\/nova-ajuda-financeira-libera-salario-mensal-para-quem-cuida-de-idoso-acamado-na-propria-casa-veja-regras-e-como-solicitar\/","name":"Nova ajuda financeira libera sal\u00e1rio mensal para quem cuida de idoso acamado na pr\u00f3pria casa; veja regras e como solicitar - Estado de Minas - Em foco","isPartOf":{"@id":"https:\/\/www.em.com.br\/emfoco\/#website"},"primaryImageOfPage":{"@id":"https:\/\/www.em.com.br\/emfoco\/2026\/01\/22\/nova-ajuda-financeira-libera-salario-mensal-para-quem-cuida-de-idoso-acamado-na-propria-casa-veja-regras-e-como-solicitar\/#primaryimage"},"image":{"@id":"https:\/\/www.em.com.br\/emfoco\/2026\/01\/22\/nova-ajuda-financeira-libera-salario-mensal-para-quem-cuida-de-idoso-acamado-na-propria-casa-veja-regras-e-como-solicitar\/#primaryimage"},"thumbnailUrl":"https:\/\/www.em.com.br\/emfoco\/wp-content\/uploads\/2026\/01\/AIAI-5-40.jpg","datePublished":"2026-01-22T17:05:00+00:00","dateModified":"2026-01-20T14:02:59+00:00","author":{"@id":"https:\/\/www.em.com.br\/emfoco\/#\/schema\/person\/1c9ddeab18b98abeffef834667bcf08a"},"description":"Programa Bolsa Cuidador paga 1 sal\u00e1rio m\u00ednimo a quem cuida de idoso dependente em casa. Veja como funciona e quem pode solicitar.","breadcrumb":{"@id":"https:\/\/www.em.com.br\/emfoco\/2026\/01\/22\/nova-ajuda-financeira-libera-salario-mensal-para-quem-cuida-de-idoso-acamado-na-propria-casa-veja-regras-e-como-solicitar\/#breadcrumb"},"inLanguage":"pt-BR","potentialAction":[{"@type":"ReadAction","target":["https:\/\/www.em.com.br\/emfoco\/2026\/01\/22\/nova-ajuda-financeira-libera-salario-mensal-para-quem-cuida-de-idoso-acamado-na-propria-casa-veja-regras-e-como-solicitar\/"]}]},{"@type":"ImageObject","inLanguage":"pt-BR","@id":"https:\/\/www.em.com.br\/emfoco\/2026\/01\/22\/nova-ajuda-financeira-libera-salario-mensal-para-quem-cuida-de-idoso-acamado-na-propria-casa-veja-regras-e-como-solicitar\/#primaryimage","url":"https:\/\/www.em.com.br\/emfoco\/wp-content\/uploads\/2026\/01\/AIAI-5-40.jpg","contentUrl":"https:\/\/www.em.com.br\/emfoco\/wp-content\/uploads\/2026\/01\/AIAI-5-40.jpg","width":1280,"height":720,"caption":"Bolsa Cuidador reconhece cuidado domiciliar e garante apoio financeiro \u00e0s fam\u00edlias"},{"@type":"BreadcrumbList","@id":"https:\/\/www.em.com.br\/emfoco\/2026\/01\/22\/nova-ajuda-financeira-libera-salario-mensal-para-quem-cuida-de-idoso-acamado-na-propria-casa-veja-regras-e-como-solicitar\/#breadcrumb","itemListElement":[{"@type":"ListItem","position":1,"name":"In\u00edcio","item":"https:\/\/www.em.com.br\/emfoco\/"},{"@type":"ListItem","position":2,"name":"Nova ajuda financeira libera sal\u00e1rio mensal para quem cuida de idoso acamado na pr\u00f3pria casa; veja regras e como solicitar"}]},{"@type":"WebSite","@id":"https:\/\/www.em.com.br\/emfoco\/#website","url":"https:\/\/www.em.com.br\/emfoco\/","name":"Estado de Minas - Em foco","description":"Acompanhe as \u00faltimas not\u00edcias e fique bem informado sobre tudo o que acontece em Minas Gerais, Brasil e no mundo.","potentialAction":[{"@type":"SearchAction","target":{"@type":"EntryPoint","urlTemplate":"https:\/\/www.em.com.br\/emfoco\/?s={search_term_string}"},"query-input":{"@type":"PropertyValueSpecification","valueRequired":true,"valueName":"search_term_string"}}],"inLanguage":"pt-BR"},{"@type":"Person","@id":"https:\/\/www.em.com.br\/emfoco\/#\/schema\/person\/1c9ddeab18b98abeffef834667bcf08a","name":"Gabriel Martins","image":{"@type":"ImageObject","inLanguage":"pt-BR","@id":"https:\/\/www.em.com.br\/emfoco\/#\/schema\/person\/image\/","url":"https:\/\/secure.gravatar.com\/avatar\/f0f1e2efdfd88f1ad2cb08c5c2731e50?s=96&d=mm&r=g","contentUrl":"https:\/\/secure.gravatar.com\/avatar\/f0f1e2efdfd88f1ad2cb08c5c2731e50?s=96&d=mm&r=g","caption":"Gabriel Martins"},"sameAs":["https:\/\/www.em.com.br\/emfoco\/"],"url":"https:\/\/www.em.com.br\/emfoco\/author\/gabrielmartinsmyth\/"}]}},"_links":{"self":[{"href":"https:\/\/www.em.com.br\/emfoco\/wp-json\/wp\/v2\/posts\/157379","targetHints":{"allow":["GET"]}}],"collection":[{"href":"https:\/\/www.em.com.br\/emfoco\/wp-json\/wp\/v2\/posts"}],"about":[{"href":"https:\/\/www.em.com.br\/emfoco\/wp-json\/wp\/v2\/types\/post"}],"author":[{"embeddable":true,"href":"https:\/\/www.em.com.br\/emfoco\/wp-json\/wp\/v2\/users\/13"}],"replies":[{"embeddable":true,"href":"https:\/\/www.em.com.br\/emfoco\/wp-json\/wp\/v2\/comments?post=157379"}],"version-history":[{"count":1,"href":"https:\/\/www.em.com.br\/emfoco\/wp-json\/wp\/v2\/posts\/157379\/revisions"}],"predecessor-version":[{"id":157405,"href":"https:\/\/www.em.com.br\/emfoco\/wp-json\/wp\/v2\/posts\/157379\/revisions\/157405"}],"wp:featuredmedia":[{"embeddable":true,"href":"https:\/\/www.em.com.br\/emfoco\/wp-json\/wp\/v2\/media\/157402"}],"wp:attachment":[{"href":"https:\/\/www.em.com.br\/emfoco\/wp-json\/wp\/v2\/media?parent=157379"}],"wp:term":[{"taxonomy":"category","embeddable":true,"href":"https:\/\/www.em.com.br\/emfoco\/wp-json\/wp\/v2\/categories?post=157379"},{"taxonomy":"post_tag","embeddable":true,"href":"https:\/\/www.em.com.br\/emfoco\/wp-json\/wp\/v2\/tags?post=157379"}],"curies":[{"name":"wp","href":"https:\/\/api.w.org\/{rel}","templated":true}]}}