{"id":157377,"date":"2026-01-22T10:15:00","date_gmt":"2026-01-22T13:15:00","guid":{"rendered":"https:\/\/www.em.com.br\/emfoco\/?p=157377"},"modified":"2026-01-20T10:56:14","modified_gmt":"2026-01-20T13:56:14","slug":"nova-lei-federal-obriga-contagem-do-tempo-congelado-na-pandemia-e-libera-pagamentos-retroativos-para-servidores-de-todo-o-pais","status":"publish","type":"post","link":"https:\/\/www.em.com.br\/emfoco\/2026\/01\/22\/nova-lei-federal-obriga-contagem-do-tempo-congelado-na-pandemia-e-libera-pagamentos-retroativos-para-servidores-de-todo-o-pais\/","title":{"rendered":"Nova lei federal obriga contagem do tempo congelado na pandemia e libera pagamentos retroativos para servidores de todo o pa\u00eds"},"content":{"rendered":"\n<h2 class=\"wp-block-heading\">Lei federal autoriza contar o tempo de servi\u00e7o congelado entre 2020 e 2021, destrava progress\u00f5es e permite pagamentos retroativos a servidores ativos, inativos e pensionistas, com c\u00e1lculo definido e pagamento conforme regras de cada ente.<\/h2>\n\n\n\n<p>A san\u00e7\u00e3o de uma nova <strong>lei federal em 2026<\/strong> encerrou uma disputa que se arrastava desde a pandemia. O texto autoriza a contagem retroativa do tempo congelado pela <strong>Lei Complementar n\u00ba 173\/2020<\/strong> e destrava pagamentos e progress\u00f5es de servidores.<\/p>\n\n\n\n<h2 class=\"wp-block-heading\">O que foi o congelamento imposto na pandemia?<\/h2>\n\n\n\n<p>O chamado congelamento foi determinado pela <strong><a href=\"https:\/\/www.planalto.gov.br\/ccivil_03\/leis\/lcp\/lcp173.htm\" target=\"_blank\" rel=\"noreferrer noopener\">Lei Complementar n\u00ba 173\/2020<\/a><\/strong>, que proibiu a contagem de tempo de servi\u00e7o entre 28 de maio de 2020 e 31 de dezembro de 2021 como contrapartida ao aux\u00edlio financeiro federal.<\/p>\n\n\n\n<p>Na pr\u00e1tica, esse per\u00edodo deixou de valer para <strong>anu\u00eanios<\/strong>, <strong>tri\u00eanios<\/strong>, <strong>quinqu\u00eanios<\/strong>, <strong>sexta-parte<\/strong> e licen\u00e7as-pr\u00eamio, criando um atraso artificial na carreira de milh\u00f5es de servidores p\u00fablicos.<\/p>\n\n\n\n<figure class=\"wp-block-image size-large\"><img loading=\"lazy\" decoding=\"async\" width=\"1024\" height=\"576\" src=\"https:\/\/www.em.com.br\/emfoco\/wp-content\/uploads\/2026\/01\/AIAI-62-1024x576.jpg\" alt=\"Nova lei federal obriga contagem do tempo congelado na pandemia e libera pagamentos retroativos para servidores de todo o pa\u00eds\" class=\"wp-image-157395\" srcset=\"https:\/\/www.em.com.br\/emfoco\/wp-content\/uploads\/2026\/01\/AIAI-62-1024x576.jpg 1024w, https:\/\/www.em.com.br\/emfoco\/wp-content\/uploads\/2026\/01\/AIAI-62-300x169.jpg 300w, https:\/\/www.em.com.br\/emfoco\/wp-content\/uploads\/2026\/01\/AIAI-62-768x432.jpg 768w, https:\/\/www.em.com.br\/emfoco\/wp-content\/uploads\/2026\/01\/AIAI-62-750x422.jpg 750w, https:\/\/www.em.com.br\/emfoco\/wp-content\/uploads\/2026\/01\/AIAI-62-1140x641.jpg 1140w, https:\/\/www.em.com.br\/emfoco\/wp-content\/uploads\/2026\/01\/AIAI-62.jpg 1280w\" sizes=\"auto, (max-width: 1024px) 100vw, 1024px\" \/><figcaption class=\"wp-element-caption\">O congelamento suspendeu contagem funcional e atrasou progress\u00f5es durante a pandemia<\/figcaption><\/figure>\n\n\n\n<h2 class=\"wp-block-heading\">O que a nova lei de 2026 autoriza exatamente?<\/h2>\n\n\n\n<p>A nova legisla\u00e7\u00e3o reconhece que o tempo congelado deve ser computado para todos os fins funcionais e financeiros, restabelecendo direitos suspensos. Entre os pontos autorizados pela lei est\u00e3o os seguintes.<\/p>\n\n\n\n<ul class=\"wp-block-list\">\n<li>Contagem de tempo: o per\u00edodo entre 2020 e 2021 passa a valer oficialmente na ficha funcional.<\/li>\n\n\n\n<li>Progress\u00f5es de carreira: promo\u00e7\u00f5es e mudan\u00e7as de n\u00edvel s\u00e3o recalculadas como se n\u00e3o houvesse congelamento.<\/li>\n\n\n\n<li>Pagamentos retroativos: diferen\u00e7as salariais acumuladas passam a ser devidas ao servidor.<\/li>\n<\/ul>\n\n\n\n<h2 class=\"wp-block-heading\">Quem tem direito ao ressarcimento p\u00f3s-pandemia?<\/h2>\n\n\n\n<p>O alcance da nova lei \u00e9 amplo e abrange servidores ativos e inativos que tiveram preju\u00edzo direto com o congelamento. O crit\u00e9rio central \u00e9 ter v\u00ednculo durante o per\u00edodo afetado pela <strong>LC n\u00ba 173\/2020<\/strong>.<\/p>\n\n\n\n<p>S\u00e3o beneficiados <strong>servidores civis e militares<\/strong> das tr\u00eas esferas, al\u00e9m de <strong>aposentados e pensionistas<\/strong> que deixaram de receber valores maiores por causa da contagem interrompida do tempo de servi\u00e7o.<\/p>\n\n\n\n<p><em>Leia mais: <em><strong><a href=\"https:\/\/www.em.com.br\/emfoco\/2026\/01\/19\/sem-esse-exame-voce-nao-pode-mais-tirar-a-cnh-nova-exigencia-virou-barreira-para-milhares-de-brasileiros\/\" target=\"_blank\" rel=\"noreferrer noopener\">Sem esse exame voc\u00ea n\u00e3o pode mais tirar a CNH! Nova exig\u00eancia virou barreira para milhares de brasileiros<\/a><\/strong><\/em><\/em><\/p>\n\n\n\n<h2 class=\"wp-block-heading\">Como funciona o c\u00e1lculo dos valores retroativos?<\/h2>\n\n\n\n<p>O ressarcimento corresponde \u00e0 diferen\u00e7a entre o sal\u00e1rio efetivamente pago e o que deveria ter sido pago caso a progress\u00e3o tivesse ocorrido na data correta. O c\u00e1lculo segue crit\u00e9rios objetivos definidos pela legisla\u00e7\u00e3o.<\/p>\n\n\n\n<p>S\u00e3o considerados o <strong>sal\u00e1rio-base corrigido<\/strong>, os <strong>adicionais por tempo de servi\u00e7o<\/strong> e a <strong>corre\u00e7\u00e3o monet\u00e1ria<\/strong> aplicada m\u00eas a m\u00eas, desde o fim do congelamento at\u00e9 a efetiva regulariza\u00e7\u00e3o.<\/p>\n\n\n\n<figure class=\"wp-block-image size-large\"><img loading=\"lazy\" decoding=\"async\" width=\"1024\" height=\"576\" src=\"https:\/\/www.em.com.br\/emfoco\/wp-content\/uploads\/2026\/01\/AIAI-1-48-1024x576.jpg\" alt=\"Nova lei federal obriga contagem do tempo congelado na pandemia e libera pagamentos retroativos para servidores de todo o pa\u00eds\" class=\"wp-image-157396\" srcset=\"https:\/\/www.em.com.br\/emfoco\/wp-content\/uploads\/2026\/01\/AIAI-1-48-1024x576.jpg 1024w, https:\/\/www.em.com.br\/emfoco\/wp-content\/uploads\/2026\/01\/AIAI-1-48-300x169.jpg 300w, https:\/\/www.em.com.br\/emfoco\/wp-content\/uploads\/2026\/01\/AIAI-1-48-768x432.jpg 768w, https:\/\/www.em.com.br\/emfoco\/wp-content\/uploads\/2026\/01\/AIAI-1-48-750x422.jpg 750w, https:\/\/www.em.com.br\/emfoco\/wp-content\/uploads\/2026\/01\/AIAI-1-48-1140x641.jpg 1140w, https:\/\/www.em.com.br\/emfoco\/wp-content\/uploads\/2026\/01\/AIAI-1-48.jpg 1280w\" sizes=\"auto, (max-width: 1024px) 100vw, 1024px\" \/><figcaption class=\"wp-element-caption\">C\u00e1lculo considera diferen\u00e7as salariais, adicionais por tempo e corre\u00e7\u00e3o monet\u00e1ria<\/figcaption><\/figure>\n\n\n\n<h2 class=\"wp-block-heading\">De que forma o pagamento ser\u00e1 feito aos servidores?<\/h2>\n\n\n\n<p>Devido ao impacto or\u00e7ament\u00e1rio, a lei permite que cada ente federativo defina a forma de pagamento, respeitando limites fiscais e administrativos. Entre as modalidades previstas est\u00e3o as op\u00e7\u00f5es abaixo.<\/p>\n\n\n\n<ul class=\"wp-block-list\">\n<li>Atualiza\u00e7\u00e3o em folha: o novo valor passa a ser pago mensalmente ap\u00f3s a revis\u00e3o funcional.<\/li>\n\n\n\n<li>Retroativos parcelados: valores atrasados podem ser pagos em parcelas, conforme decreto local.<\/li>\n\n\n\n<li>Precat\u00f3rios ou RPV: em alguns casos, o pagamento ocorre via ordem judicial.<\/li>\n<\/ul>\n\n\n\n<p>A regulariza\u00e7\u00e3o dos direitos congelados representa n\u00e3o apenas recomposi\u00e7\u00e3o salarial, mas a restaura\u00e7\u00e3o da seguran\u00e7a jur\u00eddica e do respeito \u00e0s carreiras p\u00fablicas ap\u00f3s um dos per\u00edodos mais cr\u00edticos da hist\u00f3ria recente do pa\u00eds.<\/p>\n","protected":false},"excerpt":{"rendered":"<p>Lei federal autoriza contar o tempo de servi\u00e7o congelado entre 2020 e 2021, destrava progress\u00f5es e permite pagamentos retroativos a servidores ativos, inativos e pensionistas, com c\u00e1lculo definido e pagamento conforme regras de cada ente. A san\u00e7\u00e3o de uma nova lei federal em 2026 encerrou uma disputa que se arrastava desde a pandemia. O texto [&hellip;]<\/p>\n","protected":false},"author":13,"featured_media":157394,"comment_status":"open","ping_status":"open","sticky":false,"template":"","format":"standard","meta":{"jnews-multi-image_gallery":[],"jnews_single_post":{"format":"standard"},"jnews_primary_category":[],"jnews_social_meta":[],"jnews_override_counter":[],"footnotes":""},"categories":[28],"tags":[21741,23008,23007],"class_list":["post-157377","post","type-post","status-publish","format-standard","has-post-thumbnail","hentry","category-economia","tag-lei-complementar","tag-liberacao-de-retroativos","tag-pos-pandemia"],"yoast_head":"<!-- This site is optimized with the Yoast SEO plugin v23.8 - https:\/\/yoast.com\/wordpress\/plugins\/seo\/ -->\n<title>Nova lei federal obriga contagem do tempo congelado na pandemia e libera pagamentos retroativos para servidores de todo o pa\u00eds - Estado de Minas - Em foco<\/title>\n<meta name=\"description\" content=\"Lei de 2026 obriga contagem do tempo congelado na pandemia e garante retroativos e progress\u00f5es para servidores p\u00fablicos de todo o pa\u00eds.\" \/>\n<meta name=\"robots\" content=\"index, follow, max-snippet:-1, max-image-preview:large, max-video-preview:-1\" \/>\n<link rel=\"canonical\" href=\"https:\/\/www.em.com.br\/emfoco\/2026\/01\/22\/nova-lei-federal-obriga-contagem-do-tempo-congelado-na-pandemia-e-libera-pagamentos-retroativos-para-servidores-de-todo-o-pais\/\" \/>\n<meta property=\"og:locale\" content=\"pt_BR\" \/>\n<meta property=\"og:type\" content=\"article\" \/>\n<meta property=\"og:title\" content=\"Nova lei federal obriga contagem do tempo congelado na pandemia e libera pagamentos retroativos para servidores de todo o pa\u00eds - Estado de Minas - Em foco\" \/>\n<meta property=\"og:description\" content=\"Lei de 2026 obriga contagem do tempo congelado na pandemia e garante retroativos e progress\u00f5es para servidores p\u00fablicos de todo o pa\u00eds.\" \/>\n<meta property=\"og:url\" content=\"https:\/\/www.em.com.br\/emfoco\/2026\/01\/22\/nova-lei-federal-obriga-contagem-do-tempo-congelado-na-pandemia-e-libera-pagamentos-retroativos-para-servidores-de-todo-o-pais\/\" \/>\n<meta property=\"og:site_name\" content=\"Estado de Minas - Em foco\" \/>\n<meta property=\"article:published_time\" content=\"2026-01-22T13:15:00+00:00\" \/>\n<meta property=\"article:modified_time\" content=\"2026-01-20T13:56:14+00:00\" \/>\n<meta property=\"og:image\" content=\"https:\/\/www.em.com.br\/emfoco\/wp-content\/uploads\/2026\/01\/AIAI-28-2.jpg\" \/>\n\t<meta property=\"og:image:width\" content=\"1280\" \/>\n\t<meta property=\"og:image:height\" content=\"720\" \/>\n\t<meta property=\"og:image:type\" content=\"image\/jpeg\" \/>\n<meta name=\"author\" content=\"Gabriel Martins\" \/>\n<meta name=\"twitter:card\" content=\"summary_large_image\" \/>\n<meta name=\"twitter:label1\" content=\"Escrito por\" \/>\n\t<meta name=\"twitter:data1\" content=\"Gabriel Martins\" \/>\n\t<meta name=\"twitter:label2\" content=\"Est. tempo de leitura\" \/>\n\t<meta name=\"twitter:data2\" content=\"4 minutos\" \/>\n<!-- \/ Yoast SEO plugin. -->","yoast_head_json":{"title":"Nova lei federal obriga contagem do tempo congelado na pandemia e libera pagamentos retroativos para servidores de todo o pa\u00eds - Estado de Minas - Em foco","description":"Lei de 2026 obriga contagem do tempo congelado na pandemia e garante retroativos e progress\u00f5es para servidores p\u00fablicos de todo o pa\u00eds.","robots":{"index":"index","follow":"follow","max-snippet":"max-snippet:-1","max-image-preview":"max-image-preview:large","max-video-preview":"max-video-preview:-1"},"canonical":"https:\/\/www.em.com.br\/emfoco\/2026\/01\/22\/nova-lei-federal-obriga-contagem-do-tempo-congelado-na-pandemia-e-libera-pagamentos-retroativos-para-servidores-de-todo-o-pais\/","og_locale":"pt_BR","og_type":"article","og_title":"Nova lei federal obriga contagem do tempo congelado na pandemia e libera pagamentos retroativos para servidores de todo o pa\u00eds - Estado de Minas - Em foco","og_description":"Lei de 2026 obriga contagem do tempo congelado na pandemia e garante retroativos e progress\u00f5es para servidores p\u00fablicos de todo o pa\u00eds.","og_url":"https:\/\/www.em.com.br\/emfoco\/2026\/01\/22\/nova-lei-federal-obriga-contagem-do-tempo-congelado-na-pandemia-e-libera-pagamentos-retroativos-para-servidores-de-todo-o-pais\/","og_site_name":"Estado de Minas - Em foco","article_published_time":"2026-01-22T13:15:00+00:00","article_modified_time":"2026-01-20T13:56:14+00:00","og_image":[{"width":1280,"height":720,"url":"https:\/\/www.em.com.br\/emfoco\/wp-content\/uploads\/2026\/01\/AIAI-28-2.jpg","type":"image\/jpeg"}],"author":"Gabriel Martins","twitter_card":"summary_large_image","twitter_misc":{"Escrito por":"Gabriel Martins","Est. tempo de leitura":"4 minutos"},"schema":{"@context":"https:\/\/schema.org","@graph":[{"@type":"WebPage","@id":"https:\/\/www.em.com.br\/emfoco\/2026\/01\/22\/nova-lei-federal-obriga-contagem-do-tempo-congelado-na-pandemia-e-libera-pagamentos-retroativos-para-servidores-de-todo-o-pais\/","url":"https:\/\/www.em.com.br\/emfoco\/2026\/01\/22\/nova-lei-federal-obriga-contagem-do-tempo-congelado-na-pandemia-e-libera-pagamentos-retroativos-para-servidores-de-todo-o-pais\/","name":"Nova lei federal obriga contagem do tempo congelado na pandemia e libera pagamentos retroativos para servidores de todo o pa\u00eds - Estado de Minas - Em foco","isPartOf":{"@id":"https:\/\/www.em.com.br\/emfoco\/#website"},"primaryImageOfPage":{"@id":"https:\/\/www.em.com.br\/emfoco\/2026\/01\/22\/nova-lei-federal-obriga-contagem-do-tempo-congelado-na-pandemia-e-libera-pagamentos-retroativos-para-servidores-de-todo-o-pais\/#primaryimage"},"image":{"@id":"https:\/\/www.em.com.br\/emfoco\/2026\/01\/22\/nova-lei-federal-obriga-contagem-do-tempo-congelado-na-pandemia-e-libera-pagamentos-retroativos-para-servidores-de-todo-o-pais\/#primaryimage"},"thumbnailUrl":"https:\/\/www.em.com.br\/emfoco\/wp-content\/uploads\/2026\/01\/AIAI-28-2.jpg","datePublished":"2026-01-22T13:15:00+00:00","dateModified":"2026-01-20T13:56:14+00:00","author":{"@id":"https:\/\/www.em.com.br\/emfoco\/#\/schema\/person\/1c9ddeab18b98abeffef834667bcf08a"},"description":"Lei de 2026 obriga contagem do tempo congelado na pandemia e garante retroativos e progress\u00f5es para servidores p\u00fablicos de todo o pa\u00eds.","breadcrumb":{"@id":"https:\/\/www.em.com.br\/emfoco\/2026\/01\/22\/nova-lei-federal-obriga-contagem-do-tempo-congelado-na-pandemia-e-libera-pagamentos-retroativos-para-servidores-de-todo-o-pais\/#breadcrumb"},"inLanguage":"pt-BR","potentialAction":[{"@type":"ReadAction","target":["https:\/\/www.em.com.br\/emfoco\/2026\/01\/22\/nova-lei-federal-obriga-contagem-do-tempo-congelado-na-pandemia-e-libera-pagamentos-retroativos-para-servidores-de-todo-o-pais\/"]}]},{"@type":"ImageObject","inLanguage":"pt-BR","@id":"https:\/\/www.em.com.br\/emfoco\/2026\/01\/22\/nova-lei-federal-obriga-contagem-do-tempo-congelado-na-pandemia-e-libera-pagamentos-retroativos-para-servidores-de-todo-o-pais\/#primaryimage","url":"https:\/\/www.em.com.br\/emfoco\/wp-content\/uploads\/2026\/01\/AIAI-28-2.jpg","contentUrl":"https:\/\/www.em.com.br\/emfoco\/wp-content\/uploads\/2026\/01\/AIAI-28-2.jpg","width":1280,"height":720,"caption":"Nova lei recomp\u00f5e carreiras ao autorizar contagem retroativa do tempo congelado"},{"@type":"BreadcrumbList","@id":"https:\/\/www.em.com.br\/emfoco\/2026\/01\/22\/nova-lei-federal-obriga-contagem-do-tempo-congelado-na-pandemia-e-libera-pagamentos-retroativos-para-servidores-de-todo-o-pais\/#breadcrumb","itemListElement":[{"@type":"ListItem","position":1,"name":"In\u00edcio","item":"https:\/\/www.em.com.br\/emfoco\/"},{"@type":"ListItem","position":2,"name":"Nova lei federal obriga contagem do tempo congelado na pandemia e libera pagamentos retroativos para servidores de todo o pa\u00eds"}]},{"@type":"WebSite","@id":"https:\/\/www.em.com.br\/emfoco\/#website","url":"https:\/\/www.em.com.br\/emfoco\/","name":"Estado de Minas - Em foco","description":"Acompanhe as \u00faltimas not\u00edcias e fique bem informado sobre tudo o que acontece em Minas Gerais, Brasil e no mundo.","potentialAction":[{"@type":"SearchAction","target":{"@type":"EntryPoint","urlTemplate":"https:\/\/www.em.com.br\/emfoco\/?s={search_term_string}"},"query-input":{"@type":"PropertyValueSpecification","valueRequired":true,"valueName":"search_term_string"}}],"inLanguage":"pt-BR"},{"@type":"Person","@id":"https:\/\/www.em.com.br\/emfoco\/#\/schema\/person\/1c9ddeab18b98abeffef834667bcf08a","name":"Gabriel Martins","image":{"@type":"ImageObject","inLanguage":"pt-BR","@id":"https:\/\/www.em.com.br\/emfoco\/#\/schema\/person\/image\/","url":"https:\/\/secure.gravatar.com\/avatar\/f0f1e2efdfd88f1ad2cb08c5c2731e50?s=96&d=mm&r=g","contentUrl":"https:\/\/secure.gravatar.com\/avatar\/f0f1e2efdfd88f1ad2cb08c5c2731e50?s=96&d=mm&r=g","caption":"Gabriel Martins"},"sameAs":["https:\/\/www.em.com.br\/emfoco\/"],"url":"https:\/\/www.em.com.br\/emfoco\/author\/gabrielmartinsmyth\/"}]}},"_links":{"self":[{"href":"https:\/\/www.em.com.br\/emfoco\/wp-json\/wp\/v2\/posts\/157377","targetHints":{"allow":["GET"]}}],"collection":[{"href":"https:\/\/www.em.com.br\/emfoco\/wp-json\/wp\/v2\/posts"}],"about":[{"href":"https:\/\/www.em.com.br\/emfoco\/wp-json\/wp\/v2\/types\/post"}],"author":[{"embeddable":true,"href":"https:\/\/www.em.com.br\/emfoco\/wp-json\/wp\/v2\/users\/13"}],"replies":[{"embeddable":true,"href":"https:\/\/www.em.com.br\/emfoco\/wp-json\/wp\/v2\/comments?post=157377"}],"version-history":[{"count":1,"href":"https:\/\/www.em.com.br\/emfoco\/wp-json\/wp\/v2\/posts\/157377\/revisions"}],"predecessor-version":[{"id":157397,"href":"https:\/\/www.em.com.br\/emfoco\/wp-json\/wp\/v2\/posts\/157377\/revisions\/157397"}],"wp:featuredmedia":[{"embeddable":true,"href":"https:\/\/www.em.com.br\/emfoco\/wp-json\/wp\/v2\/media\/157394"}],"wp:attachment":[{"href":"https:\/\/www.em.com.br\/emfoco\/wp-json\/wp\/v2\/media?parent=157377"}],"wp:term":[{"taxonomy":"category","embeddable":true,"href":"https:\/\/www.em.com.br\/emfoco\/wp-json\/wp\/v2\/categories?post=157377"},{"taxonomy":"post_tag","embeddable":true,"href":"https:\/\/www.em.com.br\/emfoco\/wp-json\/wp\/v2\/tags?post=157377"}],"curies":[{"name":"wp","href":"https:\/\/api.w.org\/{rel}","templated":true}]}}