{"id":157370,"date":"2026-01-20T11:00:00","date_gmt":"2026-01-20T14:00:00","guid":{"rendered":"https:\/\/www.em.com.br\/emfoco\/?p=157370"},"modified":"2026-01-28T13:28:58","modified_gmt":"2026-01-28T16:28:58","slug":"pequena-comunidade-com-menos-de-15-mil-habitantes-desponta-como-novo-destino-em-minas-gerais","status":"publish","type":"post","link":"https:\/\/www.em.com.br\/emfoco\/2026\/01\/20\/pequena-comunidade-com-menos-de-15-mil-habitantes-desponta-como-novo-destino-em-minas-gerais\/","title":{"rendered":"Pequena comunidade com menos de 1,5 mil habitantes desponta como novo destino em Minas Gerais"},"content":{"rendered":"\n<p>Entre morros, estradas de terra e horizontes longos, <strong>Milho Verde<\/strong> em <strong>Minas Gerais<\/strong>, surge como um daqueles vilarejos que parecem ter parado no tempo, mas seguem mudando r\u00e1pido: o distrito mineiro mistura rotina desacelerada, paisagens marcantes, hist\u00f3rias antigas e uma cultura cheia de detalhes que hoje atraem viajantes em busca de experi\u00eancia, descanso e conex\u00e3o com a vida simples.<\/p>\n\n\n\n<h2 class=\"wp-block-heading\">Onde fica Milho Verde e qual \u00e9 a hist\u00f3ria do nome do distrito?<\/h2>\n\n\n\n<p>Milho Verde \u00e9 um distrito do munic\u00edpio de Serro, em Minas Gerais, a cerca de 24 quil\u00f4metros da sede, na Serra do Espinha\u00e7o. Com poucos habitantes e um ritmo de vida tranquilo, preserva ruas estreitas, casas baixas e conversas na porta, criando um clima de interior que conquista quem busca desacelerar.<\/p>\n\n\n\n<p>O nome curioso remete ao in\u00edcio do s\u00e9culo XVII, quando a regi\u00e3o se formava com pequenos arraiais ligados \u00e0 minera\u00e7\u00e3o. Segundo a tradi\u00e7\u00e3o oral, bandeirantes teriam encontrado ali apenas milho ainda verde para comer, epis\u00f3dio que marcou a mem\u00f3ria do grupo e acabou batizando o lugar de forma definitiva.<\/p>\n\n\n\n<p>Selecionamos o v\u00eddeo abaixo do <strong><a href=\"https:\/\/www.youtube.com\/@BoaSorteViajante\" target=\"_blank\" rel=\"noreferrer noopener\">Boa Sorte Viajante &#8211; Matheus Boa Sorte<\/a><\/strong> que faz sucesso no YouTube e neste v\u00eddeo ele mostra mais dessa  linda cidade mineira:<\/p>\n\n\n\n<figure class=\"wp-block-embed is-type-video is-provider-youtube wp-block-embed-youtube wp-embed-aspect-16-9 wp-has-aspect-ratio\"><div class=\"wp-block-embed__wrapper\">\n<div class=\"jeg_video_container jeg_video_content\"><iframe loading=\"lazy\" title=\"MILHO VERDE, um charmoso vilarejo de Minas Gerais!\" width=\"500\" height=\"281\" src=\"https:\/\/www.youtube.com\/embed\/UoFlL8jbJ08?feature=oembed\" frameborder=\"0\" allow=\"accelerometer; autoplay; clipboard-write; encrypted-media; gyroscope; picture-in-picture; web-share\" referrerpolicy=\"strict-origin-when-cross-origin\" allowfullscreen><\/iframe><\/div>\n<\/div><\/figure>\n\n\n\n<h2 class=\"wp-block-heading\">Como Milho Verde passou do garimpo ao turismo de natureza e cultura?<\/h2>\n\n\n\n<p>Por muito tempo, a economia de Milho Verde girou em torno do garimpo e da ro\u00e7a, em um trabalho pesado e sujeito \u00e0s oscila\u00e7\u00f5es da minera\u00e7\u00e3o. Com o enfraquecimento dessa atividade, a comunidade precisou reinventar suas fontes de renda e olhar de outro jeito para o que sempre esteve ao redor.<\/p>\n\n\n\n<p>Natureza preservada, clima serrano, constru\u00e7\u00f5es antigas e costumes locais passaram a sustentar pousadas, servi\u00e7os de guia, experi\u00eancias culin\u00e1rias e produ\u00e7\u00e3o artesanal. O distrito hoje recebe visitantes do Brasil e do exterior, incluindo alem\u00e3es que buscam um modo de vida mais calmo e integrado ao ambiente natural.<\/p>\n\n\n\n<h2 class=\"wp-block-heading\">Quais hist\u00f3rias e s\u00edmbolos marcam as igrejas e o casario de Milho Verde?<\/h2>\n\n\n\n<p>Ao caminhar pelo distrito, a hist\u00f3ria aparece no tra\u00e7ado das ruas e nas constru\u00e7\u00f5es coloniais, em especial na Igreja de Nossa Senhora dos Prazeres. Ligada ao batismo de Chica da Silva, que viveu na regi\u00e3o antes de seguir para Diamantina, a igreja conecta o pequeno vilarejo a um personagem central do per\u00edodo colonial brasileiro.<\/p>\n\n\n\n<p>No alto de uma colina, a Capela de Nossa Senhora do Ros\u00e1rio, feita em madeira e barro, se destaca pela simplicidade e pelo peso afetivo. Sua imagem recortada contra o c\u00e9u virou cart\u00e3o-postal, atraindo quem se interessa por fotografia, arquitetura tradicional, devo\u00e7\u00e3o popular e pelo di\u00e1logo entre f\u00e9 e paisagem serrana.<\/p>\n\n\n\n<figure class=\"wp-block-image size-large\"><img loading=\"lazy\" decoding=\"async\" width=\"1024\" height=\"576\" src=\"https:\/\/www.em.com.br\/emfoco\/wp-content\/uploads\/2026\/01\/Gemini_Generated_Image_czyu2eczyu2eczyu-1-1024x576.png\" alt=\"Dicas importantes para o visitante melhor aproveitar\" class=\"wp-image-157375\" srcset=\"https:\/\/www.em.com.br\/emfoco\/wp-content\/uploads\/2026\/01\/Gemini_Generated_Image_czyu2eczyu2eczyu-1-1024x576.png 1024w, https:\/\/www.em.com.br\/emfoco\/wp-content\/uploads\/2026\/01\/Gemini_Generated_Image_czyu2eczyu2eczyu-1-300x169.png 300w, https:\/\/www.em.com.br\/emfoco\/wp-content\/uploads\/2026\/01\/Gemini_Generated_Image_czyu2eczyu2eczyu-1-768x432.png 768w, https:\/\/www.em.com.br\/emfoco\/wp-content\/uploads\/2026\/01\/Gemini_Generated_Image_czyu2eczyu2eczyu-1-750x422.png 750w, https:\/\/www.em.com.br\/emfoco\/wp-content\/uploads\/2026\/01\/Gemini_Generated_Image_czyu2eczyu2eczyu-1-1140x641.png 1140w, https:\/\/www.em.com.br\/emfoco\/wp-content\/uploads\/2026\/01\/Gemini_Generated_Image_czyu2eczyu2eczyu-1.png 1280w\" sizes=\"auto, (max-width: 1024px) 100vw, 1024px\" \/><figcaption class=\"wp-element-caption\">Dicas importantes para o visitante melhor aproveitar<\/figcaption><\/figure>\n\n\n\n<h2 class=\"wp-block-heading\">Quais s\u00e3o os destaques das cachoeiras e do Monumento Natural em Milho Verde?<\/h2>\n\n\n\n<p>Nas \u00e1reas naturais, a Cachoeira do Lajeado \u00e9 um dos atrativos mais conhecidos, acess\u00edvel por trilha de baixa dificuldade a partir do centro. As quedas d\u2019\u00e1gua, po\u00e7os para banho e forma\u00e7\u00f5es rochosas t\u00edpicas da Serra do Espinha\u00e7o fazem parte da experi\u00eancia de quem busca contato direto com o ambiente.<\/p>\n\n\n\n<p>A cachoeira integra o Monumento Natural V\u00e1rzea do Lajeado e Serra do Raio, criado em 2011, com cerca de 2.199 hectares e foco em conserva\u00e7\u00e3o. Nessa unidade de conserva\u00e7\u00e3o, visitantes encontram um conjunto de elementos que ajudam a entender a regi\u00e3o em diferentes camadas:<\/p>\n\n\n\n<ul class=\"wp-block-list\">\n<li>Sete cachoeiras catalogadas, com trilhas guiadas para visita\u00e7\u00e3o respons\u00e1vel.<\/li>\n\n\n\n<li>Po\u00e7os de diferentes profundidades, usados para banho e contempla\u00e7\u00e3o.<\/li>\n\n\n\n<li>Forma\u00e7\u00f5es rochosas que revelam a hist\u00f3ria geol\u00f3gica da Serra do Espinha\u00e7o.<\/li>\n\n\n\n<li>S\u00edtios arqueol\u00f3gicos que indicam presen\u00e7a humana antiga na regi\u00e3o.<\/li>\n<\/ul>\n\n\n\n<h2 class=\"wp-block-heading\">As melhores rotas para chegar em Milho Verde<\/h2>\n\n\n\n<div style=\"overflow-x:auto;\">\n<table style=\"width:100%; border-collapse:collapse; font-family:Arial, sans-serif; background:#f4fbfb;\">\n  <thead>\n    <tr style=\"background:#cfeeee; color:#000;\">\n      <th style=\"padding:12px; border:1px solid #b6dede;\">Origem<\/th>\n      <th style=\"padding:12px; border:1px solid #b6dede;\">Como chegar<\/th>\n      <th style=\"padding:12px; border:1px solid #b6dede;\">Dist\u00e2ncia \/ Tempo m\u00e9dio<\/th>\n      <th style=\"padding:12px; border:1px solid #b6dede;\">Observa\u00e7\u00f5es importantes<\/th>\n    <\/tr>\n  <\/thead>\n\n  <tbody>\n    <tr style=\"background:#ffffff;\">\n      <td style=\"padding:10px; border:1px solid #b6dede;\"><strong>Belo Horizonte (MG)<\/strong><\/td>\n      <td style=\"padding:10px; border:1px solid #b6dede;\">\n        \ud83d\ude97 Carro (MG-010)<br>\n        \ud83d\ude8c \u00d4nibus at\u00e9 Serro + t\u00e1xi\n      <\/td>\n      <td style=\"padding:10px; border:1px solid #b6dede;\">\n        Aproximadamente 252 km<br>\n        Cerca de 5h12 de viagem\n      <\/td>\n      <td style=\"padding:10px; border:1px solid #b6dede;\">\n        Rota mais usada e recomendada.<br>\n        Trecho final possui estrada de terra.\n      <\/td>\n    <\/tr>\n\n    <tr style=\"background:#eaf7f7;\">\n      <td style=\"padding:10px; border:1px solid #b6dede;\"><strong>Rio de Janeiro (RJ)<\/strong><\/td>\n      <td style=\"padding:10px; border:1px solid #b6dede;\">\n        \ud83d\ude97 Carro (BR-040 \u2192 MG-010)<br>\n        \u2708\ufe0f Avi\u00e3o at\u00e9 BH + carro\/\u00f4nibus\n      <\/td>\n      <td style=\"padding:10px; border:1px solid #b6dede;\">\n        Aproximadamente 696 km<br>\n        Cerca de 11 horas de carro\n      <\/td>\n      <td style=\"padding:10px; border:1px solid #b6dede;\">\n        Possui ped\u00e1gios.<br>\n        Avi\u00e3o at\u00e9 BH \u00e9 a op\u00e7\u00e3o mais confort\u00e1vel.\n      <\/td>\n    <\/tr>\n\n    <tr style=\"background:#ffffff;\">\n      <td style=\"padding:10px; border:1px solid #b6dede;\"><strong>S\u00e3o Paulo (SP)<\/strong><\/td>\n      <td style=\"padding:10px; border:1px solid #b6dede;\">\n        \ud83d\ude97 Carro (BR-381 \u2192 MG-010)<br>\n        \u2708\ufe0f Avi\u00e3o at\u00e9 BH + carro\/\u00f4nibus\n      <\/td>\n      <td style=\"padding:10px; border:1px solid #b6dede;\">\n        Aproximadamente 834 km<br>\n        Cerca de 12 horas de viagem\n      <\/td>\n      <td style=\"padding:10px; border:1px solid #b6dede;\">\n        Rodovia Fern\u00e3o Dias tem tr\u00e1fego intenso.<br>\n        Ped\u00e1gios ao longo do trajeto.\n      <\/td>\n    <\/tr>\n\n    <tr style=\"background:#eaf7f7;\">\n      <td style=\"padding:10px; border:1px solid #b6dede;\"><strong>Chegada a Milho Verde<\/strong><\/td>\n      <td style=\"padding:10px; border:1px solid #b6dede;\">\n        \ud83d\ude97 Carro pr\u00f3prio ou alugado<br>\n        \ud83d\ude95 T\u00e1xi\/local a partir do Serro\n      <\/td>\n      <td style=\"padding:10px; border:1px solid #b6dede;\">\n        Cerca de 24 km desde o Serro\n      <\/td>\n      <td style=\"padding:10px; border:1px solid #b6dede;\">\n        Transporte p\u00fablico \u00e9 limitado.<br>\n        Estradas de terra preservam o clima r\u00fastico.\n      <\/td>\n    <\/tr>\n  <\/tbody>\n<\/table>\n<\/div>\n\n\n\n<h2 class=\"wp-block-heading\">Como o turismo transforma o cotidiano de Milho Verde e por que ir agora?<\/h2>\n\n\n\n<p>A vida em torno do fog\u00e3o a lenha e das comunidades quilombolas mostra como tradi\u00e7\u00e3o e turismo caminham juntos em Milho Verde. Nomes como a chef Elzinha Nunes, em Serro, e moradoras como Dona Elsa e Dona Geralda, vindas de comunidades quilombolas, mant\u00eam viva uma gastronomia que fala de mem\u00f3ria, resist\u00eancia e afeto, ao mesmo tempo em que ganha valor como patrim\u00f4nio cultural e fonte de renda.<\/p>\n\n\n\n<p>Com a chegada constante de visitantes, antigas atividades de subsist\u00eancia dividem espa\u00e7o com hospedagem, guias, artesanato e quitandas, ampliando oportunidades e fortalecendo a preserva\u00e7\u00e3o ambiental e hist\u00f3rica. Se voc\u00ea quer conhecer um destino aut\u00eantico, que ainda est\u00e1 em transforma\u00e7\u00e3o e pode mudar sua maneira de enxergar o interior de Minas, planeje sua viagem a Milho Verde agora e viva essa experi\u00eancia antes que o vilarejo entre de vez no roteiro mais \u00f3bvio do turismo brasileiro.<\/p>\n\n\n\n<p><\/p>\n","protected":false},"excerpt":{"rendered":"<p>Entre morros, estradas de terra e horizontes longos, Milho Verde em Minas Gerais, surge como um daqueles vilarejos que parecem ter parado no tempo, mas seguem mudando r\u00e1pido: o distrito mineiro mistura rotina desacelerada, paisagens marcantes, hist\u00f3rias antigas e uma cultura cheia de detalhes que hoje atraem viajantes em busca de experi\u00eancia, descanso e conex\u00e3o [&hellip;]<\/p>\n","protected":false},"author":11,"featured_media":157376,"comment_status":"open","ping_status":"open","sticky":false,"template":"","format":"standard","meta":{"jnews-multi-image_gallery":[],"jnews_single_post":{"format":"standard"},"jnews_primary_category":[],"jnews_social_meta":[],"jnews_override_counter":[],"footnotes":""},"categories":[26,1],"tags":[458,183,23005,23004,207,318,9582,157],"class_list":["post-157370","post","type-post","status-publish","format-standard","has-post-thumbnail","hentry","category-cidades","category-noticias","tag-cachoeiras","tag-cidades","tag-destino-perfeito","tag-milho-verde","tag-minas-gerais","tag-natureza","tag-refugio","tag-turismo"],"yoast_head":"<!-- This site is optimized with the Yoast SEO plugin v23.8 - https:\/\/yoast.com\/wordpress\/plugins\/seo\/ -->\n<title>Pequena comunidade com menos de 1,5 mil habitantes desponta como novo destino em Minas Gerais - Estado de Minas - Em foco<\/title>\n<meta name=\"description\" content=\"Milho Verde \u00e9 um distrito mineiro cercado por cachoeiras, hist\u00f3ria e vida simples. Um destino perfeito para quem busca descanso e conex\u00e3o.\" \/>\n<meta name=\"robots\" content=\"index, follow, max-snippet:-1, max-image-preview:large, max-video-preview:-1\" \/>\n<link rel=\"canonical\" href=\"https:\/\/www.em.com.br\/emfoco\/2026\/01\/20\/pequena-comunidade-com-menos-de-15-mil-habitantes-desponta-como-novo-destino-em-minas-gerais\/\" \/>\n<meta property=\"og:locale\" content=\"pt_BR\" \/>\n<meta property=\"og:type\" content=\"article\" \/>\n<meta property=\"og:title\" content=\"Pequena comunidade com menos de 1,5 mil habitantes desponta como novo destino em Minas Gerais - Estado de Minas - Em foco\" \/>\n<meta property=\"og:description\" content=\"Milho Verde \u00e9 um distrito mineiro cercado por cachoeiras, hist\u00f3ria e vida simples. Um destino perfeito para quem busca descanso e conex\u00e3o.\" \/>\n<meta property=\"og:url\" content=\"https:\/\/www.em.com.br\/emfoco\/2026\/01\/20\/pequena-comunidade-com-menos-de-15-mil-habitantes-desponta-como-novo-destino-em-minas-gerais\/\" \/>\n<meta property=\"og:site_name\" content=\"Estado de Minas - Em foco\" \/>\n<meta property=\"article:published_time\" content=\"2026-01-20T14:00:00+00:00\" \/>\n<meta property=\"article:modified_time\" content=\"2026-01-28T16:28:58+00:00\" \/>\n<meta property=\"og:image\" content=\"https:\/\/www.em.com.br\/emfoco\/wp-content\/uploads\/2026\/01\/Gemini_Generated_Image_fhnkjdfhnkjdfhnk-1.png\" \/>\n\t<meta property=\"og:image:width\" content=\"1280\" \/>\n\t<meta property=\"og:image:height\" content=\"720\" \/>\n\t<meta property=\"og:image:type\" content=\"image\/png\" \/>\n<meta name=\"author\" content=\"Andre\u0301 Rangel\u00a0\" \/>\n<meta name=\"twitter:card\" content=\"summary_large_image\" \/>\n<meta name=\"twitter:label1\" content=\"Escrito por\" \/>\n\t<meta name=\"twitter:data1\" content=\"Andre\u0301 Rangel\u00a0\" \/>\n\t<meta name=\"twitter:label2\" content=\"Est. tempo de leitura\" \/>\n\t<meta name=\"twitter:data2\" content=\"6 minutos\" \/>\n<!-- \/ Yoast SEO plugin. -->","yoast_head_json":{"title":"Pequena comunidade com menos de 1,5 mil habitantes desponta como novo destino em Minas Gerais - Estado de Minas - Em foco","description":"Milho Verde \u00e9 um distrito mineiro cercado por cachoeiras, hist\u00f3ria e vida simples. Um destino perfeito para quem busca descanso e conex\u00e3o.","robots":{"index":"index","follow":"follow","max-snippet":"max-snippet:-1","max-image-preview":"max-image-preview:large","max-video-preview":"max-video-preview:-1"},"canonical":"https:\/\/www.em.com.br\/emfoco\/2026\/01\/20\/pequena-comunidade-com-menos-de-15-mil-habitantes-desponta-como-novo-destino-em-minas-gerais\/","og_locale":"pt_BR","og_type":"article","og_title":"Pequena comunidade com menos de 1,5 mil habitantes desponta como novo destino em Minas Gerais - Estado de Minas - Em foco","og_description":"Milho Verde \u00e9 um distrito mineiro cercado por cachoeiras, hist\u00f3ria e vida simples. Um destino perfeito para quem busca descanso e conex\u00e3o.","og_url":"https:\/\/www.em.com.br\/emfoco\/2026\/01\/20\/pequena-comunidade-com-menos-de-15-mil-habitantes-desponta-como-novo-destino-em-minas-gerais\/","og_site_name":"Estado de Minas - Em foco","article_published_time":"2026-01-20T14:00:00+00:00","article_modified_time":"2026-01-28T16:28:58+00:00","og_image":[{"width":1280,"height":720,"url":"https:\/\/www.em.com.br\/emfoco\/wp-content\/uploads\/2026\/01\/Gemini_Generated_Image_fhnkjdfhnkjdfhnk-1.png","type":"image\/png"}],"author":"Andre\u0301 Rangel\u00a0","twitter_card":"summary_large_image","twitter_misc":{"Escrito por":"Andre\u0301 Rangel\u00a0","Est. tempo de leitura":"6 minutos"},"schema":{"@context":"https:\/\/schema.org","@graph":[{"@type":"WebPage","@id":"https:\/\/www.em.com.br\/emfoco\/2026\/01\/20\/pequena-comunidade-com-menos-de-15-mil-habitantes-desponta-como-novo-destino-em-minas-gerais\/","url":"https:\/\/www.em.com.br\/emfoco\/2026\/01\/20\/pequena-comunidade-com-menos-de-15-mil-habitantes-desponta-como-novo-destino-em-minas-gerais\/","name":"Pequena comunidade com menos de 1,5 mil habitantes desponta como novo destino em Minas Gerais - Estado de Minas - Em foco","isPartOf":{"@id":"https:\/\/www.em.com.br\/emfoco\/#website"},"primaryImageOfPage":{"@id":"https:\/\/www.em.com.br\/emfoco\/2026\/01\/20\/pequena-comunidade-com-menos-de-15-mil-habitantes-desponta-como-novo-destino-em-minas-gerais\/#primaryimage"},"image":{"@id":"https:\/\/www.em.com.br\/emfoco\/2026\/01\/20\/pequena-comunidade-com-menos-de-15-mil-habitantes-desponta-como-novo-destino-em-minas-gerais\/#primaryimage"},"thumbnailUrl":"https:\/\/www.em.com.br\/emfoco\/wp-content\/uploads\/2026\/01\/Gemini_Generated_Image_fhnkjdfhnkjdfhnk-1.png","datePublished":"2026-01-20T14:00:00+00:00","dateModified":"2026-01-28T16:28:58+00:00","author":{"@id":"https:\/\/www.em.com.br\/emfoco\/#\/schema\/person\/60eda09c1fedf0d6891f4cef4b60b8b8"},"description":"Milho Verde \u00e9 um distrito mineiro cercado por cachoeiras, hist\u00f3ria e vida simples. Um destino perfeito para quem busca descanso e conex\u00e3o.","breadcrumb":{"@id":"https:\/\/www.em.com.br\/emfoco\/2026\/01\/20\/pequena-comunidade-com-menos-de-15-mil-habitantes-desponta-como-novo-destino-em-minas-gerais\/#breadcrumb"},"inLanguage":"pt-BR","potentialAction":[{"@type":"ReadAction","target":["https:\/\/www.em.com.br\/emfoco\/2026\/01\/20\/pequena-comunidade-com-menos-de-15-mil-habitantes-desponta-como-novo-destino-em-minas-gerais\/"]}]},{"@type":"ImageObject","inLanguage":"pt-BR","@id":"https:\/\/www.em.com.br\/emfoco\/2026\/01\/20\/pequena-comunidade-com-menos-de-15-mil-habitantes-desponta-como-novo-destino-em-minas-gerais\/#primaryimage","url":"https:\/\/www.em.com.br\/emfoco\/wp-content\/uploads\/2026\/01\/Gemini_Generated_Image_fhnkjdfhnkjdfhnk-1.png","contentUrl":"https:\/\/www.em.com.br\/emfoco\/wp-content\/uploads\/2026\/01\/Gemini_Generated_Image_fhnkjdfhnkjdfhnk-1.png","width":1280,"height":720,"caption":"Esse vilarejo mineiro parece parado no tempo e surpreende (Imagem gerada por IA)"},{"@type":"BreadcrumbList","@id":"https:\/\/www.em.com.br\/emfoco\/2026\/01\/20\/pequena-comunidade-com-menos-de-15-mil-habitantes-desponta-como-novo-destino-em-minas-gerais\/#breadcrumb","itemListElement":[{"@type":"ListItem","position":1,"name":"In\u00edcio","item":"https:\/\/www.em.com.br\/emfoco\/"},{"@type":"ListItem","position":2,"name":"Pequena comunidade com menos de 1,5 mil habitantes desponta como novo destino em Minas Gerais"}]},{"@type":"WebSite","@id":"https:\/\/www.em.com.br\/emfoco\/#website","url":"https:\/\/www.em.com.br\/emfoco\/","name":"Estado de Minas - Em foco","description":"Acompanhe as \u00faltimas not\u00edcias e fique bem informado sobre tudo o que acontece em Minas Gerais, Brasil e no mundo.","potentialAction":[{"@type":"SearchAction","target":{"@type":"EntryPoint","urlTemplate":"https:\/\/www.em.com.br\/emfoco\/?s={search_term_string}"},"query-input":{"@type":"PropertyValueSpecification","valueRequired":true,"valueName":"search_term_string"}}],"inLanguage":"pt-BR"},{"@type":"Person","@id":"https:\/\/www.em.com.br\/emfoco\/#\/schema\/person\/60eda09c1fedf0d6891f4cef4b60b8b8","name":"Andre\u0301 Rangel\u00a0","image":{"@type":"ImageObject","inLanguage":"pt-BR","@id":"https:\/\/www.em.com.br\/emfoco\/#\/schema\/person\/image\/","url":"https:\/\/secure.gravatar.com\/avatar\/6234dc814c77c8ef6d8bba622c787efc?s=96&d=mm&r=g","contentUrl":"https:\/\/secure.gravatar.com\/avatar\/6234dc814c77c8ef6d8bba622c787efc?s=96&d=mm&r=g","caption":"Andre\u0301 Rangel\u00a0"},"url":"https:\/\/www.em.com.br\/emfoco\/author\/luizmyth\/"}]}},"_links":{"self":[{"href":"https:\/\/www.em.com.br\/emfoco\/wp-json\/wp\/v2\/posts\/157370","targetHints":{"allow":["GET"]}}],"collection":[{"href":"https:\/\/www.em.com.br\/emfoco\/wp-json\/wp\/v2\/posts"}],"about":[{"href":"https:\/\/www.em.com.br\/emfoco\/wp-json\/wp\/v2\/types\/post"}],"author":[{"embeddable":true,"href":"https:\/\/www.em.com.br\/emfoco\/wp-json\/wp\/v2\/users\/11"}],"replies":[{"embeddable":true,"href":"https:\/\/www.em.com.br\/emfoco\/wp-json\/wp\/v2\/comments?post=157370"}],"version-history":[{"count":3,"href":"https:\/\/www.em.com.br\/emfoco\/wp-json\/wp\/v2\/posts\/157370\/revisions"}],"predecessor-version":[{"id":161234,"href":"https:\/\/www.em.com.br\/emfoco\/wp-json\/wp\/v2\/posts\/157370\/revisions\/161234"}],"wp:featuredmedia":[{"embeddable":true,"href":"https:\/\/www.em.com.br\/emfoco\/wp-json\/wp\/v2\/media\/157376"}],"wp:attachment":[{"href":"https:\/\/www.em.com.br\/emfoco\/wp-json\/wp\/v2\/media?parent=157370"}],"wp:term":[{"taxonomy":"category","embeddable":true,"href":"https:\/\/www.em.com.br\/emfoco\/wp-json\/wp\/v2\/categories?post=157370"},{"taxonomy":"post_tag","embeddable":true,"href":"https:\/\/www.em.com.br\/emfoco\/wp-json\/wp\/v2\/tags?post=157370"}],"curies":[{"name":"wp","href":"https:\/\/api.w.org\/{rel}","templated":true}]}}