{"id":157331,"date":"2026-01-21T14:35:00","date_gmt":"2026-01-21T17:35:00","guid":{"rendered":"https:\/\/www.em.com.br\/emfoco\/?p=157331"},"modified":"2026-01-20T09:26:46","modified_gmt":"2026-01-20T12:26:46","slug":"exercicios-simples-para-afinar-a-cintura-de-forma-natural-sem-a-necessidade-de-procedimentos-esteticos","status":"publish","type":"post","link":"https:\/\/www.em.com.br\/emfoco\/2026\/01\/21\/exercicios-simples-para-afinar-a-cintura-de-forma-natural-sem-a-necessidade-de-procedimentos-esteticos\/","title":{"rendered":"Exerc\u00edcios simples para afinar a cintura de forma natural sem a necessidade de procedimentos est\u00e9ticos"},"content":{"rendered":"\n<h2 class=\"wp-block-heading\">Afinar a cintura depende do fortalecimento do transverso abdominal, n\u00e3o de abdominais tradicionais. Exerc\u00edcios isom\u00e9tricos melhoram postura, criam efeito de retra\u00e7\u00e3o abdominal e evitam aumento da largura lateral.<\/h2>\n\n\n\n<p>Ter uma <strong>cintura definida<\/strong> n\u00e3o depende de centenas de abdominais. Muitas vezes, o problema est\u00e1 na musculatura profunda enfraquecida e na postura desalinhada. Ao ativar o transverso abdominal, \u00e9 poss\u00edvel criar um efeito de afinamento natural, duradouro e sem ganhar volume lateral.<\/p>\n\n\n\n<h2 class=\"wp-block-heading\">Por que abdominais tradicionais podem alargar a cintura?<\/h2>\n\n\n\n<p>Exerc\u00edcios repetitivos com carga nos obl\u00edquos fortalecem m\u00fasculos laterais superficiais, o que pode aumentar a largura visual da cintura. Esse efeito \u00e9 comum em quem treina apenas crunches e rota\u00e7\u00f5es sem controle postural.<\/p>\n\n\n\n<p>Al\u00e9m disso, quando o <strong>transverso abdominal<\/strong> est\u00e1 fraco, o abd\u00f4men projeta-se para frente mesmo em pessoas magras. O resultado \u00e9 uma silhueta menos definida, causada mais por postura e sustenta\u00e7\u00e3o interna do que por gordura.<\/p>\n\n\n\n<figure class=\"wp-block-image size-large\"><img loading=\"lazy\" decoding=\"async\" width=\"1024\" height=\"576\" src=\"https:\/\/www.em.com.br\/emfoco\/wp-content\/uploads\/2026\/01\/AIAI-7-32-1024x576.jpg\" alt=\"Exerc\u00edcios simples para afinar a cintura de forma natural sem a necessidade de procedimentos est\u00e9ticos\" class=\"wp-image-157350\" srcset=\"https:\/\/www.em.com.br\/emfoco\/wp-content\/uploads\/2026\/01\/AIAI-7-32-1024x576.jpg 1024w, https:\/\/www.em.com.br\/emfoco\/wp-content\/uploads\/2026\/01\/AIAI-7-32-300x169.jpg 300w, https:\/\/www.em.com.br\/emfoco\/wp-content\/uploads\/2026\/01\/AIAI-7-32-768x432.jpg 768w, https:\/\/www.em.com.br\/emfoco\/wp-content\/uploads\/2026\/01\/AIAI-7-32-750x422.jpg 750w, https:\/\/www.em.com.br\/emfoco\/wp-content\/uploads\/2026\/01\/AIAI-7-32-1140x641.jpg 1140w, https:\/\/www.em.com.br\/emfoco\/wp-content\/uploads\/2026\/01\/AIAI-7-32.jpg 1280w\" sizes=\"auto, (max-width: 1024px) 100vw, 1024px\" \/><figcaption class=\"wp-element-caption\">Abdominais tradicionais fortalecem obl\u00edquos superficiais e podem alargar a cintura<\/figcaption><\/figure>\n\n\n\n<h2 class=\"wp-block-heading\">Qual m\u00fasculo realmente afina a cintura de dentro para fora?<\/h2>\n\n\n\n<p>O transverso abdominal funciona como uma cinta natural que envolve o tronco e mant\u00e9m os \u00f3rg\u00e3os no lugar. Fortalec\u00ea-lo gera um efeito imediato de retra\u00e7\u00e3o da barriga e melhora da postura. Entre suas principais fun\u00e7\u00f5es, destacam-se as seguintes.<\/p>\n\n\n\n<ul class=\"wp-block-list\">\n<li><strong>Compress\u00e3o abdominal<\/strong>: puxa a parede do abd\u00f4men para dentro, reduzindo a circunfer\u00eancia.<\/li>\n\n\n\n<li><strong>Estabiliza\u00e7\u00e3o do core<\/strong>: sustenta a coluna e melhora o alinhamento corporal.<\/li>\n\n\n\n<li><strong>Preven\u00e7\u00e3o de lombalgias<\/strong>: diminui sobrecarga na regi\u00e3o lombar durante movimentos di\u00e1rios.<\/li>\n<\/ul>\n\n\n\n<h2 class=\"wp-block-heading\">Quais exerc\u00edcios ativam o transverso sem gerar volume?<\/h2>\n\n\n\n<p>Exerc\u00edcios isom\u00e9tricos e posturais s\u00e3o os mais indicados para ativar o transverso sem hipertrofia. Eles trabalham a musculatura profunda de forma cont\u00ednua, promovendo firmeza e conten\u00e7\u00e3o abdominal.<\/p>\n\n\n\n<p>Movimentos como o v\u00e1cuo abdominal e as pranchas ensinam o corpo a manter o abd\u00f4men contra\u00eddo em repouso, criando um <strong>afinamento visual<\/strong> que se mant\u00e9m ao longo do dia, inclusive fora do treino.<\/p>\n\n\n\n<p>Separamos um v\u00eddeo do canal do TikTok <strong><a href=\"https:\/\/www.tiktok.com\/@kawanitobisawa2\" target=\"_blank\" rel=\"noreferrer noopener\"><strong>kawanitobisawa2<\/strong><\/a><\/strong> dando mais dicas de exerc\u00edcios que ajudam a emagrecer e afinar a cintura.<\/p>\n\n\n\n<blockquote class=\"tiktok-embed\" cite=\"https:\/\/www.tiktok.com\/@kawanitobisawa2\/video\/7291797340975910149\" data-video-id=\"7291797340975910149\" style=\"max-width: 605px;min-width: 325px;\" > <section> <a target=\"_blank\" title=\"@kawanitobisawa2\" href=\"https:\/\/www.tiktok.com\/@kawanitobisawa2?refer=embed\">@kawanitobisawa2<\/a> fizzz hoje e pqp, apenas fa\u00e7am <a title=\"yogagirl\" target=\"_blank\" href=\"https:\/\/www.tiktok.com\/tag\/yogagirl?refer=embed\">#yogagirl<\/a> <a title=\"girlsgym\" target=\"_blank\" href=\"https:\/\/www.tiktok.com\/tag\/girlsgym?refer=embed\">#girlsgym<\/a> <a title=\"academia\" target=\"_blank\" href=\"https:\/\/www.tiktok.com\/tag\/academia?refer=embed\">#academia<\/a> <a title=\"gymtok\" target=\"_blank\" href=\"https:\/\/www.tiktok.com\/tag\/gymtok?refer=embed\">#gymtok<\/a> <a title=\"fit\" target=\"_blank\" href=\"https:\/\/www.tiktok.com\/tag\/fit?refer=embed\">#fit<\/a> <a title=\"treino\" target=\"_blank\" href=\"https:\/\/www.tiktok.com\/tag\/treino?refer=embed\">#treino<\/a> <a title=\"abdominal\" target=\"_blank\" href=\"https:\/\/www.tiktok.com\/tag\/abdominal?refer=embed\">#abdominal<\/a> <a title=\"academia\" target=\"_blank\" href=\"https:\/\/www.tiktok.com\/tag\/academia?refer=embed\">#academia<\/a> <a title=\"foryou\" target=\"_blank\" href=\"https:\/\/www.tiktok.com\/tag\/foryou?refer=embed\">#foryou<\/a> <a target=\"_blank\" title=\"\u266c original sound - Emotionallove2x\" href=\"https:\/\/www.tiktok.com\/music\/original-sound-7247675960848714523?refer=embed\">\u266c original sound &#8211; Emotionallove2x<\/a> <\/section> <\/blockquote> <script async src=\"https:\/\/www.tiktok.com\/embed.js\"><\/script>\n\n\n\n<p><em>Leia mais: <strong><a href=\"https:\/\/www.em.com.br\/emfoco\/2026\/01\/20\/alimentos-que-parecem-saudaveis-mas-podem-estar-sabotando-sua-dieta\/\" target=\"_blank\" rel=\"noreferrer noopener\">Alimentos que parecem saud\u00e1veis, mas podem estar sabotando sua dieta!<\/a><\/strong><\/em><\/p>\n\n\n\n<h2 class=\"wp-block-heading\">Quais exerc\u00edcios formam a \u201ccinta natural\u201d em poucos minutos?<\/h2>\n\n\n\n<p>Alguns exerc\u00edcios simples podem ser feitos em casa e entregam resultados consistentes quando praticados com regularidade e aten\u00e7\u00e3o \u00e0 t\u00e9cnica. Entre os mais eficazes para afinar a cintura, est\u00e3o os listados abaixo.<\/p>\n\n\n\n<ul class=\"wp-block-list\">\n<li><strong>Stomach vacuum<\/strong>: ativa diretamente o transverso ao puxar o umbigo em dire\u00e7\u00e3o \u00e0 coluna.<\/li>\n\n\n\n<li><strong>Prancha abdominal<\/strong>: estabiliza o core e ensina contra\u00e7\u00e3o cont\u00ednua do abd\u00f4men profundo.<\/li>\n\n\n\n<li><strong>Prancha lateral<\/strong>: fortalece obl\u00edquos internamente, sem aumentar a largura da cintura.<\/li>\n<\/ul>\n\n\n\n<h2 class=\"wp-block-heading\">O que potencializa os resultados al\u00e9m dos exerc\u00edcios?<\/h2>\n\n\n\n<p>A postura no dia a dia \u00e9 decisiva para manter a cintura mais fina. Ombros alinhados, coluna neutra e abd\u00f4men levemente contra\u00eddo j\u00e1 reduzem visualmente a proje\u00e7\u00e3o abdominal, mesmo em repouso.<\/p>\n\n\n\n<p>Outro fator importante \u00e9 o controle de distens\u00e3o abdominal. Hidrata\u00e7\u00e3o adequada e modera\u00e7\u00e3o em alimentos que fermentam ajudam a evitar estufamento, permitindo que o <strong>trabalho muscular<\/strong> apare\u00e7a com mais clareza na silhueta.<\/p>\n","protected":false},"excerpt":{"rendered":"<p>Afinar a cintura depende do fortalecimento do transverso abdominal, n\u00e3o de abdominais tradicionais. Exerc\u00edcios isom\u00e9tricos melhoram postura, criam efeito de retra\u00e7\u00e3o abdominal e evitam aumento da largura lateral. Ter uma cintura definida n\u00e3o depende de centenas de abdominais. Muitas vezes, o problema est\u00e1 na musculatura profunda enfraquecida e na postura desalinhada. Ao ativar o transverso [&hellip;]<\/p>\n","protected":false},"author":13,"featured_media":157349,"comment_status":"open","ping_status":"open","sticky":false,"template":"","format":"standard","meta":{"jnews-multi-image_gallery":[],"jnews_single_post":{"format":"standard"},"jnews_primary_category":[],"jnews_social_meta":[],"jnews_override_counter":[],"footnotes":""},"categories":[8819],"tags":[15333,4874],"class_list":["post-157331","post","type-post","status-publish","format-standard","has-post-thumbnail","hentry","category-curiosidades","tag-afinar-a-cintura","tag-exercicios-fisicos"],"yoast_head":"<!-- This site is optimized with the Yoast SEO plugin v23.8 - https:\/\/yoast.com\/wordpress\/plugins\/seo\/ -->\n<title>Exerc\u00edcios simples para afinar a cintura de forma natural sem a necessidade de procedimentos est\u00e9ticos - Estado de Minas - Em foco<\/title>\n<meta name=\"description\" content=\"Fortalecer o transverso abdominal retrai a barriga, protege a coluna e afina a cintura com exerc\u00edcios simples e postura correta.\" \/>\n<meta name=\"robots\" content=\"index, follow, max-snippet:-1, max-image-preview:large, max-video-preview:-1\" \/>\n<link rel=\"canonical\" href=\"https:\/\/www.em.com.br\/emfoco\/2026\/01\/21\/exercicios-simples-para-afinar-a-cintura-de-forma-natural-sem-a-necessidade-de-procedimentos-esteticos\/\" \/>\n<meta property=\"og:locale\" content=\"pt_BR\" \/>\n<meta property=\"og:type\" content=\"article\" \/>\n<meta property=\"og:title\" content=\"Exerc\u00edcios simples para afinar a cintura de forma natural sem a necessidade de procedimentos est\u00e9ticos - Estado de Minas - Em foco\" \/>\n<meta property=\"og:description\" content=\"Fortalecer o transverso abdominal retrai a barriga, protege a coluna e afina a cintura com exerc\u00edcios simples e postura correta.\" \/>\n<meta property=\"og:url\" content=\"https:\/\/www.em.com.br\/emfoco\/2026\/01\/21\/exercicios-simples-para-afinar-a-cintura-de-forma-natural-sem-a-necessidade-de-procedimentos-esteticos\/\" \/>\n<meta property=\"og:site_name\" content=\"Estado de Minas - Em foco\" \/>\n<meta property=\"article:published_time\" content=\"2026-01-21T17:35:00+00:00\" \/>\n<meta property=\"article:modified_time\" content=\"2026-01-20T12:26:46+00:00\" \/>\n<meta property=\"og:image\" content=\"https:\/\/www.em.com.br\/emfoco\/wp-content\/uploads\/2026\/01\/AIAI-6-33.jpg\" \/>\n\t<meta property=\"og:image:width\" content=\"1280\" \/>\n\t<meta property=\"og:image:height\" content=\"720\" \/>\n\t<meta property=\"og:image:type\" content=\"image\/jpeg\" \/>\n<meta name=\"author\" content=\"Gabriel Martins\" \/>\n<meta name=\"twitter:card\" content=\"summary_large_image\" \/>\n<meta name=\"twitter:label1\" content=\"Escrito por\" \/>\n\t<meta name=\"twitter:data1\" content=\"Gabriel Martins\" \/>\n\t<meta name=\"twitter:label2\" content=\"Est. tempo de leitura\" \/>\n\t<meta name=\"twitter:data2\" content=\"4 minutos\" \/>\n<!-- \/ Yoast SEO plugin. -->","yoast_head_json":{"title":"Exerc\u00edcios simples para afinar a cintura de forma natural sem a necessidade de procedimentos est\u00e9ticos - Estado de Minas - Em foco","description":"Fortalecer o transverso abdominal retrai a barriga, protege a coluna e afina a cintura com exerc\u00edcios simples e postura correta.","robots":{"index":"index","follow":"follow","max-snippet":"max-snippet:-1","max-image-preview":"max-image-preview:large","max-video-preview":"max-video-preview:-1"},"canonical":"https:\/\/www.em.com.br\/emfoco\/2026\/01\/21\/exercicios-simples-para-afinar-a-cintura-de-forma-natural-sem-a-necessidade-de-procedimentos-esteticos\/","og_locale":"pt_BR","og_type":"article","og_title":"Exerc\u00edcios simples para afinar a cintura de forma natural sem a necessidade de procedimentos est\u00e9ticos - Estado de Minas - Em foco","og_description":"Fortalecer o transverso abdominal retrai a barriga, protege a coluna e afina a cintura com exerc\u00edcios simples e postura correta.","og_url":"https:\/\/www.em.com.br\/emfoco\/2026\/01\/21\/exercicios-simples-para-afinar-a-cintura-de-forma-natural-sem-a-necessidade-de-procedimentos-esteticos\/","og_site_name":"Estado de Minas - Em foco","article_published_time":"2026-01-21T17:35:00+00:00","article_modified_time":"2026-01-20T12:26:46+00:00","og_image":[{"width":1280,"height":720,"url":"https:\/\/www.em.com.br\/emfoco\/wp-content\/uploads\/2026\/01\/AIAI-6-33.jpg","type":"image\/jpeg"}],"author":"Gabriel Martins","twitter_card":"summary_large_image","twitter_misc":{"Escrito por":"Gabriel Martins","Est. tempo de leitura":"4 minutos"},"schema":{"@context":"https:\/\/schema.org","@graph":[{"@type":"WebPage","@id":"https:\/\/www.em.com.br\/emfoco\/2026\/01\/21\/exercicios-simples-para-afinar-a-cintura-de-forma-natural-sem-a-necessidade-de-procedimentos-esteticos\/","url":"https:\/\/www.em.com.br\/emfoco\/2026\/01\/21\/exercicios-simples-para-afinar-a-cintura-de-forma-natural-sem-a-necessidade-de-procedimentos-esteticos\/","name":"Exerc\u00edcios simples para afinar a cintura de forma natural sem a necessidade de procedimentos est\u00e9ticos - Estado de Minas - Em foco","isPartOf":{"@id":"https:\/\/www.em.com.br\/emfoco\/#website"},"primaryImageOfPage":{"@id":"https:\/\/www.em.com.br\/emfoco\/2026\/01\/21\/exercicios-simples-para-afinar-a-cintura-de-forma-natural-sem-a-necessidade-de-procedimentos-esteticos\/#primaryimage"},"image":{"@id":"https:\/\/www.em.com.br\/emfoco\/2026\/01\/21\/exercicios-simples-para-afinar-a-cintura-de-forma-natural-sem-a-necessidade-de-procedimentos-esteticos\/#primaryimage"},"thumbnailUrl":"https:\/\/www.em.com.br\/emfoco\/wp-content\/uploads\/2026\/01\/AIAI-6-33.jpg","datePublished":"2026-01-21T17:35:00+00:00","dateModified":"2026-01-20T12:26:46+00:00","author":{"@id":"https:\/\/www.em.com.br\/emfoco\/#\/schema\/person\/1c9ddeab18b98abeffef834667bcf08a"},"description":"Fortalecer o transverso abdominal retrai a barriga, protege a coluna e afina a cintura com exerc\u00edcios simples e postura correta.","breadcrumb":{"@id":"https:\/\/www.em.com.br\/emfoco\/2026\/01\/21\/exercicios-simples-para-afinar-a-cintura-de-forma-natural-sem-a-necessidade-de-procedimentos-esteticos\/#breadcrumb"},"inLanguage":"pt-BR","potentialAction":[{"@type":"ReadAction","target":["https:\/\/www.em.com.br\/emfoco\/2026\/01\/21\/exercicios-simples-para-afinar-a-cintura-de-forma-natural-sem-a-necessidade-de-procedimentos-esteticos\/"]}]},{"@type":"ImageObject","inLanguage":"pt-BR","@id":"https:\/\/www.em.com.br\/emfoco\/2026\/01\/21\/exercicios-simples-para-afinar-a-cintura-de-forma-natural-sem-a-necessidade-de-procedimentos-esteticos\/#primaryimage","url":"https:\/\/www.em.com.br\/emfoco\/wp-content\/uploads\/2026\/01\/AIAI-6-33.jpg","contentUrl":"https:\/\/www.em.com.br\/emfoco\/wp-content\/uploads\/2026\/01\/AIAI-6-33.jpg","width":1280,"height":720,"caption":"Ativa\u00e7\u00e3o do transverso abdominal afina a cintura sem aumentar volume muscular"},{"@type":"BreadcrumbList","@id":"https:\/\/www.em.com.br\/emfoco\/2026\/01\/21\/exercicios-simples-para-afinar-a-cintura-de-forma-natural-sem-a-necessidade-de-procedimentos-esteticos\/#breadcrumb","itemListElement":[{"@type":"ListItem","position":1,"name":"In\u00edcio","item":"https:\/\/www.em.com.br\/emfoco\/"},{"@type":"ListItem","position":2,"name":"Exerc\u00edcios simples para afinar a cintura de forma natural sem a necessidade de procedimentos est\u00e9ticos"}]},{"@type":"WebSite","@id":"https:\/\/www.em.com.br\/emfoco\/#website","url":"https:\/\/www.em.com.br\/emfoco\/","name":"Estado de Minas - Em foco","description":"Acompanhe as \u00faltimas not\u00edcias e fique bem informado sobre tudo o que acontece em Minas Gerais, Brasil e no mundo.","potentialAction":[{"@type":"SearchAction","target":{"@type":"EntryPoint","urlTemplate":"https:\/\/www.em.com.br\/emfoco\/?s={search_term_string}"},"query-input":{"@type":"PropertyValueSpecification","valueRequired":true,"valueName":"search_term_string"}}],"inLanguage":"pt-BR"},{"@type":"Person","@id":"https:\/\/www.em.com.br\/emfoco\/#\/schema\/person\/1c9ddeab18b98abeffef834667bcf08a","name":"Gabriel Martins","image":{"@type":"ImageObject","inLanguage":"pt-BR","@id":"https:\/\/www.em.com.br\/emfoco\/#\/schema\/person\/image\/","url":"https:\/\/secure.gravatar.com\/avatar\/f0f1e2efdfd88f1ad2cb08c5c2731e50?s=96&d=mm&r=g","contentUrl":"https:\/\/secure.gravatar.com\/avatar\/f0f1e2efdfd88f1ad2cb08c5c2731e50?s=96&d=mm&r=g","caption":"Gabriel Martins"},"sameAs":["https:\/\/www.em.com.br\/emfoco\/"],"url":"https:\/\/www.em.com.br\/emfoco\/author\/gabrielmartinsmyth\/"}]}},"_links":{"self":[{"href":"https:\/\/www.em.com.br\/emfoco\/wp-json\/wp\/v2\/posts\/157331","targetHints":{"allow":["GET"]}}],"collection":[{"href":"https:\/\/www.em.com.br\/emfoco\/wp-json\/wp\/v2\/posts"}],"about":[{"href":"https:\/\/www.em.com.br\/emfoco\/wp-json\/wp\/v2\/types\/post"}],"author":[{"embeddable":true,"href":"https:\/\/www.em.com.br\/emfoco\/wp-json\/wp\/v2\/users\/13"}],"replies":[{"embeddable":true,"href":"https:\/\/www.em.com.br\/emfoco\/wp-json\/wp\/v2\/comments?post=157331"}],"version-history":[{"count":1,"href":"https:\/\/www.em.com.br\/emfoco\/wp-json\/wp\/v2\/posts\/157331\/revisions"}],"predecessor-version":[{"id":157351,"href":"https:\/\/www.em.com.br\/emfoco\/wp-json\/wp\/v2\/posts\/157331\/revisions\/157351"}],"wp:featuredmedia":[{"embeddable":true,"href":"https:\/\/www.em.com.br\/emfoco\/wp-json\/wp\/v2\/media\/157349"}],"wp:attachment":[{"href":"https:\/\/www.em.com.br\/emfoco\/wp-json\/wp\/v2\/media?parent=157331"}],"wp:term":[{"taxonomy":"category","embeddable":true,"href":"https:\/\/www.em.com.br\/emfoco\/wp-json\/wp\/v2\/categories?post=157331"},{"taxonomy":"post_tag","embeddable":true,"href":"https:\/\/www.em.com.br\/emfoco\/wp-json\/wp\/v2\/tags?post=157331"}],"curies":[{"name":"wp","href":"https:\/\/api.w.org\/{rel}","templated":true}]}}