{"id":157320,"date":"2026-01-20T10:00:00","date_gmt":"2026-01-20T13:00:00","guid":{"rendered":"https:\/\/www.em.com.br\/emfoco\/?p=157320"},"modified":"2026-01-20T08:07:27","modified_gmt":"2026-01-20T11:07:27","slug":"empresa-de-moveis-declara-falencia-apos-78-anos-de-historia","status":"publish","type":"post","link":"https:\/\/www.em.com.br\/emfoco\/2026\/01\/20\/empresa-de-moveis-declara-falencia-apos-78-anos-de-historia\/","title":{"rendered":"Empresa de m\u00f3veis declara fal\u00eancia ap\u00f3s 78 anos de hist\u00f3ria"},"content":{"rendered":"\n<p>A not\u00edcia do fechamento da Moores Furniture Group, uma <strong>fabricante brit\u00e2nica de m\u00f3veis com 78 anos de hist\u00f3ri<\/strong>a, serve como um alerta sobre como at\u00e9 <a href=\"https:\/\/www.em.com.br\/emfoco\/2026\/01\/16\/marca-popular-de-churrasco-esta-fechando-as-portas-a-empresa-anuncia-o-encerramento-definitivo\/\" target=\"_blank\" rel=\"noreferrer noopener\">empresas <\/a>consolidadas podem sucumbir diante de crises financeiras profundas. Com sede em Wetherby, na regi\u00e3o de West Yorkshire, a companhia empregava mais de 450 pessoas e era reconhecida por fornecer cozinhas planejadas para construtoras, setor p\u00fablico e programas habitacionais de baixo custo. Quando a administra\u00e7\u00e3o judicial foi decretada, 124 funcion\u00e1rios foram demitidos imediatamente, enquanto 336 foram mantidos temporariamente apenas para concluir alguns contratos pendentes, evidenciando a gravidade da situa\u00e7\u00e3o que levou ao colapso definitivo do neg\u00f3cio.<\/p>\n\n\n\n<h2 class=\"wp-block-heading\">Por que empresas tradicionais chegam ao ponto de fechar as portas?<\/h2>\n\n\n\n<p>A <strong>fal\u00eancia <\/strong>empresarial raramente acontece de forma repentina. No caso da Moores, os administradores judiciais apontaram as condi\u00e7\u00f5es comerciais extremamente desafiadoras que assolam a ind\u00fastria de constru\u00e7\u00e3o brit\u00e2nica como fator determinante. Quando uma empresa opera h\u00e1 d\u00e9cadas e mesmo assim n\u00e3o consegue se manter, isso indica problemas estruturais graves que v\u00e3o al\u00e9m de simples dificuldades passageiras. A combina\u00e7\u00e3o de custos crescentes, queda na demanda e press\u00e3o de concorrentes mais eficientes cria um ambiente onde at\u00e9 neg\u00f3cios bem estabelecidos podem se tornar invi\u00e1veis.<\/p>\n\n\n\n<p>O setor moveleiro enfrenta desafios particulares que aceleram processos de insolv\u00eancia. A depend\u00eancia do mercado de constru\u00e7\u00e3o civil significa que quando as construtoras reduzem projetos, as fornecedoras de m\u00f3veis e cozinhas planejadas sofrem impacto direto e imediato. Al\u00e9m disso, o aumento nos custos de mat\u00e9ria-prima, energia e m\u00e3o de obra comprime as margens de lucro a ponto de tornar a opera\u00e7\u00e3o deficit\u00e1ria. Quando esses fatores se somam durante per\u00edodos prolongados, mesmo empresas com hist\u00f3rico s\u00f3lido podem chegar ao esgotamento financeiro total.<\/p>\n\n\n\n<h2 class=\"wp-block-heading\">Como funciona o processo de administra\u00e7\u00e3o judicial no Reino Unido?<\/h2>\n\n\n\n<p>Diferente do sistema brasileiro de recupera\u00e7\u00e3o judicial, a administra\u00e7\u00e3o judicial brit\u00e2nica funciona de maneira mais direta e focada na preserva\u00e7\u00e3o de valor para os credores. Quando a Moores entrou nesse processo, administradores externos foram nomeados para assumir o controle da empresa e avaliar as melhores op\u00e7\u00f5es dispon\u00edveis. Esses profissionais t\u00eam poderes amplos para vender ativos, negociar com credores e tomar decis\u00f5es sobre o futuro do neg\u00f3cio sem necessariamente buscar sua continuidade.<\/p>\n\n\n\n<p>No caso espec\u00edfico da Moores, os administradores conseguiram vender a lista de clientes e alguns ativos de propriedade intelectual para a Wren Trade Kitchens, subsidi\u00e1ria da Wren Kitchens. Essa venda permite que contratos existentes sejam transferidos e honrados, minimizando preju\u00edzos para clientes que j\u00e1 haviam pago por produtos. Por\u00e9m, essa transa\u00e7\u00e3o n\u00e3o salvou a empresa original nem garantiu empregos para a maioria dos funcion\u00e1rios, demonstrando que a administra\u00e7\u00e3o judicial muitas vezes resulta no desmembramento e venda em partes do neg\u00f3cio falido.<\/p>\n\n\n\n<figure class=\"wp-block-image size-large\"><img loading=\"lazy\" decoding=\"async\" width=\"1024\" height=\"585\" src=\"https:\/\/www.em.com.br\/emfoco\/wp-content\/uploads\/2026\/01\/freepik__candid-i-with-natural-textures-and-highly-realisti__15012-1024x585.jpeg\" alt=\"\" class=\"wp-image-157324\" srcset=\"https:\/\/www.em.com.br\/emfoco\/wp-content\/uploads\/2026\/01\/freepik__candid-i-with-natural-textures-and-highly-realisti__15012-1024x585.jpeg 1024w, https:\/\/www.em.com.br\/emfoco\/wp-content\/uploads\/2026\/01\/freepik__candid-i-with-natural-textures-and-highly-realisti__15012-300x171.jpeg 300w, https:\/\/www.em.com.br\/emfoco\/wp-content\/uploads\/2026\/01\/freepik__candid-i-with-natural-textures-and-highly-realisti__15012-768x439.jpeg 768w, https:\/\/www.em.com.br\/emfoco\/wp-content\/uploads\/2026\/01\/freepik__candid-i-with-natural-textures-and-highly-realisti__15012-1536x878.jpeg 1536w, https:\/\/www.em.com.br\/emfoco\/wp-content\/uploads\/2026\/01\/freepik__candid-i-with-natural-textures-and-highly-realisti__15012-2048x1170.jpeg 2048w, https:\/\/www.em.com.br\/emfoco\/wp-content\/uploads\/2026\/01\/freepik__candid-i-with-natural-textures-and-highly-realisti__15012-750x429.jpeg 750w, https:\/\/www.em.com.br\/emfoco\/wp-content\/uploads\/2026\/01\/freepik__candid-i-with-natural-textures-and-highly-realisti__15012-1140x651.jpeg 1140w\" sizes=\"auto, (max-width: 1024px) 100vw, 1024px\" \/><figcaption class=\"wp-element-caption\">Moores fecha ap\u00f3s 78 anos e exp\u00f5e riscos para empresas tradicionais<\/figcaption><\/figure>\n\n\n\n<h2 class=\"wp-block-heading\">Quais s\u00e3o as consequ\u00eancias reais para funcion\u00e1rios e fornecedores?<\/h2>\n\n\n\n<p>Quando uma empresa decreta fal\u00eancia ou entra em processo de insolv\u00eancia, as consequ\u00eancias humanas s\u00e3o devastadoras e imediatas. No caso da Moores, <strong>124 <\/strong>trabalhadores perderam seus empregos sem aviso pr\u00e9vio adequado, enfrentando a realidade de ficarem desempregados da noite para o dia. Esses profissionais agora precisam buscar suporte do servi\u00e7o governamental de pagamentos por redund\u00e2ncia para tentar recuperar sal\u00e1rios atrasados, verbas rescis\u00f3rias e outros direitos trabalhistas.<\/p>\n\n\n\n<p>Os impactos da insolv\u00eancia empresarial se estendem muito al\u00e9m dos funcion\u00e1rios diretos e incluem diversos grupos afetados:<\/p>\n\n\n\n<ul class=\"wp-block-list\">\n<li>Fornecedores que tinham cr\u00e9ditos a receber enfrentam perdas financeiras significativas, muitas vezes recebendo apenas uma fra\u00e7\u00e3o do valor devido ap\u00f3s o processo de liquida\u00e7\u00e3o dos ativos.<\/li>\n\n\n\n<li>Clientes com contratos em andamento ficam em situa\u00e7\u00e3o de incerteza, dependendo da boa vontade de outras empresas para assumir seus pedidos e honrar o que foi pago.<\/li>\n\n\n\n<li>Comunidades locais perdem empregos e arrecada\u00e7\u00e3o tribut\u00e1ria, afetando a economia regional especialmente em cidades menores onde a empresa tinha presen\u00e7a significativa.<\/li>\n\n\n\n<li>Concorrentes do setor podem se beneficiar absorvendo parte dos clientes e funcion\u00e1rios, mas tamb\u00e9m enfrentam press\u00e3o adicional caso os mesmos problemas estruturais afetem todo o mercado.<\/li>\n<\/ul>\n\n\n\n<h2 class=\"wp-block-heading\">Qual a diferen\u00e7a entre fechar voluntariamente e decretar fal\u00eancia?<\/h2>\n\n\n\n<p>Existe uma distin\u00e7\u00e3o importante entre empresas que escolhem encerrar suas atividades de forma planejada e aquelas que s\u00e3o for\u00e7adas a declarar insolv\u00eancia. No primeiro caso, os propriet\u00e1rios ainda t\u00eam controle sobre o processo e podem liquidar ativos de maneira ordenada, pagar credores e encerrar o neg\u00f3cio com dignidade. J\u00e1 na fal\u00eancia decretada por incapacidade de pagamento, como aconteceu com a Moores, a empresa perde o controle e administradores externos tomam as decis\u00f5es.<\/p>\n\n\n\n<p>A fal\u00eancia for\u00e7ada carrega consequ\u00eancias mais severas para todos os envolvidos. Os credores raramente recebem o valor integral de seus cr\u00e9ditos, os funcion\u00e1rios enfrentam demiss\u00f5es abruptas sem as garantias normais de um fechamento planejado, e a reputa\u00e7\u00e3o dos propriet\u00e1rios fica comprometida no mercado. Al\u00e9m disso, o processo legal \u00e9 mais demorado, custoso e estressante para todas as partes. Mesmo quando h\u00e1 interesse de concorrentes em adquirir partes do neg\u00f3cio, como a Wren demonstrou ao negociar com a Moores, essas transa\u00e7\u00f5es acontecem sob press\u00e3o e frequentemente resultam em valores bem abaixo do que a empresa valeria em condi\u00e7\u00f5es normais.<\/p>\n\n\n\n<h2 class=\"wp-block-heading\">O que esperar do cen\u00e1rio brasileiro em 2025?<\/h2>\n\n\n\n<p>O primeiro trimestre de 2025 confirmou uma tend\u00eancia preocupante no pa\u00eds, com quase cinco mil empresas em processo de reorganiza\u00e7\u00e3o financeira, um crescimento de quase 7% em rela\u00e7\u00e3o ao final do ano anterior. O setor moveleiro n\u00e3o est\u00e1 imune a essa onda, especialmente considerando que muitas dessas f\u00e1bricas dependem de cr\u00e9dito caro e enfrentam uma concorr\u00eancia internacional cada vez mais agressiva. Com a taxa Selic mantida em patamares elevados e a infla\u00e7\u00e3o pressionando os custos, a sobreviv\u00eancia no mercado se torna um desafio di\u00e1rio.<\/p>\n\n\n\n<figure class=\"wp-block-image size-large\"><img loading=\"lazy\" decoding=\"async\" width=\"1024\" height=\"585\" src=\"https:\/\/www.em.com.br\/emfoco\/wp-content\/uploads\/2026\/01\/freepik__closeup-of-a-symbolic-industrial-scene-representin__15011-1-1024x585.jpeg\" alt=\"\" class=\"wp-image-157323\" srcset=\"https:\/\/www.em.com.br\/emfoco\/wp-content\/uploads\/2026\/01\/freepik__closeup-of-a-symbolic-industrial-scene-representin__15011-1-1024x585.jpeg 1024w, https:\/\/www.em.com.br\/emfoco\/wp-content\/uploads\/2026\/01\/freepik__closeup-of-a-symbolic-industrial-scene-representin__15011-1-300x171.jpeg 300w, https:\/\/www.em.com.br\/emfoco\/wp-content\/uploads\/2026\/01\/freepik__closeup-of-a-symbolic-industrial-scene-representin__15011-1-768x439.jpeg 768w, https:\/\/www.em.com.br\/emfoco\/wp-content\/uploads\/2026\/01\/freepik__closeup-of-a-symbolic-industrial-scene-representin__15011-1-1536x878.jpeg 1536w, https:\/\/www.em.com.br\/emfoco\/wp-content\/uploads\/2026\/01\/freepik__closeup-of-a-symbolic-industrial-scene-representin__15011-1-2048x1170.jpeg 2048w, https:\/\/www.em.com.br\/emfoco\/wp-content\/uploads\/2026\/01\/freepik__closeup-of-a-symbolic-industrial-scene-representin__15011-1-750x429.jpeg 750w, https:\/\/www.em.com.br\/emfoco\/wp-content\/uploads\/2026\/01\/freepik__closeup-of-a-symbolic-industrial-scene-representin__15011-1-1140x651.jpeg 1140w\" sizes=\"auto, (max-width: 1024px) 100vw, 1024px\" \/><figcaption class=\"wp-element-caption\">Fechamento mostra que tradi\u00e7\u00e3o n\u00e3o salva da fal\u00eancia<\/figcaption><\/figure>\n\n\n\n<p>Os especialistas apontam que essa situa\u00e7\u00e3o deve continuar ao longo do ano, j\u00e1 que as condi\u00e7\u00f5es macroecon\u00f4micas n\u00e3o d\u00e3o sinais de melhora substancial. Para as empresas que j\u00e1 est\u00e3o fragilizadas, cada m\u00eas representa uma nova batalha pela sobreviv\u00eancia. O mais preocupante \u00e9 que muitos neg\u00f3cios que buscam a recupera\u00e7\u00e3o judicial acabam n\u00e3o conseguindo cumprir o plano acordado e terminam fechando as portas mesmo assim. Esse cen\u00e1rio refor\u00e7a a import\u00e2ncia de uma gest\u00e3o financeira s\u00f3lida e da capacidade de adapta\u00e7\u00e3o r\u00e1pida \u00e0s mudan\u00e7as do mercado, especialmente em setores t\u00e3o competitivos quanto o de m\u00f3veis.<\/p>\n","protected":false},"excerpt":{"rendered":"<p>A not\u00edcia do fechamento da Moores Furniture Group, uma fabricante brit\u00e2nica de m\u00f3veis com 78 anos de hist\u00f3ria, serve como um alerta sobre como at\u00e9 empresas consolidadas podem sucumbir diante de crises financeiras profundas. Com sede em Wetherby, na regi\u00e3o de West Yorkshire, a companhia empregava mais de 450 pessoas e era reconhecida por fornecer [&hellip;]<\/p>\n","protected":false},"author":19,"featured_media":157322,"comment_status":"open","ping_status":"open","sticky":false,"template":"","format":"standard","meta":{"jnews-multi-image_gallery":[],"jnews_single_post":{"format":"standard"},"jnews_primary_category":[],"jnews_social_meta":[],"jnews_override_counter":[],"footnotes":""},"categories":[28],"tags":[5478,22319],"class_list":["post-157320","post","type-post","status-publish","format-standard","has-post-thumbnail","hentry","category-economia","tag-falencia","tag-pedido-de-falencia"],"yoast_head":"<!-- This site is optimized with the Yoast SEO plugin v23.8 - https:\/\/yoast.com\/wordpress\/plugins\/seo\/ -->\n<title>Empresa de m\u00f3veis declara fal\u00eancia ap\u00f3s 78 anos de hist\u00f3ria - Estado de Minas - Em foco<\/title>\n<meta name=\"description\" content=\"A fal\u00eancia da Moores Furniture revela como problemas estruturais e crise no setor podem afetar at\u00e9 as empresas mais antigas e respeitadas.\" \/>\n<meta name=\"robots\" content=\"index, follow, max-snippet:-1, max-image-preview:large, max-video-preview:-1\" \/>\n<link rel=\"canonical\" href=\"https:\/\/www.em.com.br\/emfoco\/2026\/01\/20\/empresa-de-moveis-declara-falencia-apos-78-anos-de-historia\/\" \/>\n<meta property=\"og:locale\" content=\"pt_BR\" \/>\n<meta property=\"og:type\" content=\"article\" \/>\n<meta property=\"og:title\" content=\"Empresa de m\u00f3veis declara fal\u00eancia ap\u00f3s 78 anos de hist\u00f3ria - Estado de Minas - Em foco\" \/>\n<meta property=\"og:description\" content=\"A fal\u00eancia da Moores Furniture revela como problemas estruturais e crise no setor podem afetar at\u00e9 as empresas mais antigas e respeitadas.\" \/>\n<meta property=\"og:url\" content=\"https:\/\/www.em.com.br\/emfoco\/2026\/01\/20\/empresa-de-moveis-declara-falencia-apos-78-anos-de-historia\/\" \/>\n<meta property=\"og:site_name\" content=\"Estado de Minas - Em foco\" \/>\n<meta property=\"article:published_time\" content=\"2026-01-20T13:00:00+00:00\" \/>\n<meta property=\"article:modified_time\" content=\"2026-01-20T11:07:27+00:00\" \/>\n<meta property=\"og:image\" content=\"https:\/\/www.em.com.br\/emfoco\/wp-content\/uploads\/2026\/01\/freepik__closeup-of-a-symbolic-industrial-furniture-factory__15013-1024x572.png\" \/>\n\t<meta property=\"og:image:width\" content=\"1024\" \/>\n\t<meta property=\"og:image:height\" content=\"572\" \/>\n\t<meta property=\"og:image:type\" content=\"image\/png\" \/>\n<meta name=\"author\" content=\"Vanessa Tavares\" \/>\n<meta name=\"twitter:card\" content=\"summary_large_image\" \/>\n<meta name=\"twitter:label1\" content=\"Escrito por\" \/>\n\t<meta name=\"twitter:data1\" content=\"Vanessa Tavares\" \/>\n\t<meta name=\"twitter:label2\" content=\"Est. tempo de leitura\" \/>\n\t<meta name=\"twitter:data2\" content=\"7 minutos\" \/>\n<!-- \/ Yoast SEO plugin. -->","yoast_head_json":{"title":"Empresa de m\u00f3veis declara fal\u00eancia ap\u00f3s 78 anos de hist\u00f3ria - Estado de Minas - Em foco","description":"A fal\u00eancia da Moores Furniture revela como problemas estruturais e crise no setor podem afetar at\u00e9 as empresas mais antigas e respeitadas.","robots":{"index":"index","follow":"follow","max-snippet":"max-snippet:-1","max-image-preview":"max-image-preview:large","max-video-preview":"max-video-preview:-1"},"canonical":"https:\/\/www.em.com.br\/emfoco\/2026\/01\/20\/empresa-de-moveis-declara-falencia-apos-78-anos-de-historia\/","og_locale":"pt_BR","og_type":"article","og_title":"Empresa de m\u00f3veis declara fal\u00eancia ap\u00f3s 78 anos de hist\u00f3ria - Estado de Minas - Em foco","og_description":"A fal\u00eancia da Moores Furniture revela como problemas estruturais e crise no setor podem afetar at\u00e9 as empresas mais antigas e respeitadas.","og_url":"https:\/\/www.em.com.br\/emfoco\/2026\/01\/20\/empresa-de-moveis-declara-falencia-apos-78-anos-de-historia\/","og_site_name":"Estado de Minas - Em foco","article_published_time":"2026-01-20T13:00:00+00:00","article_modified_time":"2026-01-20T11:07:27+00:00","og_image":[{"width":1024,"height":572,"url":"https:\/\/www.em.com.br\/emfoco\/wp-content\/uploads\/2026\/01\/freepik__closeup-of-a-symbolic-industrial-furniture-factory__15013-1024x572.png","type":"image\/png"}],"author":"Vanessa Tavares","twitter_card":"summary_large_image","twitter_misc":{"Escrito por":"Vanessa Tavares","Est. tempo de leitura":"7 minutos"},"schema":{"@context":"https:\/\/schema.org","@graph":[{"@type":"WebPage","@id":"https:\/\/www.em.com.br\/emfoco\/2026\/01\/20\/empresa-de-moveis-declara-falencia-apos-78-anos-de-historia\/","url":"https:\/\/www.em.com.br\/emfoco\/2026\/01\/20\/empresa-de-moveis-declara-falencia-apos-78-anos-de-historia\/","name":"Empresa de m\u00f3veis declara fal\u00eancia ap\u00f3s 78 anos de hist\u00f3ria - Estado de Minas - Em foco","isPartOf":{"@id":"https:\/\/www.em.com.br\/emfoco\/#website"},"primaryImageOfPage":{"@id":"https:\/\/www.em.com.br\/emfoco\/2026\/01\/20\/empresa-de-moveis-declara-falencia-apos-78-anos-de-historia\/#primaryimage"},"image":{"@id":"https:\/\/www.em.com.br\/emfoco\/2026\/01\/20\/empresa-de-moveis-declara-falencia-apos-78-anos-de-historia\/#primaryimage"},"thumbnailUrl":"https:\/\/www.em.com.br\/emfoco\/wp-content\/uploads\/2026\/01\/freepik__closeup-of-a-symbolic-industrial-furniture-factory__15013.png","datePublished":"2026-01-20T13:00:00+00:00","dateModified":"2026-01-20T11:07:27+00:00","author":{"@id":"https:\/\/www.em.com.br\/emfoco\/#\/schema\/person\/4a7a157aac450b98edc86f15a7434f0b"},"description":"A fal\u00eancia da Moores Furniture revela como problemas estruturais e crise no setor podem afetar at\u00e9 as empresas mais antigas e respeitadas.","breadcrumb":{"@id":"https:\/\/www.em.com.br\/emfoco\/2026\/01\/20\/empresa-de-moveis-declara-falencia-apos-78-anos-de-historia\/#breadcrumb"},"inLanguage":"pt-BR","potentialAction":[{"@type":"ReadAction","target":["https:\/\/www.em.com.br\/emfoco\/2026\/01\/20\/empresa-de-moveis-declara-falencia-apos-78-anos-de-historia\/"]}]},{"@type":"ImageObject","inLanguage":"pt-BR","@id":"https:\/\/www.em.com.br\/emfoco\/2026\/01\/20\/empresa-de-moveis-declara-falencia-apos-78-anos-de-historia\/#primaryimage","url":"https:\/\/www.em.com.br\/emfoco\/wp-content\/uploads\/2026\/01\/freepik__closeup-of-a-symbolic-industrial-furniture-factory__15013.png","contentUrl":"https:\/\/www.em.com.br\/emfoco\/wp-content\/uploads\/2026\/01\/freepik__closeup-of-a-symbolic-industrial-furniture-factory__15013.png","width":2752,"height":1536,"caption":"Mesmo ap\u00f3s d\u00e9cadas, Moores fecha e alerta sobre crise estrutural"},{"@type":"BreadcrumbList","@id":"https:\/\/www.em.com.br\/emfoco\/2026\/01\/20\/empresa-de-moveis-declara-falencia-apos-78-anos-de-historia\/#breadcrumb","itemListElement":[{"@type":"ListItem","position":1,"name":"In\u00edcio","item":"https:\/\/www.em.com.br\/emfoco\/"},{"@type":"ListItem","position":2,"name":"Empresa de m\u00f3veis declara fal\u00eancia ap\u00f3s 78 anos de hist\u00f3ria"}]},{"@type":"WebSite","@id":"https:\/\/www.em.com.br\/emfoco\/#website","url":"https:\/\/www.em.com.br\/emfoco\/","name":"Estado de Minas - Em foco","description":"Acompanhe as \u00faltimas not\u00edcias e fique bem informado sobre tudo o que acontece em Minas Gerais, Brasil e no mundo.","potentialAction":[{"@type":"SearchAction","target":{"@type":"EntryPoint","urlTemplate":"https:\/\/www.em.com.br\/emfoco\/?s={search_term_string}"},"query-input":{"@type":"PropertyValueSpecification","valueRequired":true,"valueName":"search_term_string"}}],"inLanguage":"pt-BR"},{"@type":"Person","@id":"https:\/\/www.em.com.br\/emfoco\/#\/schema\/person\/4a7a157aac450b98edc86f15a7434f0b","name":"Vanessa Tavares","image":{"@type":"ImageObject","inLanguage":"pt-BR","@id":"https:\/\/www.em.com.br\/emfoco\/#\/schema\/person\/image\/","url":"https:\/\/secure.gravatar.com\/avatar\/088c9372da58da00f00f8e508f13d635?s=96&d=mm&r=g","contentUrl":"https:\/\/secure.gravatar.com\/avatar\/088c9372da58da00f00f8e508f13d635?s=96&d=mm&r=g","caption":"Vanessa Tavares"},"sameAs":["https:\/\/www.em.com.br\/emfoco"],"url":"https:\/\/www.em.com.br\/emfoco\/author\/vanessamyth\/"}]}},"_links":{"self":[{"href":"https:\/\/www.em.com.br\/emfoco\/wp-json\/wp\/v2\/posts\/157320","targetHints":{"allow":["GET"]}}],"collection":[{"href":"https:\/\/www.em.com.br\/emfoco\/wp-json\/wp\/v2\/posts"}],"about":[{"href":"https:\/\/www.em.com.br\/emfoco\/wp-json\/wp\/v2\/types\/post"}],"author":[{"embeddable":true,"href":"https:\/\/www.em.com.br\/emfoco\/wp-json\/wp\/v2\/users\/19"}],"replies":[{"embeddable":true,"href":"https:\/\/www.em.com.br\/emfoco\/wp-json\/wp\/v2\/comments?post=157320"}],"version-history":[{"count":3,"href":"https:\/\/www.em.com.br\/emfoco\/wp-json\/wp\/v2\/posts\/157320\/revisions"}],"predecessor-version":[{"id":157328,"href":"https:\/\/www.em.com.br\/emfoco\/wp-json\/wp\/v2\/posts\/157320\/revisions\/157328"}],"wp:featuredmedia":[{"embeddable":true,"href":"https:\/\/www.em.com.br\/emfoco\/wp-json\/wp\/v2\/media\/157322"}],"wp:attachment":[{"href":"https:\/\/www.em.com.br\/emfoco\/wp-json\/wp\/v2\/media?parent=157320"}],"wp:term":[{"taxonomy":"category","embeddable":true,"href":"https:\/\/www.em.com.br\/emfoco\/wp-json\/wp\/v2\/categories?post=157320"},{"taxonomy":"post_tag","embeddable":true,"href":"https:\/\/www.em.com.br\/emfoco\/wp-json\/wp\/v2\/tags?post=157320"}],"curies":[{"name":"wp","href":"https:\/\/api.w.org\/{rel}","templated":true}]}}