{"id":157271,"date":"2026-01-20T12:45:00","date_gmt":"2026-01-20T15:45:00","guid":{"rendered":"https:\/\/www.em.com.br\/emfoco\/?p=157271"},"modified":"2026-01-19T20:56:04","modified_gmt":"2026-01-19T23:56:04","slug":"receitas-salgadas-feitas-so-na-frigideira-ganham-espaco-na-cozinha-menos-louca-e-mais-agilidade-atraem-quem-cozinha-no-dia-a-dia","status":"publish","type":"post","link":"https:\/\/www.em.com.br\/emfoco\/2026\/01\/20\/receitas-salgadas-feitas-so-na-frigideira-ganham-espaco-na-cozinha-menos-louca-e-mais-agilidade-atraem-quem-cozinha-no-dia-a-dia\/","title":{"rendered":"Receitas salgadas feitas s\u00f3 na frigideira ganham espa\u00e7o na cozinha: menos lou\u00e7a e mais agilidade atraem quem cozinha no dia a dia"},"content":{"rendered":"\n<p>Na cozinha do dia a dia, a frigideira deixou de ser coadjuvante e virou a estrela das receitas salgadas r\u00e1pidas, pr\u00e1ticas e cheias de improviso. Em vez de depender de forno, airfryer ou um monte de panelas, muita gente tem usado s\u00f3 esse utens\u00edlio para testar pratos famosos, adaptar v\u00eddeos virais e montar lanches e refei\u00e7\u00f5es completas com pouco tempo, poucos ingredientes e muita curiosidade.<\/p>\n\n\n\n<h2 class=\"wp-block-heading\">Por que a frigideira virou a queridinha das receitas salgadas f\u00e1ceis<\/h2>\n\n\n\n<p>As chamadas&nbsp;<strong>receitas f\u00e1ceis de frigideira<\/strong>&nbsp;ganharam espa\u00e7o porque entregam comida r\u00e1pida, com menos lou\u00e7a e sem tanta tecnologia envolvida. A proposta \u00e9 transformar preparos que antes iam para assadeira ou sanduicheira em vers\u00f5es feitas direto na chapa quente, usando controle de fogo e alguns truques para n\u00e3o queimar nem deixar cru.<\/p>\n\n\n\n<p>Esse formato lembra um \u201claborat\u00f3rio culin\u00e1rio\u201d em tempo real: cada receita \u00e9 montada, ajustada, provada e comentada na hora. Se falta sal, corrige; se a textura n\u00e3o agrada, muda a propor\u00e7\u00e3o ou o tempo. Assim, um \u00fanico utens\u00edlio rende panquecas tipo p\u00e3o de queijo, lanches prensados, salgados recheados, bolinhos, pizzas alternativas e at\u00e9 pratos com apar\u00eancia mais sofisticada.<\/p>\n\n\n\n<p>Para voc\u00ea entender melhor sobre o assunto, selecionamos o v\u00eddeo do <a href=\"https:\/\/www.youtube.com\/@AlmanaqueSOS\" target=\"_blank\" rel=\"noreferrer noopener\"><strong>Almanaque SOS<\/strong> <\/a>que faz sucesso no YouTube com seus v\u00eddeos incr\u00edveis:<\/p>\n\n\n\n<figure class=\"wp-block-embed is-type-video is-provider-youtube wp-block-embed-youtube wp-embed-aspect-16-9 wp-has-aspect-ratio\"><div class=\"wp-block-embed__wrapper\">\n<div class=\"jeg_video_container jeg_video_content\"><iframe loading=\"lazy\" title=\"16 Receitas F\u00e1ceis de Frigideira (Salgado)\" width=\"500\" height=\"281\" src=\"https:\/\/www.youtube.com\/embed\/thC2xe9uhVs?feature=oembed\" frameborder=\"0\" allow=\"accelerometer; autoplay; clipboard-write; encrypted-media; gyroscope; picture-in-picture; web-share\" referrerpolicy=\"strict-origin-when-cross-origin\" allowfullscreen><\/iframe><\/div>\n<\/div><\/figure>\n\n\n\n<h2 class=\"wp-block-heading\">Como a frigideira recria e transforma o sabor de p\u00e3o de queijo<\/h2>\n\n\n\n<p>Uma das curiosidades mais chamativas \u00e9 adaptar o sabor de p\u00e3o de queijo para vers\u00f5es feitas totalmente na frigideira. Uma mistura simples de tapioca, queijo ralado e um ingrediente cremoso, como requeij\u00e3o ou creme de leite, vai ao fogo baixo at\u00e9 soltar, formando um disco macio por dentro e levemente crocante por fora.<\/p>\n\n\n\n<p>Outra ideia \u00e9 usar bolinhas de <a href=\"https:\/\/www.em.com.br\/emfoco\/2026\/01\/08\/o-pao-de-queijo-de-minas-mais-facil-de-fazer-crocante-por-fora-e-macio-por-dentro\/\" target=\"_blank\" rel=\"noreferrer noopener\">p\u00e3o de queijo<\/a> congelado, lev\u00e1-las \u00e0 frigideira e prensar at\u00e9 formar uma pe\u00e7a \u00fanica, como uma panqueca compacta. Embora exija mais aten\u00e7\u00e3o ao ponto que a sanduicheira, esse teste mostra como a frigideira simula preparos t\u00edpicos de forno e inspira varia\u00e7\u00f5es com outros queijos, temperos e recheios.<\/p>\n\n\n\n<h2 class=\"wp-block-heading\">Quais s\u00e3o os lanchinhos r\u00e1pidos de frigideira que mais chamam aten\u00e7\u00e3o<\/h2>\n\n\n\n<p>No campo dos lanches simples, a bolacha salgada frita na manteiga surpreende pela mudan\u00e7a de textura e sabor. A cl\u00e1ssica cream cracker vai para a frigideira com um pouco de gordura e doura at\u00e9 virar um snack quente, supercrocante e amanteigado, costume associado a alguns h\u00e1bitos do Nordeste.<\/p>\n\n\n\n<p>Os nuggets de milho mostram um lado ainda mais criativo das&nbsp;<strong>receitas salgadas de frigideira<\/strong>. O milho \u00e9 batido com temperos, recebe farinha e \u00e1gua, \u00e9 cozido at\u00e9 desgrudar, depois moldado, empanado e finalizado na airfryer ou na pr\u00f3pria frigideira com pouco \u00f3leo, resultando em um salgado congel\u00e1vel e vers\u00e1til para qualquer lanche.<\/p>\n\n\n\n<ul class=\"wp-block-list\">\n<li>Bolacha cream cracker frita na manteiga, virando petisco quente e crocante.<\/li>\n\n\n\n<li>Nuggets de milho feitos a partir de creme cozido, moldado e empanado.<\/li>\n\n\n\n<li>Cuscuz de frigideira recheado, com floc\u00e3o, ovos e complementos variados.<\/li>\n\n\n\n<li>Tortilha de arroz j\u00e1 cozido, que ganha nova textura ao ser processado.<\/li>\n<\/ul>\n\n\n\n<table style=\"width:100%; border-collapse:collapse; font-family:Arial, sans-serif; background:#f5fbfb;\">\n  <thead>\n    <tr style=\"background:#cfeeee; color:#000;\">\n      <th style=\"padding:12px; border:1px solid #b6dede;\">Receita testada<\/th>\n      <th style=\"padding:12px; border:1px solid #b6dede;\">Base do preparo<\/th>\n      <th style=\"padding:12px; border:1px solid #b6dede;\">Resultado na frigideira<\/th>\n      <th style=\"padding:12px; border:1px solid #b6dede;\">Avalia\u00e7\u00e3o pr\u00e1tica<\/th>\n    <\/tr>\n  <\/thead>\n  <tbody>\n    <tr style=\"background:#ffffff;\">\n      <td style=\"padding:10px; border:1px solid #b6dede;\">Panqueca de p\u00e3o de queijo<\/td>\n      <td style=\"padding:10px; border:1px solid #b6dede;\">Tapioca, queijo e creme de leite ou requeij\u00e3o<\/td>\n      <td style=\"padding:10px; border:1px solid #b6dede;\">Macia, sabor intenso e lembra p\u00e3o de queijo<\/td>\n      <td style=\"padding:10px; border:1px solid #b6dede;\">Uma das mais bem-sucedidas<\/td>\n    <\/tr>\n\n    <tr style=\"background:#eaf7f7;\">\n      <td style=\"padding:10px; border:1px solid #b6dede;\">P\u00e3o de queijo achatado<\/td>\n      <td style=\"padding:10px; border:1px solid #b6dede;\">Bolinhas congeladas prensadas na frigideira<\/td>\n      <td style=\"padding:10px; border:1px solid #b6dede;\">Doura bem, mas d\u00e1 trabalho<\/td>\n      <td style=\"padding:10px; border:1px solid #b6dede;\">Funciona melhor na sanduicheira<\/td>\n    <\/tr>\n\n    <tr style=\"background:#ffffff;\">\n      <td style=\"padding:10px; border:1px solid #b6dede;\">Bolacha frita na manteiga<\/td>\n      <td style=\"padding:10px; border:1px solid #b6dede;\">Cream cracker dourada na manteiga<\/td>\n      <td style=\"padding:10px; border:1px solid #b6dede;\">Crocante e amanteigada<\/td>\n      <td style=\"padding:10px; border:1px solid #b6dede;\">Simples e surpreendente<\/td>\n    <\/tr>\n\n    <tr style=\"background:#eaf7f7;\">\n      <td style=\"padding:10px; border:1px solid #b6dede;\">Nuggets de milho<\/td>\n      <td style=\"padding:10px; border:1px solid #b6dede;\">Milho batido, cozido e empanado<\/td>\n      <td style=\"padding:10px; border:1px solid #b6dede;\">Crocante fora e macio dentro<\/td>\n      <td style=\"padding:10px; border:1px solid #b6dede;\">\u00d3timo rendimento e pode congelar<\/td>\n    <\/tr>\n\n    <tr style=\"background:#ffffff;\">\n      <td style=\"padding:10px; border:1px solid #b6dede;\">Cuscuz recheado<\/td>\n      <td style=\"padding:10px; border:1px solid #b6dede;\">Floc\u00e3o, ovos e manteiga<\/td>\n      <td style=\"padding:10px; border:1px solid #b6dede;\">Dourado, macio e vers\u00e1til<\/td>\n      <td style=\"padding:10px; border:1px solid #b6dede;\">Ideal para lanches r\u00e1pidos<\/td>\n    <\/tr>\n\n    <tr style=\"background:#eaf7f7;\">\n      <td style=\"padding:10px; border:1px solid #b6dede;\">Tortilha de arroz<\/td>\n      <td style=\"padding:10px; border:1px solid #b6dede;\">Arroz amanhecido + tapioca<\/td>\n      <td style=\"padding:10px; border:1px solid #b6dede;\">Textura entre tapioca e p\u00e3o de queijo<\/td>\n      <td style=\"padding:10px; border:1px solid #b6dede;\">Criativa e funcional<\/td>\n    <\/tr>\n\n    <tr style=\"background:#ffffff;\">\n      <td style=\"padding:10px; border:1px solid #b6dede;\">Salgado em 6 minutos<\/td>\n      <td style=\"padding:10px; border:1px solid #b6dede;\">Massa simples com ovo e fermento<\/td>\n      <td style=\"padding:10px; border:1px solid #b6dede;\">Fofo e dourado<\/td>\n      <td style=\"padding:10px; border:1px solid #b6dede;\">Pr\u00e1tico e adapt\u00e1vel<\/td>\n    <\/tr>\n\n    <tr style=\"background:#eaf7f7;\">\n      <td style=\"padding:10px; border:1px solid #b6dede;\">Lasanha de frigideira<\/td>\n      <td style=\"padding:10px; border:1px solid #b6dede;\">Massa pr\u00e9-cozida montada em camadas<\/td>\n      <td style=\"padding:10px; border:1px solid #b6dede;\">Cremosa e bem estruturada<\/td>\n      <td style=\"padding:10px; border:1px solid #b6dede;\">Boa alternativa sem forno<\/td>\n    <\/tr>\n\n    <tr style=\"background:#ffffff;\">\n      <td style=\"padding:10px; border:1px solid #b6dede;\">Reaquecer pizza<\/td>\n      <td style=\"padding:10px; border:1px solid #b6dede;\">Fogo baixo + gotas de \u00e1gua<\/td>\n      <td style=\"padding:10px; border:1px solid #b6dede;\">Base crocante e queijo derretido<\/td>\n      <td style=\"padding:10px; border:1px solid #b6dede;\">M\u00e9todo mais eficiente<\/td>\n    <\/tr>\n\n    <tr style=\"background:#eaf7f7;\">\n      <td style=\"padding:10px; border:1px solid #b6dede;\">Hot dog sem p\u00e3o<\/td>\n      <td style=\"padding:10px; border:1px solid #b6dede;\">Salsicha envolvida em queijo<\/td>\n      <td style=\"padding:10px; border:1px solid #b6dede;\">Crocante e muito saboroso<\/td>\n      <td style=\"padding:10px; border:1px solid #b6dede;\">Vers\u00e3o criativa e aprovada<\/td>\n    <\/tr>\n\n    <tr style=\"background:#ffffff;\">\n      <td style=\"padding:10px; border:1px solid #b6dede;\">Pastel de carne com queijo<\/td>\n      <td style=\"padding:10px; border:1px solid #b6dede;\">Discos de carne recheados<\/td>\n      <td style=\"padding:10px; border:1px solid #b6dede;\">Suculento e dourado<\/td>\n      <td style=\"padding:10px; border:1px solid #b6dede;\">Melhor na frigideira<\/td>\n    <\/tr>\n\n    <tr style=\"background:#eaf7f7;\">\n      <td style=\"padding:10px; border:1px solid #b6dede;\">Bife enrolado tipo medalh\u00e3o<\/td>\n      <td style=\"padding:10px; border:1px solid #b6dede;\">Bife recheado selado e finalizado em molho<\/td>\n      <td style=\"padding:10px; border:1px solid #b6dede;\">Suculento e visual sofisticado<\/td>\n      <td style=\"padding:10px; border:1px solid #b6dede;\">Resultado acima da expectativa<\/td>\n    <\/tr>\n  <\/tbody>\n<\/table>\n\n\n\n\n<h2 class=\"wp-block-heading\">Como as receitas de frigideira ajudam a reaproveitar comida e ganhar tempo<\/h2>\n\n\n\n<p>Uma parte importante dessa maratona de testes \u00e9 o reaproveitamento de sobras, reduzindo desperd\u00edcio. O arroz do dia anterior deixa de ser simples acompanhamento e vira base de tortilha: \u00e9 aquecido, combinado com tapioca, processado at\u00e9 formar massa, moldado em discos, recheado e dourado, lembrando um cruzamento de tapioca, p\u00e3o de queijo e crepe.<\/p>\n\n\n\n<p>O cuscuz de frigideira segue a mesma l\u00f3gica de praticidade e aproveitamento da geladeira. O floc\u00e3o \u00e9 hidratado, misturado com ovos e vai \u00e0 frigideira com manteiga; d\u00e1 para dourar a base e rechear depois ou misturar queijos, legumes e requeij\u00e3o direto na massa crua, rendendo desde caf\u00e9 da manh\u00e3 refor\u00e7ado at\u00e9 lanche de fim de tarde.<\/p>\n\n\n\n<h2 class=\"wp-block-heading\">Receitas de frigideira tamb\u00e9m rendem pratos com cara sofisticada<\/h2>\n\n\n\n<p>Mesmo com tantos petiscos r\u00e1pidos, a frigideira tamb\u00e9m entrega pratos com visual mais elaborado e sabor intenso. O bife enrolado em formato de medalh\u00e3o \u00e9 um exemplo: fatias finas s\u00e3o temperadas, recheadas, enroladas, amarradas e seladas, enquanto um molho r\u00e1pido aproveita o fundo da panela, concentrando sabor e criando uma refei\u00e7\u00e3o especial sem complica\u00e7\u00e3o.<\/p>\n\n\n\n<p>No conjunto, essas experi\u00eancias mostram o quanto a frigideira \u00e9 vers\u00e1til, indo do snack improvisado ao prato de ocasi\u00e3o com poucos passos. Comece hoje a testar uma dessas ideias, abra sua geladeira, reaproveite sobras e experimente sem medo: quanto antes voc\u00ea ligar o fogo, mais r\u00e1pido vai descobrir novas combina\u00e7\u00f5es que podem virar seus salgados favoritos de sempre.<\/p>\n\n\n\n<p><\/p>\n","protected":false},"excerpt":{"rendered":"<p>Na cozinha do dia a dia, a frigideira deixou de ser coadjuvante e virou a estrela das receitas salgadas r\u00e1pidas, pr\u00e1ticas e cheias de improviso. Em vez de depender de forno, airfryer ou um monte de panelas, muita gente tem usado s\u00f3 esse utens\u00edlio para testar pratos famosos, adaptar v\u00eddeos virais e montar lanches e [&hellip;]<\/p>\n","protected":false},"author":11,"featured_media":157279,"comment_status":"open","ping_status":"open","sticky":false,"template":"","format":"standard","meta":{"jnews-multi-image_gallery":[],"jnews_single_post":{"format":"standard"},"jnews_primary_category":[],"jnews_social_meta":[],"jnews_override_counter":[],"footnotes":""},"categories":[8819,1],"tags":[17128,11688,22988],"class_list":["post-157271","post","type-post","status-publish","format-standard","has-post-thumbnail","hentry","category-curiosidades","category-noticias","tag-frigideira","tag-lanche","tag-receitas-salgadas-na-frigideira"],"yoast_head":"<!-- This site is optimized with the Yoast SEO plugin v23.8 - https:\/\/yoast.com\/wordpress\/plugins\/seo\/ -->\n<title>Receitas salgadas feitas s\u00f3 na frigideira ganham espa\u00e7o na cozinha: menos lou\u00e7a e mais agilidade atraem quem cozinha no dia a dia - Estado de Minas - Em foco<\/title>\n<meta name=\"description\" content=\"Sem forno e sem airfryer, a frigideira virou estrela das receitas salgadas. Ideias f\u00e1ceis para reaproveitar comida e ganhar tempo.\" \/>\n<meta name=\"robots\" content=\"index, follow, max-snippet:-1, max-image-preview:large, max-video-preview:-1\" \/>\n<link rel=\"canonical\" href=\"https:\/\/www.em.com.br\/emfoco\/2026\/01\/20\/receitas-salgadas-feitas-so-na-frigideira-ganham-espaco-na-cozinha-menos-louca-e-mais-agilidade-atraem-quem-cozinha-no-dia-a-dia\/\" \/>\n<meta property=\"og:locale\" content=\"pt_BR\" \/>\n<meta property=\"og:type\" content=\"article\" \/>\n<meta property=\"og:title\" content=\"Receitas salgadas feitas s\u00f3 na frigideira ganham espa\u00e7o na cozinha: menos lou\u00e7a e mais agilidade atraem quem cozinha no dia a dia - Estado de Minas - Em foco\" \/>\n<meta property=\"og:description\" content=\"Sem forno e sem airfryer, a frigideira virou estrela das receitas salgadas. Ideias f\u00e1ceis para reaproveitar comida e ganhar tempo.\" \/>\n<meta property=\"og:url\" content=\"https:\/\/www.em.com.br\/emfoco\/2026\/01\/20\/receitas-salgadas-feitas-so-na-frigideira-ganham-espaco-na-cozinha-menos-louca-e-mais-agilidade-atraem-quem-cozinha-no-dia-a-dia\/\" \/>\n<meta property=\"og:site_name\" content=\"Estado de Minas - Em foco\" \/>\n<meta property=\"article:published_time\" content=\"2026-01-20T15:45:00+00:00\" \/>\n<meta property=\"article:modified_time\" content=\"2026-01-19T23:56:04+00:00\" \/>\n<meta property=\"og:image\" content=\"https:\/\/www.em.com.br\/emfoco\/wp-content\/uploads\/2026\/01\/Gemini_Generated_Image_ct4oimct4oimct4o-1.png\" \/>\n\t<meta property=\"og:image:width\" content=\"1280\" \/>\n\t<meta property=\"og:image:height\" content=\"720\" \/>\n\t<meta property=\"og:image:type\" content=\"image\/png\" \/>\n<meta name=\"author\" content=\"Andre\u0301 Rangel\u00a0\" \/>\n<meta name=\"twitter:card\" content=\"summary_large_image\" \/>\n<meta name=\"twitter:label1\" content=\"Escrito por\" \/>\n\t<meta name=\"twitter:data1\" content=\"Andre\u0301 Rangel\u00a0\" \/>\n\t<meta name=\"twitter:label2\" content=\"Est. tempo de leitura\" \/>\n\t<meta name=\"twitter:data2\" content=\"6 minutos\" \/>\n<!-- \/ Yoast SEO plugin. -->","yoast_head_json":{"title":"Receitas salgadas feitas s\u00f3 na frigideira ganham espa\u00e7o na cozinha: menos lou\u00e7a e mais agilidade atraem quem cozinha no dia a dia - Estado de Minas - Em foco","description":"Sem forno e sem airfryer, a frigideira virou estrela das receitas salgadas. Ideias f\u00e1ceis para reaproveitar comida e ganhar tempo.","robots":{"index":"index","follow":"follow","max-snippet":"max-snippet:-1","max-image-preview":"max-image-preview:large","max-video-preview":"max-video-preview:-1"},"canonical":"https:\/\/www.em.com.br\/emfoco\/2026\/01\/20\/receitas-salgadas-feitas-so-na-frigideira-ganham-espaco-na-cozinha-menos-louca-e-mais-agilidade-atraem-quem-cozinha-no-dia-a-dia\/","og_locale":"pt_BR","og_type":"article","og_title":"Receitas salgadas feitas s\u00f3 na frigideira ganham espa\u00e7o na cozinha: menos lou\u00e7a e mais agilidade atraem quem cozinha no dia a dia - Estado de Minas - Em foco","og_description":"Sem forno e sem airfryer, a frigideira virou estrela das receitas salgadas. Ideias f\u00e1ceis para reaproveitar comida e ganhar tempo.","og_url":"https:\/\/www.em.com.br\/emfoco\/2026\/01\/20\/receitas-salgadas-feitas-so-na-frigideira-ganham-espaco-na-cozinha-menos-louca-e-mais-agilidade-atraem-quem-cozinha-no-dia-a-dia\/","og_site_name":"Estado de Minas - Em foco","article_published_time":"2026-01-20T15:45:00+00:00","article_modified_time":"2026-01-19T23:56:04+00:00","og_image":[{"width":1280,"height":720,"url":"https:\/\/www.em.com.br\/emfoco\/wp-content\/uploads\/2026\/01\/Gemini_Generated_Image_ct4oimct4oimct4o-1.png","type":"image\/png"}],"author":"Andre\u0301 Rangel\u00a0","twitter_card":"summary_large_image","twitter_misc":{"Escrito por":"Andre\u0301 Rangel\u00a0","Est. tempo de leitura":"6 minutos"},"schema":{"@context":"https:\/\/schema.org","@graph":[{"@type":"WebPage","@id":"https:\/\/www.em.com.br\/emfoco\/2026\/01\/20\/receitas-salgadas-feitas-so-na-frigideira-ganham-espaco-na-cozinha-menos-louca-e-mais-agilidade-atraem-quem-cozinha-no-dia-a-dia\/","url":"https:\/\/www.em.com.br\/emfoco\/2026\/01\/20\/receitas-salgadas-feitas-so-na-frigideira-ganham-espaco-na-cozinha-menos-louca-e-mais-agilidade-atraem-quem-cozinha-no-dia-a-dia\/","name":"Receitas salgadas feitas s\u00f3 na frigideira ganham espa\u00e7o na cozinha: menos lou\u00e7a e mais agilidade atraem quem cozinha no dia a dia - Estado de Minas - Em foco","isPartOf":{"@id":"https:\/\/www.em.com.br\/emfoco\/#website"},"primaryImageOfPage":{"@id":"https:\/\/www.em.com.br\/emfoco\/2026\/01\/20\/receitas-salgadas-feitas-so-na-frigideira-ganham-espaco-na-cozinha-menos-louca-e-mais-agilidade-atraem-quem-cozinha-no-dia-a-dia\/#primaryimage"},"image":{"@id":"https:\/\/www.em.com.br\/emfoco\/2026\/01\/20\/receitas-salgadas-feitas-so-na-frigideira-ganham-espaco-na-cozinha-menos-louca-e-mais-agilidade-atraem-quem-cozinha-no-dia-a-dia\/#primaryimage"},"thumbnailUrl":"https:\/\/www.em.com.br\/emfoco\/wp-content\/uploads\/2026\/01\/Gemini_Generated_Image_ct4oimct4oimct4o-1.png","datePublished":"2026-01-20T15:45:00+00:00","dateModified":"2026-01-19T23:56:04+00:00","author":{"@id":"https:\/\/www.em.com.br\/emfoco\/#\/schema\/person\/60eda09c1fedf0d6891f4cef4b60b8b8"},"description":"Sem forno e sem airfryer, a frigideira virou estrela das receitas salgadas. Ideias f\u00e1ceis para reaproveitar comida e ganhar tempo.","breadcrumb":{"@id":"https:\/\/www.em.com.br\/emfoco\/2026\/01\/20\/receitas-salgadas-feitas-so-na-frigideira-ganham-espaco-na-cozinha-menos-louca-e-mais-agilidade-atraem-quem-cozinha-no-dia-a-dia\/#breadcrumb"},"inLanguage":"pt-BR","potentialAction":[{"@type":"ReadAction","target":["https:\/\/www.em.com.br\/emfoco\/2026\/01\/20\/receitas-salgadas-feitas-so-na-frigideira-ganham-espaco-na-cozinha-menos-louca-e-mais-agilidade-atraem-quem-cozinha-no-dia-a-dia\/"]}]},{"@type":"ImageObject","inLanguage":"pt-BR","@id":"https:\/\/www.em.com.br\/emfoco\/2026\/01\/20\/receitas-salgadas-feitas-so-na-frigideira-ganham-espaco-na-cozinha-menos-louca-e-mais-agilidade-atraem-quem-cozinha-no-dia-a-dia\/#primaryimage","url":"https:\/\/www.em.com.br\/emfoco\/wp-content\/uploads\/2026\/01\/Gemini_Generated_Image_ct4oimct4oimct4o-1.png","contentUrl":"https:\/\/www.em.com.br\/emfoco\/wp-content\/uploads\/2026\/01\/Gemini_Generated_Image_ct4oimct4oimct4o-1.png","width":1280,"height":720,"caption":"Receitas salgadas na frigideira viram febre na cozinha"},{"@type":"BreadcrumbList","@id":"https:\/\/www.em.com.br\/emfoco\/2026\/01\/20\/receitas-salgadas-feitas-so-na-frigideira-ganham-espaco-na-cozinha-menos-louca-e-mais-agilidade-atraem-quem-cozinha-no-dia-a-dia\/#breadcrumb","itemListElement":[{"@type":"ListItem","position":1,"name":"In\u00edcio","item":"https:\/\/www.em.com.br\/emfoco\/"},{"@type":"ListItem","position":2,"name":"Receitas salgadas feitas s\u00f3 na frigideira ganham espa\u00e7o na cozinha: menos lou\u00e7a e mais agilidade atraem quem cozinha no dia a dia"}]},{"@type":"WebSite","@id":"https:\/\/www.em.com.br\/emfoco\/#website","url":"https:\/\/www.em.com.br\/emfoco\/","name":"Estado de Minas - Em foco","description":"Acompanhe as \u00faltimas not\u00edcias e fique bem informado sobre tudo o que acontece em Minas Gerais, Brasil e no mundo.","potentialAction":[{"@type":"SearchAction","target":{"@type":"EntryPoint","urlTemplate":"https:\/\/www.em.com.br\/emfoco\/?s={search_term_string}"},"query-input":{"@type":"PropertyValueSpecification","valueRequired":true,"valueName":"search_term_string"}}],"inLanguage":"pt-BR"},{"@type":"Person","@id":"https:\/\/www.em.com.br\/emfoco\/#\/schema\/person\/60eda09c1fedf0d6891f4cef4b60b8b8","name":"Andre\u0301 Rangel\u00a0","image":{"@type":"ImageObject","inLanguage":"pt-BR","@id":"https:\/\/www.em.com.br\/emfoco\/#\/schema\/person\/image\/","url":"https:\/\/secure.gravatar.com\/avatar\/6234dc814c77c8ef6d8bba622c787efc?s=96&d=mm&r=g","contentUrl":"https:\/\/secure.gravatar.com\/avatar\/6234dc814c77c8ef6d8bba622c787efc?s=96&d=mm&r=g","caption":"Andre\u0301 Rangel\u00a0"},"url":"https:\/\/www.em.com.br\/emfoco\/author\/luizmyth\/"}]}},"_links":{"self":[{"href":"https:\/\/www.em.com.br\/emfoco\/wp-json\/wp\/v2\/posts\/157271","targetHints":{"allow":["GET"]}}],"collection":[{"href":"https:\/\/www.em.com.br\/emfoco\/wp-json\/wp\/v2\/posts"}],"about":[{"href":"https:\/\/www.em.com.br\/emfoco\/wp-json\/wp\/v2\/types\/post"}],"author":[{"embeddable":true,"href":"https:\/\/www.em.com.br\/emfoco\/wp-json\/wp\/v2\/users\/11"}],"replies":[{"embeddable":true,"href":"https:\/\/www.em.com.br\/emfoco\/wp-json\/wp\/v2\/comments?post=157271"}],"version-history":[{"count":3,"href":"https:\/\/www.em.com.br\/emfoco\/wp-json\/wp\/v2\/posts\/157271\/revisions"}],"predecessor-version":[{"id":157282,"href":"https:\/\/www.em.com.br\/emfoco\/wp-json\/wp\/v2\/posts\/157271\/revisions\/157282"}],"wp:featuredmedia":[{"embeddable":true,"href":"https:\/\/www.em.com.br\/emfoco\/wp-json\/wp\/v2\/media\/157279"}],"wp:attachment":[{"href":"https:\/\/www.em.com.br\/emfoco\/wp-json\/wp\/v2\/media?parent=157271"}],"wp:term":[{"taxonomy":"category","embeddable":true,"href":"https:\/\/www.em.com.br\/emfoco\/wp-json\/wp\/v2\/categories?post=157271"},{"taxonomy":"post_tag","embeddable":true,"href":"https:\/\/www.em.com.br\/emfoco\/wp-json\/wp\/v2\/tags?post=157271"}],"curies":[{"name":"wp","href":"https:\/\/api.w.org\/{rel}","templated":true}]}}