{"id":157270,"date":"2026-01-20T07:35:00","date_gmt":"2026-01-20T10:35:00","guid":{"rendered":"https:\/\/www.em.com.br\/emfoco\/?p=157270"},"modified":"2026-01-19T20:56:20","modified_gmt":"2026-01-19T23:56:20","slug":"doces-feitos-na-frigideira-viram-tendencia-na-cozinha-pratica-receitas-rapidas-dispensam-forno-e-reduzem-a-louca","status":"publish","type":"post","link":"https:\/\/www.em.com.br\/emfoco\/2026\/01\/20\/doces-feitos-na-frigideira-viram-tendencia-na-cozinha-pratica-receitas-rapidas-dispensam-forno-e-reduzem-a-louca\/","title":{"rendered":"Doces feitos na frigideira viram tend\u00eancia na cozinha pr\u00e1tica: receitas r\u00e1pidas dispensam forno e reduzem a lou\u00e7a"},"content":{"rendered":"\n<p>Uma frigideira no fogo, ingredientes simples \u00e0 m\u00e3o e aquela vontade repentina de doce formam o cen\u00e1rio perfeito para uma tend\u00eancia que s\u00f3 cresce: transformar receitas virais em experi\u00eancias r\u00e1pidas, descomplicadas e cheias de improviso, explorando combina\u00e7\u00f5es diferentes e entendendo, na pr\u00e1tica, at\u00e9 onde a criatividade consegue ir usando s\u00f3 esse utens\u00edlio t\u00e3o comum na cozinha.<\/p>\n\n\n\n<h2 class=\"wp-block-heading\">Doces f\u00e1ceis na frigideira s\u00e3o realmente pr\u00e1ticos?<\/h2>\n\n\n\n<p>Quando se fala em&nbsp;<strong>doces f\u00e1ceis para frigideira<\/strong>, a grande promessa \u00e9 economizar tempo e lou\u00e7a. Nada de aquecer forno, sujar v\u00e1rias formas ou depender de equipamentos el\u00e9tricos: basta fogo baixo, poucos ingredientes e por\u00e7\u00f5es pequenas para \u201cmatar a vontade\u201d sem complica\u00e7\u00e3o.<\/p>\n\n\n\n<p>Esses preparos aproveitam o calor direto do fundo da panela e, quando necess\u00e1rio, usam a tampa como um \u201cmini forno\u201d. Assim surgem cremes de colher, bolos r\u00e1pidos em camadas, vers\u00f5es adaptadas de sobremesas cl\u00e1ssicas e panquecas doces com cara de sobremesa de restaurante, prontas em poucos minutos.<\/p>\n\n\n\n<p>Para voc\u00ea entender melhor sobre o assunto, selecionamos o v\u00eddeo do <a href=\"https:\/\/www.youtube.com\/@AlmanaqueSOS\" target=\"_blank\" rel=\"noreferrer noopener\"><strong>Almanaque SOS<\/strong> <\/a>que faz sucesso no YouTube com seus v\u00eddeos incr\u00edveis:<\/p>\n\n\n\n<figure class=\"wp-block-embed is-type-video is-provider-youtube wp-block-embed-youtube wp-embed-aspect-16-9 wp-has-aspect-ratio\"><div class=\"wp-block-embed__wrapper\">\n<div class=\"jeg_video_container jeg_video_content\"><iframe loading=\"lazy\" title=\"10 Doces F\u00e1ceis para Frigideira\" width=\"500\" height=\"281\" src=\"https:\/\/www.youtube.com\/embed\/x2W_qIxL_X0?feature=oembed\" frameborder=\"0\" allow=\"accelerometer; autoplay; clipboard-write; encrypted-media; gyroscope; picture-in-picture; web-share\" referrerpolicy=\"strict-origin-when-cross-origin\" allowfullscreen><\/iframe><\/div>\n<\/div><\/figure>\n\n\n\n<h2 class=\"wp-block-heading\">O que torna o doce de leite em p\u00f3 tostado t\u00e3o curioso?<\/h2>\n\n\n\n<p>Entre as experi\u00eancias na frigideira, uma das mais curiosas \u00e9 o doce feito com leite em p\u00f3 tostado. Em vez de come\u00e7ar com leite l\u00edquido e longos cozimentos, o leite em p\u00f3 \u00e9 aquecido em fogo m\u00e9dio at\u00e9 ficar dourado, ganhando sabor de caramelo e aroma intenso, exigindo cuidado para n\u00e3o queimar.<\/p>\n\n\n\n<p>Depois de esfriar e ser triturado, esse leite tostado volta para a frigideira com leite condensado em fogo baixo, formando um creme espesso que lembra bala de caramelo derretida. Ao esfriar, ganha mais corpo e pode ser usado como recheio, cobertura ou base de outras sobremesas improvisadas, com textura levemente granulada e marcante.<\/p>\n\n\n\n<h2 class=\"wp-block-heading\">Por que a banana aparece tanto nas receitas de frigideira?<\/h2>\n\n\n\n<p>A <a href=\"https:\/\/www.em.com.br\/emfoco\/2026\/01\/16\/adeus-bananas-pretas-veja-o-truque-para-faze-las-durar-mais-tempo\/\" target=\"_blank\" rel=\"noreferrer noopener\">banana <\/a>vira protagonista por ser barata, f\u00e1cil de encontrar e cozinhar r\u00e1pido. Em uma vers\u00e3o inspirada em sobremesas nordestinas, ela aparece com queijo na frigideira antiaderente: o queijo doura primeiro, criando borda firme, e depois entram rodelas de banana, canela e um fio de mel, formando um contraste cl\u00e1ssico entre doce e salgado.<\/p>\n\n\n\n<p>Em outra ideia, a fruta participa de um bolo invertido montado diretamente na panela. Primeiro faz-se um caramelo no fundo da frigideira, depois se disp\u00f5em as fatias de banana e, por cima, uma massa simples; com a tampa mantendo o calor, o bolo firma devagar e, ao ser virado ainda quente, revela a cobertura caramelizada com aroma intenso de banana.<\/p>\n\n\n\n<h2 class=\"wp-block-heading\">Quais bolos e brownies podem ser feitos s\u00f3 na frigideira?<\/h2>\n\n\n\n<p>Os&nbsp;<strong>bolos de frigideira<\/strong>&nbsp;mostram que n\u00e3o \u00e9 obrigat\u00f3rio ter forno para comer bolo rec\u00e9m-feito. Um exemplo \u00e9 o bolo de chocolate em camadas: em vez de uma massa \u00fanica, fazem-se discos grossos, tipo panquecas altas, cozidos um a um com a frigideira tampada, depois empilhados com recheio cremoso e cobertura de chocolate com creme de coco.<\/p>\n\n\n\n<p>J\u00e1 o brownie de frigideira \u00e9 mais compacto e intenso, com chocolate amargo derretido, \u00f3leo de coco, ovo, a\u00e7\u00facar demerara e farinha de aveia. A massa, espalhada em camada \u00fanica e n\u00e3o muito espessa, cozinha em fogo bem baixo at\u00e9 criar casquinha por fora e miolo \u00famido, entregando um doce marcante, com um toque de \u201cmais saud\u00e1vel\u201d pelos ingredientes escolhidos.<\/p>\n\n\n\n<h2 class=\"wp-block-heading\">Quais outras ideias r\u00e1pidas de doces na frigideira valem testar agora<\/h2>\n\n\n\n<p>Al\u00e9m dos bolos e cremes, surgem preparos que lembram lanche de padaria ou caf\u00e9 da manh\u00e3 refor\u00e7ado. O chocotone na chapa, por exemplo, ganha nova vida ao ir para a frigideira com um pouco de manteiga, formando crosta dourada por fora e miolo macio e levemente derretido, \u00f3timo para reaproveitar sobras de fim de ano.<\/p>\n\n\n\n<p>Outras combina\u00e7\u00f5es tamb\u00e9m merecem entrar no radar de quem gosta de praticidade e quer usar a frigideira como \u201cpalco principal\u201d das sobremesas do dia a dia:<\/p>\n\n\n\n<ul class=\"wp-block-list\">\n<li>Panqueca de brigadeiro aberta na frigideira, criando um disco de chocolate com crosta fina e centro macio.<\/li>\n\n\n\n<li>Panqueca doce com bacon frito na pr\u00f3pria frigideira, lembrando caf\u00e9 da manh\u00e3 americano com contraste doce e salgado.<\/li>\n\n\n\n<li>Frutas salteadas na manteiga e a\u00e7\u00facar mascavo, finalizadas com canela ou rum para servir com sorvete.<\/li>\n\n\n\n<li>P\u00e3o amanhecido tostado com a\u00e7\u00facar e canela, simulando uma rabanada expressa de frigideira.<\/li>\n<\/ul>\n\n\n\n<p>Veja abaixo a tabela com resumo das receitas:<\/p>\n\n\n\n<table style=\"width:100%; border-collapse:collapse; font-family:Arial, sans-serif; background:#f6fbfb;\">\n  <thead>\n    <tr style=\"background:#cfeeee; color:#000;\">\n      <th style=\"padding:12px; border:1px solid #b7dddd;\">Receita testada<\/th>\n      <th style=\"padding:12px; border:1px solid #b7dddd;\">Como \u00e9 feita na frigideira<\/th>\n      <th style=\"padding:12px; border:1px solid #b7dddd;\">Resultado final<\/th>\n      <th style=\"padding:12px; border:1px solid #b7dddd;\">Avalia\u00e7\u00e3o pr\u00e1tica<\/th>\n    <\/tr>\n  <\/thead>\n  <tbody>\n    <tr style=\"background:#ffffff;\">\n      <td style=\"padding:10px; border:1px solid #b7dddd;\">Doce de leite com leite em p\u00f3<\/td>\n      <td style=\"padding:10px; border:1px solid #b7dddd;\">Leite em p\u00f3 dourado + leite condensado em fogo baixo<\/td>\n      <td style=\"padding:10px; border:1px solid #b7dddd;\">Cremoso, levemente arenoso, sabor de caramelo<\/td>\n      <td style=\"padding:10px; border:1px solid #b7dddd;\">Funciona bem como doce de colher<\/td>\n    <\/tr>\n\n    <tr style=\"background:#eef8f8;\">\n      <td style=\"padding:10px; border:1px solid #b7dddd;\">Banana com queijo<\/td>\n      <td style=\"padding:10px; border:1px solid #b7dddd;\">Queijo dourado + banana, mel e canela<\/td>\n      <td style=\"padding:10px; border:1px solid #b7dddd;\">Crocante por fora, macio por dentro<\/td>\n      <td style=\"padding:10px; border:1px solid #b7dddd;\">R\u00e1pido, equilibrado e muito eficiente<\/td>\n    <\/tr>\n\n    <tr style=\"background:#ffffff;\">\n      <td style=\"padding:10px; border:1px solid #b7dddd;\">Chocotone na chapa<\/td>\n      <td style=\"padding:10px; border:1px solid #b7dddd;\">Fatias douradas na manteiga<\/td>\n      <td style=\"padding:10px; border:1px solid #b7dddd;\">Casca crocante e interior macio<\/td>\n      <td style=\"padding:10px; border:1px solid #b7dddd;\">\u00d3tima forma de reaproveitar panetone<\/td>\n    <\/tr>\n\n    <tr style=\"background:#eef8f8;\">\n      <td style=\"padding:10px; border:1px solid #b7dddd;\">Brownie de frigideira<\/td>\n      <td style=\"padding:10px; border:1px solid #b7dddd;\">Massa densa cozida em fogo baixo com tampa<\/td>\n      <td style=\"padding:10px; border:1px solid #b7dddd;\">Sequinha fora, \u00famida por dentro<\/td>\n      <td style=\"padding:10px; border:1px solid #b7dddd;\">Funciona bem, mas exige aten\u00e7\u00e3o ao fogo<\/td>\n    <\/tr>\n\n    <tr style=\"background:#ffffff;\">\n      <td style=\"padding:10px; border:1px solid #b7dddd;\">Bolo de chocolate em camadas<\/td>\n      <td style=\"padding:10px; border:1px solid #b7dddd;\">Discos tipo panqueca montados em camadas<\/td>\n      <td style=\"padding:10px; border:1px solid #b7dddd;\">Sabor leve e equilibrado<\/td>\n      <td style=\"padding:10px; border:1px solid #b7dddd;\">Dif\u00edcil de montar, mas sabor surpreende<\/td>\n    <\/tr>\n\n    <tr style=\"background:#eef8f8;\">\n      <td style=\"padding:10px; border:1px solid #b7dddd;\">Bolo de banana invertido<\/td>\n      <td style=\"padding:10px; border:1px solid #b7dddd;\">Caramelo + banana + massa, tudo na frigideira<\/td>\n      <td style=\"padding:10px; border:1px solid #b7dddd;\">Macio, arom\u00e1tico e bem dourado<\/td>\n      <td style=\"padding:10px; border:1px solid #b7dddd;\">Um dos melhores resultados do teste<\/td>\n    <\/tr>\n\n    <tr style=\"background:#ffffff;\">\n      <td style=\"padding:10px; border:1px solid #b7dddd;\">Panqueca de brigadeiro<\/td>\n      <td style=\"padding:10px; border:1px solid #b7dddd;\">Brigadeiro levado direto \u00e0 frigideira<\/td>\n      <td style=\"padding:10px; border:1px solid #b7dddd;\">Crocante por fora, macia por dentro<\/td>\n      <td style=\"padding:10px; border:1px solid #b7dddd;\">Exige ponto correto para n\u00e3o queimar<\/td>\n    <\/tr>\n\n    <tr style=\"background:#eef8f8;\">\n      <td style=\"padding:10px; border:1px solid #b7dddd;\">Panqueca americana com bacon<\/td>\n      <td style=\"padding:10px; border:1px solid #b7dddd;\">Bacon frito coberto por massa doce<\/td>\n      <td style=\"padding:10px; border:1px solid #b7dddd;\">Doce-salgado, crocante e macio<\/td>\n      <td style=\"padding:10px; border:1px solid #b7dddd;\">Combina\u00e7\u00e3o ousada que funciona<\/td>\n    <\/tr>\n  <\/tbody>\n<\/table>\n\n\n\n\n<p>No fim, esses&nbsp;<strong>doces f\u00e1ceis para frigideira<\/strong>&nbsp;provam que ainda h\u00e1 muito espa\u00e7o para criar com o que voc\u00ea j\u00e1 tem em casa. Comece hoje a testar uma receita, adapte ingredientes ao seu gosto e transforme a frigideira no seu laborat\u00f3rio doce: n\u00e3o espere a ocasi\u00e3o perfeita, ligue o fogo agora e experimente.<\/p>\n\n\n\n<p>Cada tentativa pode render uma descoberta nova \u2014 um recheio diferente, uma textura inesperada, uma combina\u00e7\u00e3o que vira assinatura da sua cozinha. Aproveite esse impulso, escolha uma ideia da lista, separe os ingredientes e prepare seu pr\u00f3ximo doce de frigideira ainda hoje, antes que a vontade passe.<\/p>\n","protected":false},"excerpt":{"rendered":"<p>Uma frigideira no fogo, ingredientes simples \u00e0 m\u00e3o e aquela vontade repentina de doce formam o cen\u00e1rio perfeito para uma tend\u00eancia que s\u00f3 cresce: transformar receitas virais em experi\u00eancias r\u00e1pidas, descomplicadas e cheias de improviso, explorando combina\u00e7\u00f5es diferentes e entendendo, na pr\u00e1tica, at\u00e9 onde a criatividade consegue ir usando s\u00f3 esse utens\u00edlio t\u00e3o comum na [&hellip;]<\/p>\n","protected":false},"author":11,"featured_media":157280,"comment_status":"open","ping_status":"open","sticky":false,"template":"","format":"standard","meta":{"jnews-multi-image_gallery":[],"jnews_single_post":{"format":"standard"},"jnews_primary_category":[],"jnews_social_meta":[],"jnews_override_counter":[],"footnotes":""},"categories":[8819,1],"tags":[9697,17128,3440,3441,1920],"class_list":["post-157270","post","type-post","status-publish","format-standard","has-post-thumbnail","hentry","category-curiosidades","category-noticias","tag-doces","tag-frigideira","tag-receita","tag-sobremesa","tag-tendencia"],"yoast_head":"<!-- This site is optimized with the Yoast SEO plugin v23.8 - https:\/\/yoast.com\/wordpress\/plugins\/seo\/ -->\n<title>Doces feitos na frigideira viram tend\u00eancia na cozinha pr\u00e1tica: receitas r\u00e1pidas dispensam forno e reduzem a lou\u00e7a - Estado de Minas - Em foco<\/title>\n<meta name=\"description\" content=\"Doces f\u00e1ceis na frigideira viraram tend\u00eancia por serem r\u00e1pidos e pr\u00e1ticos. Veja ideias criativas para matar a vontade sem usar forno.\" \/>\n<meta name=\"robots\" content=\"index, follow, max-snippet:-1, max-image-preview:large, max-video-preview:-1\" \/>\n<link rel=\"canonical\" href=\"https:\/\/www.em.com.br\/emfoco\/2026\/01\/20\/doces-feitos-na-frigideira-viram-tendencia-na-cozinha-pratica-receitas-rapidas-dispensam-forno-e-reduzem-a-louca\/\" \/>\n<meta property=\"og:locale\" content=\"pt_BR\" \/>\n<meta property=\"og:type\" content=\"article\" \/>\n<meta property=\"og:title\" content=\"Doces feitos na frigideira viram tend\u00eancia na cozinha pr\u00e1tica: receitas r\u00e1pidas dispensam forno e reduzem a lou\u00e7a - Estado de Minas - Em foco\" \/>\n<meta property=\"og:description\" content=\"Doces f\u00e1ceis na frigideira viraram tend\u00eancia por serem r\u00e1pidos e pr\u00e1ticos. Veja ideias criativas para matar a vontade sem usar forno.\" \/>\n<meta property=\"og:url\" content=\"https:\/\/www.em.com.br\/emfoco\/2026\/01\/20\/doces-feitos-na-frigideira-viram-tendencia-na-cozinha-pratica-receitas-rapidas-dispensam-forno-e-reduzem-a-louca\/\" \/>\n<meta property=\"og:site_name\" content=\"Estado de Minas - Em foco\" \/>\n<meta property=\"article:published_time\" content=\"2026-01-20T10:35:00+00:00\" \/>\n<meta property=\"article:modified_time\" content=\"2026-01-19T23:56:20+00:00\" \/>\n<meta property=\"og:image\" content=\"https:\/\/www.em.com.br\/emfoco\/wp-content\/uploads\/2026\/01\/Gemini_Generated_Image_4ay8w4ay8w4ay8w4-1.png\" \/>\n\t<meta property=\"og:image:width\" content=\"1280\" \/>\n\t<meta property=\"og:image:height\" content=\"720\" \/>\n\t<meta property=\"og:image:type\" content=\"image\/png\" \/>\n<meta name=\"author\" content=\"Andre\u0301 Rangel\u00a0\" \/>\n<meta name=\"twitter:card\" content=\"summary_large_image\" \/>\n<meta name=\"twitter:label1\" content=\"Escrito por\" \/>\n\t<meta name=\"twitter:data1\" content=\"Andre\u0301 Rangel\u00a0\" \/>\n\t<meta name=\"twitter:label2\" content=\"Est. tempo de leitura\" \/>\n\t<meta name=\"twitter:data2\" content=\"6 minutos\" \/>\n<!-- \/ Yoast SEO plugin. -->","yoast_head_json":{"title":"Doces feitos na frigideira viram tend\u00eancia na cozinha pr\u00e1tica: receitas r\u00e1pidas dispensam forno e reduzem a lou\u00e7a - Estado de Minas - Em foco","description":"Doces f\u00e1ceis na frigideira viraram tend\u00eancia por serem r\u00e1pidos e pr\u00e1ticos. Veja ideias criativas para matar a vontade sem usar forno.","robots":{"index":"index","follow":"follow","max-snippet":"max-snippet:-1","max-image-preview":"max-image-preview:large","max-video-preview":"max-video-preview:-1"},"canonical":"https:\/\/www.em.com.br\/emfoco\/2026\/01\/20\/doces-feitos-na-frigideira-viram-tendencia-na-cozinha-pratica-receitas-rapidas-dispensam-forno-e-reduzem-a-louca\/","og_locale":"pt_BR","og_type":"article","og_title":"Doces feitos na frigideira viram tend\u00eancia na cozinha pr\u00e1tica: receitas r\u00e1pidas dispensam forno e reduzem a lou\u00e7a - Estado de Minas - Em foco","og_description":"Doces f\u00e1ceis na frigideira viraram tend\u00eancia por serem r\u00e1pidos e pr\u00e1ticos. Veja ideias criativas para matar a vontade sem usar forno.","og_url":"https:\/\/www.em.com.br\/emfoco\/2026\/01\/20\/doces-feitos-na-frigideira-viram-tendencia-na-cozinha-pratica-receitas-rapidas-dispensam-forno-e-reduzem-a-louca\/","og_site_name":"Estado de Minas - Em foco","article_published_time":"2026-01-20T10:35:00+00:00","article_modified_time":"2026-01-19T23:56:20+00:00","og_image":[{"width":1280,"height":720,"url":"https:\/\/www.em.com.br\/emfoco\/wp-content\/uploads\/2026\/01\/Gemini_Generated_Image_4ay8w4ay8w4ay8w4-1.png","type":"image\/png"}],"author":"Andre\u0301 Rangel\u00a0","twitter_card":"summary_large_image","twitter_misc":{"Escrito por":"Andre\u0301 Rangel\u00a0","Est. tempo de leitura":"6 minutos"},"schema":{"@context":"https:\/\/schema.org","@graph":[{"@type":"WebPage","@id":"https:\/\/www.em.com.br\/emfoco\/2026\/01\/20\/doces-feitos-na-frigideira-viram-tendencia-na-cozinha-pratica-receitas-rapidas-dispensam-forno-e-reduzem-a-louca\/","url":"https:\/\/www.em.com.br\/emfoco\/2026\/01\/20\/doces-feitos-na-frigideira-viram-tendencia-na-cozinha-pratica-receitas-rapidas-dispensam-forno-e-reduzem-a-louca\/","name":"Doces feitos na frigideira viram tend\u00eancia na cozinha pr\u00e1tica: receitas r\u00e1pidas dispensam forno e reduzem a lou\u00e7a - Estado de Minas - Em foco","isPartOf":{"@id":"https:\/\/www.em.com.br\/emfoco\/#website"},"primaryImageOfPage":{"@id":"https:\/\/www.em.com.br\/emfoco\/2026\/01\/20\/doces-feitos-na-frigideira-viram-tendencia-na-cozinha-pratica-receitas-rapidas-dispensam-forno-e-reduzem-a-louca\/#primaryimage"},"image":{"@id":"https:\/\/www.em.com.br\/emfoco\/2026\/01\/20\/doces-feitos-na-frigideira-viram-tendencia-na-cozinha-pratica-receitas-rapidas-dispensam-forno-e-reduzem-a-louca\/#primaryimage"},"thumbnailUrl":"https:\/\/www.em.com.br\/emfoco\/wp-content\/uploads\/2026\/01\/Gemini_Generated_Image_4ay8w4ay8w4ay8w4-1.png","datePublished":"2026-01-20T10:35:00+00:00","dateModified":"2026-01-19T23:56:20+00:00","author":{"@id":"https:\/\/www.em.com.br\/emfoco\/#\/schema\/person\/60eda09c1fedf0d6891f4cef4b60b8b8"},"description":"Doces f\u00e1ceis na frigideira viraram tend\u00eancia por serem r\u00e1pidos e pr\u00e1ticos. Veja ideias criativas para matar a vontade sem usar forno.","breadcrumb":{"@id":"https:\/\/www.em.com.br\/emfoco\/2026\/01\/20\/doces-feitos-na-frigideira-viram-tendencia-na-cozinha-pratica-receitas-rapidas-dispensam-forno-e-reduzem-a-louca\/#breadcrumb"},"inLanguage":"pt-BR","potentialAction":[{"@type":"ReadAction","target":["https:\/\/www.em.com.br\/emfoco\/2026\/01\/20\/doces-feitos-na-frigideira-viram-tendencia-na-cozinha-pratica-receitas-rapidas-dispensam-forno-e-reduzem-a-louca\/"]}]},{"@type":"ImageObject","inLanguage":"pt-BR","@id":"https:\/\/www.em.com.br\/emfoco\/2026\/01\/20\/doces-feitos-na-frigideira-viram-tendencia-na-cozinha-pratica-receitas-rapidas-dispensam-forno-e-reduzem-a-louca\/#primaryimage","url":"https:\/\/www.em.com.br\/emfoco\/wp-content\/uploads\/2026\/01\/Gemini_Generated_Image_4ay8w4ay8w4ay8w4-1.png","contentUrl":"https:\/\/www.em.com.br\/emfoco\/wp-content\/uploads\/2026\/01\/Gemini_Generated_Image_4ay8w4ay8w4ay8w4-1.png","width":1280,"height":720,"caption":"Doces f\u00e1ceis na frigideira viram tend\u00eancia na cozinha"},{"@type":"BreadcrumbList","@id":"https:\/\/www.em.com.br\/emfoco\/2026\/01\/20\/doces-feitos-na-frigideira-viram-tendencia-na-cozinha-pratica-receitas-rapidas-dispensam-forno-e-reduzem-a-louca\/#breadcrumb","itemListElement":[{"@type":"ListItem","position":1,"name":"In\u00edcio","item":"https:\/\/www.em.com.br\/emfoco\/"},{"@type":"ListItem","position":2,"name":"Doces feitos na frigideira viram tend\u00eancia na cozinha pr\u00e1tica: receitas r\u00e1pidas dispensam forno e reduzem a lou\u00e7a"}]},{"@type":"WebSite","@id":"https:\/\/www.em.com.br\/emfoco\/#website","url":"https:\/\/www.em.com.br\/emfoco\/","name":"Estado de Minas - Em foco","description":"Acompanhe as \u00faltimas not\u00edcias e fique bem informado sobre tudo o que acontece em Minas Gerais, Brasil e no mundo.","potentialAction":[{"@type":"SearchAction","target":{"@type":"EntryPoint","urlTemplate":"https:\/\/www.em.com.br\/emfoco\/?s={search_term_string}"},"query-input":{"@type":"PropertyValueSpecification","valueRequired":true,"valueName":"search_term_string"}}],"inLanguage":"pt-BR"},{"@type":"Person","@id":"https:\/\/www.em.com.br\/emfoco\/#\/schema\/person\/60eda09c1fedf0d6891f4cef4b60b8b8","name":"Andre\u0301 Rangel\u00a0","image":{"@type":"ImageObject","inLanguage":"pt-BR","@id":"https:\/\/www.em.com.br\/emfoco\/#\/schema\/person\/image\/","url":"https:\/\/secure.gravatar.com\/avatar\/6234dc814c77c8ef6d8bba622c787efc?s=96&d=mm&r=g","contentUrl":"https:\/\/secure.gravatar.com\/avatar\/6234dc814c77c8ef6d8bba622c787efc?s=96&d=mm&r=g","caption":"Andre\u0301 Rangel\u00a0"},"url":"https:\/\/www.em.com.br\/emfoco\/author\/luizmyth\/"}]}},"_links":{"self":[{"href":"https:\/\/www.em.com.br\/emfoco\/wp-json\/wp\/v2\/posts\/157270","targetHints":{"allow":["GET"]}}],"collection":[{"href":"https:\/\/www.em.com.br\/emfoco\/wp-json\/wp\/v2\/posts"}],"about":[{"href":"https:\/\/www.em.com.br\/emfoco\/wp-json\/wp\/v2\/types\/post"}],"author":[{"embeddable":true,"href":"https:\/\/www.em.com.br\/emfoco\/wp-json\/wp\/v2\/users\/11"}],"replies":[{"embeddable":true,"href":"https:\/\/www.em.com.br\/emfoco\/wp-json\/wp\/v2\/comments?post=157270"}],"version-history":[{"count":3,"href":"https:\/\/www.em.com.br\/emfoco\/wp-json\/wp\/v2\/posts\/157270\/revisions"}],"predecessor-version":[{"id":157281,"href":"https:\/\/www.em.com.br\/emfoco\/wp-json\/wp\/v2\/posts\/157270\/revisions\/157281"}],"wp:featuredmedia":[{"embeddable":true,"href":"https:\/\/www.em.com.br\/emfoco\/wp-json\/wp\/v2\/media\/157280"}],"wp:attachment":[{"href":"https:\/\/www.em.com.br\/emfoco\/wp-json\/wp\/v2\/media?parent=157270"}],"wp:term":[{"taxonomy":"category","embeddable":true,"href":"https:\/\/www.em.com.br\/emfoco\/wp-json\/wp\/v2\/categories?post=157270"},{"taxonomy":"post_tag","embeddable":true,"href":"https:\/\/www.em.com.br\/emfoco\/wp-json\/wp\/v2\/tags?post=157270"}],"curies":[{"name":"wp","href":"https:\/\/api.w.org\/{rel}","templated":true}]}}