{"id":157244,"date":"2026-01-21T10:35:00","date_gmt":"2026-01-21T13:35:00","guid":{"rendered":"https:\/\/www.em.com.br\/emfoco\/?p=157244"},"modified":"2026-01-20T17:56:57","modified_gmt":"2026-01-20T20:56:57","slug":"a-capital-do-design-onde-o-ceu-e-o-protagonista-e-as-curvas-de-concreto-desenham-um-museu-a-ceu-aberto","status":"publish","type":"post","link":"https:\/\/www.em.com.br\/emfoco\/2026\/01\/21\/a-capital-do-design-onde-o-ceu-e-o-protagonista-e-as-curvas-de-concreto-desenham-um-museu-a-ceu-aberto\/","title":{"rendered":"A capital do design onde o c\u00e9u \u00e9 o protagonista e as curvas de concreto desenham um museu a c\u00e9u aberto"},"content":{"rendered":"\n<p>Sede do poder e \u00edcone do modernismo, <strong>Bras\u00edlia<\/strong> rompe com o tradicional turismo hist\u00f3rico brasileiro ao oferecer uma experi\u00eancia futurista. A capital federal localiza-se no cora\u00e7\u00e3o do pa\u00eds, a cerca de 209 km de <strong>Goi\u00e2nia<\/strong>, e fascina visitantes com seu horizonte amplo onde o c\u00e9u do <strong>Planalto Central<\/strong> \u00e9 o protagonista absoluto.<\/p>\n\n\n\n<h2 class=\"wp-block-heading\">Por que a capital det\u00e9m o t\u00edtulo global de Patrim\u00f4nio Cultural?<\/h2>\n\n\n\n<p><strong>Bras\u00edlia<\/strong> possui a maior \u00e1rea tombada do mundo, com 112,25 km\u00b2, reconhecimento concedido em 1987 pela <strong><a href=\"https:\/\/www.unesco.org\/pt\/fieldoffice\/brasilia\" target=\"_blank\" rel=\"noreferrer noopener\">Organiza\u00e7\u00e3o das Na\u00e7\u00f5es Unidas para a Educa\u00e7\u00e3o, a Ci\u00eancia e a Cultura<\/a> (UNESCO)<\/strong>. O tra\u00e7ado urbano inovador desenhado por <strong>L\u00facio Costa<\/strong> e os monumentos de <strong>Oscar Niemeyer<\/strong> criaram uma paisagem sem precedentes na hist\u00f3ria moderna.<\/p>\n\n\n\n<p>A constru\u00e7\u00e3o da cidade em apenas mil dias, inaugurada em 1960 pelo presidente <strong>Juscelino Kubitschek<\/strong>, representa um marco da engenharia e da arquitetura mundial. Esse feito transformou o interior do <strong>Brasil<\/strong> e estabeleceu novos padr\u00f5es est\u00e9ticos que continuam a atrair estudiosos e turistas de todos os continentes.<\/p>\n\n\n<div class=\"wp-block-image\">\n<figure class=\"aligncenter size-large\"><img loading=\"lazy\" decoding=\"async\" width=\"1024\" height=\"576\" src=\"https:\/\/www.em.com.br\/emfoco\/wp-content\/uploads\/2025\/12\/Brasilia_1747954979918-1024x576.jpg\" alt=\"\" class=\"wp-image-144116\" srcset=\"https:\/\/www.em.com.br\/emfoco\/wp-content\/uploads\/2025\/12\/Brasilia_1747954979918-1024x576.jpg 1024w, https:\/\/www.em.com.br\/emfoco\/wp-content\/uploads\/2025\/12\/Brasilia_1747954979918-300x169.jpg 300w, https:\/\/www.em.com.br\/emfoco\/wp-content\/uploads\/2025\/12\/Brasilia_1747954979918-768x432.jpg 768w, https:\/\/www.em.com.br\/emfoco\/wp-content\/uploads\/2025\/12\/Brasilia_1747954979918-750x422.jpg 750w, https:\/\/www.em.com.br\/emfoco\/wp-content\/uploads\/2025\/12\/Brasilia_1747954979918-1140x641.jpg 1140w, https:\/\/www.em.com.br\/emfoco\/wp-content\/uploads\/2025\/12\/Brasilia_1747954979918.jpg 1280w\" sizes=\"auto, (max-width: 1024px) 100vw, 1024px\" \/><figcaption class=\"wp-element-caption\">\u00danica cidade constru\u00edda no s\u00e9culo XX a receber o t\u00edtulo de Patrim\u00f4nio Mundial pela UNESCO \/\/ Cr\u00e9ditos: depositphotos.com \/ Alisonnunes<\/figcaption><\/figure><\/div>\n\n\n<h2 class=\"wp-block-heading\">Quais experi\u00eancias arquitet\u00f4nicas definem a visita ao Planalto?<\/h2>\n\n\n\n<p>Visitantes encontram um verdadeiro museu a c\u00e9u aberto onde cada \u00e2ngulo revela curvas de concreto, espelhos d&#8217;\u00e1gua e vitrais coloridos. A escala monumental da cidade convida a um passeio contemplativo pelas obras que definem a identidade visual da na\u00e7\u00e3o.<\/p>\n\n\n\n<p>A esplanada e seus arredores concentram os cart\u00f5es-postais mais ic\u00f4nicos, mas h\u00e1 tesouros espalhados por todo o &#8220;avi\u00e3o&#8221;. Veja abaixo a lista com os pontos que n\u00e3o podem faltar no seu roteiro de viagem:<\/p>\n\n\n\n<ul class=\"wp-block-list has-medium-font-size\">\n<li><strong>Catedral Metropolitana<\/strong>: Obra-prima de <strong>Niemeyer<\/strong> com vitrais de <strong>Marianne Peretti<\/strong> que iluminam a nave circular de forma m\u00edstica.<\/li>\n\n\n\n<li><strong>Pra\u00e7a dos Tr\u00eas Poderes<\/strong>: O cora\u00e7\u00e3o c\u00edvico que re\u00fane o <strong>Pal\u00e1cio do Planalto<\/strong>, o <strong>Congresso Nacional<\/strong> e o <strong>Supremo Tribunal Federal<\/strong>.<\/li>\n\n\n\n<li><strong>Pont\u00e3o do Lago Sul<\/strong>: \u00c1rea de lazer sofisticada \u00e0 beira do <strong>Lago Parano\u00e1<\/strong> com restaurantes, jardins e o p\u00f4r do sol mais famoso da cidade.<\/li>\n\n\n\n<li><strong>Santu\u00e1rio Dom Bosco<\/strong>: Templo impressionante conhecido pelos seus vitrais em doze tons de azul que criam uma atmosfera celestial \u00fanica.<\/li>\n\n\n\n<li><strong>Torre de TV<\/strong>: Mirante panor\u00e2mico que oferece a melhor vista do <strong>Eixo Monumental<\/strong> e abriga uma feira de artesanato tradicional aos p\u00e9s da estrutura.<\/li>\n\n\n\n<li><strong>Parque da Cidade Sarah Kubitschek<\/strong>: Um dos maiores parques urbanos do mundo, perfeito para caminhadas, piqueniques e pr\u00e1tica de esportes ao ar livre.<\/li>\n\n\n\n<li><strong>Memorial JK<\/strong>: Mausol\u00e9u dedicado ao fundador da cidade, guardando seus restos mortais e objetos pessoais em um ambiente solene.<\/li>\n<\/ul>\n\n\n<div class=\"wp-block-image\">\n<figure class=\"aligncenter size-large\"><img loading=\"lazy\" decoding=\"async\" width=\"1024\" height=\"576\" src=\"https:\/\/www.em.com.br\/emfoco\/wp-content\/uploads\/2026\/01\/Brasilia_1768423839397-1024x576.jpg\" alt=\"\" class=\"wp-image-155269\" srcset=\"https:\/\/www.em.com.br\/emfoco\/wp-content\/uploads\/2026\/01\/Brasilia_1768423839397-1024x576.jpg 1024w, https:\/\/www.em.com.br\/emfoco\/wp-content\/uploads\/2026\/01\/Brasilia_1768423839397-300x169.jpg 300w, https:\/\/www.em.com.br\/emfoco\/wp-content\/uploads\/2026\/01\/Brasilia_1768423839397-768x432.jpg 768w, https:\/\/www.em.com.br\/emfoco\/wp-content\/uploads\/2026\/01\/Brasilia_1768423839397-750x422.jpg 750w, https:\/\/www.em.com.br\/emfoco\/wp-content\/uploads\/2026\/01\/Brasilia_1768423839397-1140x641.jpg 1140w, https:\/\/www.em.com.br\/emfoco\/wp-content\/uploads\/2026\/01\/Brasilia_1768423839397.jpg 1280w\" sizes=\"auto, (max-width: 1024px) 100vw, 1024px\" \/><figcaption class=\"wp-element-caption\">Bras\u00edlia reinventa o turismo com arquitetura monumental e c\u00e9u \u00fanico no Planalto Central \/\/ Cr\u00e9ditos: depositphotos.com \/ Eduardo1304<\/figcaption><\/figure><\/div>\n\n\n<h2 class=\"wp-block-heading\">Onde a diversidade regional brasileira se encontra \u00e0 mesa?<\/h2>\n\n\n\n<p>A gastronomia local reflete a intensa miscigena\u00e7\u00e3o de migrantes de todo o pa\u00eds, unindo temperos fortes do <strong>Nordeste<\/strong> ao requinte da cozinha internacional. Bairros nobres como a <strong>Asa Sul<\/strong> e a <strong>Asa Norte<\/strong> concentram bistr\u00f4s premiados e caf\u00e9s charmosos que aproveitam as \u00e1reas verdes das superquadras.<\/p>\n\n\n\n<p>A cidade desenvolveu uma identidade culin\u00e1ria pr\u00f3pria nas \u00faltimas d\u00e9cadas, valorizando o bioma onde est\u00e1 inserida. Chefs locais incorporam ingredientes nativos do cerrado, como o pequi, o baru e a baunilha do cerrado, em pratos contempor\u00e2neos que surpreendem o paladar.<\/p>\n\n\n\n<p>Quem deseja explorar a arquitetura e a hist\u00f3ria da capital federal, vai curtir esse v\u00eddeo especialmente selecionado do canal <strong>Vamos Fugir Blog<\/strong>, que conta com mais de 230 mil inscritos, onde <strong>L\u00edgia e Ulisses<\/strong> mostram detalhadamente um roteiro por <strong>Bras\u00edlia<\/strong>, com monumentos e dicas de onde comer:<\/p>\n\n\n\n<figure class=\"wp-block-embed is-type-video is-provider-youtube wp-block-embed-youtube wp-embed-aspect-16-9 wp-has-aspect-ratio\"><div class=\"wp-block-embed__wrapper\">\n<div class=\"jeg_video_container jeg_video_content\"><iframe loading=\"lazy\" title=\"O QUE FAZER EM BRAS\u00cdLIA : ROTEIRO DE 2 DIAS\" width=\"500\" height=\"281\" src=\"https:\/\/www.youtube.com\/embed\/ZMLQ_acjKOk?feature=oembed\" frameborder=\"0\" allow=\"accelerometer; autoplay; clipboard-write; encrypted-media; gyroscope; picture-in-picture; web-share\" referrerpolicy=\"strict-origin-when-cross-origin\" allowfullscreen><\/iframe><\/div>\n<\/div><\/figure>\n\n\n\n<p><strong>Leia tamb\u00e9m: <a href=\"https:\/\/www.em.com.br\/emfoco\/2026\/01\/18\/cidade-mineira-com-visual-de-cinema-e-seguranca-total-revela-o-segredo-para-viver-com-qualidade-de-vida-e-sossego\/\" target=\"_blank\" rel=\"noreferrer noopener\">Cidade mineira com visual de cinema e seguran\u00e7a total revela o segredo para viver com qualidade de vida e sossego<\/a><\/strong><\/p>\n\n\n\n<h2 class=\"wp-block-heading\">Qual \u00e9 o per\u00edodo ideal para evitar a seca extrema?<\/h2>\n\n\n\n<p>O clima tropical de altitude divide o ano em duas esta\u00e7\u00f5es muito marcadas, exigindo aten\u00e7\u00e3o redobrada \u00e0 hidrata\u00e7\u00e3o entre agosto e setembro. A umidade relativa do ar pode atingir n\u00edveis cr\u00edticos de deserto nesses meses, o que altera a din\u00e2mica dos passeios ao ar livre.<\/p>\n\n\n\n<p>O viajante deve planejar a visita considerando as chuvas de ver\u00e3o ou a seca de inverno. Confira na tabela a seguir as m\u00e9dias climatol\u00f3gicas baseadas em dados do <strong><a href=\"https:\/\/www.climatempo.com.br\/previsao-do-tempo\/cidade\/61\/brasilia-df\" target=\"_blank\" rel=\"noreferrer noopener\">Climatempo<\/a><\/strong>:<\/p>\n\n\n\n<figure class=\"wp-block-table\"><table class=\"has-fixed-layout\"><thead><tr><th>Esta\u00e7\u00e3o \/ Meses<\/th><th>M\u00e9dia T\u00e9rmica<\/th><th>O que esperar<\/th><\/tr><\/thead><tbody><tr><td>Ver\u00e3o \/ Dez a Mar<\/td><td>19\u00b0C a 27\u00b0C<\/td><td>Chuvas frequentes, vegeta\u00e7\u00e3o verde e dias abafados.<\/td><\/tr><tr><td>Outono \/ Abr a Jun<\/td><td>15\u00b0C a 25\u00b0C<\/td><td>C\u00e9u azul intenso, clima ameno e as noites come\u00e7am a esfriar.<\/td><\/tr><tr><td>Inverno \/ Jul a Set<\/td><td>13\u00b0C a 26\u00b0C<\/td><td>Seca rigorosa, dias ensolarados e a florada espetacular dos ip\u00eas.<\/td><\/tr><tr><td>Primavera \/ Out a Nov<\/td><td>18\u00b0C a 28\u00b0C<\/td><td>In\u00edcio das chuvas, retorno da umidade e calor mais intenso.<\/td><\/tr><\/tbody><\/table><\/figure>\n\n\n\n<h2 class=\"wp-block-heading\">A capital federal oferece uma imers\u00e3o cultural inesquec\u00edvel<\/h2>\n\n\n\n<p>A visita revela um urbanismo ut\u00f3pico que se tornou realidade e continua a fascinar o mundo com suas linhas arrojadas e espa\u00e7os generosos. Observe os motivos para incluir este destino na sua pr\u00f3xima viagem:<\/p>\n\n\n\n<ul class=\"wp-block-list has-medium-font-size\">\n<li>O horizonte desimpedido permite apreciar um dos c\u00e9us mais bonitos do <strong>Brasil<\/strong> e o espet\u00e1culo do p\u00f4r do sol no <strong>Lago Parano\u00e1<\/strong>.<\/li>\n\n\n\n<li>A arquitetura modernista proporciona um cen\u00e1rio fotogr\u00e1fico inigual\u00e1vel e uma aula de hist\u00f3ria em cada esquina do <strong>Eixo Monumental<\/strong>.<\/li>\n\n\n\n<li>A mistura de sotaques e sabores cria uma atmosfera cosmopolita \u00fanica e acolhedora no centro do pa\u00eds.<\/li>\n<\/ul>\n\n\n\n<p>Voc\u00ea precisa conhecer a grandiosidade e os detalhes que fazem desta cidade um museu vivo.<\/p>\n","protected":false},"excerpt":{"rendered":"<p>Sede do poder e \u00edcone do modernismo, Bras\u00edlia rompe com o tradicional turismo hist\u00f3rico brasileiro ao oferecer uma experi\u00eancia futurista. A capital federal localiza-se no cora\u00e7\u00e3o do pa\u00eds, a cerca de 209 km de Goi\u00e2nia, e fascina visitantes com seu horizonte amplo onde o c\u00e9u do Planalto Central \u00e9 o protagonista absoluto. Por que a [&hellip;]<\/p>\n","protected":false},"author":6,"featured_media":144112,"comment_status":"open","ping_status":"open","sticky":false,"template":"","format":"standard","meta":{"jnews-multi-image_gallery":[],"jnews_single_post":{"format":"standard"},"jnews_primary_category":[],"jnews_social_meta":[],"jnews_override_counter":[],"footnotes":""},"categories":[26],"tags":[1193,183,1273],"class_list":["post-157244","post","type-post","status-publish","format-standard","has-post-thumbnail","hentry","category-cidades","tag-brasilia","tag-cidades","tag-distrito-federal"],"yoast_head":"<!-- This site is optimized with the Yoast SEO plugin v23.8 - https:\/\/yoast.com\/wordpress\/plugins\/seo\/ -->\n<title>A capital do design onde o c\u00e9u \u00e9 o protagonista e as curvas de concreto desenham um museu a c\u00e9u aberto - Estado de Minas - Em foco<\/title>\n<meta name=\"description\" content=\"Conhe\u00e7a a capital do design onde o c\u00e9u \u00e9 protagonista e as curvas de concreto transformam a cidade em um museu aberto.\" \/>\n<meta name=\"robots\" content=\"index, follow, max-snippet:-1, max-image-preview:large, max-video-preview:-1\" \/>\n<link rel=\"canonical\" href=\"https:\/\/www.em.com.br\/emfoco\/2026\/01\/21\/a-capital-do-design-onde-o-ceu-e-o-protagonista-e-as-curvas-de-concreto-desenham-um-museu-a-ceu-aberto\/\" \/>\n<meta property=\"og:locale\" content=\"pt_BR\" \/>\n<meta property=\"og:type\" content=\"article\" \/>\n<meta property=\"og:title\" content=\"A capital do design onde o c\u00e9u \u00e9 o protagonista e as curvas de concreto desenham um museu a c\u00e9u aberto - Estado de Minas - Em foco\" \/>\n<meta property=\"og:description\" content=\"Conhe\u00e7a a capital do design onde o c\u00e9u \u00e9 protagonista e as curvas de concreto transformam a cidade em um museu aberto.\" \/>\n<meta property=\"og:url\" content=\"https:\/\/www.em.com.br\/emfoco\/2026\/01\/21\/a-capital-do-design-onde-o-ceu-e-o-protagonista-e-as-curvas-de-concreto-desenham-um-museu-a-ceu-aberto\/\" \/>\n<meta property=\"og:site_name\" content=\"Estado de Minas - Em foco\" \/>\n<meta property=\"article:published_time\" content=\"2026-01-21T13:35:00+00:00\" \/>\n<meta property=\"article:modified_time\" content=\"2026-01-20T20:56:57+00:00\" \/>\n<meta property=\"og:image\" content=\"https:\/\/www.em.com.br\/emfoco\/wp-content\/uploads\/2025\/12\/Brasilia-fotografos.jpg\" \/>\n\t<meta property=\"og:image:width\" content=\"1280\" \/>\n\t<meta property=\"og:image:height\" content=\"720\" \/>\n\t<meta property=\"og:image:type\" content=\"image\/jpeg\" \/>\n<meta name=\"author\" content=\"Vitor Bruno\" \/>\n<meta name=\"twitter:card\" content=\"summary_large_image\" \/>\n<meta name=\"twitter:label1\" content=\"Escrito por\" \/>\n\t<meta name=\"twitter:data1\" content=\"Vitor Bruno\" \/>\n\t<meta name=\"twitter:label2\" content=\"Est. tempo de leitura\" \/>\n\t<meta name=\"twitter:data2\" content=\"6 minutos\" \/>\n<!-- \/ Yoast SEO plugin. -->","yoast_head_json":{"title":"A capital do design onde o c\u00e9u \u00e9 o protagonista e as curvas de concreto desenham um museu a c\u00e9u aberto - Estado de Minas - Em foco","description":"Conhe\u00e7a a capital do design onde o c\u00e9u \u00e9 protagonista e as curvas de concreto transformam a cidade em um museu aberto.","robots":{"index":"index","follow":"follow","max-snippet":"max-snippet:-1","max-image-preview":"max-image-preview:large","max-video-preview":"max-video-preview:-1"},"canonical":"https:\/\/www.em.com.br\/emfoco\/2026\/01\/21\/a-capital-do-design-onde-o-ceu-e-o-protagonista-e-as-curvas-de-concreto-desenham-um-museu-a-ceu-aberto\/","og_locale":"pt_BR","og_type":"article","og_title":"A capital do design onde o c\u00e9u \u00e9 o protagonista e as curvas de concreto desenham um museu a c\u00e9u aberto - Estado de Minas - Em foco","og_description":"Conhe\u00e7a a capital do design onde o c\u00e9u \u00e9 protagonista e as curvas de concreto transformam a cidade em um museu aberto.","og_url":"https:\/\/www.em.com.br\/emfoco\/2026\/01\/21\/a-capital-do-design-onde-o-ceu-e-o-protagonista-e-as-curvas-de-concreto-desenham-um-museu-a-ceu-aberto\/","og_site_name":"Estado de Minas - Em foco","article_published_time":"2026-01-21T13:35:00+00:00","article_modified_time":"2026-01-20T20:56:57+00:00","og_image":[{"width":1280,"height":720,"url":"https:\/\/www.em.com.br\/emfoco\/wp-content\/uploads\/2025\/12\/Brasilia-fotografos.jpg","type":"image\/jpeg"}],"author":"Vitor Bruno","twitter_card":"summary_large_image","twitter_misc":{"Escrito por":"Vitor Bruno","Est. tempo de leitura":"6 minutos"},"schema":{"@context":"https:\/\/schema.org","@graph":[{"@type":"WebPage","@id":"https:\/\/www.em.com.br\/emfoco\/2026\/01\/21\/a-capital-do-design-onde-o-ceu-e-o-protagonista-e-as-curvas-de-concreto-desenham-um-museu-a-ceu-aberto\/","url":"https:\/\/www.em.com.br\/emfoco\/2026\/01\/21\/a-capital-do-design-onde-o-ceu-e-o-protagonista-e-as-curvas-de-concreto-desenham-um-museu-a-ceu-aberto\/","name":"A capital do design onde o c\u00e9u \u00e9 o protagonista e as curvas de concreto desenham um museu a c\u00e9u aberto - Estado de Minas - Em foco","isPartOf":{"@id":"https:\/\/www.em.com.br\/emfoco\/#website"},"primaryImageOfPage":{"@id":"https:\/\/www.em.com.br\/emfoco\/2026\/01\/21\/a-capital-do-design-onde-o-ceu-e-o-protagonista-e-as-curvas-de-concreto-desenham-um-museu-a-ceu-aberto\/#primaryimage"},"image":{"@id":"https:\/\/www.em.com.br\/emfoco\/2026\/01\/21\/a-capital-do-design-onde-o-ceu-e-o-protagonista-e-as-curvas-de-concreto-desenham-um-museu-a-ceu-aberto\/#primaryimage"},"thumbnailUrl":"https:\/\/www.em.com.br\/emfoco\/wp-content\/uploads\/2025\/12\/Brasilia-fotografos.jpg","datePublished":"2026-01-21T13:35:00+00:00","dateModified":"2026-01-20T20:56:57+00:00","author":{"@id":"https:\/\/www.em.com.br\/emfoco\/#\/schema\/person\/364ac1852fafd00f1be20f0b8b237569"},"description":"Conhe\u00e7a a capital do design onde o c\u00e9u \u00e9 protagonista e as curvas de concreto transformam a cidade em um museu aberto.","breadcrumb":{"@id":"https:\/\/www.em.com.br\/emfoco\/2026\/01\/21\/a-capital-do-design-onde-o-ceu-e-o-protagonista-e-as-curvas-de-concreto-desenham-um-museu-a-ceu-aberto\/#breadcrumb"},"inLanguage":"pt-BR","potentialAction":[{"@type":"ReadAction","target":["https:\/\/www.em.com.br\/emfoco\/2026\/01\/21\/a-capital-do-design-onde-o-ceu-e-o-protagonista-e-as-curvas-de-concreto-desenham-um-museu-a-ceu-aberto\/"]}]},{"@type":"ImageObject","inLanguage":"pt-BR","@id":"https:\/\/www.em.com.br\/emfoco\/2026\/01\/21\/a-capital-do-design-onde-o-ceu-e-o-protagonista-e-as-curvas-de-concreto-desenham-um-museu-a-ceu-aberto\/#primaryimage","url":"https:\/\/www.em.com.br\/emfoco\/wp-content\/uploads\/2025\/12\/Brasilia-fotografos.jpg","contentUrl":"https:\/\/www.em.com.br\/emfoco\/wp-content\/uploads\/2025\/12\/Brasilia-fotografos.jpg","width":1280,"height":720,"caption":"Bras\u00edlia, no Distrito Federal, nasceu de um sonho e se tornou s\u00edmbolo do Brasil moderno (foto ilustrativa)"},{"@type":"BreadcrumbList","@id":"https:\/\/www.em.com.br\/emfoco\/2026\/01\/21\/a-capital-do-design-onde-o-ceu-e-o-protagonista-e-as-curvas-de-concreto-desenham-um-museu-a-ceu-aberto\/#breadcrumb","itemListElement":[{"@type":"ListItem","position":1,"name":"In\u00edcio","item":"https:\/\/www.em.com.br\/emfoco\/"},{"@type":"ListItem","position":2,"name":"A capital do design onde o c\u00e9u \u00e9 o protagonista e as curvas de concreto desenham um museu a c\u00e9u aberto"}]},{"@type":"WebSite","@id":"https:\/\/www.em.com.br\/emfoco\/#website","url":"https:\/\/www.em.com.br\/emfoco\/","name":"Estado de Minas - Em foco","description":"Acompanhe as \u00faltimas not\u00edcias e fique bem informado sobre tudo o que acontece em Minas Gerais, Brasil e no mundo.","potentialAction":[{"@type":"SearchAction","target":{"@type":"EntryPoint","urlTemplate":"https:\/\/www.em.com.br\/emfoco\/?s={search_term_string}"},"query-input":{"@type":"PropertyValueSpecification","valueRequired":true,"valueName":"search_term_string"}}],"inLanguage":"pt-BR"},{"@type":"Person","@id":"https:\/\/www.em.com.br\/emfoco\/#\/schema\/person\/364ac1852fafd00f1be20f0b8b237569","name":"Vitor Bruno","image":{"@type":"ImageObject","inLanguage":"pt-BR","@id":"https:\/\/www.em.com.br\/emfoco\/#\/schema\/person\/image\/","url":"https:\/\/secure.gravatar.com\/avatar\/b719e5cdede09f942064960883b5524d?s=96&d=mm&r=g","contentUrl":"https:\/\/secure.gravatar.com\/avatar\/b719e5cdede09f942064960883b5524d?s=96&d=mm&r=g","caption":"Vitor Bruno"},"sameAs":["https:\/\/www.em.com.br\/emfoco\/"],"url":"https:\/\/www.em.com.br\/emfoco\/author\/vitormyth\/"}]}},"_links":{"self":[{"href":"https:\/\/www.em.com.br\/emfoco\/wp-json\/wp\/v2\/posts\/157244","targetHints":{"allow":["GET"]}}],"collection":[{"href":"https:\/\/www.em.com.br\/emfoco\/wp-json\/wp\/v2\/posts"}],"about":[{"href":"https:\/\/www.em.com.br\/emfoco\/wp-json\/wp\/v2\/types\/post"}],"author":[{"embeddable":true,"href":"https:\/\/www.em.com.br\/emfoco\/wp-json\/wp\/v2\/users\/6"}],"replies":[{"embeddable":true,"href":"https:\/\/www.em.com.br\/emfoco\/wp-json\/wp\/v2\/comments?post=157244"}],"version-history":[{"count":6,"href":"https:\/\/www.em.com.br\/emfoco\/wp-json\/wp\/v2\/posts\/157244\/revisions"}],"predecessor-version":[{"id":157794,"href":"https:\/\/www.em.com.br\/emfoco\/wp-json\/wp\/v2\/posts\/157244\/revisions\/157794"}],"wp:featuredmedia":[{"embeddable":true,"href":"https:\/\/www.em.com.br\/emfoco\/wp-json\/wp\/v2\/media\/144112"}],"wp:attachment":[{"href":"https:\/\/www.em.com.br\/emfoco\/wp-json\/wp\/v2\/media?parent=157244"}],"wp:term":[{"taxonomy":"category","embeddable":true,"href":"https:\/\/www.em.com.br\/emfoco\/wp-json\/wp\/v2\/categories?post=157244"},{"taxonomy":"post_tag","embeddable":true,"href":"https:\/\/www.em.com.br\/emfoco\/wp-json\/wp\/v2\/tags?post=157244"}],"curies":[{"name":"wp","href":"https:\/\/api.w.org\/{rel}","templated":true}]}}