{"id":157157,"date":"2026-01-20T11:45:00","date_gmt":"2026-01-20T14:45:00","guid":{"rendered":"https:\/\/www.em.com.br\/emfoco\/?p=157157"},"modified":"2026-01-19T15:47:05","modified_gmt":"2026-01-19T18:47:05","slug":"quatro-frutas-que-destroem-sua-memoria-e-outras-4-que-te-protegem-da-demencia","status":"publish","type":"post","link":"https:\/\/www.em.com.br\/emfoco\/2026\/01\/20\/quatro-frutas-que-destroem-sua-memoria-e-outras-4-que-te-protegem-da-demencia\/","title":{"rendered":"Quatro frutas que DESTROEM sua mem\u00f3ria e outras 4 que te protegem da dem\u00eancia"},"content":{"rendered":"\n<p>A partir dos 60 anos, o c\u00e9rebro passa a responder de maneira diferente aos alimentos do dia a dia, e as frutas ganham um peso maior do que muita gente imagina na manuten\u00e7\u00e3o da mem\u00f3ria, da aten\u00e7\u00e3o e da agilidade mental, especialmente por influenciarem o ritmo do racioc\u00ednio, o controle da glicemia e processos inflamat\u00f3rios silenciosos ligados ao envelhecimento cerebral.<\/p>\n\n\n\n<h2 class=\"wp-block-heading\">Frutas para mem\u00f3ria ap\u00f3s os 60 anos ajudam mesmo o c\u00e9rebro?<\/h2>\n\n\n\n<p>No v\u00eddeo do <strong>@<a href=\"https:\/\/www.youtube.com\/@Dra.AnaBeatrizSilva\" target=\"_blank\" rel=\"noreferrer noopener\">Dra. Ana Beatriz Silva<\/a><\/strong>, voc\u00ea entende quais frutas ajudam realmente a proteger a mem\u00f3ria ap\u00f3s os 60 anos, quais exigem modera\u00e7\u00e3o e como consumi-las sem gerar picos de a\u00e7\u00facar que atrapalham o c\u00e9rebro.<\/p>\n\n\n\n<iframe loading=\"lazy\" width=\"1013\" height=\"570\" src=\"https:\/\/www.youtube.com\/embed\/tDpAfXx0Lwg\" title=\"4 FRUTAS que DESTROEM sua MEM\u00d3RIA + 4 que PROTEGEM da DEM\u00caNCIA | Dra. Ana Beatriz Silva\" frameborder=\"0\" allow=\"accelerometer; autoplay; clipboard-write; encrypted-media; gyroscope; picture-in-picture; web-share\" referrerpolicy=\"strict-origin-when-cross-origin\" allowfullscreen><\/iframe>\n\n\n\n<p>Quando se fala em <strong>frutas para mem\u00f3ria ap\u00f3s os 60 anos<\/strong>, o foco \u00e9 proteger os neur\u00f4nios do desgaste acumulado, reduzindo o impacto de radicais livres, inflama\u00e7\u00e3o cr\u00f4nica leve e desequil\u00edbrios metab\u00f3licos. Frutas ricas em antioxidantes, fibras e subst\u00e2ncias bioativas tendem a colaborar com esse objetivo, principalmente em uma alimenta\u00e7\u00e3o geral equilibrada.<\/p>\n\n\n\n<p>Um grupo importante re\u00fane frutas de cor intensa, como roxas ou azuladas, que concentram compostos ben\u00e9ficos \u00e0s conex\u00f5es nervosas. Outro destaca frutas com boa quantidade de fibras, que ajudam a liberar o a\u00e7\u00facar de forma gradual no sangue, al\u00e9m daquelas que apoiam a circula\u00e7\u00e3o cerebral e o sono, fatores essenciais para consolidar mem\u00f3rias.<\/p>\n\n\n\n<ul class=\"wp-block-list\">\n<li><strong>Frutas roxas e azuladas (como mirtilo e amora):<\/strong> conhecidas pela presen\u00e7a de antioxidantes ligados \u00e0 prote\u00e7\u00e3o das c\u00e9lulas cerebrais.<\/li>\n\n\n\n<li><strong>Frutas com casca comest\u00edvel (como ma\u00e7\u00e3 e pera):<\/strong> oferecem fibras que ajudam a evitar oscila\u00e7\u00f5es bruscas de glicemia.<\/li>\n\n\n\n<li><strong>Frutas com polpa rica em compostos vasoprotetores (como a rom\u00e3):<\/strong> associadas \u00e0 boa circula\u00e7\u00e3o no c\u00e9rebro.<\/li>\n\n\n\n<li><strong>Frutas relacionadas ao sono (como o kiwi):<\/strong> podem favorecer noites mais restauradoras, momento em que o c\u00e9rebro organiza e consolida lembran\u00e7as.<\/li>\n<\/ul>\n\n\n\n<p>Leia mais: <a href=\"https:\/\/www.em.com.br\/saude\/2026\/01\/7335805-os-alimentos-que-realmente-aumentam-a-imunidade-e-ajudam-o-corpo-a-se-proteger-melhor.html\" target=\"_blank\" rel=\"noreferrer noopener\">Os alimentos que realmente aumentam a imunidade e ajudam o corpo a se proteger melhor<\/a><\/p>\n\n\n\n<h2 class=\"wp-block-heading\">Quais cuidados ter com frutas muito doces ap\u00f3s os 60 anos<\/h2>\n\n\n<div class=\"wp-block-image\">\n<figure class=\"aligncenter size-large\"><img loading=\"lazy\" decoding=\"async\" width=\"1024\" height=\"576\" src=\"https:\/\/www.em.com.br\/emfoco\/wp-content\/uploads\/2026\/01\/frutas-_1768848109308-1024x576.jpg\" alt=\"\" class=\"wp-image-157204\" srcset=\"https:\/\/www.em.com.br\/emfoco\/wp-content\/uploads\/2026\/01\/frutas-_1768848109308-1024x576.jpg 1024w, https:\/\/www.em.com.br\/emfoco\/wp-content\/uploads\/2026\/01\/frutas-_1768848109308-300x169.jpg 300w, https:\/\/www.em.com.br\/emfoco\/wp-content\/uploads\/2026\/01\/frutas-_1768848109308-768x432.jpg 768w, https:\/\/www.em.com.br\/emfoco\/wp-content\/uploads\/2026\/01\/frutas-_1768848109308-750x422.jpg 750w, https:\/\/www.em.com.br\/emfoco\/wp-content\/uploads\/2026\/01\/frutas-_1768848109308-1140x641.jpg 1140w, https:\/\/www.em.com.br\/emfoco\/wp-content\/uploads\/2026\/01\/frutas-_1768848109308.jpg 1280w\" sizes=\"auto, (max-width: 1024px) 100vw, 1024px\" \/><figcaption class=\"wp-element-caption\">Frutas certas ajudam a manter a mente ativa ap\u00f3s os 60 &#8211; Cr\u00e9ditos: depositphotos.com \/ baibaz<\/figcaption><\/figure><\/div>\n\n\n<p>Al\u00e9m das frutas mais protetoras, algumas pedem modera\u00e7\u00e3o quando o objetivo \u00e9 preservar a mem\u00f3ria e a clareza mental. Depois dos 60 anos, o corpo tende a ficar mais sens\u00edvel a picos de a\u00e7\u00facar, e frutas naturalmente muito doces podem contribuir para eleva\u00e7\u00f5es r\u00e1pidas de glicose quando consumidas em excesso ou de forma isolada.<\/p>\n\n\n\n<p>Frutas tropicais de sabor muito adocicado, em grandes quantidades ou em jejum, podem provocar aumento acelerado de a\u00e7\u00facar no sangue, seguido de sonol\u00eancia, queda de energia e sensa\u00e7\u00e3o de \u201cmente lenta\u201d. A forma de consumo tamb\u00e9m pesa: em sucos, a fibra quase desaparece, e o efeito sobre a glicemia se aproxima ao de uma bebida a\u00e7ucarada.<\/p>\n\n\n\n<ol class=\"wp-block-list\">\n<li><strong>Banana muito madura:<\/strong> concentra mais a\u00e7\u00facar simples; o ideal \u00e9 evitar que seja a base di\u00e1ria do caf\u00e9 da manh\u00e3 em pessoas mais velhas.<\/li>\n\n\n\n<li><strong>Uvas muito doces:<\/strong> costumam ser consumidas \u201cbeliscando\u201d, o que facilita o excesso sem percep\u00e7\u00e3o da quantidade.<\/li>\n\n\n\n<li><strong>Manga e outras frutas muito adocicadas:<\/strong> funcionam melhor como sobremesa ocasional do que como fruta de rotina.<\/li>\n\n\n\n<li><strong>Sucos de fruta:<\/strong> mesmo caseiros, re\u00fanem muito a\u00e7\u00facar em pouco volume e quase nenhuma fibra, o que favorece picos glic\u00eamicos.<\/li>\n<\/ol>\n\n\n\n<p>Leia mais: <a href=\"https:\/\/www.em.com.br\/saude\/2026\/01\/7333901-o-que-esta-por-tras-da-sindrome-dos-ovarios-policisticos.html\" target=\"_blank\" rel=\"noreferrer noopener\">O que est\u00e1 por tr\u00e1s da s\u00edndrome dos ov\u00e1rios polic\u00edsticos?<\/a><\/p>\n\n\n\n<h2 class=\"wp-block-heading\">Como organizar uma rotina segura de frutas para mem\u00f3ria ap\u00f3s os 60 anos<\/h2>\n\n\n\n<p>Organizar o consumo de <strong>frutas para mem\u00f3ria ap\u00f3s os 60 anos<\/strong> envolve mais estrat\u00e9gia do que proibi\u00e7\u00f5es r\u00edgidas, priorizando frutas com mais fibras e antioxidantes no dia a dia. As mais a\u00e7ucaradas podem ficar para momentos espec\u00edficos, em pequenas por\u00e7\u00f5es e combinadas com alimentos que retardem a absor\u00e7\u00e3o do a\u00e7\u00facar, como iogurte natural, queijos brancos, castanhas ou sementes.<\/p>\n\n\n\n<p>Tamb\u00e9m \u00e9 \u00fatil distribuir as frutas ao longo do dia, em vez de concentr\u00e1-las em uma \u00fanica refei\u00e7\u00e3o, dando prefer\u00eancia \u00e0 mastiga\u00e7\u00e3o em vez de sucos para maior estabilidade glic\u00eamica. Ajustar a escolha, a forma de preparo e o contexto de consumo soma-se a outros pilares, como atividade f\u00edsica, sono adequado e est\u00edmulos cognitivos, ajudando a manter a mem\u00f3ria funcional por mais tempo.<\/p>\n\n\n\n<ul class=\"wp-block-list\">\n<li>Dar prefer\u00eancia \u00e0 fruta inteira, em vez do suco, para preservar fibras e reduzir a velocidade de absor\u00e7\u00e3o do a\u00e7\u00facar.<\/li>\n\n\n\n<li>Combinar frutas com fontes de prote\u00edna ou gordura boa, evitando que sejam a \u00fanica parte da refei\u00e7\u00e3o.<\/li>\n\n\n\n<li>Observar como o corpo reage ap\u00f3s o consumo: sonol\u00eancia frequente ou \u201cmente embrulhada\u201d podem indicar excesso de a\u00e7\u00facar.<\/li>\n\n\n\n<li>Alternar tipos de fruta ao longo da semana, variando cores e texturas para ampliar a oferta de nutrientes ao c\u00e9rebro.<\/li>\n<\/ul>\n","protected":false},"excerpt":{"rendered":"<p>A partir dos 60 anos, o c\u00e9rebro passa a responder de maneira diferente aos alimentos do dia a dia, e as frutas ganham um peso maior do que muita gente imagina na manuten\u00e7\u00e3o da mem\u00f3ria, da aten\u00e7\u00e3o e da agilidade mental, especialmente por influenciarem o ritmo do racioc\u00ednio, o controle da glicemia e processos inflamat\u00f3rios [&hellip;]<\/p>\n","protected":false},"author":20,"featured_media":157203,"comment_status":"open","ping_status":"open","sticky":false,"template":"","format":"standard","meta":{"jnews-multi-image_gallery":[],"jnews_single_post":{"format":"standard"},"jnews_primary_category":[],"jnews_social_meta":[],"jnews_override_counter":[],"footnotes":""},"categories":[8819,1],"tags":[4312,2555,5381],"class_list":["post-157157","post","type-post","status-publish","format-standard","has-post-thumbnail","hentry","category-curiosidades","category-noticias","tag-cerebro","tag-frutas","tag-memoria"],"yoast_head":"<!-- This site is optimized with the Yoast SEO plugin v23.8 - https:\/\/yoast.com\/wordpress\/plugins\/seo\/ -->\n<title>Quatro frutas que DESTROEM sua mem\u00f3ria e outras 4 que te protegem da dem\u00eancia - Estado de Minas - Em foco<\/title>\n<meta name=\"description\" content=\"Depois dos 60, algumas frutas ajudam a proteger a mem\u00f3ria, enquanto outras podem atrapalhar o racioc\u00ednio se consumidas em excesso.\" \/>\n<meta name=\"robots\" content=\"index, follow, max-snippet:-1, max-image-preview:large, max-video-preview:-1\" \/>\n<link rel=\"canonical\" href=\"https:\/\/www.em.com.br\/emfoco\/2026\/01\/20\/quatro-frutas-que-destroem-sua-memoria-e-outras-4-que-te-protegem-da-demencia\/\" \/>\n<meta property=\"og:locale\" content=\"pt_BR\" \/>\n<meta property=\"og:type\" content=\"article\" \/>\n<meta property=\"og:title\" content=\"Quatro frutas que DESTROEM sua mem\u00f3ria e outras 4 que te protegem da dem\u00eancia - Estado de Minas - Em foco\" \/>\n<meta property=\"og:description\" content=\"Depois dos 60, algumas frutas ajudam a proteger a mem\u00f3ria, enquanto outras podem atrapalhar o racioc\u00ednio se consumidas em excesso.\" \/>\n<meta property=\"og:url\" content=\"https:\/\/www.em.com.br\/emfoco\/2026\/01\/20\/quatro-frutas-que-destroem-sua-memoria-e-outras-4-que-te-protegem-da-demencia\/\" \/>\n<meta property=\"og:site_name\" content=\"Estado de Minas - Em foco\" \/>\n<meta property=\"article:published_time\" content=\"2026-01-20T14:45:00+00:00\" \/>\n<meta property=\"article:modified_time\" content=\"2026-01-19T18:47:05+00:00\" \/>\n<meta property=\"og:image\" content=\"https:\/\/www.em.com.br\/emfoco\/wp-content\/uploads\/2026\/01\/frutas-_1768848260797.jpg\" \/>\n\t<meta property=\"og:image:width\" content=\"1280\" \/>\n\t<meta property=\"og:image:height\" content=\"720\" \/>\n\t<meta property=\"og:image:type\" content=\"image\/jpeg\" \/>\n<meta name=\"author\" content=\"Ingrid Diniz\" \/>\n<meta name=\"twitter:card\" content=\"summary_large_image\" \/>\n<meta name=\"twitter:label1\" content=\"Escrito por\" \/>\n\t<meta name=\"twitter:data1\" content=\"Ingrid Diniz\" \/>\n\t<meta name=\"twitter:label2\" content=\"Est. tempo de leitura\" \/>\n\t<meta name=\"twitter:data2\" content=\"5 minutos\" \/>\n<!-- \/ Yoast SEO plugin. -->","yoast_head_json":{"title":"Quatro frutas que DESTROEM sua mem\u00f3ria e outras 4 que te protegem da dem\u00eancia - Estado de Minas - Em foco","description":"Depois dos 60, algumas frutas ajudam a proteger a mem\u00f3ria, enquanto outras podem atrapalhar o racioc\u00ednio se consumidas em excesso.","robots":{"index":"index","follow":"follow","max-snippet":"max-snippet:-1","max-image-preview":"max-image-preview:large","max-video-preview":"max-video-preview:-1"},"canonical":"https:\/\/www.em.com.br\/emfoco\/2026\/01\/20\/quatro-frutas-que-destroem-sua-memoria-e-outras-4-que-te-protegem-da-demencia\/","og_locale":"pt_BR","og_type":"article","og_title":"Quatro frutas que DESTROEM sua mem\u00f3ria e outras 4 que te protegem da dem\u00eancia - Estado de Minas - Em foco","og_description":"Depois dos 60, algumas frutas ajudam a proteger a mem\u00f3ria, enquanto outras podem atrapalhar o racioc\u00ednio se consumidas em excesso.","og_url":"https:\/\/www.em.com.br\/emfoco\/2026\/01\/20\/quatro-frutas-que-destroem-sua-memoria-e-outras-4-que-te-protegem-da-demencia\/","og_site_name":"Estado de Minas - Em foco","article_published_time":"2026-01-20T14:45:00+00:00","article_modified_time":"2026-01-19T18:47:05+00:00","og_image":[{"width":1280,"height":720,"url":"https:\/\/www.em.com.br\/emfoco\/wp-content\/uploads\/2026\/01\/frutas-_1768848260797.jpg","type":"image\/jpeg"}],"author":"Ingrid Diniz","twitter_card":"summary_large_image","twitter_misc":{"Escrito por":"Ingrid Diniz","Est. tempo de leitura":"5 minutos"},"schema":{"@context":"https:\/\/schema.org","@graph":[{"@type":"WebPage","@id":"https:\/\/www.em.com.br\/emfoco\/2026\/01\/20\/quatro-frutas-que-destroem-sua-memoria-e-outras-4-que-te-protegem-da-demencia\/","url":"https:\/\/www.em.com.br\/emfoco\/2026\/01\/20\/quatro-frutas-que-destroem-sua-memoria-e-outras-4-que-te-protegem-da-demencia\/","name":"Quatro frutas que DESTROEM sua mem\u00f3ria e outras 4 que te protegem da dem\u00eancia - Estado de Minas - Em foco","isPartOf":{"@id":"https:\/\/www.em.com.br\/emfoco\/#website"},"primaryImageOfPage":{"@id":"https:\/\/www.em.com.br\/emfoco\/2026\/01\/20\/quatro-frutas-que-destroem-sua-memoria-e-outras-4-que-te-protegem-da-demencia\/#primaryimage"},"image":{"@id":"https:\/\/www.em.com.br\/emfoco\/2026\/01\/20\/quatro-frutas-que-destroem-sua-memoria-e-outras-4-que-te-protegem-da-demencia\/#primaryimage"},"thumbnailUrl":"https:\/\/www.em.com.br\/emfoco\/wp-content\/uploads\/2026\/01\/frutas-_1768848260797.jpg","datePublished":"2026-01-20T14:45:00+00:00","dateModified":"2026-01-19T18:47:05+00:00","author":{"@id":"https:\/\/www.em.com.br\/emfoco\/#\/schema\/person\/649e610b4eb8fff87ff394e54fe17b2b"},"description":"Depois dos 60, algumas frutas ajudam a proteger a mem\u00f3ria, enquanto outras podem atrapalhar o racioc\u00ednio se consumidas em excesso.","breadcrumb":{"@id":"https:\/\/www.em.com.br\/emfoco\/2026\/01\/20\/quatro-frutas-que-destroem-sua-memoria-e-outras-4-que-te-protegem-da-demencia\/#breadcrumb"},"inLanguage":"pt-BR","potentialAction":[{"@type":"ReadAction","target":["https:\/\/www.em.com.br\/emfoco\/2026\/01\/20\/quatro-frutas-que-destroem-sua-memoria-e-outras-4-que-te-protegem-da-demencia\/"]}]},{"@type":"ImageObject","inLanguage":"pt-BR","@id":"https:\/\/www.em.com.br\/emfoco\/2026\/01\/20\/quatro-frutas-que-destroem-sua-memoria-e-outras-4-que-te-protegem-da-demencia\/#primaryimage","url":"https:\/\/www.em.com.br\/emfoco\/wp-content\/uploads\/2026\/01\/frutas-_1768848260797.jpg","contentUrl":"https:\/\/www.em.com.br\/emfoco\/wp-content\/uploads\/2026\/01\/frutas-_1768848260797.jpg","width":1280,"height":720,"caption":"Frutas certas ajudam a manter a mente ativa ap\u00f3s os 60 - Cr\u00e9ditos: depositphotos.com \/ AntonMatyukha"},{"@type":"BreadcrumbList","@id":"https:\/\/www.em.com.br\/emfoco\/2026\/01\/20\/quatro-frutas-que-destroem-sua-memoria-e-outras-4-que-te-protegem-da-demencia\/#breadcrumb","itemListElement":[{"@type":"ListItem","position":1,"name":"In\u00edcio","item":"https:\/\/www.em.com.br\/emfoco\/"},{"@type":"ListItem","position":2,"name":"Quatro frutas que DESTROEM sua mem\u00f3ria e outras 4 que te protegem da dem\u00eancia"}]},{"@type":"WebSite","@id":"https:\/\/www.em.com.br\/emfoco\/#website","url":"https:\/\/www.em.com.br\/emfoco\/","name":"Estado de Minas - Em foco","description":"Acompanhe as \u00faltimas not\u00edcias e fique bem informado sobre tudo o que acontece em Minas Gerais, Brasil e no mundo.","potentialAction":[{"@type":"SearchAction","target":{"@type":"EntryPoint","urlTemplate":"https:\/\/www.em.com.br\/emfoco\/?s={search_term_string}"},"query-input":{"@type":"PropertyValueSpecification","valueRequired":true,"valueName":"search_term_string"}}],"inLanguage":"pt-BR"},{"@type":"Person","@id":"https:\/\/www.em.com.br\/emfoco\/#\/schema\/person\/649e610b4eb8fff87ff394e54fe17b2b","name":"Ingrid Diniz","image":{"@type":"ImageObject","inLanguage":"pt-BR","@id":"https:\/\/www.em.com.br\/emfoco\/#\/schema\/person\/image\/","url":"https:\/\/secure.gravatar.com\/avatar\/a3baa1449ec5c39b4c42babc9d4f3951?s=96&d=mm&r=g","contentUrl":"https:\/\/secure.gravatar.com\/avatar\/a3baa1449ec5c39b4c42babc9d4f3951?s=96&d=mm&r=g","caption":"Ingrid Diniz"},"sameAs":["https:\/\/www.em.com.br\/"],"url":"https:\/\/www.em.com.br\/emfoco\/author\/ingridmyth\/"}]}},"_links":{"self":[{"href":"https:\/\/www.em.com.br\/emfoco\/wp-json\/wp\/v2\/posts\/157157","targetHints":{"allow":["GET"]}}],"collection":[{"href":"https:\/\/www.em.com.br\/emfoco\/wp-json\/wp\/v2\/posts"}],"about":[{"href":"https:\/\/www.em.com.br\/emfoco\/wp-json\/wp\/v2\/types\/post"}],"author":[{"embeddable":true,"href":"https:\/\/www.em.com.br\/emfoco\/wp-json\/wp\/v2\/users\/20"}],"replies":[{"embeddable":true,"href":"https:\/\/www.em.com.br\/emfoco\/wp-json\/wp\/v2\/comments?post=157157"}],"version-history":[{"count":1,"href":"https:\/\/www.em.com.br\/emfoco\/wp-json\/wp\/v2\/posts\/157157\/revisions"}],"predecessor-version":[{"id":157206,"href":"https:\/\/www.em.com.br\/emfoco\/wp-json\/wp\/v2\/posts\/157157\/revisions\/157206"}],"wp:featuredmedia":[{"embeddable":true,"href":"https:\/\/www.em.com.br\/emfoco\/wp-json\/wp\/v2\/media\/157203"}],"wp:attachment":[{"href":"https:\/\/www.em.com.br\/emfoco\/wp-json\/wp\/v2\/media?parent=157157"}],"wp:term":[{"taxonomy":"category","embeddable":true,"href":"https:\/\/www.em.com.br\/emfoco\/wp-json\/wp\/v2\/categories?post=157157"},{"taxonomy":"post_tag","embeddable":true,"href":"https:\/\/www.em.com.br\/emfoco\/wp-json\/wp\/v2\/tags?post=157157"}],"curies":[{"name":"wp","href":"https:\/\/api.w.org\/{rel}","templated":true}]}}