{"id":157094,"date":"2026-01-20T10:05:00","date_gmt":"2026-01-20T13:05:00","guid":{"rendered":"https:\/\/www.em.com.br\/emfoco\/?p=157094"},"modified":"2026-01-19T20:16:41","modified_gmt":"2026-01-19T23:16:41","slug":"confeitaria-mais-famosa-e-antiga-da-capital-com-quase-40-anos-de-historia-esta-fechando-suas-portas-definitivamente","status":"publish","type":"post","link":"https:\/\/www.em.com.br\/emfoco\/2026\/01\/20\/confeitaria-mais-famosa-e-antiga-da-capital-com-quase-40-anos-de-historia-esta-fechando-suas-portas-definitivamente\/","title":{"rendered":"Confeitaria mais famosa e antiga da capital com quase 40 anos de hist\u00f3ria est\u00e1 fechando suas portas definitivamente"},"content":{"rendered":"\n<p>A hist\u00f3ria da confeitaria <strong>Don Jacobo<\/strong>, uma das marcas de bolos mais lembradas de Bogot\u00e1, encerra um ciclo que marcou gera\u00e7\u00f5es de consumidores na <strong>Col\u00f4mbia<\/strong>. Depois de quase quarenta anos em atividade, a empresa entrou em liquida\u00e7\u00e3o judicial, encerrando uma opera\u00e7\u00e3o que fez parte de anivers\u00e1rios, encontros familiares e comemora\u00e7\u00f5es em v\u00e1rias cidades do pa\u00eds, al\u00e9m de influenciar todo o modelo de neg\u00f3cios de tortas \u00famidas no mercado nacional.<\/p>\n\n\n\n<h2 class=\"wp-block-heading\">Por que a confeitaria Don Jacobo fechou definitivamente em Bogot\u00e1<\/h2>\n\n\n\n<p>O fechamento definitivo da <a href=\"https:\/\/www.instagram.com\/donjacobopostresyponques\/\" target=\"_blank\" rel=\"noreferrer noopener\">confeitaria Don Jacobo em Bogot\u00e1 <\/a>foi consequ\u00eancia de problemas financeiros acumulados nos \u00faltimos anos. A empresa entrou em um processo de reorganiza\u00e7\u00e3o para renegociar d\u00edvidas e ajustar a opera\u00e7\u00e3o, mas n\u00e3o conseguiu cumprir os compromissos assumidos junto aos credores.<\/p>\n\n\n\n<p>Diante da incapacidade de recupera\u00e7\u00e3o, optou-se pela liquida\u00e7\u00e3o judicial simplificada, prevista na legisla\u00e7\u00e3o colombiana para neg\u00f3cios que deixam de ser vi\u00e1veis. A decis\u00e3o, apoiada pela assembleia de acionistas e formalizada pelo representante legal, refor\u00e7a que j\u00e1 n\u00e3o havia condi\u00e7\u00f5es de manter as lojas abertas de forma sustent\u00e1vel em um ambiente mais competitivo.<\/p>\n\n\n\n<figure class=\"wp-block-image size-large\"><img loading=\"lazy\" decoding=\"async\" width=\"1024\" height=\"576\" src=\"https:\/\/www.em.com.br\/emfoco\/wp-content\/uploads\/2026\/01\/confeitaria-_1768844191691-1024x576.jpg\" alt=\"A queda silenciosa de uma marca que dominou anivers\u00e1rios\" class=\"wp-image-157107\" srcset=\"https:\/\/www.em.com.br\/emfoco\/wp-content\/uploads\/2026\/01\/confeitaria-_1768844191691-1024x576.jpg 1024w, https:\/\/www.em.com.br\/emfoco\/wp-content\/uploads\/2026\/01\/confeitaria-_1768844191691-300x169.jpg 300w, https:\/\/www.em.com.br\/emfoco\/wp-content\/uploads\/2026\/01\/confeitaria-_1768844191691-768x432.jpg 768w, https:\/\/www.em.com.br\/emfoco\/wp-content\/uploads\/2026\/01\/confeitaria-_1768844191691-750x422.jpg 750w, https:\/\/www.em.com.br\/emfoco\/wp-content\/uploads\/2026\/01\/confeitaria-_1768844191691-1140x641.jpg 1140w, https:\/\/www.em.com.br\/emfoco\/wp-content\/uploads\/2026\/01\/confeitaria-_1768844191691.jpg 1280w\" sizes=\"auto, (max-width: 1024px) 100vw, 1024px\" \/><figcaption class=\"wp-element-caption\">A queda silenciosa de uma marca que dominou anivers\u00e1rios &#8211; Cr\u00e9ditos: depositphotos.com \/ rossandhelen<\/figcaption><\/figure>\n\n\n\n<h2 class=\"wp-block-heading\">Como foi a trajet\u00f3ria da confeitaria Don Jacobo e seu impacto nas tortas \u00famidas<\/h2>\n\n\n\n<p>A confeitaria Don Jacobo, fundada em 1987 como um pequeno neg\u00f3cio familiar, apostou em um produto ainda pouco comum no pa\u00eds: as tortas \u00famidas de tr\u00eas leites. Em vez dos tradicionais bolos secos, a marca se destacou com receitas mais cremosas, inspiradas em prepara\u00e7\u00f5es latino-americanas e adaptadas ao paladar colombiano.<\/p>\n\n\n\n<p>Ao longo dos anos, a empresa consolidou um portf\u00f3lio de bolos refrigerados, sobremesas e produtos para celebra\u00e7\u00f5es, tornando-se refer\u00eancia em festas de anivers\u00e1rio. O conceito de torta \u00famida, hoje disseminado nas confeitarias colombianas, ganhou for\u00e7a a partir dessa estrat\u00e9gia pioneira, que associava sabor, praticidade e forte apelo emocional \u00e0s datas especiais.<\/p>\n\n\n\n<h2 class=\"wp-block-heading\">Em quais cidades a confeitaria Don Jacobo atuou e como ocorreu sua expans\u00e3o<\/h2>\n\n\n\n<p>No auge da expans\u00e3o, a confeitaria Don Jacobo esteve presente em diversas regi\u00f5es da Col\u00f4mbia, indo muito al\u00e9m de <strong>Bogot\u00e1<\/strong>. A marca chegou a departamentos como <strong>Santander<\/strong>, <strong>Antioquia<\/strong>, <strong>Valle del Cauca<\/strong>, <strong>Cundinamarca<\/strong>, <strong>Eje Cafetero<\/strong> e \u00e1reas da <strong>Costa Caribe<\/strong>, com lojas em cidades como <strong>Medell\u00edn<\/strong>, <strong>Cali<\/strong>, <strong>Barranquilla <\/strong>e <strong>Bucaramanga<\/strong>.<\/p>\n\n\n\n<p>Essa presen\u00e7a ampliada fortaleceu o reconhecimento nacional, mas tamb\u00e9m trouxe desafios de custo, log\u00edstica de produtos refrigerados e manuten\u00e7\u00e3o de padr\u00e3o de qualidade. Em um contexto de maior concorr\u00eancia, mudan\u00e7as de consumo e crises econ\u00f4micas sucessivas, neg\u00f3cios focados em produtos para datas espec\u00edficas sentiram mais a redu\u00e7\u00e3o de renda das fam\u00edlias, que passaram a buscar alternativas mais baratas ou caseiras.<\/p>\n\n\n\n<h2 class=\"wp-block-heading\">Como funciona a liquida\u00e7\u00e3o judicial simplificada na Col\u00f4mbia<\/h2>\n\n\n\n<p>O caso da confeitaria Don Jacobo tamb\u00e9m destaca o funcionamento da liquida\u00e7\u00e3o judicial simplificada na Col\u00f4mbia, aplicada quando a reorganiza\u00e7\u00e3o falha e a empresa \u00e9 considerada invi\u00e1vel. Esse mecanismo busca proteger credores, organizar a venda de ativos e encerrar a sociedade de forma ordenada, evitando que a situa\u00e7\u00e3o financeira se deteriore ainda mais.<\/p>\n\n\n\n<figure class=\"wp-block-image size-large\"><img loading=\"lazy\" decoding=\"async\" width=\"1024\" height=\"576\" src=\"https:\/\/www.em.com.br\/emfoco\/wp-content\/uploads\/2026\/01\/confeitaria-_1768844136047-1024x576.jpg\" alt=\"A queda silenciosa de uma marca que dominou anivers\u00e1rios\" class=\"wp-image-157106\" srcset=\"https:\/\/www.em.com.br\/emfoco\/wp-content\/uploads\/2026\/01\/confeitaria-_1768844136047-1024x576.jpg 1024w, https:\/\/www.em.com.br\/emfoco\/wp-content\/uploads\/2026\/01\/confeitaria-_1768844136047-300x169.jpg 300w, https:\/\/www.em.com.br\/emfoco\/wp-content\/uploads\/2026\/01\/confeitaria-_1768844136047-768x432.jpg 768w, https:\/\/www.em.com.br\/emfoco\/wp-content\/uploads\/2026\/01\/confeitaria-_1768844136047-750x422.jpg 750w, https:\/\/www.em.com.br\/emfoco\/wp-content\/uploads\/2026\/01\/confeitaria-_1768844136047-1140x641.jpg 1140w, https:\/\/www.em.com.br\/emfoco\/wp-content\/uploads\/2026\/01\/confeitaria-_1768844136047.jpg 1280w\" sizes=\"auto, (max-width: 1024px) 100vw, 1024px\" \/><figcaption class=\"wp-element-caption\">A queda silenciosa de uma marca que dominou anivers\u00e1rios &#8211; Cr\u00e9ditos: depositphotos.com \/ borodai.andrii<\/figcaption><\/figure>\n\n\n\n<p>De forma resumida, um processo desse tipo costuma envolver etapas bem definidas, que estruturam o desfecho do neg\u00f3cio e o destino de seus bens, marcas e contratos:<\/p>\n\n\n\n<ol class=\"wp-block-list\">\n<li><strong>Nomea\u00e7\u00e3o de um liquidador:<\/strong>\u00a0respons\u00e1vel por administrar a empresa durante o processo.<\/li>\n\n\n\n<li><strong>Levantamento de ativos e passivos:<\/strong>\u00a0identifica\u00e7\u00e3o de bens, d\u00edvidas e obriga\u00e7\u00f5es pendentes.<\/li>\n\n\n\n<li><strong>Venda de ativos:<\/strong>\u00a0aliena\u00e7\u00e3o de im\u00f3veis, equipamentos, estoques e eventuais marcas registradas.<\/li>\n\n\n\n<li><strong>Pagamento a credores:<\/strong>\u00a0distribui\u00e7\u00e3o dos valores arrecadados, seguindo a ordem de prioridade legal.<\/li>\n\n\n\n<li><strong>Extin\u00e7\u00e3o da sociedade:<\/strong>\u00a0encerramento formal da pessoa jur\u00eddica ap\u00f3s o cumprimento das etapas anteriores.<\/li>\n<\/ol>\n\n\n\n<h2 class=\"wp-block-heading\">Qual \u00e9 o legado da confeitaria Don Jacobo para a confeitaria e o que aprender com isso<\/h2>\n\n\n\n<p>Mesmo com o <a href=\"https:\/\/www.em.com.br\/emfoco\/2026\/01\/16\/marca-popular-de-churrasco-esta-fechando-as-portas-a-empresa-anuncia-o-encerramento-definitivo\/\" target=\"_blank\" rel=\"noreferrer noopener\">encerramento <\/a>das atividades, a confeitaria Don Jacobo deixa um legado claro: a populariza\u00e7\u00e3o das tortas \u00famidas, em especial as vers\u00f5es de tr\u00eas leites, hoje presentes no card\u00e1pio de in\u00fameras padarias e confeitarias do pa\u00eds. A associa\u00e7\u00e3o de bolos refrigerados a celebra\u00e7\u00f5es espec\u00edficas consolidou um nicho que segue vivo, agora atendido por outras marcas, pequenos produtores e neg\u00f3cios digitais que vendem por delivery e redes sociais.<\/p>\n\n\n\n<p>Ao mesmo tempo, o fim da empresa refor\u00e7a a urg\u00eancia de uma gest\u00e3o financeira rigorosa, de adapta\u00e7\u00e3o r\u00e1pida aos novos h\u00e1bitos de consumo e de inova\u00e7\u00e3o constante em produtos e canais de venda. Se voc\u00ea \u00e9 empreendedor ou pensa em abrir um neg\u00f3cio de confeitaria, use a hist\u00f3ria de Don Jacobo como alerta: revise custos, fortale\u00e7a sua marca e atualize seu modelo hoje, antes que o mercado fa\u00e7a isso por voc\u00ea amanh\u00e3.<\/p>\n","protected":false},"excerpt":{"rendered":"<p>A hist\u00f3ria da confeitaria Don Jacobo, uma das marcas de bolos mais lembradas de Bogot\u00e1, encerra um ciclo que marcou gera\u00e7\u00f5es de consumidores na Col\u00f4mbia. Depois de quase quarenta anos em atividade, a empresa entrou em liquida\u00e7\u00e3o judicial, encerrando uma opera\u00e7\u00e3o que fez parte de anivers\u00e1rios, encontros familiares e comemora\u00e7\u00f5es em v\u00e1rias cidades do pa\u00eds, [&hellip;]<\/p>\n","protected":false},"author":11,"featured_media":157109,"comment_status":"open","ping_status":"open","sticky":false,"template":"","format":"standard","meta":{"jnews-multi-image_gallery":[],"jnews_single_post":{"format":"standard"},"jnews_primary_category":[],"jnews_social_meta":[],"jnews_override_counter":[],"footnotes":""},"categories":[28,1],"tags":[5478,22968,9677,237],"class_list":["post-157094","post","type-post","status-publish","format-standard","has-post-thumbnail","hentry","category-economia","category-noticias","tag-falencia","tag-fechamento-da-confeitaria","tag-fechou","tag-historia"],"yoast_head":"<!-- This site is optimized with the Yoast SEO plugin v23.8 - https:\/\/yoast.com\/wordpress\/plugins\/seo\/ -->\n<title>Confeitaria mais famosa e antiga da capital com quase 40 anos de hist\u00f3ria est\u00e1 fechando suas portas definitivamente - Estado de Minas - Em foco<\/title>\n<meta name=\"description\" content=\"Ap\u00f3s d\u00e9cadas marcando anivers\u00e1rios e festas, a confeitaria Don Jacobo fecha em Bogot\u00e1. A hist\u00f3ria e o legado da marca.\" \/>\n<meta name=\"robots\" content=\"index, follow, max-snippet:-1, max-image-preview:large, max-video-preview:-1\" \/>\n<link rel=\"canonical\" href=\"https:\/\/www.em.com.br\/emfoco\/2026\/01\/20\/confeitaria-mais-famosa-e-antiga-da-capital-com-quase-40-anos-de-historia-esta-fechando-suas-portas-definitivamente\/\" \/>\n<meta property=\"og:locale\" content=\"pt_BR\" \/>\n<meta property=\"og:type\" content=\"article\" \/>\n<meta property=\"og:title\" content=\"Confeitaria mais famosa e antiga da capital com quase 40 anos de hist\u00f3ria est\u00e1 fechando suas portas definitivamente - Estado de Minas - Em foco\" \/>\n<meta property=\"og:description\" content=\"Ap\u00f3s d\u00e9cadas marcando anivers\u00e1rios e festas, a confeitaria Don Jacobo fecha em Bogot\u00e1. A hist\u00f3ria e o legado da marca.\" \/>\n<meta property=\"og:url\" content=\"https:\/\/www.em.com.br\/emfoco\/2026\/01\/20\/confeitaria-mais-famosa-e-antiga-da-capital-com-quase-40-anos-de-historia-esta-fechando-suas-portas-definitivamente\/\" \/>\n<meta property=\"og:site_name\" content=\"Estado de Minas - Em foco\" \/>\n<meta property=\"article:published_time\" content=\"2026-01-20T13:05:00+00:00\" \/>\n<meta property=\"article:modified_time\" content=\"2026-01-19T23:16:41+00:00\" \/>\n<meta property=\"og:image\" content=\"https:\/\/www.em.com.br\/emfoco\/wp-content\/uploads\/2026\/01\/Gemini_Generated_Image_j5bnmj5bnmj5bnmj-1.png\" \/>\n\t<meta property=\"og:image:width\" content=\"1280\" \/>\n\t<meta property=\"og:image:height\" content=\"720\" \/>\n\t<meta property=\"og:image:type\" content=\"image\/png\" \/>\n<meta name=\"author\" content=\"Andre\u0301 Rangel\u00a0\" \/>\n<meta name=\"twitter:card\" content=\"summary_large_image\" \/>\n<meta name=\"twitter:label1\" content=\"Escrito por\" \/>\n\t<meta name=\"twitter:data1\" content=\"Andre\u0301 Rangel\u00a0\" \/>\n\t<meta name=\"twitter:label2\" content=\"Est. tempo de leitura\" \/>\n\t<meta name=\"twitter:data2\" content=\"5 minutos\" \/>\n<!-- \/ Yoast SEO plugin. -->","yoast_head_json":{"title":"Confeitaria mais famosa e antiga da capital com quase 40 anos de hist\u00f3ria est\u00e1 fechando suas portas definitivamente - Estado de Minas - Em foco","description":"Ap\u00f3s d\u00e9cadas marcando anivers\u00e1rios e festas, a confeitaria Don Jacobo fecha em Bogot\u00e1. A hist\u00f3ria e o legado da marca.","robots":{"index":"index","follow":"follow","max-snippet":"max-snippet:-1","max-image-preview":"max-image-preview:large","max-video-preview":"max-video-preview:-1"},"canonical":"https:\/\/www.em.com.br\/emfoco\/2026\/01\/20\/confeitaria-mais-famosa-e-antiga-da-capital-com-quase-40-anos-de-historia-esta-fechando-suas-portas-definitivamente\/","og_locale":"pt_BR","og_type":"article","og_title":"Confeitaria mais famosa e antiga da capital com quase 40 anos de hist\u00f3ria est\u00e1 fechando suas portas definitivamente - Estado de Minas - Em foco","og_description":"Ap\u00f3s d\u00e9cadas marcando anivers\u00e1rios e festas, a confeitaria Don Jacobo fecha em Bogot\u00e1. A hist\u00f3ria e o legado da marca.","og_url":"https:\/\/www.em.com.br\/emfoco\/2026\/01\/20\/confeitaria-mais-famosa-e-antiga-da-capital-com-quase-40-anos-de-historia-esta-fechando-suas-portas-definitivamente\/","og_site_name":"Estado de Minas - Em foco","article_published_time":"2026-01-20T13:05:00+00:00","article_modified_time":"2026-01-19T23:16:41+00:00","og_image":[{"width":1280,"height":720,"url":"https:\/\/www.em.com.br\/emfoco\/wp-content\/uploads\/2026\/01\/Gemini_Generated_Image_j5bnmj5bnmj5bnmj-1.png","type":"image\/png"}],"author":"Andre\u0301 Rangel\u00a0","twitter_card":"summary_large_image","twitter_misc":{"Escrito por":"Andre\u0301 Rangel\u00a0","Est. tempo de leitura":"5 minutos"},"schema":{"@context":"https:\/\/schema.org","@graph":[{"@type":"WebPage","@id":"https:\/\/www.em.com.br\/emfoco\/2026\/01\/20\/confeitaria-mais-famosa-e-antiga-da-capital-com-quase-40-anos-de-historia-esta-fechando-suas-portas-definitivamente\/","url":"https:\/\/www.em.com.br\/emfoco\/2026\/01\/20\/confeitaria-mais-famosa-e-antiga-da-capital-com-quase-40-anos-de-historia-esta-fechando-suas-portas-definitivamente\/","name":"Confeitaria mais famosa e antiga da capital com quase 40 anos de hist\u00f3ria est\u00e1 fechando suas portas definitivamente - Estado de Minas - Em foco","isPartOf":{"@id":"https:\/\/www.em.com.br\/emfoco\/#website"},"primaryImageOfPage":{"@id":"https:\/\/www.em.com.br\/emfoco\/2026\/01\/20\/confeitaria-mais-famosa-e-antiga-da-capital-com-quase-40-anos-de-historia-esta-fechando-suas-portas-definitivamente\/#primaryimage"},"image":{"@id":"https:\/\/www.em.com.br\/emfoco\/2026\/01\/20\/confeitaria-mais-famosa-e-antiga-da-capital-com-quase-40-anos-de-historia-esta-fechando-suas-portas-definitivamente\/#primaryimage"},"thumbnailUrl":"https:\/\/www.em.com.br\/emfoco\/wp-content\/uploads\/2026\/01\/Gemini_Generated_Image_j5bnmj5bnmj5bnmj-1.png","datePublished":"2026-01-20T13:05:00+00:00","dateModified":"2026-01-19T23:16:41+00:00","author":{"@id":"https:\/\/www.em.com.br\/emfoco\/#\/schema\/person\/60eda09c1fedf0d6891f4cef4b60b8b8"},"description":"Ap\u00f3s d\u00e9cadas marcando anivers\u00e1rios e festas, a confeitaria Don Jacobo fecha em Bogot\u00e1. A hist\u00f3ria e o legado da marca.","breadcrumb":{"@id":"https:\/\/www.em.com.br\/emfoco\/2026\/01\/20\/confeitaria-mais-famosa-e-antiga-da-capital-com-quase-40-anos-de-historia-esta-fechando-suas-portas-definitivamente\/#breadcrumb"},"inLanguage":"pt-BR","potentialAction":[{"@type":"ReadAction","target":["https:\/\/www.em.com.br\/emfoco\/2026\/01\/20\/confeitaria-mais-famosa-e-antiga-da-capital-com-quase-40-anos-de-historia-esta-fechando-suas-portas-definitivamente\/"]}]},{"@type":"ImageObject","inLanguage":"pt-BR","@id":"https:\/\/www.em.com.br\/emfoco\/2026\/01\/20\/confeitaria-mais-famosa-e-antiga-da-capital-com-quase-40-anos-de-historia-esta-fechando-suas-portas-definitivamente\/#primaryimage","url":"https:\/\/www.em.com.br\/emfoco\/wp-content\/uploads\/2026\/01\/Gemini_Generated_Image_j5bnmj5bnmj5bnmj-1.png","contentUrl":"https:\/\/www.em.com.br\/emfoco\/wp-content\/uploads\/2026\/01\/Gemini_Generated_Image_j5bnmj5bnmj5bnmj-1.png","width":1280,"height":720,"caption":"A queda silenciosa de uma marca que dominou anivers\u00e1rios"},{"@type":"BreadcrumbList","@id":"https:\/\/www.em.com.br\/emfoco\/2026\/01\/20\/confeitaria-mais-famosa-e-antiga-da-capital-com-quase-40-anos-de-historia-esta-fechando-suas-portas-definitivamente\/#breadcrumb","itemListElement":[{"@type":"ListItem","position":1,"name":"In\u00edcio","item":"https:\/\/www.em.com.br\/emfoco\/"},{"@type":"ListItem","position":2,"name":"Confeitaria mais famosa e antiga da capital com quase 40 anos de hist\u00f3ria est\u00e1 fechando suas portas definitivamente"}]},{"@type":"WebSite","@id":"https:\/\/www.em.com.br\/emfoco\/#website","url":"https:\/\/www.em.com.br\/emfoco\/","name":"Estado de Minas - Em foco","description":"Acompanhe as \u00faltimas not\u00edcias e fique bem informado sobre tudo o que acontece em Minas Gerais, Brasil e no mundo.","potentialAction":[{"@type":"SearchAction","target":{"@type":"EntryPoint","urlTemplate":"https:\/\/www.em.com.br\/emfoco\/?s={search_term_string}"},"query-input":{"@type":"PropertyValueSpecification","valueRequired":true,"valueName":"search_term_string"}}],"inLanguage":"pt-BR"},{"@type":"Person","@id":"https:\/\/www.em.com.br\/emfoco\/#\/schema\/person\/60eda09c1fedf0d6891f4cef4b60b8b8","name":"Andre\u0301 Rangel\u00a0","image":{"@type":"ImageObject","inLanguage":"pt-BR","@id":"https:\/\/www.em.com.br\/emfoco\/#\/schema\/person\/image\/","url":"https:\/\/secure.gravatar.com\/avatar\/6234dc814c77c8ef6d8bba622c787efc?s=96&d=mm&r=g","contentUrl":"https:\/\/secure.gravatar.com\/avatar\/6234dc814c77c8ef6d8bba622c787efc?s=96&d=mm&r=g","caption":"Andre\u0301 Rangel\u00a0"},"url":"https:\/\/www.em.com.br\/emfoco\/author\/luizmyth\/"}]}},"_links":{"self":[{"href":"https:\/\/www.em.com.br\/emfoco\/wp-json\/wp\/v2\/posts\/157094","targetHints":{"allow":["GET"]}}],"collection":[{"href":"https:\/\/www.em.com.br\/emfoco\/wp-json\/wp\/v2\/posts"}],"about":[{"href":"https:\/\/www.em.com.br\/emfoco\/wp-json\/wp\/v2\/types\/post"}],"author":[{"embeddable":true,"href":"https:\/\/www.em.com.br\/emfoco\/wp-json\/wp\/v2\/users\/11"}],"replies":[{"embeddable":true,"href":"https:\/\/www.em.com.br\/emfoco\/wp-json\/wp\/v2\/comments?post=157094"}],"version-history":[{"count":3,"href":"https:\/\/www.em.com.br\/emfoco\/wp-json\/wp\/v2\/posts\/157094\/revisions"}],"predecessor-version":[{"id":157124,"href":"https:\/\/www.em.com.br\/emfoco\/wp-json\/wp\/v2\/posts\/157094\/revisions\/157124"}],"wp:featuredmedia":[{"embeddable":true,"href":"https:\/\/www.em.com.br\/emfoco\/wp-json\/wp\/v2\/media\/157109"}],"wp:attachment":[{"href":"https:\/\/www.em.com.br\/emfoco\/wp-json\/wp\/v2\/media?parent=157094"}],"wp:term":[{"taxonomy":"category","embeddable":true,"href":"https:\/\/www.em.com.br\/emfoco\/wp-json\/wp\/v2\/categories?post=157094"},{"taxonomy":"post_tag","embeddable":true,"href":"https:\/\/www.em.com.br\/emfoco\/wp-json\/wp\/v2\/tags?post=157094"}],"curies":[{"name":"wp","href":"https:\/\/api.w.org\/{rel}","templated":true}]}}