{"id":157090,"date":"2026-01-21T11:15:00","date_gmt":"2026-01-21T14:15:00","guid":{"rendered":"https:\/\/www.em.com.br\/emfoco\/?p=157090"},"modified":"2026-01-20T16:53:16","modified_gmt":"2026-01-20T19:53:16","slug":"adeus-as-camas-box-esta-e-a-nova-tendencia-mais-confortavel-e-elegante-para-2026","status":"publish","type":"post","link":"https:\/\/www.em.com.br\/emfoco\/2026\/01\/21\/adeus-as-camas-box-esta-e-a-nova-tendencia-mais-confortavel-e-elegante-para-2026\/","title":{"rendered":"Adeus \u00e0s camas box: esta \u00e9 a nova tend\u00eancia, mais confort\u00e1vel e elegante para 2026"},"content":{"rendered":"\n<p>Os dormit\u00f3rios contempor\u00e2neos est\u00e3o passando por uma transforma\u00e7\u00e3o silenciosa, mas clara: o quarto pesado e lotado de m\u00f3veis d\u00e1 lugar a um ambiente mais leve, com foco em bem-estar, conforto visual e organiza\u00e7\u00e3o inteligente, onde o espa\u00e7o de armazenamento continua importante, mas aparece de forma mais sutil e funcional.<\/p>\n\n\n\n<h2 class=\"wp-block-heading\">O que s\u00e3o as camas com bases estofadas ou de madeira aparente e por que elas se tornaram t\u00e3o populares<\/h2>\n\n\n\n<p>As\u00a0<strong>camas com bases estofadas ou de madeira aparente<\/strong>\u00a0v\u00eam ganhando destaque como alternativas modernas \u00e0s bases tradicionais volumosas. Elas podem ter estrutura fixa, com ou sem p\u00e9s, e em alguns casos integrar\u00a0<strong><a href=\"https:\/\/www.em.com.br\/emfoco\/2025\/12\/14\/como-fazer-um-organizador-de-gavetas-com-papelao-firme-e-tecido-economize-r-60\/\" target=\"_blank\" rel=\"noreferrer noopener\">gavetas <\/a>laterais invis\u00edveis<\/strong>\u00a0ou nichos inferiores discretos, mas sempre com um desenho mais leve e refinado, que valoriza a est\u00e9tica do quarto.<\/p>\n\n\n\n<p>Esses modelos se popularizaram em im\u00f3veis compactos e em projetos que buscam um visual contempor\u00e2neo, acolhedor e elegante, inspirado em hot\u00e9is e no minimalismo aquecido. Em bases estofadas, o tecido (como linho, suede ou <a href=\"https:\/\/www.youtube.com\/watch?v=Lr6SuiOnJag\" target=\"_blank\" rel=\"noreferrer noopener\">boucl\u00e9<\/a>) ajuda a trazer sensa\u00e7\u00e3o de aconchego; j\u00e1 as bases de madeira aparente adicionam textura e um toque natural ao ambiente, harmonizando bem com diferentes estilos de decora\u00e7\u00e3o.<\/p>\n\n\n\n<p>Entre as vantagens est\u00e3o o conforto visual, a sensa\u00e7\u00e3o de amplitude, a facilidade de limpeza sob a cama (principalmente quando t\u00eam p\u00e9s altos) e a possibilidade de integrar solu\u00e7\u00f5es de armazenamento pontuais, como&nbsp;<strong>gavetas laterais invis\u00edveis embutidas na base<\/strong>. Al\u00e9m disso, muitas bases de madeira aparente utilizam estrados ripados, o que favorece a ventila\u00e7\u00e3o do colch\u00e3o.<\/p>\n\n\n\n<figure class=\"wp-block-image size-large\"><img loading=\"lazy\" decoding=\"async\" width=\"1024\" height=\"576\" src=\"https:\/\/www.em.com.br\/emfoco\/wp-content\/uploads\/2026\/01\/Gemini_Generated_Image_h9dr54h9dr54h9dr-1-1024x576.png\" alt=\"A nova tend\u00eancia de camas deixa o quarto mais leve e moderno\" class=\"wp-image-157111\" srcset=\"https:\/\/www.em.com.br\/emfoco\/wp-content\/uploads\/2026\/01\/Gemini_Generated_Image_h9dr54h9dr54h9dr-1-1024x576.png 1024w, https:\/\/www.em.com.br\/emfoco\/wp-content\/uploads\/2026\/01\/Gemini_Generated_Image_h9dr54h9dr54h9dr-1-300x169.png 300w, https:\/\/www.em.com.br\/emfoco\/wp-content\/uploads\/2026\/01\/Gemini_Generated_Image_h9dr54h9dr54h9dr-1-768x432.png 768w, https:\/\/www.em.com.br\/emfoco\/wp-content\/uploads\/2026\/01\/Gemini_Generated_Image_h9dr54h9dr54h9dr-1-750x422.png 750w, https:\/\/www.em.com.br\/emfoco\/wp-content\/uploads\/2026\/01\/Gemini_Generated_Image_h9dr54h9dr54h9dr-1-1140x641.png 1140w, https:\/\/www.em.com.br\/emfoco\/wp-content\/uploads\/2026\/01\/Gemini_Generated_Image_h9dr54h9dr54h9dr-1.png 1280w\" sizes=\"auto, (max-width: 1024px) 100vw, 1024px\" \/><figcaption class=\"wp-element-caption\">A nova tend\u00eancia de camas deixa o quarto mais leve e moderno<\/figcaption><\/figure>\n\n\n\n<h2 class=\"wp-block-heading\">Por que as camas com gavetas laterais invis\u00edveis est\u00e3o ganhando espa\u00e7o na decora\u00e7\u00e3o atual<\/h2>\n\n\n\n<p>Com o interesse crescente por quartos mais leves e acolhedores, muitos projetos passaram a priorizar bases estreitas, p\u00e9s aparentes e cabeceiras destacadas. Nessa est\u00e9tica, as&nbsp;<strong>camas com gavetas laterais invis\u00edveis<\/strong>&nbsp;se tornaram uma solu\u00e7\u00e3o intermedi\u00e1ria muito desejada: oferecem espa\u00e7o extra para guardar itens, mas sem o volume visual de grandes estruturas fechadas e sem a necessidade de levantar o colch\u00e3o inteiro para acessar o interior.<\/p>\n\n\n\n<p>Profissionais tamb\u00e9m destacam a import\u00e2ncia da&nbsp;<strong>transpirabilidade<\/strong>&nbsp;da base, privilegiando estrados vazados ou ripados, especialmente em climas quentes. As camas com bases estofadas ou de madeira aparente, quando combinadas a esses estrados ventilados e a gavetas laterais discretas, atendem melhor a esse requisito, unindo conforto, leveza e cuidado com a durabilidade do colch\u00e3o. A seguir, algumas raz\u00f5es que explicam essa mudan\u00e7a de prefer\u00eancia:<\/p>\n\n\n\n<ul class=\"wp-block-list\">\n<li>Busca por quartos mais \u201climpos\u201d visualmente e com menos volume.<\/li>\n\n\n\n<li>Valoriza\u00e7\u00e3o de bases ventiladas para conservar melhor o colch\u00e3o.<\/li>\n\n\n\n<li>Maior oferta de m\u00f3veis planejados, modulares e multifuncionais.<\/li>\n\n\n\n<li>Interesse por decora\u00e7\u00f5es inspiradas em su\u00edtes de hotel e minimalismo.<\/li>\n<\/ul>\n\n\n\n<h2 class=\"wp-block-heading\">Quais alternativas modernas \u00e0s camas tradicionais oferecem bom armazenamento<\/h2>\n\n\n\n<p>Mesmo com a perda de protagonismo de bases muito volumosas, o espa\u00e7o extra continua essencial em apartamentos urbanos. O armazenamento, por\u00e9m, migrou para solu\u00e7\u00f5es mais discretas, como camas com&nbsp;<strong>gavetas laterais invis\u00edveis<\/strong>&nbsp;independentes, embutidas na base, que facilitam o acesso di\u00e1rio e n\u00e3o interferem na sensa\u00e7\u00e3o de leveza do ambiente.<\/p>\n\n\n\n<p>Nas camas com bases estofadas ou de madeira aparente, essas gavetas podem ser integradas de forma quase impercept\u00edvel, alinhadas ao desenho da base e sem puxadores aparentes, mantendo o visual leve. Modelos com p\u00e9s mais altos tamb\u00e9m permitem o uso de caixas organizadoras sob a cama, ampliando a capacidade de guardar itens sem criar um grande volume fechado.<\/p>\n\n\n\n<p>Outra alternativa eficiente \u00e9 o uso de&nbsp;<em>bancos ba\u00fa<\/em>&nbsp;aos p\u00e9s da cama, ideais para edredons, almofadas extras ou roupas de inverno, al\u00e9m de servirem como apoio para cal\u00e7ar sapatos. Em quartos planejados, nichos, prateleiras baixas e m\u00f3dulos sob medida distribuem melhor o volume pelo ambiente, complementando a cama de base aparente sem sobrecarregar o espa\u00e7o.<\/p>\n\n\n\n<figure class=\"wp-block-image size-large\"><img loading=\"lazy\" decoding=\"async\" width=\"1024\" height=\"576\" src=\"https:\/\/www.em.com.br\/emfoco\/wp-content\/uploads\/2026\/01\/Gemini_Generated_Image_54nod354nod354no-1-1024x576.png\" alt=\"A nova tend\u00eancia de camas deixa o quarto mais leve e moderno\" class=\"wp-image-157113\" srcset=\"https:\/\/www.em.com.br\/emfoco\/wp-content\/uploads\/2026\/01\/Gemini_Generated_Image_54nod354nod354no-1-1024x576.png 1024w, https:\/\/www.em.com.br\/emfoco\/wp-content\/uploads\/2026\/01\/Gemini_Generated_Image_54nod354nod354no-1-300x169.png 300w, https:\/\/www.em.com.br\/emfoco\/wp-content\/uploads\/2026\/01\/Gemini_Generated_Image_54nod354nod354no-1-768x432.png 768w, https:\/\/www.em.com.br\/emfoco\/wp-content\/uploads\/2026\/01\/Gemini_Generated_Image_54nod354nod354no-1-750x422.png 750w, https:\/\/www.em.com.br\/emfoco\/wp-content\/uploads\/2026\/01\/Gemini_Generated_Image_54nod354nod354no-1-1140x641.png 1140w, https:\/\/www.em.com.br\/emfoco\/wp-content\/uploads\/2026\/01\/Gemini_Generated_Image_54nod354nod354no-1.png 1280w\" sizes=\"auto, (max-width: 1024px) 100vw, 1024px\" \/><figcaption class=\"wp-element-caption\">A nova tend\u00eancia de camas deixa o quarto mais leve e moderno<\/figcaption><\/figure>\n\n\n\n<h2 class=\"wp-block-heading\">Como escolher entre uma cama tradicional e a cama com base leve e gavetas laterais invis\u00edveis<\/h2>\n\n\n\n<p>A escolha entre manter uma&nbsp;<strong>cama tradicional sem armazenamento<\/strong>&nbsp;ou investir em uma cama com base leve, estofada ou de madeira aparente, com&nbsp;<strong>gavetas laterais invis\u00edveis<\/strong>, depende do equil\u00edbrio entre necessidade de armazenamento e est\u00e9tica. Em casas com pouco arm\u00e1rio, as gavetas laterais embutidas seguem extremamente funcionais para itens de uso mais frequente; j\u00e1 em quartos com guarda-roupa amplo, costuma-se priorizar conforto visual e fluidez na circula\u00e7\u00e3o, onde as bases aparentes com gavetas discretas ou sem armazenamento se destacam.<\/p>\n\n\n\n<p>Tamb\u00e9m \u00e9 importante avaliar o espa\u00e7o para abrir as gavetas, a \u00e1rea de circula\u00e7\u00e3o lateral em torno da cama e a praticidade de acesso no dia a dia. Projetos inspirados em hotelaria e minimalismo aquecido favorecem camas com p\u00e9s aparentes, bases estofadas ou de madeira \u00e0 mostra e cabeceiras marcantes, enquanto perfis que trocam a roupa de cama com frequ\u00eancia ou precisam manter o quarto sempre organizado tendem a preferir&nbsp;<strong>gavetas laterais invis\u00edveis<\/strong>&nbsp;pela praticidade. A escolha do revestimento (tecido claro, couro ecol\u00f3gico, madeira natural ou pintada) tamb\u00e9m influencia na manuten\u00e7\u00e3o e na sensa\u00e7\u00e3o de aconchego do ambiente.<\/p>\n\n\n\n<h2 class=\"wp-block-heading\">Quais s\u00e3o as tend\u00eancias para dormit\u00f3rios e como agir agora<\/h2>\n\n\n\n<p>At\u00e9 2025, arquitetos apontam que as camas muito fechadas e volumosas continuar\u00e3o existindo, mas perder\u00e3o dom\u00ednio para solu\u00e7\u00f5es h\u00edbridas: camas mais leves, com alguma \u00e1rea de armazenamento integrada \u2014 sobretudo&nbsp;<strong>gavetas laterais invis\u00edveis<\/strong>&nbsp;\u2014, maior ventila\u00e7\u00e3o do colch\u00e3o e foco absoluto em conforto, est\u00e9tica e organiza\u00e7\u00e3o visual. Entre essas solu\u00e7\u00f5es, tendem a se destacar as camas com bases estofadas ou de madeira aparente, combinando desenho elegante, sensa\u00e7\u00e3o de hotelaria e funcionalidade sob medida para o dia a dia.<\/p>\n\n\n\n<p>O quarto deixa de ser apenas funcional e passa a ser tratado como um ref\u00fagio de recupera\u00e7\u00e3o f\u00edsica e mental. Se o seu dormit\u00f3rio ainda n\u00e3o reflete esse cuidado, este \u00e9 o momento de repensar a base da cama, redistribuir o armazenamento e criar um ambiente que favore\u00e7a um descanso profundo. N\u00e3o adie essa mudan\u00e7a: revisar hoje o seu projeto ou mobili\u00e1rio \u2014 optando, por exemplo, por uma base estofada ou de madeira aparente bem ventilada, com&nbsp;<strong>gavetas laterais invis\u00edveis<\/strong>&nbsp;e solu\u00e7\u00f5es pontuais de armazenamento \u2014 pode transformar sua rotina de sono e bem-estar por muitos anos \u2014 comece agora a planejar o quarto que voc\u00ea realmente merece.<\/p>\n\n\n\n<p><\/p>\n","protected":false},"excerpt":{"rendered":"<p>Os dormit\u00f3rios contempor\u00e2neos est\u00e3o passando por uma transforma\u00e7\u00e3o silenciosa, mas clara: o quarto pesado e lotado de m\u00f3veis d\u00e1 lugar a um ambiente mais leve, com foco em bem-estar, conforto visual e organiza\u00e7\u00e3o inteligente, onde o espa\u00e7o de armazenamento continua importante, mas aparece de forma mais sutil e funcional. O que s\u00e3o as camas com [&hellip;]<\/p>\n","protected":false},"author":11,"featured_media":157115,"comment_status":"open","ping_status":"open","sticky":false,"template":"","format":"standard","meta":{"jnews-multi-image_gallery":[],"jnews_single_post":{"format":"standard"},"jnews_primary_category":[],"jnews_social_meta":[],"jnews_override_counter":[],"footnotes":""},"categories":[8819,1],"tags":[14529,4687,22965,22963,22964],"class_list":["post-157090","post","type-post","status-publish","format-standard","has-post-thumbnail","hentry","category-curiosidades","category-noticias","tag-camas","tag-decoracao","tag-gavetas-laterais","tag-nova-tendencia-de-dormitorios","tag-quartos-modernos"],"yoast_head":"<!-- This site is optimized with the Yoast SEO plugin v23.8 - https:\/\/yoast.com\/wordpress\/plugins\/seo\/ -->\n<title>Adeus \u00e0s camas box: esta \u00e9 a nova tend\u00eancia, mais confort\u00e1vel e elegante para 2026 - Estado de Minas - Em foco<\/title>\n<meta name=\"description\" content=\"Camas com bases estofadas ou de madeira aparente ganham espa\u00e7o por unir leveza, conforto visual e solu\u00e7\u00f5es discretas de armazenamento.\" \/>\n<meta name=\"robots\" content=\"index, follow, max-snippet:-1, max-image-preview:large, max-video-preview:-1\" \/>\n<link rel=\"canonical\" href=\"https:\/\/www.em.com.br\/emfoco\/2026\/01\/21\/adeus-as-camas-box-esta-e-a-nova-tendencia-mais-confortavel-e-elegante-para-2026\/\" \/>\n<meta property=\"og:locale\" content=\"pt_BR\" \/>\n<meta property=\"og:type\" content=\"article\" \/>\n<meta property=\"og:title\" content=\"Adeus \u00e0s camas box: esta \u00e9 a nova tend\u00eancia, mais confort\u00e1vel e elegante para 2026 - Estado de Minas - Em foco\" \/>\n<meta property=\"og:description\" content=\"Camas com bases estofadas ou de madeira aparente ganham espa\u00e7o por unir leveza, conforto visual e solu\u00e7\u00f5es discretas de armazenamento.\" \/>\n<meta property=\"og:url\" content=\"https:\/\/www.em.com.br\/emfoco\/2026\/01\/21\/adeus-as-camas-box-esta-e-a-nova-tendencia-mais-confortavel-e-elegante-para-2026\/\" \/>\n<meta property=\"og:site_name\" content=\"Estado de Minas - Em foco\" \/>\n<meta property=\"article:published_time\" content=\"2026-01-21T14:15:00+00:00\" \/>\n<meta property=\"article:modified_time\" content=\"2026-01-20T19:53:16+00:00\" \/>\n<meta property=\"og:image\" content=\"https:\/\/www.em.com.br\/emfoco\/wp-content\/uploads\/2026\/01\/ChatGPT-Image-19-de-jan.-de-2026-14_47_56-1.png\" \/>\n\t<meta property=\"og:image:width\" content=\"1280\" \/>\n\t<meta property=\"og:image:height\" content=\"720\" \/>\n\t<meta property=\"og:image:type\" content=\"image\/png\" \/>\n<meta name=\"author\" content=\"Andre\u0301 Rangel\u00a0\" \/>\n<meta name=\"twitter:card\" content=\"summary_large_image\" \/>\n<meta name=\"twitter:label1\" content=\"Escrito por\" \/>\n\t<meta name=\"twitter:data1\" content=\"Andre\u0301 Rangel\u00a0\" \/>\n\t<meta name=\"twitter:label2\" content=\"Est. tempo de leitura\" \/>\n\t<meta name=\"twitter:data2\" content=\"7 minutos\" \/>\n<!-- \/ Yoast SEO plugin. -->","yoast_head_json":{"title":"Adeus \u00e0s camas box: esta \u00e9 a nova tend\u00eancia, mais confort\u00e1vel e elegante para 2026 - Estado de Minas - Em foco","description":"Camas com bases estofadas ou de madeira aparente ganham espa\u00e7o por unir leveza, conforto visual e solu\u00e7\u00f5es discretas de armazenamento.","robots":{"index":"index","follow":"follow","max-snippet":"max-snippet:-1","max-image-preview":"max-image-preview:large","max-video-preview":"max-video-preview:-1"},"canonical":"https:\/\/www.em.com.br\/emfoco\/2026\/01\/21\/adeus-as-camas-box-esta-e-a-nova-tendencia-mais-confortavel-e-elegante-para-2026\/","og_locale":"pt_BR","og_type":"article","og_title":"Adeus \u00e0s camas box: esta \u00e9 a nova tend\u00eancia, mais confort\u00e1vel e elegante para 2026 - Estado de Minas - Em foco","og_description":"Camas com bases estofadas ou de madeira aparente ganham espa\u00e7o por unir leveza, conforto visual e solu\u00e7\u00f5es discretas de armazenamento.","og_url":"https:\/\/www.em.com.br\/emfoco\/2026\/01\/21\/adeus-as-camas-box-esta-e-a-nova-tendencia-mais-confortavel-e-elegante-para-2026\/","og_site_name":"Estado de Minas - Em foco","article_published_time":"2026-01-21T14:15:00+00:00","article_modified_time":"2026-01-20T19:53:16+00:00","og_image":[{"width":1280,"height":720,"url":"https:\/\/www.em.com.br\/emfoco\/wp-content\/uploads\/2026\/01\/ChatGPT-Image-19-de-jan.-de-2026-14_47_56-1.png","type":"image\/png"}],"author":"Andre\u0301 Rangel\u00a0","twitter_card":"summary_large_image","twitter_misc":{"Escrito por":"Andre\u0301 Rangel\u00a0","Est. tempo de leitura":"7 minutos"},"schema":{"@context":"https:\/\/schema.org","@graph":[{"@type":"WebPage","@id":"https:\/\/www.em.com.br\/emfoco\/2026\/01\/21\/adeus-as-camas-box-esta-e-a-nova-tendencia-mais-confortavel-e-elegante-para-2026\/","url":"https:\/\/www.em.com.br\/emfoco\/2026\/01\/21\/adeus-as-camas-box-esta-e-a-nova-tendencia-mais-confortavel-e-elegante-para-2026\/","name":"Adeus \u00e0s camas box: esta \u00e9 a nova tend\u00eancia, mais confort\u00e1vel e elegante para 2026 - Estado de Minas - Em foco","isPartOf":{"@id":"https:\/\/www.em.com.br\/emfoco\/#website"},"primaryImageOfPage":{"@id":"https:\/\/www.em.com.br\/emfoco\/2026\/01\/21\/adeus-as-camas-box-esta-e-a-nova-tendencia-mais-confortavel-e-elegante-para-2026\/#primaryimage"},"image":{"@id":"https:\/\/www.em.com.br\/emfoco\/2026\/01\/21\/adeus-as-camas-box-esta-e-a-nova-tendencia-mais-confortavel-e-elegante-para-2026\/#primaryimage"},"thumbnailUrl":"https:\/\/www.em.com.br\/emfoco\/wp-content\/uploads\/2026\/01\/ChatGPT-Image-19-de-jan.-de-2026-14_47_56-1.png","datePublished":"2026-01-21T14:15:00+00:00","dateModified":"2026-01-20T19:53:16+00:00","author":{"@id":"https:\/\/www.em.com.br\/emfoco\/#\/schema\/person\/60eda09c1fedf0d6891f4cef4b60b8b8"},"description":"Camas com bases estofadas ou de madeira aparente ganham espa\u00e7o por unir leveza, conforto visual e solu\u00e7\u00f5es discretas de armazenamento.","breadcrumb":{"@id":"https:\/\/www.em.com.br\/emfoco\/2026\/01\/21\/adeus-as-camas-box-esta-e-a-nova-tendencia-mais-confortavel-e-elegante-para-2026\/#breadcrumb"},"inLanguage":"pt-BR","potentialAction":[{"@type":"ReadAction","target":["https:\/\/www.em.com.br\/emfoco\/2026\/01\/21\/adeus-as-camas-box-esta-e-a-nova-tendencia-mais-confortavel-e-elegante-para-2026\/"]}]},{"@type":"ImageObject","inLanguage":"pt-BR","@id":"https:\/\/www.em.com.br\/emfoco\/2026\/01\/21\/adeus-as-camas-box-esta-e-a-nova-tendencia-mais-confortavel-e-elegante-para-2026\/#primaryimage","url":"https:\/\/www.em.com.br\/emfoco\/wp-content\/uploads\/2026\/01\/ChatGPT-Image-19-de-jan.-de-2026-14_47_56-1.png","contentUrl":"https:\/\/www.em.com.br\/emfoco\/wp-content\/uploads\/2026\/01\/ChatGPT-Image-19-de-jan.-de-2026-14_47_56-1.png","width":1280,"height":720,"caption":"A nova tend\u00eancia de camas deixa o quarto mais leve e moderno"},{"@type":"BreadcrumbList","@id":"https:\/\/www.em.com.br\/emfoco\/2026\/01\/21\/adeus-as-camas-box-esta-e-a-nova-tendencia-mais-confortavel-e-elegante-para-2026\/#breadcrumb","itemListElement":[{"@type":"ListItem","position":1,"name":"In\u00edcio","item":"https:\/\/www.em.com.br\/emfoco\/"},{"@type":"ListItem","position":2,"name":"Adeus \u00e0s camas box: esta \u00e9 a nova tend\u00eancia, mais confort\u00e1vel e elegante para 2026"}]},{"@type":"WebSite","@id":"https:\/\/www.em.com.br\/emfoco\/#website","url":"https:\/\/www.em.com.br\/emfoco\/","name":"Estado de Minas - Em foco","description":"Acompanhe as \u00faltimas not\u00edcias e fique bem informado sobre tudo o que acontece em Minas Gerais, Brasil e no mundo.","potentialAction":[{"@type":"SearchAction","target":{"@type":"EntryPoint","urlTemplate":"https:\/\/www.em.com.br\/emfoco\/?s={search_term_string}"},"query-input":{"@type":"PropertyValueSpecification","valueRequired":true,"valueName":"search_term_string"}}],"inLanguage":"pt-BR"},{"@type":"Person","@id":"https:\/\/www.em.com.br\/emfoco\/#\/schema\/person\/60eda09c1fedf0d6891f4cef4b60b8b8","name":"Andre\u0301 Rangel\u00a0","image":{"@type":"ImageObject","inLanguage":"pt-BR","@id":"https:\/\/www.em.com.br\/emfoco\/#\/schema\/person\/image\/","url":"https:\/\/secure.gravatar.com\/avatar\/6234dc814c77c8ef6d8bba622c787efc?s=96&d=mm&r=g","contentUrl":"https:\/\/secure.gravatar.com\/avatar\/6234dc814c77c8ef6d8bba622c787efc?s=96&d=mm&r=g","caption":"Andre\u0301 Rangel\u00a0"},"url":"https:\/\/www.em.com.br\/emfoco\/author\/luizmyth\/"}]}},"_links":{"self":[{"href":"https:\/\/www.em.com.br\/emfoco\/wp-json\/wp\/v2\/posts\/157090","targetHints":{"allow":["GET"]}}],"collection":[{"href":"https:\/\/www.em.com.br\/emfoco\/wp-json\/wp\/v2\/posts"}],"about":[{"href":"https:\/\/www.em.com.br\/emfoco\/wp-json\/wp\/v2\/types\/post"}],"author":[{"embeddable":true,"href":"https:\/\/www.em.com.br\/emfoco\/wp-json\/wp\/v2\/users\/11"}],"replies":[{"embeddable":true,"href":"https:\/\/www.em.com.br\/emfoco\/wp-json\/wp\/v2\/comments?post=157090"}],"version-history":[{"count":3,"href":"https:\/\/www.em.com.br\/emfoco\/wp-json\/wp\/v2\/posts\/157090\/revisions"}],"predecessor-version":[{"id":157117,"href":"https:\/\/www.em.com.br\/emfoco\/wp-json\/wp\/v2\/posts\/157090\/revisions\/157117"}],"wp:featuredmedia":[{"embeddable":true,"href":"https:\/\/www.em.com.br\/emfoco\/wp-json\/wp\/v2\/media\/157115"}],"wp:attachment":[{"href":"https:\/\/www.em.com.br\/emfoco\/wp-json\/wp\/v2\/media?parent=157090"}],"wp:term":[{"taxonomy":"category","embeddable":true,"href":"https:\/\/www.em.com.br\/emfoco\/wp-json\/wp\/v2\/categories?post=157090"},{"taxonomy":"post_tag","embeddable":true,"href":"https:\/\/www.em.com.br\/emfoco\/wp-json\/wp\/v2\/tags?post=157090"}],"curies":[{"name":"wp","href":"https:\/\/api.w.org\/{rel}","templated":true}]}}