{"id":157088,"date":"2026-01-20T11:15:00","date_gmt":"2026-01-20T14:15:00","guid":{"rendered":"https:\/\/www.em.com.br\/emfoco\/?p=157088"},"modified":"2026-01-19T20:17:22","modified_gmt":"2026-01-19T23:17:22","slug":"diga-adeus-a-velha-ilha-de-cozinha-duas-tendencias-de-decoracao-que-serao-a-grande-sensacao-em-2026","status":"publish","type":"post","link":"https:\/\/www.em.com.br\/emfoco\/2026\/01\/20\/diga-adeus-a-velha-ilha-de-cozinha-duas-tendencias-de-decoracao-que-serao-a-grande-sensacao-em-2026\/","title":{"rendered":"Diga adeus \u00e0 velha ilha de cozinha: duas tend\u00eancias de decora\u00e7\u00e3o que ser\u00e3o a grande sensa\u00e7\u00e3o em 2026"},"content":{"rendered":"\n<p>O centro das aten\u00e7\u00f5es na cozinha est\u00e1 mudando r\u00e1pido. Depois de anos em que a ilha central foi quase item obrigat\u00f3rio em projetos modernos, 2026 traz solu\u00e7\u00f5es mais flex\u00edveis, funcionais e compat\u00edveis com espa\u00e7os menores. A prioridade deixa de ser a pe\u00e7a imponente no meio do ambiente e passa a ser a fluidez da circula\u00e7\u00e3o, o aproveitamento das paredes, a integra\u00e7\u00e3o com a sala e o custo total da obra.<\/p>\n\n\n\n<h2 class=\"wp-block-heading\">Por que a ilha de cozinha perdeu espa\u00e7o nos projetos atuais<\/h2>\n\n\n\n<p>A\u00a0<strong><a href=\"https:\/\/www.em.com.br\/emfoco\/2025\/11\/14\/diga-adeus-a-ilha-de-cozinha-a-nova-tendencia-de-cozinha-que-esta-aposentando-as-ilhas-em-2026\/\" target=\"_blank\" rel=\"noreferrer noopener\">ilha de cozinha<\/a><\/strong>, por muito tempo, simbolizou status e modernidade. Por\u00e9m, essa bancada central exige \u00e1reas generosas para funcionar bem, algo distante da maioria dos im\u00f3veis compactos lan\u00e7ados at\u00e9 2025, e pode reduzir a circula\u00e7\u00e3o e atrapalhar portas de arm\u00e1rios e eletrodom\u00e9sticos.<\/p>\n\n\n\n<p>O investimento tamb\u00e9m pesa: para ter uma ilha com cooktop ou pia, s\u00e3o necess\u00e1rias adapta\u00e7\u00f5es de encanamento, g\u00e1s, tomadas no piso e exaust\u00e3o adequada. Isso encarece a obra, limita mudan\u00e7as futuras e vai na contram\u00e3o da flexibilidade desejada hoje, especialmente em ambientes integrados que pedem menos barreiras visuais.<\/p>\n\n\n\n<figure class=\"wp-block-image size-large\"><img loading=\"lazy\" decoding=\"async\" width=\"1024\" height=\"576\" src=\"https:\/\/www.em.com.br\/emfoco\/wp-content\/uploads\/2026\/01\/Gemini_Generated_Image_5crvds5crvds5crv-1-1024x576.png\" alt=\"O conceito de cozinha que est\u00e1 deixando a ilha para tr\u00e1s\" class=\"wp-image-157118\" srcset=\"https:\/\/www.em.com.br\/emfoco\/wp-content\/uploads\/2026\/01\/Gemini_Generated_Image_5crvds5crvds5crv-1-1024x576.png 1024w, https:\/\/www.em.com.br\/emfoco\/wp-content\/uploads\/2026\/01\/Gemini_Generated_Image_5crvds5crvds5crv-1-300x169.png 300w, https:\/\/www.em.com.br\/emfoco\/wp-content\/uploads\/2026\/01\/Gemini_Generated_Image_5crvds5crvds5crv-1-768x432.png 768w, https:\/\/www.em.com.br\/emfoco\/wp-content\/uploads\/2026\/01\/Gemini_Generated_Image_5crvds5crvds5crv-1-750x422.png 750w, https:\/\/www.em.com.br\/emfoco\/wp-content\/uploads\/2026\/01\/Gemini_Generated_Image_5crvds5crvds5crv-1-1140x641.png 1140w, https:\/\/www.em.com.br\/emfoco\/wp-content\/uploads\/2026\/01\/Gemini_Generated_Image_5crvds5crvds5crv-1.png 1280w\" sizes=\"auto, (max-width: 1024px) 100vw, 1024px\" \/><figcaption class=\"wp-element-caption\">O conceito de cozinha que est\u00e1 deixando a ilha para tr\u00e1s<\/figcaption><\/figure>\n\n\n\n<h2 class=\"wp-block-heading\">Quais alternativas funcionais substituem a ilha de cozinha<\/h2>\n\n\n\n<p>Entre as solu\u00e7\u00f5es que v\u00eam ganhando espa\u00e7o est\u00e3o as&nbsp;<strong>mesas integradas ao mobili\u00e1rio<\/strong>&nbsp;e as&nbsp;<strong>bancadas em formato de \u201cL\u201d<\/strong>&nbsp;ou pen\u00ednsula. Elas aproveitam melhor o per\u00edmetro da cozinha, mant\u00eam o centro livre e funcionam como \u00e1rea de refei\u00e7\u00e3o r\u00e1pida, apoio de preparo ou esta\u00e7\u00e3o de trabalho h\u00edbrida.<\/p>\n\n\n\n<p>A mesa acoplada \u00e0 bancada principal une preparo, refei\u00e7\u00f5es e conviv\u00eancia em um \u00fanico ponto, sem grandes obras nem interven\u00e7\u00f5es em instala\u00e7\u00f5es. J\u00e1 a bancada em \u201cL\u201d, geralmente em uma quina, amplia a \u00e1rea de trabalho nas paredes e, em plantas abertas, pode se projetar para a sala como balc\u00e3o, bar ou apoio para receber amigos.<\/p>\n\n\n\n<h2 class=\"wp-block-heading\">Como planejar a circula\u00e7\u00e3o da cozinha sem ilha central<\/h2>\n\n\n\n<p>Para abandonar a&nbsp;<strong>ilha de cozinha<\/strong>&nbsp;e adotar solu\u00e7\u00f5es mais atuais, o planejamento deve come\u00e7ar pelos h\u00e1bitos da casa: quantas pessoas cozinham ao mesmo tempo, se h\u00e1 costume de comer ali, se o espa\u00e7o tamb\u00e9m ser\u00e1 usado para trabalhar ou receber. A partir da\u00ed, define-se o melhor layout para circula\u00e7\u00e3o fluida.<\/p>\n\n\n\n<p>Alguns pontos pr\u00e1ticos ajudam a organizar uma cozinha funcional e enxuta, sem depender de uma pe\u00e7a central fixa:<\/p>\n\n\n\n<ul class=\"wp-block-list\">\n<li><strong>Aproveitamento de paredes:<\/strong>\u00a0usar arm\u00e1rios altos, nichos e prateleiras para liberar o piso.<\/li>\n\n\n\n<li><strong>C\u00edrculo de trabalho:<\/strong>\u00a0manter geladeira, pia e fog\u00e3o em um tri\u00e2ngulo funcional.<\/li>\n\n\n\n<li><strong>Superf\u00edcies multifuncionais:<\/strong>\u00a0integrar mesas, pen\u00ednsulas ou bancadas em \u201cL\u201d para cozinhar, trabalhar e fazer refei\u00e7\u00f5es r\u00e1pidas.<\/li>\n\n\n\n<li><strong>Mobili\u00e1rio m\u00f3vel:<\/strong>\u00a0apostar em carrinhos auxiliares e bancadas com rod\u00edzios, f\u00e1ceis de reposicionar.<\/li>\n<\/ul>\n\n\n\n<p>Para ficar mais por dentro das tend\u00eancias de 2026, veja abaixo da <strong><a href=\"https:\/\/www.youtube.com\/@LarissaReisArquitetura\" target=\"_blank\" rel=\"noreferrer noopener\">Larissa Reis Arquitetura<\/a><\/strong> que fala sobre as 7 tend\u00eancias que v\u00e3o bombar nesse novo ano:<\/p>\n\n\n\n<figure class=\"wp-block-embed is-type-video is-provider-youtube wp-block-embed-youtube wp-embed-aspect-16-9 wp-has-aspect-ratio\"><div class=\"wp-block-embed__wrapper\">\n<div class=\"jeg_video_container jeg_video_content\"><iframe loading=\"lazy\" title=\"Cozinha 2026: As 7 Tend\u00eancias Que V\u00e3o Dominar Arquitetura e Decora\u00e7\u00e3o\" width=\"500\" height=\"281\" src=\"https:\/\/www.youtube.com\/embed\/e4m5NFQY65g?feature=oembed\" frameborder=\"0\" allow=\"accelerometer; autoplay; clipboard-write; encrypted-media; gyroscope; picture-in-picture; web-share\" referrerpolicy=\"strict-origin-when-cross-origin\" allowfullscreen><\/iframe><\/div>\n<\/div><\/figure>\n\n\n\n<h2 class=\"wp-block-heading\">Quais passos seguir para organizar uma cozinha pr\u00e1tica e moderna<\/h2>\n\n\n\n<p>Para transformar o espa\u00e7o sem desperd\u00edcio de metragem nem de or\u00e7amento, vale seguir um roteiro simples de projeto. A combina\u00e7\u00e3o de medidas precisas, defini\u00e7\u00e3o de pontos de \u00e1gua e energia e escolha correta de bancada garante funcionalidade e visual leve em cozinhas integradas ou compactas.<\/p>\n\n\n\n<p>Medir o ambiente, planejar instala\u00e7\u00f5es antes do mobili\u00e1rio, prever circula\u00e7\u00e3o m\u00ednima de 90 cent\u00edmetros entre frentes de m\u00f3veis e investir em materiais f\u00e1ceis de limpar s\u00e3o decis\u00f5es que tornam o dia a dia mais \u00e1gil. Assim, a ilha deixa de ser obriga\u00e7\u00e3o e passa a ser apenas mais uma op\u00e7\u00e3o, muitas vezes dispens\u00e1vel.<\/p>\n\n\n\n<h2 class=\"wp-block-heading\">Como aproveitar a nova tend\u00eancia de cozinhas sem ilha<\/h2>\n\n\n\n<p>A tend\u00eancia em 2026 \u00e9 clara: cozinhas mais adapt\u00e1veis, com circula\u00e7\u00e3o livre, menos elementos volumosos no centro e superf\u00edcies vers\u00e1teis que acompanham mudan\u00e7as de rotina e de moradia. Ao priorizar per\u00edmetro, funcionalidade e integra\u00e7\u00e3o visual, voc\u00ea ganha um ambiente mais leve, inteligente e pronto para receber.<\/p>\n\n\n\n<p>Se voc\u00ea est\u00e1 pensando em reformar ou projetar sua cozinha, n\u00e3o espere para rever o layout e abandonar a ilha obrigat\u00f3ria. Comece hoje a planejar um espa\u00e7o que caiba no seu or\u00e7amento, no seu tempo e no seu estilo de vida, antes que uma reforma cara e engessada prenda sua casa a um conceito que j\u00e1 ficou para tr\u00e1s.<\/p>\n","protected":false},"excerpt":{"rendered":"<p>O centro das aten\u00e7\u00f5es na cozinha est\u00e1 mudando r\u00e1pido. Depois de anos em que a ilha central foi quase item obrigat\u00f3rio em projetos modernos, 2026 traz solu\u00e7\u00f5es mais flex\u00edveis, funcionais e compat\u00edveis com espa\u00e7os menores. A prioridade deixa de ser a pe\u00e7a imponente no meio do ambiente e passa a ser a fluidez da circula\u00e7\u00e3o, [&hellip;]<\/p>\n","protected":false},"author":11,"featured_media":157121,"comment_status":"open","ping_status":"open","sticky":false,"template":"","format":"standard","meta":{"jnews-multi-image_gallery":[],"jnews_single_post":{"format":"standard"},"jnews_primary_category":[],"jnews_social_meta":[],"jnews_override_counter":[],"footnotes":""},"categories":[8819,1],"tags":[16358,22961,4687,22962,22960],"class_list":["post-157088","post","type-post","status-publish","format-standard","has-post-thumbnail","hentry","category-curiosidades","category-noticias","tag-bancada","tag-cozinhas-modernas","tag-decoracao","tag-ilha-de-cozinha","tag-nova-tendencia-de-cozinha"],"yoast_head":"<!-- This site is optimized with the Yoast SEO plugin v23.8 - https:\/\/yoast.com\/wordpress\/plugins\/seo\/ -->\n<title>Diga adeus \u00e0 velha ilha de cozinha: duas tend\u00eancias de decora\u00e7\u00e3o que ser\u00e3o a grande sensa\u00e7\u00e3o em 2026 - Estado de Minas - Em foco<\/title>\n<meta name=\"description\" content=\"A ilha de cozinha perdeu espa\u00e7o em 2026. Projetos agora priorizam circula\u00e7\u00e3o livre, menor custo e solu\u00e7\u00f5es mais flex\u00edveis para o dia a dia.\" \/>\n<meta name=\"robots\" content=\"index, follow, max-snippet:-1, max-image-preview:large, max-video-preview:-1\" \/>\n<link rel=\"canonical\" href=\"https:\/\/www.em.com.br\/emfoco\/2026\/01\/20\/diga-adeus-a-velha-ilha-de-cozinha-duas-tendencias-de-decoracao-que-serao-a-grande-sensacao-em-2026\/\" \/>\n<meta property=\"og:locale\" content=\"pt_BR\" \/>\n<meta property=\"og:type\" content=\"article\" \/>\n<meta property=\"og:title\" content=\"Diga adeus \u00e0 velha ilha de cozinha: duas tend\u00eancias de decora\u00e7\u00e3o que ser\u00e3o a grande sensa\u00e7\u00e3o em 2026 - Estado de Minas - Em foco\" \/>\n<meta property=\"og:description\" content=\"A ilha de cozinha perdeu espa\u00e7o em 2026. Projetos agora priorizam circula\u00e7\u00e3o livre, menor custo e solu\u00e7\u00f5es mais flex\u00edveis para o dia a dia.\" \/>\n<meta property=\"og:url\" content=\"https:\/\/www.em.com.br\/emfoco\/2026\/01\/20\/diga-adeus-a-velha-ilha-de-cozinha-duas-tendencias-de-decoracao-que-serao-a-grande-sensacao-em-2026\/\" \/>\n<meta property=\"og:site_name\" content=\"Estado de Minas - Em foco\" \/>\n<meta property=\"article:published_time\" content=\"2026-01-20T14:15:00+00:00\" \/>\n<meta property=\"article:modified_time\" content=\"2026-01-19T23:17:22+00:00\" \/>\n<meta property=\"og:image\" content=\"https:\/\/www.em.com.br\/emfoco\/wp-content\/uploads\/2026\/01\/Gemini_Generated_Image_rsng88rsng88rsng-1.png\" \/>\n\t<meta property=\"og:image:width\" content=\"1280\" \/>\n\t<meta property=\"og:image:height\" content=\"720\" \/>\n\t<meta property=\"og:image:type\" content=\"image\/png\" \/>\n<meta name=\"author\" content=\"Andre\u0301 Rangel\u00a0\" \/>\n<meta name=\"twitter:card\" content=\"summary_large_image\" \/>\n<meta name=\"twitter:label1\" content=\"Escrito por\" \/>\n\t<meta name=\"twitter:data1\" content=\"Andre\u0301 Rangel\u00a0\" \/>\n\t<meta name=\"twitter:label2\" content=\"Est. tempo de leitura\" \/>\n\t<meta name=\"twitter:data2\" content=\"5 minutos\" \/>\n<!-- \/ Yoast SEO plugin. -->","yoast_head_json":{"title":"Diga adeus \u00e0 velha ilha de cozinha: duas tend\u00eancias de decora\u00e7\u00e3o que ser\u00e3o a grande sensa\u00e7\u00e3o em 2026 - Estado de Minas - Em foco","description":"A ilha de cozinha perdeu espa\u00e7o em 2026. Projetos agora priorizam circula\u00e7\u00e3o livre, menor custo e solu\u00e7\u00f5es mais flex\u00edveis para o dia a dia.","robots":{"index":"index","follow":"follow","max-snippet":"max-snippet:-1","max-image-preview":"max-image-preview:large","max-video-preview":"max-video-preview:-1"},"canonical":"https:\/\/www.em.com.br\/emfoco\/2026\/01\/20\/diga-adeus-a-velha-ilha-de-cozinha-duas-tendencias-de-decoracao-que-serao-a-grande-sensacao-em-2026\/","og_locale":"pt_BR","og_type":"article","og_title":"Diga adeus \u00e0 velha ilha de cozinha: duas tend\u00eancias de decora\u00e7\u00e3o que ser\u00e3o a grande sensa\u00e7\u00e3o em 2026 - Estado de Minas - Em foco","og_description":"A ilha de cozinha perdeu espa\u00e7o em 2026. Projetos agora priorizam circula\u00e7\u00e3o livre, menor custo e solu\u00e7\u00f5es mais flex\u00edveis para o dia a dia.","og_url":"https:\/\/www.em.com.br\/emfoco\/2026\/01\/20\/diga-adeus-a-velha-ilha-de-cozinha-duas-tendencias-de-decoracao-que-serao-a-grande-sensacao-em-2026\/","og_site_name":"Estado de Minas - Em foco","article_published_time":"2026-01-20T14:15:00+00:00","article_modified_time":"2026-01-19T23:17:22+00:00","og_image":[{"width":1280,"height":720,"url":"https:\/\/www.em.com.br\/emfoco\/wp-content\/uploads\/2026\/01\/Gemini_Generated_Image_rsng88rsng88rsng-1.png","type":"image\/png"}],"author":"Andre\u0301 Rangel\u00a0","twitter_card":"summary_large_image","twitter_misc":{"Escrito por":"Andre\u0301 Rangel\u00a0","Est. tempo de leitura":"5 minutos"},"schema":{"@context":"https:\/\/schema.org","@graph":[{"@type":"WebPage","@id":"https:\/\/www.em.com.br\/emfoco\/2026\/01\/20\/diga-adeus-a-velha-ilha-de-cozinha-duas-tendencias-de-decoracao-que-serao-a-grande-sensacao-em-2026\/","url":"https:\/\/www.em.com.br\/emfoco\/2026\/01\/20\/diga-adeus-a-velha-ilha-de-cozinha-duas-tendencias-de-decoracao-que-serao-a-grande-sensacao-em-2026\/","name":"Diga adeus \u00e0 velha ilha de cozinha: duas tend\u00eancias de decora\u00e7\u00e3o que ser\u00e3o a grande sensa\u00e7\u00e3o em 2026 - Estado de Minas - Em foco","isPartOf":{"@id":"https:\/\/www.em.com.br\/emfoco\/#website"},"primaryImageOfPage":{"@id":"https:\/\/www.em.com.br\/emfoco\/2026\/01\/20\/diga-adeus-a-velha-ilha-de-cozinha-duas-tendencias-de-decoracao-que-serao-a-grande-sensacao-em-2026\/#primaryimage"},"image":{"@id":"https:\/\/www.em.com.br\/emfoco\/2026\/01\/20\/diga-adeus-a-velha-ilha-de-cozinha-duas-tendencias-de-decoracao-que-serao-a-grande-sensacao-em-2026\/#primaryimage"},"thumbnailUrl":"https:\/\/www.em.com.br\/emfoco\/wp-content\/uploads\/2026\/01\/Gemini_Generated_Image_rsng88rsng88rsng-1.png","datePublished":"2026-01-20T14:15:00+00:00","dateModified":"2026-01-19T23:17:22+00:00","author":{"@id":"https:\/\/www.em.com.br\/emfoco\/#\/schema\/person\/60eda09c1fedf0d6891f4cef4b60b8b8"},"description":"A ilha de cozinha perdeu espa\u00e7o em 2026. Projetos agora priorizam circula\u00e7\u00e3o livre, menor custo e solu\u00e7\u00f5es mais flex\u00edveis para o dia a dia.","breadcrumb":{"@id":"https:\/\/www.em.com.br\/emfoco\/2026\/01\/20\/diga-adeus-a-velha-ilha-de-cozinha-duas-tendencias-de-decoracao-que-serao-a-grande-sensacao-em-2026\/#breadcrumb"},"inLanguage":"pt-BR","potentialAction":[{"@type":"ReadAction","target":["https:\/\/www.em.com.br\/emfoco\/2026\/01\/20\/diga-adeus-a-velha-ilha-de-cozinha-duas-tendencias-de-decoracao-que-serao-a-grande-sensacao-em-2026\/"]}]},{"@type":"ImageObject","inLanguage":"pt-BR","@id":"https:\/\/www.em.com.br\/emfoco\/2026\/01\/20\/diga-adeus-a-velha-ilha-de-cozinha-duas-tendencias-de-decoracao-que-serao-a-grande-sensacao-em-2026\/#primaryimage","url":"https:\/\/www.em.com.br\/emfoco\/wp-content\/uploads\/2026\/01\/Gemini_Generated_Image_rsng88rsng88rsng-1.png","contentUrl":"https:\/\/www.em.com.br\/emfoco\/wp-content\/uploads\/2026\/01\/Gemini_Generated_Image_rsng88rsng88rsng-1.png","width":1280,"height":720,"caption":"O conceito de cozinha que est\u00e1 deixando a ilha para tr\u00e1s"},{"@type":"BreadcrumbList","@id":"https:\/\/www.em.com.br\/emfoco\/2026\/01\/20\/diga-adeus-a-velha-ilha-de-cozinha-duas-tendencias-de-decoracao-que-serao-a-grande-sensacao-em-2026\/#breadcrumb","itemListElement":[{"@type":"ListItem","position":1,"name":"In\u00edcio","item":"https:\/\/www.em.com.br\/emfoco\/"},{"@type":"ListItem","position":2,"name":"Diga adeus \u00e0 velha ilha de cozinha: duas tend\u00eancias de decora\u00e7\u00e3o que ser\u00e3o a grande sensa\u00e7\u00e3o em 2026"}]},{"@type":"WebSite","@id":"https:\/\/www.em.com.br\/emfoco\/#website","url":"https:\/\/www.em.com.br\/emfoco\/","name":"Estado de Minas - Em foco","description":"Acompanhe as \u00faltimas not\u00edcias e fique bem informado sobre tudo o que acontece em Minas Gerais, Brasil e no mundo.","potentialAction":[{"@type":"SearchAction","target":{"@type":"EntryPoint","urlTemplate":"https:\/\/www.em.com.br\/emfoco\/?s={search_term_string}"},"query-input":{"@type":"PropertyValueSpecification","valueRequired":true,"valueName":"search_term_string"}}],"inLanguage":"pt-BR"},{"@type":"Person","@id":"https:\/\/www.em.com.br\/emfoco\/#\/schema\/person\/60eda09c1fedf0d6891f4cef4b60b8b8","name":"Andre\u0301 Rangel\u00a0","image":{"@type":"ImageObject","inLanguage":"pt-BR","@id":"https:\/\/www.em.com.br\/emfoco\/#\/schema\/person\/image\/","url":"https:\/\/secure.gravatar.com\/avatar\/6234dc814c77c8ef6d8bba622c787efc?s=96&d=mm&r=g","contentUrl":"https:\/\/secure.gravatar.com\/avatar\/6234dc814c77c8ef6d8bba622c787efc?s=96&d=mm&r=g","caption":"Andre\u0301 Rangel\u00a0"},"url":"https:\/\/www.em.com.br\/emfoco\/author\/luizmyth\/"}]}},"_links":{"self":[{"href":"https:\/\/www.em.com.br\/emfoco\/wp-json\/wp\/v2\/posts\/157088","targetHints":{"allow":["GET"]}}],"collection":[{"href":"https:\/\/www.em.com.br\/emfoco\/wp-json\/wp\/v2\/posts"}],"about":[{"href":"https:\/\/www.em.com.br\/emfoco\/wp-json\/wp\/v2\/types\/post"}],"author":[{"embeddable":true,"href":"https:\/\/www.em.com.br\/emfoco\/wp-json\/wp\/v2\/users\/11"}],"replies":[{"embeddable":true,"href":"https:\/\/www.em.com.br\/emfoco\/wp-json\/wp\/v2\/comments?post=157088"}],"version-history":[{"count":3,"href":"https:\/\/www.em.com.br\/emfoco\/wp-json\/wp\/v2\/posts\/157088\/revisions"}],"predecessor-version":[{"id":157122,"href":"https:\/\/www.em.com.br\/emfoco\/wp-json\/wp\/v2\/posts\/157088\/revisions\/157122"}],"wp:featuredmedia":[{"embeddable":true,"href":"https:\/\/www.em.com.br\/emfoco\/wp-json\/wp\/v2\/media\/157121"}],"wp:attachment":[{"href":"https:\/\/www.em.com.br\/emfoco\/wp-json\/wp\/v2\/media?parent=157088"}],"wp:term":[{"taxonomy":"category","embeddable":true,"href":"https:\/\/www.em.com.br\/emfoco\/wp-json\/wp\/v2\/categories?post=157088"},{"taxonomy":"post_tag","embeddable":true,"href":"https:\/\/www.em.com.br\/emfoco\/wp-json\/wp\/v2\/tags?post=157088"}],"curies":[{"name":"wp","href":"https:\/\/api.w.org\/{rel}","templated":true}]}}