{"id":157060,"date":"2026-01-20T14:45:00","date_gmt":"2026-01-20T17:45:00","guid":{"rendered":"https:\/\/www.em.com.br\/emfoco\/?p=157060"},"modified":"2026-01-19T20:18:26","modified_gmt":"2026-01-19T23:18:26","slug":"crie-um-lindo-suporte-para-vaso-de-plantas-usando-sobras-ou-pedacos-de-madeira","status":"publish","type":"post","link":"https:\/\/www.em.com.br\/emfoco\/2026\/01\/20\/crie-um-lindo-suporte-para-vaso-de-plantas-usando-sobras-ou-pedacos-de-madeira\/","title":{"rendered":"Crie um lindo suporte para vaso de plantas usando sobras ou peda\u00e7os de madeira"},"content":{"rendered":"\n<p>Transformar sobras de madeira em um porta-vasos funcional e decorativo virou uma solu\u00e7\u00e3o pr\u00e1tica e acess\u00edvel para quem quer um cantinho verde mais organizado, moderno e sustent\u00e1vel. Em vez de descartar retalhos, peda\u00e7os de brinquedos de madeira ou materiais esquecidos em casa, voc\u00ea pode criar um suporte elevado para plantas que facilita a rotina de regas, podas e movimenta\u00e7\u00e3o dos vasos, tanto em ambientes internos quanto externos.<\/p>\n\n\n\n<h2 class=\"wp-block-heading\">O que \u00e9 um porta-vasos de madeira e por que vale reutilizar retalhos<\/h2>\n\n\n\n<p>O porta-vasos de madeira \u00e9 uma estrutura simples que sustenta vasos, elevando-os do ch\u00e3o ou de m\u00f3veis e decks para melhorar o visual e a organiza\u00e7\u00e3o do espa\u00e7o. Em geral, ele \u00e9 formado por pe\u00e7as retangulares combinadas de forma a criar uma base firme para diferentes tamanhos e formatos de vasos.<\/p>\n\n\n\n<p>Quando produzido com retalhos de madeira, o suporte reaproveita materiais que seriam descartados, reduzindo res\u00edduos e custos. Assim, voc\u00ea consegue adaptar medidas, altura e estilo ao ambiente, indo do r\u00fastico ao minimalista, sem precisar de forma\u00e7\u00e3o em marcenaria ou grandes ferramentas.<\/p>\n\n\n\n<p>Selecionamos o v\u00eddeo da <a href=\"https:\/\/www.instagram.com\/belindareey\/?utm_source=ig_embed&amp;ig_rid=1431a045-b3b9-4256-abe0-6b85bfdadb4f\" target=\"_blank\" rel=\"noreferrer noopener\">BELINDA REYES<\/a> que mostra como fazer esse belo porta-vasos de madeira:<\/p>\n\n\n\n<blockquote class=\"instagram-media\" data-instgrm-captioned data-instgrm-permalink=\"https:\/\/www.instagram.com\/reel\/DOZwgurEZSa\/?utm_source=ig_embed&amp;utm_campaign=loading\" data-instgrm-version=\"14\" style=\" background:#FFF; border:0; border-radius:3px; box-shadow:0 0 1px 0 rgba(0,0,0,0.5),0 1px 10px 0 rgba(0,0,0,0.15); margin: 1px; max-width:540px; min-width:326px; padding:0; width:99.375%; width:-webkit-calc(100% - 2px); width:calc(100% - 2px);\"><div style=\"padding:16px;\"> <a href=\"https:\/\/www.instagram.com\/reel\/DOZwgurEZSa\/?utm_source=ig_embed&amp;utm_campaign=loading\" style=\" background:#FFFFFF; line-height:0; padding:0 0; text-align:center; text-decoration:none; width:100%;\" target=\"_blank\"> <div style=\" display: flex; flex-direction: row; align-items: center;\"> <div style=\"background-color: #F4F4F4; border-radius: 50%; flex-grow: 0; height: 40px; margin-right: 14px; width: 40px;\"><\/div> <div style=\"display: flex; flex-direction: column; flex-grow: 1; justify-content: center;\"> <div style=\" background-color: #F4F4F4; border-radius: 4px; flex-grow: 0; height: 14px; margin-bottom: 6px; width: 100px;\"><\/div> <div style=\" background-color: #F4F4F4; border-radius: 4px; flex-grow: 0; height: 14px; width: 60px;\"><\/div><\/div><\/div><div style=\"padding: 19% 0;\"><\/div> <div style=\"display:block; height:50px; margin:0 auto 12px; width:50px;\"><svg width=\"50px\" height=\"50px\" viewBox=\"0 0 60 60\" version=\"1.1\" xmlns=\"https:\/\/www.w3.org\/2000\/svg\" xmlns:xlink=\"https:\/\/www.w3.org\/1999\/xlink\"><g stroke=\"none\" stroke-width=\"1\" fill=\"none\" fill-rule=\"evenodd\"><g transform=\"translate(-511.000000, -20.000000)\" fill=\"#000000\"><g><path d=\"M556.869,30.41 C554.814,30.41 553.148,32.076 553.148,34.131 C553.148,36.186 554.814,37.852 556.869,37.852 C558.924,37.852 560.59,36.186 560.59,34.131 C560.59,32.076 558.924,30.41 556.869,30.41 M541,60.657 C535.114,60.657 530.342,55.887 530.342,50 C530.342,44.114 535.114,39.342 541,39.342 C546.887,39.342 551.658,44.114 551.658,50 C551.658,55.887 546.887,60.657 541,60.657 M541,33.886 C532.1,33.886 524.886,41.1 524.886,50 C524.886,58.899 532.1,66.113 541,66.113 C549.9,66.113 557.115,58.899 557.115,50 C557.115,41.1 549.9,33.886 541,33.886 M565.378,62.101 C565.244,65.022 564.756,66.606 564.346,67.663 C563.803,69.06 563.154,70.057 562.106,71.106 C561.058,72.155 560.06,72.803 558.662,73.347 C557.607,73.757 556.021,74.244 553.102,74.378 C549.944,74.521 548.997,74.552 541,74.552 C533.003,74.552 532.056,74.521 528.898,74.378 C525.979,74.244 524.393,73.757 523.338,73.347 C521.94,72.803 520.942,72.155 519.894,71.106 C518.846,70.057 518.197,69.06 517.654,67.663 C517.244,66.606 516.755,65.022 516.623,62.101 C516.479,58.943 516.448,57.996 516.448,50 C516.448,42.003 516.479,41.056 516.623,37.899 C516.755,34.978 517.244,33.391 517.654,32.338 C518.197,30.938 518.846,29.942 519.894,28.894 C520.942,27.846 521.94,27.196 523.338,26.654 C524.393,26.244 525.979,25.756 528.898,25.623 C532.057,25.479 533.004,25.448 541,25.448 C548.997,25.448 549.943,25.479 553.102,25.623 C556.021,25.756 557.607,26.244 558.662,26.654 C560.06,27.196 561.058,27.846 562.106,28.894 C563.154,29.942 563.803,30.938 564.346,32.338 C564.756,33.391 565.244,34.978 565.378,37.899 C565.522,41.056 565.552,42.003 565.552,50 C565.552,57.996 565.522,58.943 565.378,62.101 M570.82,37.631 C570.674,34.438 570.167,32.258 569.425,30.349 C568.659,28.377 567.633,26.702 565.965,25.035 C564.297,23.368 562.623,22.342 560.652,21.575 C558.743,20.834 556.562,20.326 553.369,20.18 C550.169,20.033 549.148,20 541,20 C532.853,20 531.831,20.033 528.631,20.18 C525.438,20.326 523.257,20.834 521.349,21.575 C519.376,22.342 517.703,23.368 516.035,25.035 C514.368,26.702 513.342,28.377 512.574,30.349 C511.834,32.258 511.326,34.438 511.181,37.631 C511.035,40.831 511,41.851 511,50 C511,58.147 511.035,59.17 511.181,62.369 C511.326,65.562 511.834,67.743 512.574,69.651 C513.342,71.625 514.368,73.296 516.035,74.965 C517.703,76.634 519.376,77.658 521.349,78.425 C523.257,79.167 525.438,79.673 528.631,79.82 C531.831,79.965 532.853,80.001 541,80.001 C549.148,80.001 550.169,79.965 553.369,79.82 C556.562,79.673 558.743,79.167 560.652,78.425 C562.623,77.658 564.297,76.634 565.965,74.965 C567.633,73.296 568.659,71.625 569.425,69.651 C570.167,67.743 570.674,65.562 570.82,62.369 C570.966,59.17 571,58.147 571,50 C571,41.851 570.966,40.831 570.82,37.631\"><\/path><\/g><\/g><\/g><\/svg><\/div><div style=\"padding-top: 8px;\"> <div style=\" color:#3897f0; font-family:Arial,sans-serif; font-size:14px; font-style:normal; font-weight:550; line-height:18px;\">Ver essa foto no Instagram<\/div><\/div><div style=\"padding: 12.5% 0;\"><\/div> <div style=\"display: flex; flex-direction: row; margin-bottom: 14px; align-items: center;\"><div> <div style=\"background-color: #F4F4F4; border-radius: 50%; height: 12.5px; width: 12.5px; transform: translateX(0px) translateY(7px);\"><\/div> <div style=\"background-color: #F4F4F4; height: 12.5px; transform: rotate(-45deg) translateX(3px) translateY(1px); width: 12.5px; flex-grow: 0; margin-right: 14px; margin-left: 2px;\"><\/div> <div style=\"background-color: #F4F4F4; border-radius: 50%; height: 12.5px; width: 12.5px; transform: translateX(9px) translateY(-18px);\"><\/div><\/div><div style=\"margin-left: 8px;\"> <div style=\" background-color: #F4F4F4; border-radius: 50%; flex-grow: 0; height: 20px; width: 20px;\"><\/div> <div style=\" width: 0; height: 0; border-top: 2px solid transparent; border-left: 6px solid #f4f4f4; border-bottom: 2px solid transparent; transform: translateX(16px) translateY(-4px) rotate(30deg)\"><\/div><\/div><div style=\"margin-left: auto;\"> <div style=\" width: 0px; border-top: 8px solid #F4F4F4; border-right: 8px solid transparent; transform: translateY(16px);\"><\/div> <div style=\" background-color: #F4F4F4; flex-grow: 0; height: 12px; width: 16px; transform: translateY(-4px);\"><\/div> <div style=\" width: 0; height: 0; border-top: 8px solid #F4F4F4; border-left: 8px solid transparent; transform: translateY(-4px) translateX(8px);\"><\/div><\/div><\/div> <div style=\"display: flex; flex-direction: column; flex-grow: 1; justify-content: center; margin-bottom: 24px;\"> <div style=\" background-color: #F4F4F4; border-radius: 4px; flex-grow: 0; height: 14px; margin-bottom: 6px; width: 224px;\"><\/div> <div style=\" background-color: #F4F4F4; border-radius: 4px; flex-grow: 0; height: 14px; width: 144px;\"><\/div><\/div><\/a><p style=\" color:#c9c8cd; font-family:Arial,sans-serif; font-size:14px; line-height:17px; margin-bottom:0; margin-top:8px; overflow:hidden; padding:8px 0 7px; text-align:center; text-overflow:ellipsis; white-space:nowrap;\"><a href=\"https:\/\/www.instagram.com\/reel\/DOZwgurEZSa\/?utm_source=ig_embed&amp;utm_campaign=loading\" style=\" color:#c9c8cd; font-family:Arial,sans-serif; font-size:14px; font-style:normal; font-weight:normal; line-height:17px; text-decoration:none;\" target=\"_blank\">Um post compartilhado por BELINDA REYES (@belindareey)<\/a><\/p><\/div><\/blockquote>\n<script async src=\"\/\/www.instagram.com\/embed.js\"><\/script>\n\n\n\n<h2 class=\"wp-block-heading\">Como fazer um porta-vasos com retalhos de madeira passo a passo<\/h2>\n\n\n\n<p>Montar um porta-vasos com sobras de madeira \u00e9 um projeto de baixo custo e execu\u00e7\u00e3o simples, desde que voc\u00ea atente \u00e0s medidas, ao peso dos vasos e \u00e0 seguran\u00e7a. A palavra-chave aqui \u00e9 porta-vasos, pois ele organiza, protege superf\u00edcies e contribui para uma decora\u00e7\u00e3o mais sustent\u00e1vel em varandas, salas e jardins.<\/p>\n\n\n\n<p>Para facilitar o planejamento, veja os materiais mais usados e pense neles de acordo com o local de uso (interno ou externo) e o tipo de madeira dispon\u00edvel:<\/p>\n\n\n\n<ul class=\"wp-block-list\">\n<li><strong>Peda\u00e7os de madeira<\/strong>\u00a0retangulares, preferencialmente do mesmo tamanho, em bom estado e secos;<\/li>\n\n\n\n<li><strong>Cola para madeira<\/strong>\u00a0com boa fixa\u00e7\u00e3o, adequada ao ambiente (interno ou externo);<\/li>\n\n\n\n<li><strong>Pintura acr\u00edlica<\/strong>\u00a0ou similar, pr\u00f3pria para madeira e resistente ao uso;<\/li>\n\n\n\n<li><strong>Pinc\u00e9is<\/strong>\u00a0de tamanhos variados para detalhes e \u00e1reas maiores;<\/li>\n\n\n\n<li><strong>Verniz<\/strong>\u00a0comum ou mar\u00edtimo, para prote\u00e7\u00e3o contra umidade e sujeira;<\/li>\n\n\n\n<li><em>Opcional<\/em>: parafusos, pregos, martelo, chave de fenda e lixa para refor\u00e7o e acabamento.<\/li>\n<\/ul>\n\n\n\n<h2 class=\"wp-block-heading\">Quais s\u00e3o os passos b\u00e1sicos para montar o seu porta-vasos<\/h2>\n\n\n\n<p>O passo a passo pode ser adaptado ao tipo de madeira, ao di\u00e2metro do vaso e ao peso da <a href=\"https:\/\/www.em.com.br\/emfoco\/2026\/01\/19\/essa-planta-perfumada-na-janela-cria-uma-barreira-invisivel-que-espanta-mosquitos-sem-veneno-nem-esforco\/\" target=\"_blank\" rel=\"noreferrer noopener\">planta<\/a>, mas segue uma l\u00f3gica simples de montagem. O ideal \u00e9 fazer testes com o vaso antes do acabamento final, garantindo estabilidade e seguran\u00e7a no uso di\u00e1rio.<\/p>\n\n\n\n<p>Um roteiro pr\u00e1tico de montagem inclui: selecionar e padronizar as pe\u00e7as, formar a base central nivelada, colar e alinhar as extremidades, refor\u00e7ar a estrutura com parafusos ou pregos quando necess\u00e1rio e, por fim, lixar, pintar e aplicar verniz. Em \u00e1reas externas, priorize verniz mar\u00edtimo ou produtos espec\u00edficos para intemp\u00e9ries.<\/p>\n\n\n\n<figure class=\"wp-block-image size-large\"><img loading=\"lazy\" decoding=\"async\" width=\"1024\" height=\"576\" src=\"https:\/\/www.em.com.br\/emfoco\/wp-content\/uploads\/2026\/01\/Gemini_Generated_Image_shat3ashat3ashat-1-1024x576.png\" alt=\"O melhor jeito de fazer porta-vasos usando sobras de madeira\" class=\"wp-image-157085\" srcset=\"https:\/\/www.em.com.br\/emfoco\/wp-content\/uploads\/2026\/01\/Gemini_Generated_Image_shat3ashat3ashat-1-1024x576.png 1024w, https:\/\/www.em.com.br\/emfoco\/wp-content\/uploads\/2026\/01\/Gemini_Generated_Image_shat3ashat3ashat-1-300x169.png 300w, https:\/\/www.em.com.br\/emfoco\/wp-content\/uploads\/2026\/01\/Gemini_Generated_Image_shat3ashat3ashat-1-768x432.png 768w, https:\/\/www.em.com.br\/emfoco\/wp-content\/uploads\/2026\/01\/Gemini_Generated_Image_shat3ashat3ashat-1-750x422.png 750w, https:\/\/www.em.com.br\/emfoco\/wp-content\/uploads\/2026\/01\/Gemini_Generated_Image_shat3ashat3ashat-1-1140x641.png 1140w, https:\/\/www.em.com.br\/emfoco\/wp-content\/uploads\/2026\/01\/Gemini_Generated_Image_shat3ashat3ashat-1.png 1280w\" sizes=\"auto, (max-width: 1024px) 100vw, 1024px\" \/><figcaption class=\"wp-element-caption\">O melhor jeito de fazer porta-vasos usando sobras de madeira<\/figcaption><\/figure>\n\n\n\n<h2 class=\"wp-block-heading\">Por que o porta-vasos melhora o cultivo e a organiza\u00e7\u00e3o das plantas<\/h2>\n\n\n\n<p>Usar um suporte para vasos traz benef\u00edcios diretos tanto para a sa\u00fade das plantas quanto para a conserva\u00e7\u00e3o de pisos e m\u00f3veis. Ao elevar o vaso, voc\u00ea melhora a circula\u00e7\u00e3o de ar, reduz o contato direto com o ch\u00e3o e evita marcas de umidade causadas pela \u00e1gua que escoa ap\u00f3s as regas.<\/p>\n\n\n\n<p>Do ponto de vista do cultivo, a altura favorece a drenagem e diminui o risco de encharcamento, prevenindo o apodrecimento das ra\u00edzes. Al\u00e9m disso, criar n\u00edveis diferentes com porta-vasos ajuda a valorizar cada esp\u00e9cie, otimizar a luz dispon\u00edvel e manter o ambiente visualmente mais organizado, especialmente em espa\u00e7os pequenos.<\/p>\n\n\n\n<h2 class=\"wp-block-heading\">Como adaptar o porta-vasos \u00e0 decora\u00e7\u00e3o e por que come\u00e7ar agora<\/h2>\n\n\n\n<p>O design do porta-vasos pode acompanhar o estilo da casa com cores neutras e linhas retas para um visual discreto, ou tons vibrantes e detalhes geom\u00e9tricos para um ambiente mais criativo. Voc\u00ea pode combinar alturas variadas, misturar tipos de vasos e usar acabamentos foscos ou brilhantes para destacar a textura da madeira e criar um verdadeiro \u201ccantinho verde\u201d.<\/p>\n\n\n\n<p>N\u00e3o deixe as sobras de madeira paradas ou virarem lixo: transforme hoje mesmo esses retalhos em porta-vasos funcionais, bonitos e sustent\u00e1veis. Comece agora a planejar medidas, separar materiais e montar seu primeiro suporte; cada pe\u00e7a criada \u00e9 um passo concreto para um lar mais organizado, verde e com a sua cara.<\/p>\n\n\n\n<p><\/p>\n","protected":false},"excerpt":{"rendered":"<p>Transformar sobras de madeira em um porta-vasos funcional e decorativo virou uma solu\u00e7\u00e3o pr\u00e1tica e acess\u00edvel para quem quer um cantinho verde mais organizado, moderno e sustent\u00e1vel. Em vez de descartar retalhos, peda\u00e7os de brinquedos de madeira ou materiais esquecidos em casa, voc\u00ea pode criar um suporte elevado para plantas que facilita a rotina de [&hellip;]<\/p>\n","protected":false},"author":11,"featured_media":157086,"comment_status":"open","ping_status":"open","sticky":false,"template":"","format":"standard","meta":{"jnews-multi-image_gallery":[],"jnews_single_post":{"format":"standard"},"jnews_primary_category":[],"jnews_social_meta":[],"jnews_override_counter":[],"footnotes":""},"categories":[8819,1],"tags":[4687,5115,3324,22959,1920],"class_list":["post-157060","post","type-post","status-publish","format-standard","has-post-thumbnail","hentry","category-curiosidades","category-noticias","tag-decoracao","tag-diy","tag-plantas","tag-porta-vasos-de-madeira","tag-tendencia"],"yoast_head":"<!-- This site is optimized with the Yoast SEO plugin v23.8 - https:\/\/yoast.com\/wordpress\/plugins\/seo\/ -->\n<title>Crie um lindo suporte para vaso de plantas usando sobras ou peda\u00e7os de madeira - Estado de Minas - Em foco<\/title>\n<meta name=\"description\" content=\"Aprenda a fazer porta-vasos de madeira usando retalhos e sobras. Uma solu\u00e7\u00e3o pr\u00e1tica, bonita e sustent\u00e1vel para organizar plantas em casa.\" \/>\n<meta name=\"robots\" content=\"index, follow, max-snippet:-1, max-image-preview:large, max-video-preview:-1\" \/>\n<link rel=\"canonical\" href=\"https:\/\/www.em.com.br\/emfoco\/2026\/01\/20\/crie-um-lindo-suporte-para-vaso-de-plantas-usando-sobras-ou-pedacos-de-madeira\/\" \/>\n<meta property=\"og:locale\" content=\"pt_BR\" \/>\n<meta property=\"og:type\" content=\"article\" \/>\n<meta property=\"og:title\" content=\"Crie um lindo suporte para vaso de plantas usando sobras ou peda\u00e7os de madeira - Estado de Minas - Em foco\" \/>\n<meta property=\"og:description\" content=\"Aprenda a fazer porta-vasos de madeira usando retalhos e sobras. Uma solu\u00e7\u00e3o pr\u00e1tica, bonita e sustent\u00e1vel para organizar plantas em casa.\" \/>\n<meta property=\"og:url\" content=\"https:\/\/www.em.com.br\/emfoco\/2026\/01\/20\/crie-um-lindo-suporte-para-vaso-de-plantas-usando-sobras-ou-pedacos-de-madeira\/\" \/>\n<meta property=\"og:site_name\" content=\"Estado de Minas - Em foco\" \/>\n<meta property=\"article:published_time\" content=\"2026-01-20T17:45:00+00:00\" \/>\n<meta property=\"article:modified_time\" content=\"2026-01-19T23:18:26+00:00\" \/>\n<meta property=\"og:image\" content=\"https:\/\/www.em.com.br\/emfoco\/wp-content\/uploads\/2026\/01\/Gemini_Generated_Image_chzxyhchzxyhchzx-1.png\" \/>\n\t<meta property=\"og:image:width\" content=\"1280\" \/>\n\t<meta property=\"og:image:height\" content=\"720\" \/>\n\t<meta property=\"og:image:type\" content=\"image\/png\" \/>\n<meta name=\"author\" content=\"Andre\u0301 Rangel\u00a0\" \/>\n<meta name=\"twitter:card\" content=\"summary_large_image\" \/>\n<meta name=\"twitter:label1\" content=\"Escrito por\" \/>\n\t<meta name=\"twitter:data1\" content=\"Andre\u0301 Rangel\u00a0\" \/>\n\t<meta name=\"twitter:label2\" content=\"Est. tempo de leitura\" \/>\n\t<meta name=\"twitter:data2\" content=\"5 minutos\" \/>\n<!-- \/ Yoast SEO plugin. -->","yoast_head_json":{"title":"Crie um lindo suporte para vaso de plantas usando sobras ou peda\u00e7os de madeira - Estado de Minas - Em foco","description":"Aprenda a fazer porta-vasos de madeira usando retalhos e sobras. Uma solu\u00e7\u00e3o pr\u00e1tica, bonita e sustent\u00e1vel para organizar plantas em casa.","robots":{"index":"index","follow":"follow","max-snippet":"max-snippet:-1","max-image-preview":"max-image-preview:large","max-video-preview":"max-video-preview:-1"},"canonical":"https:\/\/www.em.com.br\/emfoco\/2026\/01\/20\/crie-um-lindo-suporte-para-vaso-de-plantas-usando-sobras-ou-pedacos-de-madeira\/","og_locale":"pt_BR","og_type":"article","og_title":"Crie um lindo suporte para vaso de plantas usando sobras ou peda\u00e7os de madeira - Estado de Minas - Em foco","og_description":"Aprenda a fazer porta-vasos de madeira usando retalhos e sobras. Uma solu\u00e7\u00e3o pr\u00e1tica, bonita e sustent\u00e1vel para organizar plantas em casa.","og_url":"https:\/\/www.em.com.br\/emfoco\/2026\/01\/20\/crie-um-lindo-suporte-para-vaso-de-plantas-usando-sobras-ou-pedacos-de-madeira\/","og_site_name":"Estado de Minas - Em foco","article_published_time":"2026-01-20T17:45:00+00:00","article_modified_time":"2026-01-19T23:18:26+00:00","og_image":[{"width":1280,"height":720,"url":"https:\/\/www.em.com.br\/emfoco\/wp-content\/uploads\/2026\/01\/Gemini_Generated_Image_chzxyhchzxyhchzx-1.png","type":"image\/png"}],"author":"Andre\u0301 Rangel\u00a0","twitter_card":"summary_large_image","twitter_misc":{"Escrito por":"Andre\u0301 Rangel\u00a0","Est. tempo de leitura":"5 minutos"},"schema":{"@context":"https:\/\/schema.org","@graph":[{"@type":"WebPage","@id":"https:\/\/www.em.com.br\/emfoco\/2026\/01\/20\/crie-um-lindo-suporte-para-vaso-de-plantas-usando-sobras-ou-pedacos-de-madeira\/","url":"https:\/\/www.em.com.br\/emfoco\/2026\/01\/20\/crie-um-lindo-suporte-para-vaso-de-plantas-usando-sobras-ou-pedacos-de-madeira\/","name":"Crie um lindo suporte para vaso de plantas usando sobras ou peda\u00e7os de madeira - Estado de Minas - Em foco","isPartOf":{"@id":"https:\/\/www.em.com.br\/emfoco\/#website"},"primaryImageOfPage":{"@id":"https:\/\/www.em.com.br\/emfoco\/2026\/01\/20\/crie-um-lindo-suporte-para-vaso-de-plantas-usando-sobras-ou-pedacos-de-madeira\/#primaryimage"},"image":{"@id":"https:\/\/www.em.com.br\/emfoco\/2026\/01\/20\/crie-um-lindo-suporte-para-vaso-de-plantas-usando-sobras-ou-pedacos-de-madeira\/#primaryimage"},"thumbnailUrl":"https:\/\/www.em.com.br\/emfoco\/wp-content\/uploads\/2026\/01\/Gemini_Generated_Image_chzxyhchzxyhchzx-1.png","datePublished":"2026-01-20T17:45:00+00:00","dateModified":"2026-01-19T23:18:26+00:00","author":{"@id":"https:\/\/www.em.com.br\/emfoco\/#\/schema\/person\/60eda09c1fedf0d6891f4cef4b60b8b8"},"description":"Aprenda a fazer porta-vasos de madeira usando retalhos e sobras. Uma solu\u00e7\u00e3o pr\u00e1tica, bonita e sustent\u00e1vel para organizar plantas em casa.","breadcrumb":{"@id":"https:\/\/www.em.com.br\/emfoco\/2026\/01\/20\/crie-um-lindo-suporte-para-vaso-de-plantas-usando-sobras-ou-pedacos-de-madeira\/#breadcrumb"},"inLanguage":"pt-BR","potentialAction":[{"@type":"ReadAction","target":["https:\/\/www.em.com.br\/emfoco\/2026\/01\/20\/crie-um-lindo-suporte-para-vaso-de-plantas-usando-sobras-ou-pedacos-de-madeira\/"]}]},{"@type":"ImageObject","inLanguage":"pt-BR","@id":"https:\/\/www.em.com.br\/emfoco\/2026\/01\/20\/crie-um-lindo-suporte-para-vaso-de-plantas-usando-sobras-ou-pedacos-de-madeira\/#primaryimage","url":"https:\/\/www.em.com.br\/emfoco\/wp-content\/uploads\/2026\/01\/Gemini_Generated_Image_chzxyhchzxyhchzx-1.png","contentUrl":"https:\/\/www.em.com.br\/emfoco\/wp-content\/uploads\/2026\/01\/Gemini_Generated_Image_chzxyhchzxyhchzx-1.png","width":1280,"height":720,"caption":"O melhor jeito de fazer porta-vasos usando sobras de madeira"},{"@type":"BreadcrumbList","@id":"https:\/\/www.em.com.br\/emfoco\/2026\/01\/20\/crie-um-lindo-suporte-para-vaso-de-plantas-usando-sobras-ou-pedacos-de-madeira\/#breadcrumb","itemListElement":[{"@type":"ListItem","position":1,"name":"In\u00edcio","item":"https:\/\/www.em.com.br\/emfoco\/"},{"@type":"ListItem","position":2,"name":"Crie um lindo suporte para vaso de plantas usando sobras ou peda\u00e7os de madeira"}]},{"@type":"WebSite","@id":"https:\/\/www.em.com.br\/emfoco\/#website","url":"https:\/\/www.em.com.br\/emfoco\/","name":"Estado de Minas - Em foco","description":"Acompanhe as \u00faltimas not\u00edcias e fique bem informado sobre tudo o que acontece em Minas Gerais, Brasil e no mundo.","potentialAction":[{"@type":"SearchAction","target":{"@type":"EntryPoint","urlTemplate":"https:\/\/www.em.com.br\/emfoco\/?s={search_term_string}"},"query-input":{"@type":"PropertyValueSpecification","valueRequired":true,"valueName":"search_term_string"}}],"inLanguage":"pt-BR"},{"@type":"Person","@id":"https:\/\/www.em.com.br\/emfoco\/#\/schema\/person\/60eda09c1fedf0d6891f4cef4b60b8b8","name":"Andre\u0301 Rangel\u00a0","image":{"@type":"ImageObject","inLanguage":"pt-BR","@id":"https:\/\/www.em.com.br\/emfoco\/#\/schema\/person\/image\/","url":"https:\/\/secure.gravatar.com\/avatar\/6234dc814c77c8ef6d8bba622c787efc?s=96&d=mm&r=g","contentUrl":"https:\/\/secure.gravatar.com\/avatar\/6234dc814c77c8ef6d8bba622c787efc?s=96&d=mm&r=g","caption":"Andre\u0301 Rangel\u00a0"},"url":"https:\/\/www.em.com.br\/emfoco\/author\/luizmyth\/"}]}},"_links":{"self":[{"href":"https:\/\/www.em.com.br\/emfoco\/wp-json\/wp\/v2\/posts\/157060","targetHints":{"allow":["GET"]}}],"collection":[{"href":"https:\/\/www.em.com.br\/emfoco\/wp-json\/wp\/v2\/posts"}],"about":[{"href":"https:\/\/www.em.com.br\/emfoco\/wp-json\/wp\/v2\/types\/post"}],"author":[{"embeddable":true,"href":"https:\/\/www.em.com.br\/emfoco\/wp-json\/wp\/v2\/users\/11"}],"replies":[{"embeddable":true,"href":"https:\/\/www.em.com.br\/emfoco\/wp-json\/wp\/v2\/comments?post=157060"}],"version-history":[{"count":5,"href":"https:\/\/www.em.com.br\/emfoco\/wp-json\/wp\/v2\/posts\/157060\/revisions"}],"predecessor-version":[{"id":157087,"href":"https:\/\/www.em.com.br\/emfoco\/wp-json\/wp\/v2\/posts\/157060\/revisions\/157087"}],"wp:featuredmedia":[{"embeddable":true,"href":"https:\/\/www.em.com.br\/emfoco\/wp-json\/wp\/v2\/media\/157086"}],"wp:attachment":[{"href":"https:\/\/www.em.com.br\/emfoco\/wp-json\/wp\/v2\/media?parent=157060"}],"wp:term":[{"taxonomy":"category","embeddable":true,"href":"https:\/\/www.em.com.br\/emfoco\/wp-json\/wp\/v2\/categories?post=157060"},{"taxonomy":"post_tag","embeddable":true,"href":"https:\/\/www.em.com.br\/emfoco\/wp-json\/wp\/v2\/tags?post=157060"}],"curies":[{"name":"wp","href":"https:\/\/api.w.org\/{rel}","templated":true}]}}