{"id":157056,"date":"2026-01-20T06:35:00","date_gmt":"2026-01-20T09:35:00","guid":{"rendered":"https:\/\/www.em.com.br\/emfoco\/?p=157056"},"modified":"2026-01-19T20:15:05","modified_gmt":"2026-01-19T23:15:05","slug":"quais-signos-devo-carregar-uma-pedra-ametista-no-bolso-se-quiser-bloquear-energias-negativas","status":"publish","type":"post","link":"https:\/\/www.em.com.br\/emfoco\/2026\/01\/20\/quais-signos-devo-carregar-uma-pedra-ametista-no-bolso-se-quiser-bloquear-energias-negativas\/","title":{"rendered":"Quais signos devo carregar uma pedra ametista no bolso se quiser bloquear energias negativas?"},"content":{"rendered":"\n<p>A ametista \u00e9 frequentemente mencionada em tradi\u00e7\u00f5es espirituais e pr\u00e1ticas energ\u00e9ticas como uma aliada para o equil\u00edbrio emocional e mental. Hoje, em diferentes culturas e tamb\u00e9m em abordagens contempor\u00e2neas de bem-estar, essa gema violeta \u00e9 associada \u00e0 prote\u00e7\u00e3o, serenidade e fortalecimento interior, ganhando espa\u00e7o em ambientes dom\u00e9sticos, acess\u00f3rios pessoais e rotinas de autocuidado focadas em foco, descanso e autoconhecimento.<\/p>\n\n\n\n<h2 class=\"wp-block-heading\">O que \u00e9 a ametista e qual seu papel no Feng Shui e na espiritualidade<\/h2>\n\n\n\n<p>A palavra-chave principal neste tema \u00e9\u00a0<strong>ametista<\/strong>, uma variedade de quartzo violeta que pode variar do tom claro ao roxo intenso. No <a href=\"https:\/\/www.em.com.br\/emfoco\/2025\/12\/07\/o-lugar-certo-para-guardar-suas-chaves-e-nao-bloquear-o-dinheiro-conforme-o-feng-shui\/\" target=\"_blank\" rel=\"noreferrer noopener\">Feng Shui<\/a>, essa pedra \u00e9 vista como um cristal de alta vibra\u00e7\u00e3o, associado \u00e0 purifica\u00e7\u00e3o de ambientes, \u00e0 limpeza de energias densas e ao apoio em processos de introspec\u00e7\u00e3o.<\/p>\n\n\n\n<p>Tradi\u00e7\u00f5es antigas relacionam a ametista \u00e0 sobriedade, disciplina mental e sabedoria, muitas vezes ligada \u00e0 realeza e \u00e0 espiritualidade. Em leituras simb\u00f3licas modernas, ela \u00e9 descrita como um mineral da&nbsp;<strong>humildade<\/strong>&nbsp;e da&nbsp;<strong>harmonia<\/strong>, indicado para quem deseja fortalecer a intui\u00e7\u00e3o e manter a mente serena diante de decis\u00f5es importantes.<\/p>\n\n\n\n<p>Os signos que devem carregar uma ametista no bolso para bloquear energias negativas s\u00e3o:<\/p>\n\n\n\n<table style=\"width:100%; border-collapse:collapse; font-family:Arial, sans-serif; font-size:15px; margin:24px 0;\">\n  <thead>\n    <tr style=\"background-color:#cfeeea;\">\n      <th style=\"border:1px solid #b5d8d6; padding:12px; color:#000;\">\n        Signo\n      <\/th>\n      <th style=\"border:1px solid #b5d8d6; padding:12px; color:#000;\">\n        Por que a ametista \u00e9 indicada em 2026\n      <\/th>\n      <th style=\"border:1px solid #b5d8d6; padding:12px; color:#000;\">\n        Benef\u00edcio energ\u00e9tico principal\n      <\/th>\n    <\/tr>\n  <\/thead>\n\n  <tbody>\n    <tr style=\"background-color:#eef9f8;\"\n        onmouseover=\"this.style.backgroundColor='#dff3f1'\"\n        onmouseout=\"this.style.backgroundColor='#eef9f8'\">\n      <td style=\"border:1px solid #b5d8d6; padding:12px;\">\n        <strong>Peixes<\/strong>\n      <\/td>\n      <td style=\"border:1px solid #b5d8d6; padding:12px;\">\n        Liga\u00e7\u00e3o natural com a ametista. Em 2026, a transi\u00e7\u00e3o de Netuno aumenta a sensibilidade energ\u00e9tica.\n      <\/td>\n      <td style=\"border:1px solid #b5d8d6; padding:12px;\">\n        Prote\u00e7\u00e3o espiritual profunda e equil\u00edbrio emocional.\n      <\/td>\n    <\/tr>\n\n    <tr style=\"background-color:#e6f2fb;\"\n        onmouseover=\"this.style.backgroundColor='#d9ecfa'\"\n        onmouseout=\"this.style.backgroundColor='#e6f2fb'\">\n      <td style=\"border:1px solid #b5d8d6; padding:12px;\">\n        <strong>Aqu\u00e1rio<\/strong>\n      <\/td>\n      <td style=\"border:1px solid #b5d8d6; padding:12px;\">\n        Entrada do Sol e de Merc\u00fario no signo e influ\u00eancia intensa de Plut\u00e3o ao longo do ano.\n      <\/td>\n      <td style=\"border:1px solid #b5d8d6; padding:12px;\">\n        Clareza mental, serenidade e foco em per\u00edodos de mudan\u00e7a profunda.\n      <\/td>\n    <\/tr>\n\n    <tr style=\"background-color:#eef9f8;\"\n        onmouseover=\"this.style.backgroundColor='#dff3f1'\"\n        onmouseout=\"this.style.backgroundColor='#eef9f8'\">\n      <td style=\"border:1px solid #b5d8d6; padding:12px;\">\n        <strong>Sagit\u00e1rio<\/strong>\n      <\/td>\n      <td style=\"border:1px solid #b5d8d6; padding:12px;\">\n        Ano acelerado, com tend\u00eancia ao excesso mental e f\u00edsico.\n      <\/td>\n      <td style=\"border:1px solid #b5d8d6; padding:12px;\">\n        Redu\u00e7\u00e3o do estresse, prote\u00e7\u00e3o contra burnout e ancoragem emocional.\n      <\/td>\n    <\/tr>\n\n    <tr style=\"background-color:#e6f2fb;\"\n        onmouseover=\"this.style.backgroundColor='#d9ecfa'\"\n        onmouseout=\"this.style.backgroundColor='#e6f2fb'\">\n      <td style=\"border:1px solid #b5d8d6; padding:12px;\">\n        <strong>Virgem<\/strong>\n      <\/td>\n      <td style=\"border:1px solid #b5d8d6; padding:12px;\">\n        Alta sensibilidade energ\u00e9tica e tend\u00eancia a absorver tens\u00f5es externas.\n      <\/td>\n      <td style=\"border:1px solid #b5d8d6; padding:12px;\">\n        Prote\u00e7\u00e3o ps\u00edquica e transmuta\u00e7\u00e3o de pensamentos negativos.\n      <\/td>\n    <\/tr>\n\n    <tr style=\"background-color:#eef9f8;\"\n        onmouseover=\"this.style.backgroundColor='#dff3f1'\"\n        onmouseout=\"this.style.backgroundColor='#eef9f8'\">\n      <td style=\"border:1px solid #b5d8d6; padding:12px;\">\n        <strong>Escorpi\u00e3o<\/strong>\n      <\/td>\n      <td style=\"border:1px solid #b5d8d6; padding:12px;\">\n        Processos emocionais intensos e contato frequente com ambientes densos.\n      <\/td>\n      <td style=\"border:1px solid #b5d8d6; padding:12px;\">\n        Escudo energ\u00e9tico e equil\u00edbrio entre emo\u00e7\u00e3o e raz\u00e3o.\n      <\/td>\n    <\/tr>\n\n    <tr style=\"background-color:#cfeeea;\">\n      <td colspan=\"3\" style=\"border:1px solid #b5d8d6; padding:14px; font-size:14px;\">\n        <strong>Dicas energ\u00e9ticas para 2026:<\/strong><br><br>\n        \u2022 <strong>Pedra regente do ano:<\/strong> a granada vermelha \u00e9 considerada a pedra geral de 2026, ligada \u00e0 coragem, vitalidade e a\u00e7\u00e3o sob a reg\u00eancia de Marte.<br>\n        \u2022 <strong>Como energizar a ametista:<\/strong> lave em \u00e1gua corrente e deixe sob a luz do sol da manh\u00e3 por apenas <strong>5 minutos<\/strong>. Evite exposi\u00e7\u00e3o prolongada ao calor.\n      <\/td>\n    <\/tr>\n  <\/tbody>\n<\/table>\n\n\n\n\n<h2 class=\"wp-block-heading\">Como a ametista pode ser usada no dia a dia para prote\u00e7\u00e3o e equil\u00edbrio<\/h2>\n\n\n\n<p>No campo das pr\u00e1ticas energ\u00e9ticas, levar uma&nbsp;<strong>ametista no bolso<\/strong>&nbsp;\u00e9 visto como uma forma simples de criar um \u201cescudo\u201d simb\u00f3lico contra influ\u00eancias negativas. A ideia \u00e9 que a pedra funcione como um filtro, bloqueando vibra\u00e7\u00f5es associadas \u00e0 m\u00e1 sorte, \u00e0 inveja ou a ambientes considerados carregados.<\/p>\n\n\n\n<p>Al\u00e9m da prote\u00e7\u00e3o simb\u00f3lica, essa pedra semipreciosa costuma ser associada a benef\u00edcios emocionais e comportamentais, especialmente em rotinas de autocuidado. Entre os efeitos descritos em publica\u00e7\u00f5es de espiritualidade, destacam-se:<\/p>\n\n\n\n<ul class=\"wp-block-list\">\n<li>Aumentar a sensa\u00e7\u00e3o de seguran\u00e7a e autoconfian\u00e7a;<\/li>\n\n\n\n<li>Fortalecer a autoestima e o amor-pr\u00f3prio;<\/li>\n\n\n\n<li>Auxiliar na organiza\u00e7\u00e3o mental e clareza de ideias;<\/li>\n\n\n\n<li>Contribuir para um estado de maior tranquilidade ao longo do dia.<\/li>\n<\/ul>\n\n\n\n<h2 class=\"wp-block-heading\">De que forma a ametista \u00e9 usada para sono melhor e redu\u00e7\u00e3o do estresse<\/h2>\n\n\n\n<p>Outro uso bastante difundido \u00e9 o da&nbsp;<strong>ametista para dormir<\/strong>&nbsp;e apoiar um descanso noturno mais profundo. Textos de Feng Shui e de outras linhas hol\u00edsticas descrevem essa gema como uma reguladora do sono, capaz de favorecer relaxamento mental, aliviar tens\u00f5es e criar um ambiente mais acolhedor para o repouso.<\/p>\n\n\n\n<figure class=\"wp-block-image size-large\"><img loading=\"lazy\" decoding=\"async\" width=\"1024\" height=\"576\" src=\"https:\/\/www.em.com.br\/emfoco\/wp-content\/uploads\/2026\/01\/Gemini_Generated_Image_kr5xpekr5xpekr5x-1-1024x576.png\" alt=\"O poder silencioso da ametista que poucas pessoas usam direito\" class=\"wp-image-157078\" srcset=\"https:\/\/www.em.com.br\/emfoco\/wp-content\/uploads\/2026\/01\/Gemini_Generated_Image_kr5xpekr5xpekr5x-1-1024x576.png 1024w, https:\/\/www.em.com.br\/emfoco\/wp-content\/uploads\/2026\/01\/Gemini_Generated_Image_kr5xpekr5xpekr5x-1-300x169.png 300w, https:\/\/www.em.com.br\/emfoco\/wp-content\/uploads\/2026\/01\/Gemini_Generated_Image_kr5xpekr5xpekr5x-1-768x432.png 768w, https:\/\/www.em.com.br\/emfoco\/wp-content\/uploads\/2026\/01\/Gemini_Generated_Image_kr5xpekr5xpekr5x-1-750x422.png 750w, https:\/\/www.em.com.br\/emfoco\/wp-content\/uploads\/2026\/01\/Gemini_Generated_Image_kr5xpekr5xpekr5x-1-1140x641.png 1140w, https:\/\/www.em.com.br\/emfoco\/wp-content\/uploads\/2026\/01\/Gemini_Generated_Image_kr5xpekr5xpekr5x-1.png 1280w\" sizes=\"auto, (max-width: 1024px) 100vw, 1024px\" \/><figcaption class=\"wp-element-caption\">O poder silencioso da ametista que poucas pessoas usam direito<\/figcaption><\/figure>\n\n\n\n<p>Muitas pessoas posicionam a pedra na mesa de cabeceira, sob o travesseiro ou pr\u00f3xima \u00e0 testa em momentos de descanso. Relatos sugerem redu\u00e7\u00e3o de agita\u00e7\u00e3o mental, suaviza\u00e7\u00e3o de medos noturnos, diminui\u00e7\u00e3o da frequ\u00eancia de pesadelos e al\u00edvio simb\u00f3lico de dores de cabe\u00e7a, sempre como pr\u00e1tica complementar e nunca como substitui\u00e7\u00e3o a cuidados m\u00e9dicos.<\/p>\n\n\n\n<h2 class=\"wp-block-heading\">Como usar a ametista na medita\u00e7\u00e3o, concentra\u00e7\u00e3o e bem-estar di\u00e1rio<\/h2>\n\n\n\n<p>A&nbsp;<strong>pedra ametista<\/strong>&nbsp;\u00e9 frequentemente associada \u00e0 concentra\u00e7\u00e3o e \u00e0 medita\u00e7\u00e3o, sendo comum em altares, mesas de trabalho e espa\u00e7os de pr\u00e1tica contemplativa. Em algumas abordagens esot\u00e9ricas, recomenda-se coloc\u00e1-la pr\u00f3ximo ao lado direito do peito ou na regi\u00e3o da cabe\u00e7a para intensificar a conex\u00e3o emocional e a sensa\u00e7\u00e3o de calma.<\/p>\n\n\n\n<p>No dia a dia, seu uso pode ser adaptado \u00e0 rotina de cada pessoa, integrando tanto pr\u00e1ticas espirituais quanto h\u00e1bitos simples de bem-estar:<\/p>\n\n\n\n<ol class=\"wp-block-list\">\n<li><strong>Em ambientes:<\/strong>\u00a0em mesas de cabeceira, escrit\u00f3rios ou \u00e1reas de descanso, simbolizando prote\u00e7\u00e3o e serenidade.<\/li>\n\n\n\n<li><strong>Como acess\u00f3rio:<\/strong>\u00a0em colares, pulseiras e an\u00e9is, mantendo a ametista em contato com a pele.<\/li>\n\n\n\n<li><strong>Em medita\u00e7\u00f5es:<\/strong>\u00a0segurando a pedra nas m\u00e3os ou deixando-a pr\u00f3xima ao corpo para favorecer foco e introspec\u00e7\u00e3o.<\/li>\n\n\n\n<li><strong>No bolso ou bolsa:<\/strong>\u00a0como um amuleto pessoal de equil\u00edbrio e prote\u00e7\u00e3o energ\u00e9tica.<\/li>\n<\/ol>\n\n\n\n<p>Selecionamos o v\u00eddeo do <strong>Tinocando TV<\/strong> que mostra como uma pedra ametista \u00e9 formada:<\/p>\n\n\n\n<iframe loading=\"lazy\" width=\"237\" height=\"419\" src=\"https:\/\/www.youtube.com\/embed\/AO8AZISJHz4\" title=\"como a AMETISTA \u00e9 FORMADA?\" frameborder=\"0\" allow=\"accelerometer; autoplay; clipboard-write; encrypted-media; gyroscope; picture-in-picture; web-share\" referrerpolicy=\"strict-origin-when-cross-origin\" allowfullscreen><\/iframe>\n\n\n\n<h2 class=\"wp-block-heading\">Qual \u00e9 o sentido de usar ametista hoje e por que agir agora<\/h2>\n\n\n\n<p>Embora n\u00e3o haja consenso cient\u00edfico sobre seus efeitos energ\u00e9ticos, a ametista segue ocupando um lugar de destaque entre as gemas associadas ao bem-estar, \u00e0 prote\u00e7\u00e3o e \u00e0 tranquilidade interior. Seu uso combina tradi\u00e7\u00e3o, simbolismo e experi\u00eancias pessoais, oferecendo um recurso acess\u00edvel para quem busca mais presen\u00e7a, calma e autoconhecimento no cotidiano.<\/p>\n\n\n\n<p>Se voc\u00ea sente que precisa de mais equil\u00edbrio emocional e noites de sono mais tranquilas, este \u00e9 o momento de testar a ametista de forma consciente. Escolha uma pedra, incorpore-a \u00e0 sua rotina por algumas semanas e observe, com sinceridade, o que muda em voc\u00ea: n\u00e3o adie esse cuidado, experimente agora e transforme sua energia antes que o cansa\u00e7o e o estresse se acumulem ainda mais.<\/p>\n","protected":false},"excerpt":{"rendered":"<p>A ametista \u00e9 frequentemente mencionada em tradi\u00e7\u00f5es espirituais e pr\u00e1ticas energ\u00e9ticas como uma aliada para o equil\u00edbrio emocional e mental. Hoje, em diferentes culturas e tamb\u00e9m em abordagens contempor\u00e2neas de bem-estar, essa gema violeta \u00e9 associada \u00e0 prote\u00e7\u00e3o, serenidade e fortalecimento interior, ganhando espa\u00e7o em ambientes dom\u00e9sticos, acess\u00f3rios pessoais e rotinas de autocuidado focadas em [&hellip;]<\/p>\n","protected":false},"author":11,"featured_media":157079,"comment_status":"open","ping_status":"open","sticky":false,"template":"","format":"standard","meta":{"jnews-multi-image_gallery":[],"jnews_single_post":{"format":"standard"},"jnews_primary_category":[],"jnews_social_meta":[],"jnews_override_counter":[],"footnotes":""},"categories":[1,25],"tags":[22952,22953,22954,22951],"class_list":["post-157056","post","type-post","status-publish","format-standard","has-post-thumbnail","hentry","category-noticias","category-signos","tag-ametista","tag-bem-estar-diario","tag-simbolo-de-protecao","tag-usar-ametista-no-bolso"],"yoast_head":"<!-- This site is optimized with the Yoast SEO plugin v23.8 - https:\/\/yoast.com\/wordpress\/plugins\/seo\/ -->\n<title>Quais signos devo carregar uma pedra ametista no bolso se quiser bloquear energias negativas? - Estado de Minas - Em foco<\/title>\n<meta name=\"description\" content=\"Usar ametista no bolso ou em casa se tornou comum para quem busca mais serenidade e foco. A pedra violeta ganha destaque no autocuidado.\" \/>\n<meta name=\"robots\" content=\"index, follow, max-snippet:-1, max-image-preview:large, max-video-preview:-1\" \/>\n<link rel=\"canonical\" href=\"https:\/\/www.em.com.br\/emfoco\/2026\/01\/20\/quais-signos-devo-carregar-uma-pedra-ametista-no-bolso-se-quiser-bloquear-energias-negativas\/\" \/>\n<meta property=\"og:locale\" content=\"pt_BR\" \/>\n<meta property=\"og:type\" content=\"article\" \/>\n<meta property=\"og:title\" content=\"Quais signos devo carregar uma pedra ametista no bolso se quiser bloquear energias negativas? - Estado de Minas - Em foco\" \/>\n<meta property=\"og:description\" content=\"Usar ametista no bolso ou em casa se tornou comum para quem busca mais serenidade e foco. A pedra violeta ganha destaque no autocuidado.\" \/>\n<meta property=\"og:url\" content=\"https:\/\/www.em.com.br\/emfoco\/2026\/01\/20\/quais-signos-devo-carregar-uma-pedra-ametista-no-bolso-se-quiser-bloquear-energias-negativas\/\" \/>\n<meta property=\"og:site_name\" content=\"Estado de Minas - Em foco\" \/>\n<meta property=\"article:published_time\" content=\"2026-01-20T09:35:00+00:00\" \/>\n<meta property=\"article:modified_time\" content=\"2026-01-19T23:15:05+00:00\" \/>\n<meta property=\"og:image\" content=\"https:\/\/www.em.com.br\/emfoco\/wp-content\/uploads\/2026\/01\/Gemini_Generated_Image_qjg40sqjg40sqjg4-1.png\" \/>\n\t<meta property=\"og:image:width\" content=\"1280\" \/>\n\t<meta property=\"og:image:height\" content=\"720\" \/>\n\t<meta property=\"og:image:type\" content=\"image\/png\" \/>\n<meta name=\"author\" content=\"Andre\u0301 Rangel\u00a0\" \/>\n<meta name=\"twitter:card\" content=\"summary_large_image\" \/>\n<meta name=\"twitter:label1\" content=\"Escrito por\" \/>\n\t<meta name=\"twitter:data1\" content=\"Andre\u0301 Rangel\u00a0\" \/>\n\t<meta name=\"twitter:label2\" content=\"Est. tempo de leitura\" \/>\n\t<meta name=\"twitter:data2\" content=\"6 minutos\" \/>\n<!-- \/ Yoast SEO plugin. -->","yoast_head_json":{"title":"Quais signos devo carregar uma pedra ametista no bolso se quiser bloquear energias negativas? - Estado de Minas - Em foco","description":"Usar ametista no bolso ou em casa se tornou comum para quem busca mais serenidade e foco. A pedra violeta ganha destaque no autocuidado.","robots":{"index":"index","follow":"follow","max-snippet":"max-snippet:-1","max-image-preview":"max-image-preview:large","max-video-preview":"max-video-preview:-1"},"canonical":"https:\/\/www.em.com.br\/emfoco\/2026\/01\/20\/quais-signos-devo-carregar-uma-pedra-ametista-no-bolso-se-quiser-bloquear-energias-negativas\/","og_locale":"pt_BR","og_type":"article","og_title":"Quais signos devo carregar uma pedra ametista no bolso se quiser bloquear energias negativas? - Estado de Minas - Em foco","og_description":"Usar ametista no bolso ou em casa se tornou comum para quem busca mais serenidade e foco. A pedra violeta ganha destaque no autocuidado.","og_url":"https:\/\/www.em.com.br\/emfoco\/2026\/01\/20\/quais-signos-devo-carregar-uma-pedra-ametista-no-bolso-se-quiser-bloquear-energias-negativas\/","og_site_name":"Estado de Minas - Em foco","article_published_time":"2026-01-20T09:35:00+00:00","article_modified_time":"2026-01-19T23:15:05+00:00","og_image":[{"width":1280,"height":720,"url":"https:\/\/www.em.com.br\/emfoco\/wp-content\/uploads\/2026\/01\/Gemini_Generated_Image_qjg40sqjg40sqjg4-1.png","type":"image\/png"}],"author":"Andre\u0301 Rangel\u00a0","twitter_card":"summary_large_image","twitter_misc":{"Escrito por":"Andre\u0301 Rangel\u00a0","Est. tempo de leitura":"6 minutos"},"schema":{"@context":"https:\/\/schema.org","@graph":[{"@type":"WebPage","@id":"https:\/\/www.em.com.br\/emfoco\/2026\/01\/20\/quais-signos-devo-carregar-uma-pedra-ametista-no-bolso-se-quiser-bloquear-energias-negativas\/","url":"https:\/\/www.em.com.br\/emfoco\/2026\/01\/20\/quais-signos-devo-carregar-uma-pedra-ametista-no-bolso-se-quiser-bloquear-energias-negativas\/","name":"Quais signos devo carregar uma pedra ametista no bolso se quiser bloquear energias negativas? - Estado de Minas - Em foco","isPartOf":{"@id":"https:\/\/www.em.com.br\/emfoco\/#website"},"primaryImageOfPage":{"@id":"https:\/\/www.em.com.br\/emfoco\/2026\/01\/20\/quais-signos-devo-carregar-uma-pedra-ametista-no-bolso-se-quiser-bloquear-energias-negativas\/#primaryimage"},"image":{"@id":"https:\/\/www.em.com.br\/emfoco\/2026\/01\/20\/quais-signos-devo-carregar-uma-pedra-ametista-no-bolso-se-quiser-bloquear-energias-negativas\/#primaryimage"},"thumbnailUrl":"https:\/\/www.em.com.br\/emfoco\/wp-content\/uploads\/2026\/01\/Gemini_Generated_Image_qjg40sqjg40sqjg4-1.png","datePublished":"2026-01-20T09:35:00+00:00","dateModified":"2026-01-19T23:15:05+00:00","author":{"@id":"https:\/\/www.em.com.br\/emfoco\/#\/schema\/person\/60eda09c1fedf0d6891f4cef4b60b8b8"},"description":"Usar ametista no bolso ou em casa se tornou comum para quem busca mais serenidade e foco. A pedra violeta ganha destaque no autocuidado.","breadcrumb":{"@id":"https:\/\/www.em.com.br\/emfoco\/2026\/01\/20\/quais-signos-devo-carregar-uma-pedra-ametista-no-bolso-se-quiser-bloquear-energias-negativas\/#breadcrumb"},"inLanguage":"pt-BR","potentialAction":[{"@type":"ReadAction","target":["https:\/\/www.em.com.br\/emfoco\/2026\/01\/20\/quais-signos-devo-carregar-uma-pedra-ametista-no-bolso-se-quiser-bloquear-energias-negativas\/"]}]},{"@type":"ImageObject","inLanguage":"pt-BR","@id":"https:\/\/www.em.com.br\/emfoco\/2026\/01\/20\/quais-signos-devo-carregar-uma-pedra-ametista-no-bolso-se-quiser-bloquear-energias-negativas\/#primaryimage","url":"https:\/\/www.em.com.br\/emfoco\/wp-content\/uploads\/2026\/01\/Gemini_Generated_Image_qjg40sqjg40sqjg4-1.png","contentUrl":"https:\/\/www.em.com.br\/emfoco\/wp-content\/uploads\/2026\/01\/Gemini_Generated_Image_qjg40sqjg40sqjg4-1.png","width":1280,"height":720,"caption":"O poder silencioso da ametista que poucas pessoas usam direito"},{"@type":"BreadcrumbList","@id":"https:\/\/www.em.com.br\/emfoco\/2026\/01\/20\/quais-signos-devo-carregar-uma-pedra-ametista-no-bolso-se-quiser-bloquear-energias-negativas\/#breadcrumb","itemListElement":[{"@type":"ListItem","position":1,"name":"In\u00edcio","item":"https:\/\/www.em.com.br\/emfoco\/"},{"@type":"ListItem","position":2,"name":"Quais signos devo carregar uma pedra ametista no bolso se quiser bloquear energias negativas?"}]},{"@type":"WebSite","@id":"https:\/\/www.em.com.br\/emfoco\/#website","url":"https:\/\/www.em.com.br\/emfoco\/","name":"Estado de Minas - Em foco","description":"Acompanhe as \u00faltimas not\u00edcias e fique bem informado sobre tudo o que acontece em Minas Gerais, Brasil e no mundo.","potentialAction":[{"@type":"SearchAction","target":{"@type":"EntryPoint","urlTemplate":"https:\/\/www.em.com.br\/emfoco\/?s={search_term_string}"},"query-input":{"@type":"PropertyValueSpecification","valueRequired":true,"valueName":"search_term_string"}}],"inLanguage":"pt-BR"},{"@type":"Person","@id":"https:\/\/www.em.com.br\/emfoco\/#\/schema\/person\/60eda09c1fedf0d6891f4cef4b60b8b8","name":"Andre\u0301 Rangel\u00a0","image":{"@type":"ImageObject","inLanguage":"pt-BR","@id":"https:\/\/www.em.com.br\/emfoco\/#\/schema\/person\/image\/","url":"https:\/\/secure.gravatar.com\/avatar\/6234dc814c77c8ef6d8bba622c787efc?s=96&d=mm&r=g","contentUrl":"https:\/\/secure.gravatar.com\/avatar\/6234dc814c77c8ef6d8bba622c787efc?s=96&d=mm&r=g","caption":"Andre\u0301 Rangel\u00a0"},"url":"https:\/\/www.em.com.br\/emfoco\/author\/luizmyth\/"}]}},"_links":{"self":[{"href":"https:\/\/www.em.com.br\/emfoco\/wp-json\/wp\/v2\/posts\/157056","targetHints":{"allow":["GET"]}}],"collection":[{"href":"https:\/\/www.em.com.br\/emfoco\/wp-json\/wp\/v2\/posts"}],"about":[{"href":"https:\/\/www.em.com.br\/emfoco\/wp-json\/wp\/v2\/types\/post"}],"author":[{"embeddable":true,"href":"https:\/\/www.em.com.br\/emfoco\/wp-json\/wp\/v2\/users\/11"}],"replies":[{"embeddable":true,"href":"https:\/\/www.em.com.br\/emfoco\/wp-json\/wp\/v2\/comments?post=157056"}],"version-history":[{"count":4,"href":"https:\/\/www.em.com.br\/emfoco\/wp-json\/wp\/v2\/posts\/157056\/revisions"}],"predecessor-version":[{"id":157080,"href":"https:\/\/www.em.com.br\/emfoco\/wp-json\/wp\/v2\/posts\/157056\/revisions\/157080"}],"wp:featuredmedia":[{"embeddable":true,"href":"https:\/\/www.em.com.br\/emfoco\/wp-json\/wp\/v2\/media\/157079"}],"wp:attachment":[{"href":"https:\/\/www.em.com.br\/emfoco\/wp-json\/wp\/v2\/media?parent=157056"}],"wp:term":[{"taxonomy":"category","embeddable":true,"href":"https:\/\/www.em.com.br\/emfoco\/wp-json\/wp\/v2\/categories?post=157056"},{"taxonomy":"post_tag","embeddable":true,"href":"https:\/\/www.em.com.br\/emfoco\/wp-json\/wp\/v2\/tags?post=157056"}],"curies":[{"name":"wp","href":"https:\/\/api.w.org\/{rel}","templated":true}]}}