{"id":157016,"date":"2026-01-20T16:05:00","date_gmt":"2026-01-20T19:05:00","guid":{"rendered":"https:\/\/www.em.com.br\/emfoco\/?p=157016"},"modified":"2026-01-19T20:21:11","modified_gmt":"2026-01-19T23:21:11","slug":"deixar-o-carregador-na-tomada-pode-custar-muito-caro-como-esse-habito-impacta-a-conta-de-luz","status":"publish","type":"post","link":"https:\/\/www.em.com.br\/emfoco\/2026\/01\/20\/deixar-o-carregador-na-tomada-pode-custar-muito-caro-como-esse-habito-impacta-a-conta-de-luz\/","title":{"rendered":"Deixar o carregador na tomada pode custar muito caro: como esse h\u00e1bito impacta a conta de luz"},"content":{"rendered":"\n<p>Deixar o carregador do celular na tomada, mesmo sem o aparelho conectado, \u00e9 um h\u00e1bito comum em casas e escrit\u00f3rios, mas ele est\u00e1 diretamente ligado ao chamado&nbsp;<strong>consumo fantasma de energia<\/strong>, que afeta a conta de luz, reduz a efici\u00eancia energ\u00e9tica e ainda pode trazer riscos \u00e0 seguran\u00e7a e \u00e0 durabilidade dos equipamentos.<\/p>\n\n\n\n<h2 class=\"wp-block-heading\">O que \u00e9 consumo fantasma de energia e como ele funciona?<\/h2>\n\n\n\n<p>O termo\u00a0<strong><a href=\"https:\/\/econsciente.com.br\/o-que-e-consumo-fantasma-6-dicas-economia-casa\/\" target=\"_blank\" rel=\"noreferrer noopener\">consumo fantasma<\/a><\/strong>\u00a0descreve a energia usada por dispositivos eletr\u00f4nicos em modo de espera, stand-by ou apenas conectados \u00e0 tomada sem uso real. Carregadores de celular, TVs, roteadores, notebooks e micro-ondas podem consumir energia continuamente, mesmo \u201cdesligados\u201d.<\/p>\n\n\n\n<p>No caso do carregador de celular, o circuito interno permanece energizado e pronto para uso, exigindo um fluxo constante de eletricidade. Em locais com v\u00e1rios carregadores conectados o tempo todo, como escrit\u00f3rios ou casas com muitos moradores, esse consumo invis\u00edvel se torna mais relevante ao longo do m\u00eas.<\/p>\n\n\n\n<figure class=\"wp-block-image\"><img decoding=\"async\" src=\"https:\/\/www.em.com.br\/emfoco\/wp-content\/uploads\/2025\/06\/bateria-celular_1749656525657-1024x576.jpg\" alt=\"\"\/><figcaption class=\"wp-element-caption\">Consumo fantasma: o risco de deixar o carregador ligado &#8211; Cr\u00e9ditos: depositphotos.com \/ Wise_ant<\/figcaption><\/figure>\n\n\n\n<h2 class=\"wp-block-heading\">Deixar o carregador na tomada aumenta muito a conta de luz?<\/h2>\n\n\n\n<p>O impacto de um \u00fanico carregador na<a href=\"https:\/\/www.em.com.br\/emfoco\/2026\/01\/17\/voce-paga-caro-e-nem-sabe-por-que-esses-3-aparelhos-estao-sabotando-sua-conta-de-luz-todo-mes\/\" target=\"_blank\" rel=\"noreferrer noopener\"> conta de luz<\/a> costuma ser pequeno, mas n\u00e3o desprez\u00edvel. O problema aparece quando somamos v\u00e1rios carregadores e outros aparelhos em stand-by, especialmente em ambientes com muitos dispositivos ligados 24 horas por dia.<\/p>\n\n\n\n<p>Para entender melhor esse efeito no bolso, \u00e9 importante considerar alguns fatores b\u00e1sicos que influenciam esse gasto cont\u00ednuo e silencioso de energia:<\/p>\n\n\n\n<ul class=\"wp-block-list\">\n<li><strong>Pot\u00eancia e efici\u00eancia do carregador<\/strong>: modelos antigos ou de baixa qualidade costumam desperdi\u00e7ar mais energia.<\/li>\n\n\n\n<li><strong>Tempo conectado<\/strong>: quanto mais horas o carregador fica na tomada sem uso, maior o desperd\u00edcio acumulado.<\/li>\n\n\n\n<li><strong>Quantidade de aparelhos<\/strong>: v\u00e1rios eletr\u00f4nicos em stand-by elevam o consumo fantasma total do im\u00f3vel.<\/li>\n\n\n\n<li><strong>Tarifa de energia<\/strong>: em regi\u00f5es com custo elevado por kWh, o impacto anual pode ser bem mais sentido no or\u00e7amento.<\/li>\n<\/ul>\n\n\n\n<h2 class=\"wp-block-heading\">Quais s\u00e3o os riscos e impactos al\u00e9m do gasto de energia?<\/h2>\n\n\n\n<p>Manter o carregador sempre na tomada n\u00e3o afeta apenas a conta de luz. Em instala\u00e7\u00f5es antigas, tomadas danificadas ou ambientes \u00famidos, qualquer equipamento ligado continuamente fica mais exposto a curtos-circuitos, surtos de tens\u00e3o e falhas el\u00e9tricas.<\/p>\n\n\n\n<p>O desgaste dos componentes internos tamb\u00e9m aumenta, j\u00e1 que o carregador permanece levemente aquecido o tempo todo. Itens falsificados ou sem certifica\u00e7\u00e3o, al\u00e9m de menos eficientes, podem superaquecer com mais facilidade, ampliando o risco de danos e at\u00e9 princ\u00edpios de inc\u00eandio ao redor de materiais inflam\u00e1veis.<\/p>\n\n\n\n<figure class=\"wp-block-image\"><img decoding=\"async\" src=\"https:\/\/www.em.com.br\/emfoco\/wp-content\/uploads\/2025\/04\/dinheiro-na-conta-brasil_1745085013618-1024x576.jpg\" alt=\"\"\/><figcaption class=\"wp-element-caption\">Conta de luz &#8211; Cr\u00e9ditos: depositphotos.com \/ rafapress<\/figcaption><\/figure>\n\n\n\n<h2 class=\"wp-block-heading\">Como reduzir o consumo fantasma do carregador de celular no dia a dia?<\/h2>\n\n\n\n<p>Reduzir o&nbsp;<strong>consumo fantasma<\/strong>&nbsp;exige mudan\u00e7as simples de h\u00e1bito, come\u00e7ando por tirar o carregador da tomada ap\u00f3s o uso. Esse gesto corta o gasto ocioso de energia e ainda contribui para aumentar a vida \u00fatil do acess\u00f3rio e do pr\u00f3prio sistema el\u00e9trico da casa.<\/p>\n\n\n\n<p>Para tornar essa rotina mais pr\u00e1tica e constante, vale adotar algumas solu\u00e7\u00f5es inteligentes de organiza\u00e7\u00e3o e uso consciente:<\/p>\n\n\n\n<ol class=\"wp-block-list\">\n<li><strong>Usar filtros de linha com chave liga\/desliga<\/strong>: um \u00fanico bot\u00e3o desliga todos os aparelhos conectados, incluindo carregadores.<\/li>\n\n\n\n<li><strong>Organizar um ponto fixo de recarga<\/strong>: concentrar carregadores em um local ajuda a visualizar o que est\u00e1 conectado sem necessidade.<\/li>\n\n\n\n<li><strong>Priorizar carregadores certificados e eficientes<\/strong>: modelos com selo de qualidade consomem menos e s\u00e3o mais seguros.<\/li>\n\n\n\n<li><strong>Criar uma rotina de desligamento<\/strong>: antes de dormir ou sair de casa, desconectar carregadores e eletr\u00f4nicos reduz horas de consumo in\u00fatil.<\/li>\n<\/ol>\n\n\n\n<h2 class=\"wp-block-heading\">Por que mudar esse h\u00e1bito agora e qual \u00e9 o impacto real?<\/h2>\n\n\n\n<p>Em um cen\u00e1rio de tarifas de energia cada vez mais altas e maior press\u00e3o sobre os recursos naturais, combater o consumo fantasma \u00e9 uma a\u00e7\u00e3o simples com efeito imediato. Tirar o carregador da tomada, escolher equipamentos certificados e evitar o stand-by permanente geram economia, reduzem riscos e ainda demonstram responsabilidade com o uso da energia.<\/p>\n\n\n\n<p>N\u00e3o espere a pr\u00f3xima conta de luz ou um problema el\u00e9trico para agir: comece hoje a desligar e desconectar o que n\u00e3o est\u00e1 em uso, revise seus carregadores e organize sua rotina de recarga. Cada gesto di\u00e1rio, por menor que pare\u00e7a, soma no fim do m\u00eas \u2014 e voc\u00ea pode sentir essa diferen\u00e7a no bolso e na seguran\u00e7a da sua casa agora mesmo.<\/p>\n","protected":false},"excerpt":{"rendered":"<p>Deixar o carregador do celular na tomada, mesmo sem o aparelho conectado, \u00e9 um h\u00e1bito comum em casas e escrit\u00f3rios, mas ele est\u00e1 diretamente ligado ao chamado&nbsp;consumo fantasma de energia, que afeta a conta de luz, reduz a efici\u00eancia energ\u00e9tica e ainda pode trazer riscos \u00e0 seguran\u00e7a e \u00e0 durabilidade dos equipamentos. O que \u00e9 [&hellip;]<\/p>\n","protected":false},"author":11,"featured_media":157048,"comment_status":"open","ping_status":"open","sticky":false,"template":"","format":"standard","meta":{"jnews-multi-image_gallery":[],"jnews_single_post":{"format":"standard"},"jnews_primary_category":[],"jnews_social_meta":[],"jnews_override_counter":[],"footnotes":""},"categories":[1,4204],"tags":[22946,4791,15757,1018,868],"class_list":["post-157016","post","type-post","status-publish","format-standard","has-post-thumbnail","hentry","category-noticias","category-tecnologia","tag-carregador-do-celular","tag-consumo","tag-consumo-alto-de-energia","tag-conta-de-luz","tag-energia"],"yoast_head":"<!-- This site is optimized with the Yoast SEO plugin v23.8 - https:\/\/yoast.com\/wordpress\/plugins\/seo\/ -->\n<title>Deixar o carregador na tomada pode custar muito caro: como esse h\u00e1bito impacta a conta de luz - Estado de Minas - Em foco<\/title>\n<meta name=\"description\" content=\"Deixar o carregador do celular na tomada gera consumo fantasma de energia, aumenta gastos e pode trazer riscos el\u00e9tricos.\" \/>\n<meta name=\"robots\" content=\"index, follow, max-snippet:-1, max-image-preview:large, max-video-preview:-1\" \/>\n<link rel=\"canonical\" href=\"https:\/\/www.em.com.br\/emfoco\/2026\/01\/20\/deixar-o-carregador-na-tomada-pode-custar-muito-caro-como-esse-habito-impacta-a-conta-de-luz\/\" \/>\n<meta property=\"og:locale\" content=\"pt_BR\" \/>\n<meta property=\"og:type\" content=\"article\" \/>\n<meta property=\"og:title\" content=\"Deixar o carregador na tomada pode custar muito caro: como esse h\u00e1bito impacta a conta de luz - Estado de Minas - Em foco\" \/>\n<meta property=\"og:description\" content=\"Deixar o carregador do celular na tomada gera consumo fantasma de energia, aumenta gastos e pode trazer riscos el\u00e9tricos.\" \/>\n<meta property=\"og:url\" content=\"https:\/\/www.em.com.br\/emfoco\/2026\/01\/20\/deixar-o-carregador-na-tomada-pode-custar-muito-caro-como-esse-habito-impacta-a-conta-de-luz\/\" \/>\n<meta property=\"og:site_name\" content=\"Estado de Minas - Em foco\" \/>\n<meta property=\"article:published_time\" content=\"2026-01-20T19:05:00+00:00\" \/>\n<meta property=\"article:modified_time\" content=\"2026-01-19T23:21:11+00:00\" \/>\n<meta property=\"og:image\" content=\"https:\/\/www.em.com.br\/emfoco\/wp-content\/uploads\/2026\/01\/Gemini_Generated_Image_nag4znag4znag4zn-1.png\" \/>\n\t<meta property=\"og:image:width\" content=\"1280\" \/>\n\t<meta property=\"og:image:height\" content=\"720\" \/>\n\t<meta property=\"og:image:type\" content=\"image\/png\" \/>\n<meta name=\"author\" content=\"Andre\u0301 Rangel\u00a0\" \/>\n<meta name=\"twitter:card\" content=\"summary_large_image\" \/>\n<meta name=\"twitter:label1\" content=\"Escrito por\" \/>\n\t<meta name=\"twitter:data1\" content=\"Andre\u0301 Rangel\u00a0\" \/>\n\t<meta name=\"twitter:label2\" content=\"Est. tempo de leitura\" \/>\n\t<meta name=\"twitter:data2\" content=\"5 minutos\" \/>\n<!-- \/ Yoast SEO plugin. -->","yoast_head_json":{"title":"Deixar o carregador na tomada pode custar muito caro: como esse h\u00e1bito impacta a conta de luz - Estado de Minas - Em foco","description":"Deixar o carregador do celular na tomada gera consumo fantasma de energia, aumenta gastos e pode trazer riscos el\u00e9tricos.","robots":{"index":"index","follow":"follow","max-snippet":"max-snippet:-1","max-image-preview":"max-image-preview:large","max-video-preview":"max-video-preview:-1"},"canonical":"https:\/\/www.em.com.br\/emfoco\/2026\/01\/20\/deixar-o-carregador-na-tomada-pode-custar-muito-caro-como-esse-habito-impacta-a-conta-de-luz\/","og_locale":"pt_BR","og_type":"article","og_title":"Deixar o carregador na tomada pode custar muito caro: como esse h\u00e1bito impacta a conta de luz - Estado de Minas - Em foco","og_description":"Deixar o carregador do celular na tomada gera consumo fantasma de energia, aumenta gastos e pode trazer riscos el\u00e9tricos.","og_url":"https:\/\/www.em.com.br\/emfoco\/2026\/01\/20\/deixar-o-carregador-na-tomada-pode-custar-muito-caro-como-esse-habito-impacta-a-conta-de-luz\/","og_site_name":"Estado de Minas - Em foco","article_published_time":"2026-01-20T19:05:00+00:00","article_modified_time":"2026-01-19T23:21:11+00:00","og_image":[{"width":1280,"height":720,"url":"https:\/\/www.em.com.br\/emfoco\/wp-content\/uploads\/2026\/01\/Gemini_Generated_Image_nag4znag4znag4zn-1.png","type":"image\/png"}],"author":"Andre\u0301 Rangel\u00a0","twitter_card":"summary_large_image","twitter_misc":{"Escrito por":"Andre\u0301 Rangel\u00a0","Est. tempo de leitura":"5 minutos"},"schema":{"@context":"https:\/\/schema.org","@graph":[{"@type":"WebPage","@id":"https:\/\/www.em.com.br\/emfoco\/2026\/01\/20\/deixar-o-carregador-na-tomada-pode-custar-muito-caro-como-esse-habito-impacta-a-conta-de-luz\/","url":"https:\/\/www.em.com.br\/emfoco\/2026\/01\/20\/deixar-o-carregador-na-tomada-pode-custar-muito-caro-como-esse-habito-impacta-a-conta-de-luz\/","name":"Deixar o carregador na tomada pode custar muito caro: como esse h\u00e1bito impacta a conta de luz - Estado de Minas - Em foco","isPartOf":{"@id":"https:\/\/www.em.com.br\/emfoco\/#website"},"primaryImageOfPage":{"@id":"https:\/\/www.em.com.br\/emfoco\/2026\/01\/20\/deixar-o-carregador-na-tomada-pode-custar-muito-caro-como-esse-habito-impacta-a-conta-de-luz\/#primaryimage"},"image":{"@id":"https:\/\/www.em.com.br\/emfoco\/2026\/01\/20\/deixar-o-carregador-na-tomada-pode-custar-muito-caro-como-esse-habito-impacta-a-conta-de-luz\/#primaryimage"},"thumbnailUrl":"https:\/\/www.em.com.br\/emfoco\/wp-content\/uploads\/2026\/01\/Gemini_Generated_Image_nag4znag4znag4zn-1.png","datePublished":"2026-01-20T19:05:00+00:00","dateModified":"2026-01-19T23:21:11+00:00","author":{"@id":"https:\/\/www.em.com.br\/emfoco\/#\/schema\/person\/60eda09c1fedf0d6891f4cef4b60b8b8"},"description":"Deixar o carregador do celular na tomada gera consumo fantasma de energia, aumenta gastos e pode trazer riscos el\u00e9tricos.","breadcrumb":{"@id":"https:\/\/www.em.com.br\/emfoco\/2026\/01\/20\/deixar-o-carregador-na-tomada-pode-custar-muito-caro-como-esse-habito-impacta-a-conta-de-luz\/#breadcrumb"},"inLanguage":"pt-BR","potentialAction":[{"@type":"ReadAction","target":["https:\/\/www.em.com.br\/emfoco\/2026\/01\/20\/deixar-o-carregador-na-tomada-pode-custar-muito-caro-como-esse-habito-impacta-a-conta-de-luz\/"]}]},{"@type":"ImageObject","inLanguage":"pt-BR","@id":"https:\/\/www.em.com.br\/emfoco\/2026\/01\/20\/deixar-o-carregador-na-tomada-pode-custar-muito-caro-como-esse-habito-impacta-a-conta-de-luz\/#primaryimage","url":"https:\/\/www.em.com.br\/emfoco\/wp-content\/uploads\/2026\/01\/Gemini_Generated_Image_nag4znag4znag4zn-1.png","contentUrl":"https:\/\/www.em.com.br\/emfoco\/wp-content\/uploads\/2026\/01\/Gemini_Generated_Image_nag4znag4znag4zn-1.png","width":1280,"height":720,"caption":"Deixar carregador na tomada faz mal ao bolso e \u00e0 seguran\u00e7a"},{"@type":"BreadcrumbList","@id":"https:\/\/www.em.com.br\/emfoco\/2026\/01\/20\/deixar-o-carregador-na-tomada-pode-custar-muito-caro-como-esse-habito-impacta-a-conta-de-luz\/#breadcrumb","itemListElement":[{"@type":"ListItem","position":1,"name":"In\u00edcio","item":"https:\/\/www.em.com.br\/emfoco\/"},{"@type":"ListItem","position":2,"name":"Deixar o carregador na tomada pode custar muito caro: como esse h\u00e1bito impacta a conta de luz"}]},{"@type":"WebSite","@id":"https:\/\/www.em.com.br\/emfoco\/#website","url":"https:\/\/www.em.com.br\/emfoco\/","name":"Estado de Minas - Em foco","description":"Acompanhe as \u00faltimas not\u00edcias e fique bem informado sobre tudo o que acontece em Minas Gerais, Brasil e no mundo.","potentialAction":[{"@type":"SearchAction","target":{"@type":"EntryPoint","urlTemplate":"https:\/\/www.em.com.br\/emfoco\/?s={search_term_string}"},"query-input":{"@type":"PropertyValueSpecification","valueRequired":true,"valueName":"search_term_string"}}],"inLanguage":"pt-BR"},{"@type":"Person","@id":"https:\/\/www.em.com.br\/emfoco\/#\/schema\/person\/60eda09c1fedf0d6891f4cef4b60b8b8","name":"Andre\u0301 Rangel\u00a0","image":{"@type":"ImageObject","inLanguage":"pt-BR","@id":"https:\/\/www.em.com.br\/emfoco\/#\/schema\/person\/image\/","url":"https:\/\/secure.gravatar.com\/avatar\/6234dc814c77c8ef6d8bba622c787efc?s=96&d=mm&r=g","contentUrl":"https:\/\/secure.gravatar.com\/avatar\/6234dc814c77c8ef6d8bba622c787efc?s=96&d=mm&r=g","caption":"Andre\u0301 Rangel\u00a0"},"url":"https:\/\/www.em.com.br\/emfoco\/author\/luizmyth\/"}]}},"_links":{"self":[{"href":"https:\/\/www.em.com.br\/emfoco\/wp-json\/wp\/v2\/posts\/157016","targetHints":{"allow":["GET"]}}],"collection":[{"href":"https:\/\/www.em.com.br\/emfoco\/wp-json\/wp\/v2\/posts"}],"about":[{"href":"https:\/\/www.em.com.br\/emfoco\/wp-json\/wp\/v2\/types\/post"}],"author":[{"embeddable":true,"href":"https:\/\/www.em.com.br\/emfoco\/wp-json\/wp\/v2\/users\/11"}],"replies":[{"embeddable":true,"href":"https:\/\/www.em.com.br\/emfoco\/wp-json\/wp\/v2\/comments?post=157016"}],"version-history":[{"count":3,"href":"https:\/\/www.em.com.br\/emfoco\/wp-json\/wp\/v2\/posts\/157016\/revisions"}],"predecessor-version":[{"id":157049,"href":"https:\/\/www.em.com.br\/emfoco\/wp-json\/wp\/v2\/posts\/157016\/revisions\/157049"}],"wp:featuredmedia":[{"embeddable":true,"href":"https:\/\/www.em.com.br\/emfoco\/wp-json\/wp\/v2\/media\/157048"}],"wp:attachment":[{"href":"https:\/\/www.em.com.br\/emfoco\/wp-json\/wp\/v2\/media?parent=157016"}],"wp:term":[{"taxonomy":"category","embeddable":true,"href":"https:\/\/www.em.com.br\/emfoco\/wp-json\/wp\/v2\/categories?post=157016"},{"taxonomy":"post_tag","embeddable":true,"href":"https:\/\/www.em.com.br\/emfoco\/wp-json\/wp\/v2\/tags?post=157016"}],"curies":[{"name":"wp","href":"https:\/\/api.w.org\/{rel}","templated":true}]}}