{"id":157010,"date":"2026-01-20T12:45:00","date_gmt":"2026-01-20T15:45:00","guid":{"rendered":"https:\/\/www.em.com.br\/emfoco\/?p=157010"},"modified":"2026-01-19T20:17:42","modified_gmt":"2026-01-19T23:17:42","slug":"levantamento-revela-quais-as-profissoes-que-mais-podem-crescer-em-2026","status":"publish","type":"post","link":"https:\/\/www.em.com.br\/emfoco\/2026\/01\/20\/levantamento-revela-quais-as-profissoes-que-mais-podem-crescer-em-2026\/","title":{"rendered":"Levantamento revela quais as profiss\u00f5es que mais podem crescer em 2026"},"content":{"rendered":"\n<p>O mercado de trabalho no Brasil em 2026 tende a ser marcado por mudan\u00e7as r\u00e1pidas e por uma disputa maior por qualifica\u00e7\u00e3o. A tecnologia j\u00e1 n\u00e3o \u00e9 exclusividade de startups: hospitais, ind\u00fastrias, escrit\u00f3rios de advocacia e pequenos neg\u00f3cios incorporam solu\u00e7\u00f5es digitais, redefinindo fun\u00e7\u00f5es tradicionais e abrindo espa\u00e7o para carreiras conectadas a dados, automa\u00e7\u00e3o e intelig\u00eancia artificial.<\/p>\n\n\n\n<h2 class=\"wp-block-heading\">Quais profiss\u00f5es est\u00e3o em alta no Brasil em 2026<\/h2>\n\n\n\n<p>A express\u00e3o&nbsp;<strong>profiss\u00f5es que mais crescem no Brasil<\/strong>&nbsp;re\u00fane tanto cargos diretamente ligados \u00e0 tecnologia quanto fun\u00e7\u00f5es de gest\u00e3o, sa\u00fade e atendimento especializado. A intelig\u00eancia artificial, antes restrita a empresas de ponta, hoje aparece em setores variados, da ind\u00fastria ao varejo, ampliando o n\u00famero de vagas ligadas a dados, automa\u00e7\u00e3o e desenvolvimento.<\/p>\n\n\n\n<p>Entre as <a href=\"https:\/\/www.em.com.br\/emfoco\/2025\/05\/29\/por-tras-da-elegancia-essas-carreiras-escondem-um-lado-obscuro\/\" target=\"_blank\" rel=\"noreferrer noopener\">carreiras <\/a>em evid\u00eancia, destacam-se analista de dados, especialista em ciberseguran\u00e7a, desenvolvedor de software, gestor de produtos digitais e profissional de marketing orientado por m\u00e9tricas. Em paralelo, surgem fun\u00e7\u00f5es h\u00edbridas que combinam conhecimento t\u00e9cnico com habilidades de comunica\u00e7\u00e3o, lideran\u00e7a e vis\u00e3o de neg\u00f3cio.<\/p>\n\n\n\n<figure class=\"wp-block-image\"><img decoding=\"async\" src=\"https:\/\/www.em.com.br\/emfoco\/wp-content\/uploads\/2025\/10\/curriculo-_1759414038284-1024x576.jpg\" alt=\"\"\/><figcaption class=\"wp-element-caption\">As carreiras em alta no Brasil para 2026 &#8211; Cr\u00e9ditos: depositphotos.com \/ nito103<\/figcaption><\/figure>\n\n\n\n<h2 class=\"wp-block-heading\">Quais s\u00e3o as \u00e1reas mais promissoras no mercado brasileiro<\/h2>\n\n\n\n<p>As \u00e1reas mais promissoras para 2026 refletem avan\u00e7os tecnol\u00f3gicos, <a href=\"https:\/\/brasilescola.uol.com.br\/geografia\/envelhecimento-populacional.htm\" target=\"_blank\" rel=\"noreferrer noopener\">envelhecimento da popula\u00e7\u00e3o<\/a> e novos h\u00e1bitos de consumo. No topo est\u00e1 a\u00a0<strong>tecnologia da informa\u00e7\u00e3o<\/strong>, que segue gerando vagas para desenvolvedores, cientistas de dados, engenheiros de nuvem e especialistas em intelig\u00eancia artificial em bancos, varejo, log\u00edstica, sa\u00fade e educa\u00e7\u00e3o.<\/p>\n\n\n\n<p>Em seguida, o setor de&nbsp;<strong>sa\u00fade<\/strong>&nbsp;cresce com o envelhecimento populacional e a expans\u00e3o de servi\u00e7os, impulsionando fun\u00e7\u00f5es como enfermeiro especialista, gestor de cl\u00ednicas, profissional de telemedicina e analista de dados em sa\u00fade. J\u00e1 na&nbsp;<strong>gest\u00e3o<\/strong>, ganham for\u00e7a cargos como gerente de projetos, l\u00edder de opera\u00e7\u00f5es, business partner de RH e coordenador de experi\u00eancia do cliente.<\/p>\n\n\n\n<ul class=\"wp-block-list\">\n<li><strong>Tecnologia<\/strong>\u00a0\u2013 desenvolvimento de software, dados, seguran\u00e7a, IA e automa\u00e7\u00e3o.<\/li>\n\n\n\n<li><strong>Sa\u00fade<\/strong>\u00a0\u2013 assist\u00eancia, gest\u00e3o hospitalar, teleatendimento e an\u00e1lise de informa\u00e7\u00f5es m\u00e9dicas.<\/li>\n\n\n\n<li><strong>Gest\u00e3o e neg\u00f3cios<\/strong>\u00a0\u2013 lideran\u00e7a de equipes, estrat\u00e9gia e melhoria de processos.<\/li>\n\n\n\n<li><strong>Marketing e vendas digitais<\/strong>\u00a0\u2013 gest\u00e3o de tr\u00e1fego, CRM, conte\u00fado e performance online.<\/li>\n<\/ul>\n\n\n\n<h2 class=\"wp-block-heading\">Como a intelig\u00eancia artificial impacta as profiss\u00f5es em crescimento<\/h2>\n\n\n\n<p>A&nbsp;<strong>intelig\u00eancia artificial<\/strong>&nbsp;j\u00e1 est\u00e1 integrada a ferramentas de produtividade, plataformas de atendimento, sistemas de recomenda\u00e7\u00e3o e processos industriais. Assim, as&nbsp;<em>profiss\u00f5es em alta no Brasil<\/em>&nbsp;incluem tanto especialistas em IA quanto profissionais que saibam usar essas solu\u00e7\u00f5es no dia a dia, mesmo sem programar.<\/p>\n\n\n\n<p>Na pr\u00e1tica, a IA automatiza tarefas repetitivas, mas amplia a demanda por an\u00e1lise cr\u00edtica, tomada de decis\u00e3o e relacionamento humano. Em empresas que adotam chatbots, surgem carreiras como designer de conversa\u00e7\u00e3o, especialista em experi\u00eancia do cliente e analista de dados de atendimento, al\u00e9m de engenheiros e t\u00e9cnicos capazes de operar sistemas inteligentes na ind\u00fastria.<\/p>\n\n\n\n<ol class=\"wp-block-list\">\n<li>Ferramentas de IA assumem atividades rotineiras e padronizadas.<\/li>\n\n\n\n<li>Novas fun\u00e7\u00f5es surgem para configurar, monitorar e aprimorar essas ferramentas.<\/li>\n\n\n\n<li>Profissionais de gest\u00e3o precisam entender indicadores gerados por sistemas inteligentes.<\/li>\n\n\n\n<li>Sa\u00fade e educa\u00e7\u00e3o utilizam IA para apoio a diagn\u00f3sticos e personaliza\u00e7\u00e3o de conte\u00fado.<\/li>\n<\/ol>\n\n\n\n<figure class=\"wp-block-image\"><img decoding=\"async\" src=\"https:\/\/www.em.com.br\/emfoco\/wp-content\/uploads\/2025\/10\/entrevista-de-emprego_1761849594026-1024x576.jpg\" alt=\"\"\/><figcaption class=\"wp-element-caption\">As carreiras em alta no Brasil para 2026 &#8211; Cr\u00e9ditos: depositphotos.com \/ baranq<\/figcaption><\/figure>\n\n\n\n<h2 class=\"wp-block-heading\">Quais habilidades s\u00e3o mais valorizadas nas profiss\u00f5es que mais crescem<\/h2>\n\n\n\n<p>Estudos de plataformas como LinkedIn mostram que o crescimento das carreiras est\u00e1 ligado ao conjunto de habilidades desenvolvidas. Compet\u00eancias t\u00e9cnicas seguem essenciais, como programa\u00e7\u00e3o, an\u00e1lise de dados, ferramentas de nuvem e metodologias \u00e1geis, mas precisam ser combinadas a uma mentalidade de aprendizado cont\u00ednuo.<\/p>\n\n\n\n<p>Ganha destaque quem comunica bem, se adapta r\u00e1pido, organiza rotinas em cen\u00e1rios de mudan\u00e7a e colabora em modelos h\u00edbridos ou remotos. Em ambientes com IA, leitura cr\u00edtica de relat\u00f3rios, interpreta\u00e7\u00e3o de m\u00e9tricas e capacidade de traduzir informa\u00e7\u00f5es t\u00e9cnicas em linguagem de neg\u00f3cios tornam-se diferenciais, assim como o dom\u00ednio do ingl\u00eas para acessar conte\u00fados globais.<\/p>\n\n\n\n<ul class=\"wp-block-list\">\n<li><strong>Compet\u00eancias t\u00e9cnicas<\/strong>\u00a0\u2013 dados, programa\u00e7\u00e3o, seguran\u00e7a, gest\u00e3o de projetos, ferramentas digitais.<\/li>\n\n\n\n<li><strong>Compet\u00eancias comportamentais<\/strong>\u00a0\u2013 flexibilidade, pensamento anal\u00edtico, colabora\u00e7\u00e3o e foco em resultados.<\/li>\n\n\n\n<li><strong>Idiomas<\/strong>\u00a0\u2013 principalmente ingl\u00eas, que amplia oportunidades e atualiza\u00e7\u00e3o profissional.<\/li>\n<\/ul>\n\n\n\n<h2 class=\"wp-block-heading\">Quais s\u00e3o as perspectivas e pr\u00f3ximos passos para sua carreira at\u00e9 2026<\/h2>\n\n\n\n<p>O cen\u00e1rio profissional em 2026 ser\u00e1 mais exigente, mas tamb\u00e9m mais aberto a migra\u00e7\u00f5es de carreira para quem investir em qualifica\u00e7\u00e3o e experi\u00eancias pr\u00e1ticas. Muitas das&nbsp;<strong>profiss\u00f5es que mais crescem no Brasil<\/strong>&nbsp;podem ser acessadas por meio de cursos atualizados, forma\u00e7\u00f5es r\u00e1pidas, projetos paralelos e programas online focados em tecnologia, sa\u00fade e gest\u00e3o.<\/p>\n\n\n\n<p>Em vez de um caminho linear, as carreiras passam a ser constru\u00eddas em ciclos de aprendizagem e reposicionamento constante. Se voc\u00ea quer se manter relevante, o momento de agir \u00e9 agora: escolha uma \u00e1rea, comece um curso ainda neste m\u00eas, busque um projeto real para aplicar o que aprender e n\u00e3o espere o mercado de 2026 bater \u00e0 sua porta \u2014 antecipe-se e construa hoje as oportunidades que vai disputar amanh\u00e3.<\/p>\n\n\n\n<p><\/p>\n","protected":false},"excerpt":{"rendered":"<p>O mercado de trabalho no Brasil em 2026 tende a ser marcado por mudan\u00e7as r\u00e1pidas e por uma disputa maior por qualifica\u00e7\u00e3o. A tecnologia j\u00e1 n\u00e3o \u00e9 exclusividade de startups: hospitais, ind\u00fastrias, escrit\u00f3rios de advocacia e pequenos neg\u00f3cios incorporam solu\u00e7\u00f5es digitais, redefinindo fun\u00e7\u00f5es tradicionais e abrindo espa\u00e7o para carreiras conectadas a dados, automa\u00e7\u00e3o e intelig\u00eancia [&hellip;]<\/p>\n","protected":false},"author":11,"featured_media":157046,"comment_status":"open","ping_status":"open","sticky":false,"template":"","format":"standard","meta":{"jnews-multi-image_gallery":[],"jnews_single_post":{"format":"standard"},"jnews_primary_category":[],"jnews_social_meta":[],"jnews_override_counter":[],"footnotes":""},"categories":[8819,1],"tags":[158,22945,1967,827,161],"class_list":["post-157010","post","type-post","status-publish","format-standard","has-post-thumbnail","hentry","category-curiosidades","category-noticias","tag-brasil","tag-carreiras","tag-mercado-de-trabalho","tag-profissoes","tag-tecnologia"],"yoast_head":"<!-- This site is optimized with the Yoast SEO plugin v23.8 - https:\/\/yoast.com\/wordpress\/plugins\/seo\/ -->\n<title>Levantamento revela quais as profiss\u00f5es que mais podem crescer em 2026 - Estado de Minas - Em foco<\/title>\n<meta name=\"description\" content=\"Veja quais s\u00e3o as profiss\u00f5es que mais crescem no Brasil em 2026 e como a tecnologia e a IA est\u00e3o mudando o mercado de trabalho.\" \/>\n<meta name=\"robots\" content=\"index, follow, max-snippet:-1, max-image-preview:large, max-video-preview:-1\" \/>\n<link rel=\"canonical\" href=\"https:\/\/www.em.com.br\/emfoco\/2026\/01\/20\/levantamento-revela-quais-as-profissoes-que-mais-podem-crescer-em-2026\/\" \/>\n<meta property=\"og:locale\" content=\"pt_BR\" \/>\n<meta property=\"og:type\" content=\"article\" \/>\n<meta property=\"og:title\" content=\"Levantamento revela quais as profiss\u00f5es que mais podem crescer em 2026 - Estado de Minas - Em foco\" \/>\n<meta property=\"og:description\" content=\"Veja quais s\u00e3o as profiss\u00f5es que mais crescem no Brasil em 2026 e como a tecnologia e a IA est\u00e3o mudando o mercado de trabalho.\" \/>\n<meta property=\"og:url\" content=\"https:\/\/www.em.com.br\/emfoco\/2026\/01\/20\/levantamento-revela-quais-as-profissoes-que-mais-podem-crescer-em-2026\/\" \/>\n<meta property=\"og:site_name\" content=\"Estado de Minas - Em foco\" \/>\n<meta property=\"article:published_time\" content=\"2026-01-20T15:45:00+00:00\" \/>\n<meta property=\"article:modified_time\" content=\"2026-01-19T23:17:42+00:00\" \/>\n<meta property=\"og:image\" content=\"https:\/\/www.em.com.br\/emfoco\/wp-content\/uploads\/2026\/01\/Gemini_Generated_Image_a7mujua7mujua7mu-1.png\" \/>\n\t<meta property=\"og:image:width\" content=\"1280\" \/>\n\t<meta property=\"og:image:height\" content=\"720\" \/>\n\t<meta property=\"og:image:type\" content=\"image\/png\" \/>\n<meta name=\"author\" content=\"Andre\u0301 Rangel\u00a0\" \/>\n<meta name=\"twitter:card\" content=\"summary_large_image\" \/>\n<meta name=\"twitter:label1\" content=\"Escrito por\" \/>\n\t<meta name=\"twitter:data1\" content=\"Andre\u0301 Rangel\u00a0\" \/>\n\t<meta name=\"twitter:label2\" content=\"Est. tempo de leitura\" \/>\n\t<meta name=\"twitter:data2\" content=\"5 minutos\" \/>\n<!-- \/ Yoast SEO plugin. -->","yoast_head_json":{"title":"Levantamento revela quais as profiss\u00f5es que mais podem crescer em 2026 - Estado de Minas - Em foco","description":"Veja quais s\u00e3o as profiss\u00f5es que mais crescem no Brasil em 2026 e como a tecnologia e a IA est\u00e3o mudando o mercado de trabalho.","robots":{"index":"index","follow":"follow","max-snippet":"max-snippet:-1","max-image-preview":"max-image-preview:large","max-video-preview":"max-video-preview:-1"},"canonical":"https:\/\/www.em.com.br\/emfoco\/2026\/01\/20\/levantamento-revela-quais-as-profissoes-que-mais-podem-crescer-em-2026\/","og_locale":"pt_BR","og_type":"article","og_title":"Levantamento revela quais as profiss\u00f5es que mais podem crescer em 2026 - Estado de Minas - Em foco","og_description":"Veja quais s\u00e3o as profiss\u00f5es que mais crescem no Brasil em 2026 e como a tecnologia e a IA est\u00e3o mudando o mercado de trabalho.","og_url":"https:\/\/www.em.com.br\/emfoco\/2026\/01\/20\/levantamento-revela-quais-as-profissoes-que-mais-podem-crescer-em-2026\/","og_site_name":"Estado de Minas - Em foco","article_published_time":"2026-01-20T15:45:00+00:00","article_modified_time":"2026-01-19T23:17:42+00:00","og_image":[{"width":1280,"height":720,"url":"https:\/\/www.em.com.br\/emfoco\/wp-content\/uploads\/2026\/01\/Gemini_Generated_Image_a7mujua7mujua7mu-1.png","type":"image\/png"}],"author":"Andre\u0301 Rangel\u00a0","twitter_card":"summary_large_image","twitter_misc":{"Escrito por":"Andre\u0301 Rangel\u00a0","Est. tempo de leitura":"5 minutos"},"schema":{"@context":"https:\/\/schema.org","@graph":[{"@type":"WebPage","@id":"https:\/\/www.em.com.br\/emfoco\/2026\/01\/20\/levantamento-revela-quais-as-profissoes-que-mais-podem-crescer-em-2026\/","url":"https:\/\/www.em.com.br\/emfoco\/2026\/01\/20\/levantamento-revela-quais-as-profissoes-que-mais-podem-crescer-em-2026\/","name":"Levantamento revela quais as profiss\u00f5es que mais podem crescer em 2026 - Estado de Minas - Em foco","isPartOf":{"@id":"https:\/\/www.em.com.br\/emfoco\/#website"},"primaryImageOfPage":{"@id":"https:\/\/www.em.com.br\/emfoco\/2026\/01\/20\/levantamento-revela-quais-as-profissoes-que-mais-podem-crescer-em-2026\/#primaryimage"},"image":{"@id":"https:\/\/www.em.com.br\/emfoco\/2026\/01\/20\/levantamento-revela-quais-as-profissoes-que-mais-podem-crescer-em-2026\/#primaryimage"},"thumbnailUrl":"https:\/\/www.em.com.br\/emfoco\/wp-content\/uploads\/2026\/01\/Gemini_Generated_Image_a7mujua7mujua7mu-1.png","datePublished":"2026-01-20T15:45:00+00:00","dateModified":"2026-01-19T23:17:42+00:00","author":{"@id":"https:\/\/www.em.com.br\/emfoco\/#\/schema\/person\/60eda09c1fedf0d6891f4cef4b60b8b8"},"description":"Veja quais s\u00e3o as profiss\u00f5es que mais crescem no Brasil em 2026 e como a tecnologia e a IA est\u00e3o mudando o mercado de trabalho.","breadcrumb":{"@id":"https:\/\/www.em.com.br\/emfoco\/2026\/01\/20\/levantamento-revela-quais-as-profissoes-que-mais-podem-crescer-em-2026\/#breadcrumb"},"inLanguage":"pt-BR","potentialAction":[{"@type":"ReadAction","target":["https:\/\/www.em.com.br\/emfoco\/2026\/01\/20\/levantamento-revela-quais-as-profissoes-que-mais-podem-crescer-em-2026\/"]}]},{"@type":"ImageObject","inLanguage":"pt-BR","@id":"https:\/\/www.em.com.br\/emfoco\/2026\/01\/20\/levantamento-revela-quais-as-profissoes-que-mais-podem-crescer-em-2026\/#primaryimage","url":"https:\/\/www.em.com.br\/emfoco\/wp-content\/uploads\/2026\/01\/Gemini_Generated_Image_a7mujua7mujua7mu-1.png","contentUrl":"https:\/\/www.em.com.br\/emfoco\/wp-content\/uploads\/2026\/01\/Gemini_Generated_Image_a7mujua7mujua7mu-1.png","width":1280,"height":720,"caption":"As carreiras em alta no Brasil para 2026"},{"@type":"BreadcrumbList","@id":"https:\/\/www.em.com.br\/emfoco\/2026\/01\/20\/levantamento-revela-quais-as-profissoes-que-mais-podem-crescer-em-2026\/#breadcrumb","itemListElement":[{"@type":"ListItem","position":1,"name":"In\u00edcio","item":"https:\/\/www.em.com.br\/emfoco\/"},{"@type":"ListItem","position":2,"name":"Levantamento revela quais as profiss\u00f5es que mais podem crescer em 2026"}]},{"@type":"WebSite","@id":"https:\/\/www.em.com.br\/emfoco\/#website","url":"https:\/\/www.em.com.br\/emfoco\/","name":"Estado de Minas - Em foco","description":"Acompanhe as \u00faltimas not\u00edcias e fique bem informado sobre tudo o que acontece em Minas Gerais, Brasil e no mundo.","potentialAction":[{"@type":"SearchAction","target":{"@type":"EntryPoint","urlTemplate":"https:\/\/www.em.com.br\/emfoco\/?s={search_term_string}"},"query-input":{"@type":"PropertyValueSpecification","valueRequired":true,"valueName":"search_term_string"}}],"inLanguage":"pt-BR"},{"@type":"Person","@id":"https:\/\/www.em.com.br\/emfoco\/#\/schema\/person\/60eda09c1fedf0d6891f4cef4b60b8b8","name":"Andre\u0301 Rangel\u00a0","image":{"@type":"ImageObject","inLanguage":"pt-BR","@id":"https:\/\/www.em.com.br\/emfoco\/#\/schema\/person\/image\/","url":"https:\/\/secure.gravatar.com\/avatar\/6234dc814c77c8ef6d8bba622c787efc?s=96&d=mm&r=g","contentUrl":"https:\/\/secure.gravatar.com\/avatar\/6234dc814c77c8ef6d8bba622c787efc?s=96&d=mm&r=g","caption":"Andre\u0301 Rangel\u00a0"},"url":"https:\/\/www.em.com.br\/emfoco\/author\/luizmyth\/"}]}},"_links":{"self":[{"href":"https:\/\/www.em.com.br\/emfoco\/wp-json\/wp\/v2\/posts\/157010","targetHints":{"allow":["GET"]}}],"collection":[{"href":"https:\/\/www.em.com.br\/emfoco\/wp-json\/wp\/v2\/posts"}],"about":[{"href":"https:\/\/www.em.com.br\/emfoco\/wp-json\/wp\/v2\/types\/post"}],"author":[{"embeddable":true,"href":"https:\/\/www.em.com.br\/emfoco\/wp-json\/wp\/v2\/users\/11"}],"replies":[{"embeddable":true,"href":"https:\/\/www.em.com.br\/emfoco\/wp-json\/wp\/v2\/comments?post=157010"}],"version-history":[{"count":4,"href":"https:\/\/www.em.com.br\/emfoco\/wp-json\/wp\/v2\/posts\/157010\/revisions"}],"predecessor-version":[{"id":157047,"href":"https:\/\/www.em.com.br\/emfoco\/wp-json\/wp\/v2\/posts\/157010\/revisions\/157047"}],"wp:featuredmedia":[{"embeddable":true,"href":"https:\/\/www.em.com.br\/emfoco\/wp-json\/wp\/v2\/media\/157046"}],"wp:attachment":[{"href":"https:\/\/www.em.com.br\/emfoco\/wp-json\/wp\/v2\/media?parent=157010"}],"wp:term":[{"taxonomy":"category","embeddable":true,"href":"https:\/\/www.em.com.br\/emfoco\/wp-json\/wp\/v2\/categories?post=157010"},{"taxonomy":"post_tag","embeddable":true,"href":"https:\/\/www.em.com.br\/emfoco\/wp-json\/wp\/v2\/tags?post=157010"}],"curies":[{"name":"wp","href":"https:\/\/api.w.org\/{rel}","templated":true}]}}