{"id":156965,"date":"2026-01-21T18:45:00","date_gmt":"2026-01-21T21:45:00","guid":{"rendered":"https:\/\/www.em.com.br\/emfoco\/?p=156965"},"modified":"2026-01-19T11:28:10","modified_gmt":"2026-01-19T14:28:10","slug":"nova-lei-da-licenca-maternidade-garante-120-dias-em-casa-para-maes-de-bebes-internados-e-corrige-injustica-com-maes-de-uti-neonatal","status":"publish","type":"post","link":"https:\/\/www.em.com.br\/emfoco\/2026\/01\/21\/nova-lei-da-licenca-maternidade-garante-120-dias-em-casa-para-maes-de-bebes-internados-e-corrige-injustica-com-maes-de-uti-neonatal\/","title":{"rendered":"Nova lei da licen\u00e7a-maternidade garante 120 dias em casa para m\u00e3es de beb\u00eas internados e corrige injusti\u00e7a com m\u00e3es de UTI neonatal"},"content":{"rendered":"\n<h2 class=\"wp-block-heading\">A Lei n\u00ba 15.222\/2025 suspende a contagem da licen\u00e7a-maternidade quando o beb\u00ea fica internado por mais de 14 dias. Os 120 dias passam a contar da alta, com sal\u00e1rio-maternidade mantido durante a interna\u00e7\u00e3o.<\/h2>\n\n\n\n<p>A <strong>nova lei da licen\u00e7a-maternidade<\/strong> corrige uma distor\u00e7\u00e3o hist\u00f3rica ao proteger m\u00e3es de beb\u00eas internados. A legisla\u00e7\u00e3o assegura que o per\u00edodo de conviv\u00eancia em casa n\u00e3o seja consumido por longas interna\u00e7\u00f5es, ampliando o cuidado, a seguran\u00e7a financeira e o direito ao v\u00ednculo familiar.<\/p>\n\n\n\n<h2 class=\"wp-block-heading\">Qual injusti\u00e7a a nova lei da licen\u00e7a-maternidade corrige?<\/h2>\n\n\n\n<p>Antes da mudan\u00e7a, a contagem da licen\u00e7a come\u00e7ava no parto, mesmo quando o beb\u00ea permanecia internado. Isso fazia com que m\u00e3es perdessem grande parte do benef\u00edcio enquanto acompanhavam o filho em <strong>UTI Neonatal<\/strong>.<\/p>\n\n\n\n<p>Na pr\u00e1tica, o tempo que deveria ser dedicado ao cuidado em casa era gasto no hospital, comprometendo a amamenta\u00e7\u00e3o, o v\u00ednculo afetivo e a recupera\u00e7\u00e3o emocional da m\u00e3e no per\u00edodo mais sens\u00edvel do p\u00f3s-parto.<\/p>\n\n\n\n<figure class=\"wp-block-image size-large\"><img loading=\"lazy\" decoding=\"async\" width=\"1024\" height=\"576\" src=\"https:\/\/www.em.com.br\/emfoco\/wp-content\/uploads\/2026\/01\/AIAI-27-1-1024x576.jpg\" alt=\"Nova lei da licen\u00e7a-maternidade garante 120 dias em casa para m\u00e3es de beb\u00eas internados e corrige injusti\u00e7a com m\u00e3es de UTI neonatal\" class=\"wp-image-157021\" srcset=\"https:\/\/www.em.com.br\/emfoco\/wp-content\/uploads\/2026\/01\/AIAI-27-1-1024x576.jpg 1024w, https:\/\/www.em.com.br\/emfoco\/wp-content\/uploads\/2026\/01\/AIAI-27-1-300x169.jpg 300w, https:\/\/www.em.com.br\/emfoco\/wp-content\/uploads\/2026\/01\/AIAI-27-1-768x432.jpg 768w, https:\/\/www.em.com.br\/emfoco\/wp-content\/uploads\/2026\/01\/AIAI-27-1-750x422.jpg 750w, https:\/\/www.em.com.br\/emfoco\/wp-content\/uploads\/2026\/01\/AIAI-27-1-1140x641.jpg 1140w, https:\/\/www.em.com.br\/emfoco\/wp-content\/uploads\/2026\/01\/AIAI-27-1.jpg 1280w\" sizes=\"auto, (max-width: 1024px) 100vw, 1024px\" \/><figcaption class=\"wp-element-caption\">Regra corrige perda de licen\u00e7a causada por longas interna\u00e7\u00f5es neonatais<\/figcaption><\/figure>\n\n\n\n<h2 class=\"wp-block-heading\">O que a Lei n\u00ba 15.222\/2025 determina na pr\u00e1tica?<\/h2>\n\n\n\n<p>A nova regra estabelece crit\u00e9rios objetivos para suspender ou postergar a licen\u00e7a quando h\u00e1 interna\u00e7\u00e3o prolongada, garantindo que o direito seja usufru\u00eddo integralmente ap\u00f3s a alta. Entre os pontos centrais definidos pela lei, est\u00e3o os seguintes.<\/p>\n\n\n\n<ul class=\"wp-block-list\">\n<li><strong>Interna\u00e7\u00e3o superior a 14 dias<\/strong>: a contagem da licen\u00e7a \u00e9 suspensa automaticamente.<\/li>\n\n\n\n<li><strong>In\u00edcio ap\u00f3s a alta<\/strong>: os 120 dias passam a contar da \u00faltima alta, da m\u00e3e ou do beb\u00ea.<\/li>\n\n\n\n<li><strong>Prote\u00e7\u00e3o do sal\u00e1rio-maternidade<\/strong>: o benef\u00edcio \u00e9 mantido durante todo o per\u00edodo.<\/li>\n<\/ul>\n\n\n\n<h2 class=\"wp-block-heading\">Como funciona o pagamento do sal\u00e1rio-maternidade?<\/h2>\n\n\n\n<p>Durante a interna\u00e7\u00e3o, o <strong>sal\u00e1rio-maternidade<\/strong> continua sendo pago normalmente, garantindo estabilidade financeira \u00e0 fam\u00edlia em um momento de despesas elevadas e fragilidade emocional.<\/p>\n\n\n\n<p>Ap\u00f3s a alta hospitalar, inicia-se a contagem dos 120 dias integrais de licen\u00e7a, o que pode elevar significativamente o tempo total de afastamento remunerado, sem preju\u00edzo ao v\u00ednculo empregat\u00edcio da segurada.<\/p>\n\n\n\n<figure class=\"wp-block-image size-large\"><img loading=\"lazy\" decoding=\"async\" width=\"1024\" height=\"576\" src=\"https:\/\/www.em.com.br\/emfoco\/wp-content\/uploads\/2026\/01\/AIAI-29-1-1024x576.jpg\" alt=\"Nova lei da licen\u00e7a-maternidade garante 120 dias em casa para m\u00e3es de beb\u00eas internados e corrige injusti\u00e7a com m\u00e3es de UTI neonatal\" class=\"wp-image-157024\" srcset=\"https:\/\/www.em.com.br\/emfoco\/wp-content\/uploads\/2026\/01\/AIAI-29-1-1024x576.jpg 1024w, https:\/\/www.em.com.br\/emfoco\/wp-content\/uploads\/2026\/01\/AIAI-29-1-300x169.jpg 300w, https:\/\/www.em.com.br\/emfoco\/wp-content\/uploads\/2026\/01\/AIAI-29-1-768x432.jpg 768w, https:\/\/www.em.com.br\/emfoco\/wp-content\/uploads\/2026\/01\/AIAI-29-1-750x422.jpg 750w, https:\/\/www.em.com.br\/emfoco\/wp-content\/uploads\/2026\/01\/AIAI-29-1-1140x641.jpg 1140w, https:\/\/www.em.com.br\/emfoco\/wp-content\/uploads\/2026\/01\/AIAI-29-1.jpg 1280w\" sizes=\"auto, (max-width: 1024px) 100vw, 1024px\" \/><figcaption class=\"wp-element-caption\">Sal\u00e1rio-maternidade \u00e9 mantido durante interna\u00e7\u00e3o e ap\u00f3s alta hospitalar<\/figcaption><\/figure>\n\n\n\n<p><em>Leia mais: <em><strong><a href=\"https:\/\/www.em.com.br\/emfoco\/2026\/01\/19\/bancos-emitem-novo-alerta-sobre-golpe-que-clona-cartao-com-camera-escondida-e-movimenta-o-saldo-sem-o-cliente-perceber\/\" target=\"_blank\" rel=\"noreferrer noopener\">Bancos emitem novo alerta sobre golpe que clona cart\u00e3o com c\u00e2mera escondida e movimenta o saldo sem o cliente perceber<\/a><\/strong><\/em><\/em><\/p>\n\n\n\n<h2 class=\"wp-block-heading\">Quem tem direito \u00e0 amplia\u00e7\u00e3o da licen\u00e7a-maternidade?<\/h2>\n\n\n\n<p>A lei possui alcance amplo e protege todas as seguradas da <strong><strong><a href=\"https:\/\/www.gov.br\/previdencia\/pt-br\" target=\"_blank\" rel=\"noreferrer noopener\">Previd\u00eancia Social<\/a><\/strong><\/strong>, independentemente do tipo de v\u00ednculo profissional. As categorias abrangidas pela nova regra s\u00e3o as listadas a seguir.<\/p>\n\n\n\n<ul class=\"wp-block-list\">\n<li><strong>Trabalhadoras com carteira assinada<\/strong>: empregadas regidas pela CLT.<\/li>\n\n\n\n<li><strong>Aut\u00f4nomas e MEIs<\/strong>: contribuintes individuais do INSS.<\/li>\n\n\n\n<li><strong>Seguradas facultativas e rurais<\/strong>: inclusive donas de casa e trabalhadoras do campo.<\/li>\n<\/ul>\n\n\n\n<h2 class=\"wp-block-heading\">Como garantir o direito \u00e0 licen\u00e7a ampliada?<\/h2>\n\n\n\n<p>Para que a contagem correta seja aplicada, a m\u00e3e precisa comunicar formalmente a interna\u00e7\u00e3o e apresentar documentos m\u00e9dicos que comprovem o per\u00edodo hospitalar, especialmente o relat\u00f3rio de alta.<\/p>\n\n\n\n<p>Esse cuidado assegura que a empresa ou o INSS reconhe\u00e7a corretamente o marco inicial da licen\u00e7a, evitando perdas de dias, atrasos no pagamento e falhas administrativas em um direito fundamental.<\/p>\n","protected":false},"excerpt":{"rendered":"<p>A Lei n\u00ba 15.222\/2025 suspende a contagem da licen\u00e7a-maternidade quando o beb\u00ea fica internado por mais de 14 dias. Os 120 dias passam a contar da alta, com sal\u00e1rio-maternidade mantido durante a interna\u00e7\u00e3o. A nova lei da licen\u00e7a-maternidade corrige uma distor\u00e7\u00e3o hist\u00f3rica ao proteger m\u00e3es de beb\u00eas internados. A legisla\u00e7\u00e3o assegura que o per\u00edodo de [&hellip;]<\/p>\n","protected":false},"author":13,"featured_media":157022,"comment_status":"open","ping_status":"open","sticky":false,"template":"","format":"standard","meta":{"jnews-multi-image_gallery":[],"jnews_single_post":{"format":"standard"},"jnews_primary_category":[],"jnews_social_meta":[],"jnews_override_counter":[],"footnotes":""},"categories":[28],"tags":[1163,11413,8646],"class_list":["post-156965","post","type-post","status-publish","format-standard","has-post-thumbnail","hentry","category-economia","tag-legislacao","tag-licenca-maternidade-2","tag-salario-maternidade"],"yoast_head":"<!-- This site is optimized with the Yoast SEO plugin v23.8 - https:\/\/yoast.com\/wordpress\/plugins\/seo\/ -->\n<title>Nova lei da licen\u00e7a-maternidade garante 120 dias em casa para m\u00e3es de beb\u00eas internados e corrige injusti\u00e7a com m\u00e3es de UTI neonatal - Estado de Minas - Em foco<\/title>\n<meta name=\"description\" content=\"Nova lei garante 120 dias de licen\u00e7a-maternidade s\u00f3 ap\u00f3s alta do beb\u00ea internado e protege v\u00ednculo afetivo e renda da m\u00e3e no p\u00f3s-parto.\" \/>\n<meta name=\"robots\" content=\"index, follow, max-snippet:-1, max-image-preview:large, max-video-preview:-1\" \/>\n<link rel=\"canonical\" href=\"https:\/\/www.em.com.br\/emfoco\/2026\/01\/21\/nova-lei-da-licenca-maternidade-garante-120-dias-em-casa-para-maes-de-bebes-internados-e-corrige-injustica-com-maes-de-uti-neonatal\/\" \/>\n<meta property=\"og:locale\" content=\"pt_BR\" \/>\n<meta property=\"og:type\" content=\"article\" \/>\n<meta property=\"og:title\" content=\"Nova lei da licen\u00e7a-maternidade garante 120 dias em casa para m\u00e3es de beb\u00eas internados e corrige injusti\u00e7a com m\u00e3es de UTI neonatal - Estado de Minas - Em foco\" \/>\n<meta property=\"og:description\" content=\"Nova lei garante 120 dias de licen\u00e7a-maternidade s\u00f3 ap\u00f3s alta do beb\u00ea internado e protege v\u00ednculo afetivo e renda da m\u00e3e no p\u00f3s-parto.\" \/>\n<meta property=\"og:url\" content=\"https:\/\/www.em.com.br\/emfoco\/2026\/01\/21\/nova-lei-da-licenca-maternidade-garante-120-dias-em-casa-para-maes-de-bebes-internados-e-corrige-injustica-com-maes-de-uti-neonatal\/\" \/>\n<meta property=\"og:site_name\" content=\"Estado de Minas - Em foco\" \/>\n<meta property=\"article:published_time\" content=\"2026-01-21T21:45:00+00:00\" \/>\n<meta property=\"article:modified_time\" content=\"2026-01-19T14:28:10+00:00\" \/>\n<meta property=\"og:image\" content=\"https:\/\/www.em.com.br\/emfoco\/wp-content\/uploads\/2026\/01\/AIAI-28-1.jpg\" \/>\n\t<meta property=\"og:image:width\" content=\"1280\" \/>\n\t<meta property=\"og:image:height\" content=\"720\" \/>\n\t<meta property=\"og:image:type\" content=\"image\/jpeg\" \/>\n<meta name=\"author\" content=\"Gabriel Martins\" \/>\n<meta name=\"twitter:card\" content=\"summary_large_image\" \/>\n<meta name=\"twitter:label1\" content=\"Escrito por\" \/>\n\t<meta name=\"twitter:data1\" content=\"Gabriel Martins\" \/>\n\t<meta name=\"twitter:label2\" content=\"Est. tempo de leitura\" \/>\n\t<meta name=\"twitter:data2\" content=\"4 minutos\" \/>\n<!-- \/ Yoast SEO plugin. -->","yoast_head_json":{"title":"Nova lei da licen\u00e7a-maternidade garante 120 dias em casa para m\u00e3es de beb\u00eas internados e corrige injusti\u00e7a com m\u00e3es de UTI neonatal - Estado de Minas - Em foco","description":"Nova lei garante 120 dias de licen\u00e7a-maternidade s\u00f3 ap\u00f3s alta do beb\u00ea internado e protege v\u00ednculo afetivo e renda da m\u00e3e no p\u00f3s-parto.","robots":{"index":"index","follow":"follow","max-snippet":"max-snippet:-1","max-image-preview":"max-image-preview:large","max-video-preview":"max-video-preview:-1"},"canonical":"https:\/\/www.em.com.br\/emfoco\/2026\/01\/21\/nova-lei-da-licenca-maternidade-garante-120-dias-em-casa-para-maes-de-bebes-internados-e-corrige-injustica-com-maes-de-uti-neonatal\/","og_locale":"pt_BR","og_type":"article","og_title":"Nova lei da licen\u00e7a-maternidade garante 120 dias em casa para m\u00e3es de beb\u00eas internados e corrige injusti\u00e7a com m\u00e3es de UTI neonatal - Estado de Minas - Em foco","og_description":"Nova lei garante 120 dias de licen\u00e7a-maternidade s\u00f3 ap\u00f3s alta do beb\u00ea internado e protege v\u00ednculo afetivo e renda da m\u00e3e no p\u00f3s-parto.","og_url":"https:\/\/www.em.com.br\/emfoco\/2026\/01\/21\/nova-lei-da-licenca-maternidade-garante-120-dias-em-casa-para-maes-de-bebes-internados-e-corrige-injustica-com-maes-de-uti-neonatal\/","og_site_name":"Estado de Minas - Em foco","article_published_time":"2026-01-21T21:45:00+00:00","article_modified_time":"2026-01-19T14:28:10+00:00","og_image":[{"width":1280,"height":720,"url":"https:\/\/www.em.com.br\/emfoco\/wp-content\/uploads\/2026\/01\/AIAI-28-1.jpg","type":"image\/jpeg"}],"author":"Gabriel Martins","twitter_card":"summary_large_image","twitter_misc":{"Escrito por":"Gabriel Martins","Est. tempo de leitura":"4 minutos"},"schema":{"@context":"https:\/\/schema.org","@graph":[{"@type":"WebPage","@id":"https:\/\/www.em.com.br\/emfoco\/2026\/01\/21\/nova-lei-da-licenca-maternidade-garante-120-dias-em-casa-para-maes-de-bebes-internados-e-corrige-injustica-com-maes-de-uti-neonatal\/","url":"https:\/\/www.em.com.br\/emfoco\/2026\/01\/21\/nova-lei-da-licenca-maternidade-garante-120-dias-em-casa-para-maes-de-bebes-internados-e-corrige-injustica-com-maes-de-uti-neonatal\/","name":"Nova lei da licen\u00e7a-maternidade garante 120 dias em casa para m\u00e3es de beb\u00eas internados e corrige injusti\u00e7a com m\u00e3es de UTI neonatal - Estado de Minas - Em foco","isPartOf":{"@id":"https:\/\/www.em.com.br\/emfoco\/#website"},"primaryImageOfPage":{"@id":"https:\/\/www.em.com.br\/emfoco\/2026\/01\/21\/nova-lei-da-licenca-maternidade-garante-120-dias-em-casa-para-maes-de-bebes-internados-e-corrige-injustica-com-maes-de-uti-neonatal\/#primaryimage"},"image":{"@id":"https:\/\/www.em.com.br\/emfoco\/2026\/01\/21\/nova-lei-da-licenca-maternidade-garante-120-dias-em-casa-para-maes-de-bebes-internados-e-corrige-injustica-com-maes-de-uti-neonatal\/#primaryimage"},"thumbnailUrl":"https:\/\/www.em.com.br\/emfoco\/wp-content\/uploads\/2026\/01\/AIAI-28-1.jpg","datePublished":"2026-01-21T21:45:00+00:00","dateModified":"2026-01-19T14:28:10+00:00","author":{"@id":"https:\/\/www.em.com.br\/emfoco\/#\/schema\/person\/1c9ddeab18b98abeffef834667bcf08a"},"description":"Nova lei garante 120 dias de licen\u00e7a-maternidade s\u00f3 ap\u00f3s alta do beb\u00ea internado e protege v\u00ednculo afetivo e renda da m\u00e3e no p\u00f3s-parto.","breadcrumb":{"@id":"https:\/\/www.em.com.br\/emfoco\/2026\/01\/21\/nova-lei-da-licenca-maternidade-garante-120-dias-em-casa-para-maes-de-bebes-internados-e-corrige-injustica-com-maes-de-uti-neonatal\/#breadcrumb"},"inLanguage":"pt-BR","potentialAction":[{"@type":"ReadAction","target":["https:\/\/www.em.com.br\/emfoco\/2026\/01\/21\/nova-lei-da-licenca-maternidade-garante-120-dias-em-casa-para-maes-de-bebes-internados-e-corrige-injustica-com-maes-de-uti-neonatal\/"]}]},{"@type":"ImageObject","inLanguage":"pt-BR","@id":"https:\/\/www.em.com.br\/emfoco\/2026\/01\/21\/nova-lei-da-licenca-maternidade-garante-120-dias-em-casa-para-maes-de-bebes-internados-e-corrige-injustica-com-maes-de-uti-neonatal\/#primaryimage","url":"https:\/\/www.em.com.br\/emfoco\/wp-content\/uploads\/2026\/01\/AIAI-28-1.jpg","contentUrl":"https:\/\/www.em.com.br\/emfoco\/wp-content\/uploads\/2026\/01\/AIAI-28-1.jpg","width":1280,"height":720,"caption":"Nova lei garante licen\u00e7a integral ap\u00f3s alta hospitalar de m\u00e3e ou beb\u00ea"},{"@type":"BreadcrumbList","@id":"https:\/\/www.em.com.br\/emfoco\/2026\/01\/21\/nova-lei-da-licenca-maternidade-garante-120-dias-em-casa-para-maes-de-bebes-internados-e-corrige-injustica-com-maes-de-uti-neonatal\/#breadcrumb","itemListElement":[{"@type":"ListItem","position":1,"name":"In\u00edcio","item":"https:\/\/www.em.com.br\/emfoco\/"},{"@type":"ListItem","position":2,"name":"Nova lei da licen\u00e7a-maternidade garante 120 dias em casa para m\u00e3es de beb\u00eas internados e corrige injusti\u00e7a com m\u00e3es de UTI neonatal"}]},{"@type":"WebSite","@id":"https:\/\/www.em.com.br\/emfoco\/#website","url":"https:\/\/www.em.com.br\/emfoco\/","name":"Estado de Minas - Em foco","description":"Acompanhe as \u00faltimas not\u00edcias e fique bem informado sobre tudo o que acontece em Minas Gerais, Brasil e no mundo.","potentialAction":[{"@type":"SearchAction","target":{"@type":"EntryPoint","urlTemplate":"https:\/\/www.em.com.br\/emfoco\/?s={search_term_string}"},"query-input":{"@type":"PropertyValueSpecification","valueRequired":true,"valueName":"search_term_string"}}],"inLanguage":"pt-BR"},{"@type":"Person","@id":"https:\/\/www.em.com.br\/emfoco\/#\/schema\/person\/1c9ddeab18b98abeffef834667bcf08a","name":"Gabriel Martins","image":{"@type":"ImageObject","inLanguage":"pt-BR","@id":"https:\/\/www.em.com.br\/emfoco\/#\/schema\/person\/image\/","url":"https:\/\/secure.gravatar.com\/avatar\/f0f1e2efdfd88f1ad2cb08c5c2731e50?s=96&d=mm&r=g","contentUrl":"https:\/\/secure.gravatar.com\/avatar\/f0f1e2efdfd88f1ad2cb08c5c2731e50?s=96&d=mm&r=g","caption":"Gabriel Martins"},"sameAs":["https:\/\/www.em.com.br\/emfoco\/"],"url":"https:\/\/www.em.com.br\/emfoco\/author\/gabrielmartinsmyth\/"}]}},"_links":{"self":[{"href":"https:\/\/www.em.com.br\/emfoco\/wp-json\/wp\/v2\/posts\/156965","targetHints":{"allow":["GET"]}}],"collection":[{"href":"https:\/\/www.em.com.br\/emfoco\/wp-json\/wp\/v2\/posts"}],"about":[{"href":"https:\/\/www.em.com.br\/emfoco\/wp-json\/wp\/v2\/types\/post"}],"author":[{"embeddable":true,"href":"https:\/\/www.em.com.br\/emfoco\/wp-json\/wp\/v2\/users\/13"}],"replies":[{"embeddable":true,"href":"https:\/\/www.em.com.br\/emfoco\/wp-json\/wp\/v2\/comments?post=156965"}],"version-history":[{"count":1,"href":"https:\/\/www.em.com.br\/emfoco\/wp-json\/wp\/v2\/posts\/156965\/revisions"}],"predecessor-version":[{"id":157025,"href":"https:\/\/www.em.com.br\/emfoco\/wp-json\/wp\/v2\/posts\/156965\/revisions\/157025"}],"wp:featuredmedia":[{"embeddable":true,"href":"https:\/\/www.em.com.br\/emfoco\/wp-json\/wp\/v2\/media\/157022"}],"wp:attachment":[{"href":"https:\/\/www.em.com.br\/emfoco\/wp-json\/wp\/v2\/media?parent=156965"}],"wp:term":[{"taxonomy":"category","embeddable":true,"href":"https:\/\/www.em.com.br\/emfoco\/wp-json\/wp\/v2\/categories?post=156965"},{"taxonomy":"post_tag","embeddable":true,"href":"https:\/\/www.em.com.br\/emfoco\/wp-json\/wp\/v2\/tags?post=156965"}],"curies":[{"name":"wp","href":"https:\/\/api.w.org\/{rel}","templated":true}]}}