{"id":156964,"date":"2026-01-21T17:55:00","date_gmt":"2026-01-21T20:55:00","guid":{"rendered":"https:\/\/www.em.com.br\/emfoco\/?p=156964"},"modified":"2026-01-19T11:24:54","modified_gmt":"2026-01-19T14:24:54","slug":"justica-responsabiliza-condominio-e-construtora-apos-acidente-infantil-em-piscina-e-reforca-aplicacao-do-codigo-de-defesa-do-consumidor","status":"publish","type":"post","link":"https:\/\/www.em.com.br\/emfoco\/2026\/01\/21\/justica-responsabiliza-condominio-e-construtora-apos-acidente-infantil-em-piscina-e-reforca-aplicacao-do-codigo-de-defesa-do-consumidor\/","title":{"rendered":"Justi\u00e7a responsabiliza condom\u00ednio e construtora ap\u00f3s acidente infantil em piscina e refor\u00e7a aplica\u00e7\u00e3o do C\u00f3digo de Defesa do Consumidor"},"content":{"rendered":"\n<h2 class=\"wp-block-heading\">Condom\u00ednio e construtora foram condenados solidariamente por acidente com crian\u00e7a em piscina. A Justi\u00e7a apontou falhas de constru\u00e7\u00e3o e aus\u00eancia de manuten\u00e7\u00e3o, aplicou o CDC e refor\u00e7ou o dever de indenizar por riscos previs\u00edveis.<\/h2>\n\n\n\n<p>A condena\u00e7\u00e3o conjunta de <strong>condom\u00ednio e construtora<\/strong> por um acidente envolvendo uma crian\u00e7a em piscina refor\u00e7a a aplica\u00e7\u00e3o da responsabilidade solid\u00e1ria no setor imobili\u00e1rio. A decis\u00e3o destaca que falhas de constru\u00e7\u00e3o somadas \u00e0 m\u00e1 manuten\u00e7\u00e3o geram dever de indenizar.<\/p>\n\n\n\n<h2 class=\"wp-block-heading\">O que aconteceu no acidente que levou \u00e0 condena\u00e7\u00e3o?<\/h2>\n\n\n\n<p>O caso envolve uma crian\u00e7a que sofreu ferimentos em uma \u00e1rea de lazer residencial devido a problemas estruturais na piscina, associados \u00e0 aus\u00eancia de medidas preventivas eficazes. A per\u00edcia apontou riscos que deveriam ter sido eliminados antes do uso do espa\u00e7o.<\/p>\n\n\n\n<p>Durante o processo judicial, ficou demonstrado que o ambiente n\u00e3o oferecia <strong>seguran\u00e7a adequada<\/strong>, expondo usu\u00e1rios vulner\u00e1veis a perigos previs\u00edveis, o que caracterizou falha grave tanto na origem da obra quanto na gest\u00e3o cotidiana do condom\u00ednio.<\/p>\n\n\n\n<figure class=\"wp-block-image size-large\"><img loading=\"lazy\" decoding=\"async\" width=\"1024\" height=\"576\" src=\"https:\/\/www.em.com.br\/emfoco\/wp-content\/uploads\/2026\/01\/AIAI-25-2-1024x576.jpg\" alt=\"Justi\u00e7a responsabiliza condom\u00ednio e construtora ap\u00f3s acidente infantil em piscina e refor\u00e7a aplica\u00e7\u00e3o do C\u00f3digo de Defesa do Consumidor\" class=\"wp-image-157014\" srcset=\"https:\/\/www.em.com.br\/emfoco\/wp-content\/uploads\/2026\/01\/AIAI-25-2-1024x576.jpg 1024w, https:\/\/www.em.com.br\/emfoco\/wp-content\/uploads\/2026\/01\/AIAI-25-2-300x169.jpg 300w, https:\/\/www.em.com.br\/emfoco\/wp-content\/uploads\/2026\/01\/AIAI-25-2-768x432.jpg 768w, https:\/\/www.em.com.br\/emfoco\/wp-content\/uploads\/2026\/01\/AIAI-25-2-750x422.jpg 750w, https:\/\/www.em.com.br\/emfoco\/wp-content\/uploads\/2026\/01\/AIAI-25-2-1140x641.jpg 1140w, https:\/\/www.em.com.br\/emfoco\/wp-content\/uploads\/2026\/01\/AIAI-25-2.jpg 1280w\" sizes=\"auto, (max-width: 1024px) 100vw, 1024px\" \/><figcaption class=\"wp-element-caption\">Acidente ocorreu por problemas estruturais e aus\u00eancia de medidas preventivas<\/figcaption><\/figure>\n\n\n\n<h2 class=\"wp-block-heading\">Por que condom\u00ednio e construtora foram responsabilizados juntos?<\/h2>\n\n\n\n<p>A decis\u00e3o aplicou o conceito de <strong><a href=\"https:\/\/www.tjdft.jus.br\/institucional\/imprensa\/campanhas-e-produtos\/direito-facil\/edicao-semanal\/responsabilidade-solidaria-x-responsabilidade-subsidiaria\" target=\"_blank\" rel=\"noreferrer noopener\">responsabilidade solid\u00e1ria<\/a><\/strong>, permitindo que ambos respondessem pelo dano causado ao consumidor. A Justi\u00e7a entendeu que o preju\u00edzo resultou da soma de erros distintos e complementares, conforme os pontos abaixo.<\/p>\n\n\n\n<ul class=\"wp-block-list\">\n<li><strong>Construtora<\/strong>: defeito de projeto ou execu\u00e7\u00e3o que comprometeu a seguran\u00e7a da piscina.<\/li>\n\n\n\n<li><strong>Condom\u00ednio<\/strong>: omiss\u00e3o na manuten\u00e7\u00e3o preventiva e na sinaliza\u00e7\u00e3o de riscos aos usu\u00e1rios.<\/li>\n\n\n\n<li><strong>Rela\u00e7\u00e3o de consumo<\/strong>: direito da v\u00edtima de exigir repara\u00e7\u00e3o integral de qualquer respons\u00e1vel.<\/li>\n<\/ul>\n\n\n\n<h2 class=\"wp-block-heading\">Quais fundamentos legais sustentaram a condena\u00e7\u00e3o?<\/h2>\n\n\n\n<p>Os magistrados basearam a decis\u00e3o no <strong>C\u00f3digo de Defesa do Consumidor<\/strong>, que prev\u00ea a responsabiliza\u00e7\u00e3o de todos os fornecedores envolvidos na cadeia quando h\u00e1 falha na presta\u00e7\u00e3o do servi\u00e7o ou v\u00edcio do produto.<\/p>\n\n\n\n<p>Tamb\u00e9m foi considerado o <strong>C\u00f3digo Civil<\/strong>, que imp\u00f5e o dever de repara\u00e7\u00e3o quando h\u00e1 neglig\u00eancia, imprud\u00eancia ou imper\u00edcia, especialmente em situa\u00e7\u00f5es que envolvem risco \u00e0 integridade f\u00edsica de crian\u00e7as.<\/p>\n\n\n\n<figure class=\"wp-block-image size-large\"><img loading=\"lazy\" decoding=\"async\" width=\"1024\" height=\"576\" src=\"https:\/\/www.em.com.br\/emfoco\/wp-content\/uploads\/2026\/01\/AIAI-26-1-1024x576.jpg\" alt=\"Justi\u00e7a responsabiliza condom\u00ednio e construtora ap\u00f3s acidente infantil em piscina e refor\u00e7a aplica\u00e7\u00e3o do C\u00f3digo de Defesa do Consumidor\" class=\"wp-image-157017\" srcset=\"https:\/\/www.em.com.br\/emfoco\/wp-content\/uploads\/2026\/01\/AIAI-26-1-1024x576.jpg 1024w, https:\/\/www.em.com.br\/emfoco\/wp-content\/uploads\/2026\/01\/AIAI-26-1-300x169.jpg 300w, https:\/\/www.em.com.br\/emfoco\/wp-content\/uploads\/2026\/01\/AIAI-26-1-768x432.jpg 768w, https:\/\/www.em.com.br\/emfoco\/wp-content\/uploads\/2026\/01\/AIAI-26-1-750x422.jpg 750w, https:\/\/www.em.com.br\/emfoco\/wp-content\/uploads\/2026\/01\/AIAI-26-1-1140x641.jpg 1140w, https:\/\/www.em.com.br\/emfoco\/wp-content\/uploads\/2026\/01\/AIAI-26-1.jpg 1280w\" sizes=\"auto, (max-width: 1024px) 100vw, 1024px\" \/><figcaption class=\"wp-element-caption\">Condena\u00e7\u00e3o baseou-se no C\u00f3digo de Defesa do Consumidor e C\u00f3digo Civil<\/figcaption><\/figure>\n\n\n\n<p><em>Leia mais: <em><strong><a href=\"https:\/\/www.em.com.br\/emfoco\/2026\/01\/19\/bancos-emitem-novo-alerta-sobre-golpe-que-clona-cartao-com-camera-escondida-e-movimenta-o-saldo-sem-o-cliente-perceber\/\" target=\"_blank\" rel=\"noreferrer noopener\">Bancos emitem novo alerta sobre golpe que clona cart\u00e3o com c\u00e2mera escondida e movimenta o saldo sem o cliente perceber<\/a><\/strong><\/em><\/em><\/p>\n\n\n\n<h2 class=\"wp-block-heading\">Quais normas de seguran\u00e7a poderiam ter evitado o acidente?<\/h2>\n\n\n\n<p>A Justi\u00e7a destacou que o cumprimento das normas t\u00e9cnicas \u00e9 essencial para reduzir riscos em \u00e1reas comuns, especialmente piscinas. Entre os requisitos que costumam evitar acidentes graves, est\u00e3o os seguintes.<\/p>\n\n\n\n<ul class=\"wp-block-list\">\n<li><strong>Ralos antiaprisionamento<\/strong>: evitam suc\u00e7\u00e3o de membros ou cabelos por sistemas hidr\u00e1ulicos.<\/li>\n\n\n\n<li><strong>Sinaliza\u00e7\u00e3o vis\u00edvel<\/strong>: informa profundidade e alertas de risco aos usu\u00e1rios.<\/li>\n\n\n\n<li><strong>Pisos antiderrapantes<\/strong>: reduzem quedas nas bordas e \u00e1reas molhadas.<\/li>\n<\/ul>\n\n\n\n<h2 class=\"wp-block-heading\">Qual o impacto dessa decis\u00e3o para condom\u00ednios e construtoras?<\/h2>\n\n\n\n<p>A condena\u00e7\u00e3o tem car\u00e1ter compensat\u00f3rio e <strong>pedag\u00f3gico<\/strong>, pois busca reparar o dano sofrido pela v\u00edtima e induzir mudan\u00e7as de conduta no setor imobili\u00e1rio, desestimulando economias indevidas em seguran\u00e7a.<\/p>\n\n\n\n<p>Para s\u00edndicos e incorporadoras, o caso refor\u00e7a que investir em manuten\u00e7\u00e3o e cumprir normas t\u00e9cnicas n\u00e3o \u00e9 opcional, mas uma obriga\u00e7\u00e3o legal cuja neglig\u00eancia pode resultar em indeniza\u00e7\u00f5es elevadas e danos \u00e0 reputa\u00e7\u00e3o.<\/p>\n","protected":false},"excerpt":{"rendered":"<p>Condom\u00ednio e construtora foram condenados solidariamente por acidente com crian\u00e7a em piscina. A Justi\u00e7a apontou falhas de constru\u00e7\u00e3o e aus\u00eancia de manuten\u00e7\u00e3o, aplicou o CDC e refor\u00e7ou o dever de indenizar por riscos previs\u00edveis. A condena\u00e7\u00e3o conjunta de condom\u00ednio e construtora por um acidente envolvendo uma crian\u00e7a em piscina refor\u00e7a a aplica\u00e7\u00e3o da responsabilidade solid\u00e1ria [&hellip;]<\/p>\n","protected":false},"author":13,"featured_media":157013,"comment_status":"open","ping_status":"open","sticky":false,"template":"","format":"standard","meta":{"jnews-multi-image_gallery":[],"jnews_single_post":{"format":"standard"},"jnews_primary_category":[],"jnews_social_meta":[],"jnews_override_counter":[],"footnotes":""},"categories":[28],"tags":[22940,17687,22941],"class_list":["post-156964","post","type-post","status-publish","format-standard","has-post-thumbnail","hentry","category-economia","tag-acidente-em-piscina","tag-condominio","tag-condominio-condenado"],"yoast_head":"<!-- This site is optimized with the Yoast SEO plugin v23.8 - https:\/\/yoast.com\/wordpress\/plugins\/seo\/ -->\n<title>Justi\u00e7a responsabiliza condom\u00ednio e construtora ap\u00f3s acidente infantil em piscina e refor\u00e7a aplica\u00e7\u00e3o do C\u00f3digo de Defesa do Consumidor - Estado de Minas - Em foco<\/title>\n<meta name=\"description\" content=\"Justi\u00e7a condena construtora e condom\u00ednio por acidente com crian\u00e7a em piscina e refor\u00e7a que seguran\u00e7a \u00e9 dever compartilhado por todos.\" \/>\n<meta name=\"robots\" content=\"index, follow, max-snippet:-1, max-image-preview:large, max-video-preview:-1\" \/>\n<link rel=\"canonical\" href=\"https:\/\/www.em.com.br\/emfoco\/2026\/01\/21\/justica-responsabiliza-condominio-e-construtora-apos-acidente-infantil-em-piscina-e-reforca-aplicacao-do-codigo-de-defesa-do-consumidor\/\" \/>\n<meta property=\"og:locale\" content=\"pt_BR\" \/>\n<meta property=\"og:type\" content=\"article\" \/>\n<meta property=\"og:title\" content=\"Justi\u00e7a responsabiliza condom\u00ednio e construtora ap\u00f3s acidente infantil em piscina e refor\u00e7a aplica\u00e7\u00e3o do C\u00f3digo de Defesa do Consumidor - Estado de Minas - Em foco\" \/>\n<meta property=\"og:description\" content=\"Justi\u00e7a condena construtora e condom\u00ednio por acidente com crian\u00e7a em piscina e refor\u00e7a que seguran\u00e7a \u00e9 dever compartilhado por todos.\" \/>\n<meta property=\"og:url\" content=\"https:\/\/www.em.com.br\/emfoco\/2026\/01\/21\/justica-responsabiliza-condominio-e-construtora-apos-acidente-infantil-em-piscina-e-reforca-aplicacao-do-codigo-de-defesa-do-consumidor\/\" \/>\n<meta property=\"og:site_name\" content=\"Estado de Minas - Em foco\" \/>\n<meta property=\"article:published_time\" content=\"2026-01-21T20:55:00+00:00\" \/>\n<meta property=\"article:modified_time\" content=\"2026-01-19T14:24:54+00:00\" \/>\n<meta property=\"og:image\" content=\"https:\/\/www.em.com.br\/emfoco\/wp-content\/uploads\/2026\/01\/AIAI-24-3.jpg\" \/>\n\t<meta property=\"og:image:width\" content=\"1280\" \/>\n\t<meta property=\"og:image:height\" content=\"720\" \/>\n\t<meta property=\"og:image:type\" content=\"image\/jpeg\" \/>\n<meta name=\"author\" content=\"Gabriel Martins\" \/>\n<meta name=\"twitter:card\" content=\"summary_large_image\" \/>\n<meta name=\"twitter:label1\" content=\"Escrito por\" \/>\n\t<meta name=\"twitter:data1\" content=\"Gabriel Martins\" \/>\n\t<meta name=\"twitter:label2\" content=\"Est. tempo de leitura\" \/>\n\t<meta name=\"twitter:data2\" content=\"4 minutos\" \/>\n<!-- \/ Yoast SEO plugin. -->","yoast_head_json":{"title":"Justi\u00e7a responsabiliza condom\u00ednio e construtora ap\u00f3s acidente infantil em piscina e refor\u00e7a aplica\u00e7\u00e3o do C\u00f3digo de Defesa do Consumidor - Estado de Minas - Em foco","description":"Justi\u00e7a condena construtora e condom\u00ednio por acidente com crian\u00e7a em piscina e refor\u00e7a que seguran\u00e7a \u00e9 dever compartilhado por todos.","robots":{"index":"index","follow":"follow","max-snippet":"max-snippet:-1","max-image-preview":"max-image-preview:large","max-video-preview":"max-video-preview:-1"},"canonical":"https:\/\/www.em.com.br\/emfoco\/2026\/01\/21\/justica-responsabiliza-condominio-e-construtora-apos-acidente-infantil-em-piscina-e-reforca-aplicacao-do-codigo-de-defesa-do-consumidor\/","og_locale":"pt_BR","og_type":"article","og_title":"Justi\u00e7a responsabiliza condom\u00ednio e construtora ap\u00f3s acidente infantil em piscina e refor\u00e7a aplica\u00e7\u00e3o do C\u00f3digo de Defesa do Consumidor - Estado de Minas - Em foco","og_description":"Justi\u00e7a condena construtora e condom\u00ednio por acidente com crian\u00e7a em piscina e refor\u00e7a que seguran\u00e7a \u00e9 dever compartilhado por todos.","og_url":"https:\/\/www.em.com.br\/emfoco\/2026\/01\/21\/justica-responsabiliza-condominio-e-construtora-apos-acidente-infantil-em-piscina-e-reforca-aplicacao-do-codigo-de-defesa-do-consumidor\/","og_site_name":"Estado de Minas - Em foco","article_published_time":"2026-01-21T20:55:00+00:00","article_modified_time":"2026-01-19T14:24:54+00:00","og_image":[{"width":1280,"height":720,"url":"https:\/\/www.em.com.br\/emfoco\/wp-content\/uploads\/2026\/01\/AIAI-24-3.jpg","type":"image\/jpeg"}],"author":"Gabriel Martins","twitter_card":"summary_large_image","twitter_misc":{"Escrito por":"Gabriel Martins","Est. tempo de leitura":"4 minutos"},"schema":{"@context":"https:\/\/schema.org","@graph":[{"@type":"WebPage","@id":"https:\/\/www.em.com.br\/emfoco\/2026\/01\/21\/justica-responsabiliza-condominio-e-construtora-apos-acidente-infantil-em-piscina-e-reforca-aplicacao-do-codigo-de-defesa-do-consumidor\/","url":"https:\/\/www.em.com.br\/emfoco\/2026\/01\/21\/justica-responsabiliza-condominio-e-construtora-apos-acidente-infantil-em-piscina-e-reforca-aplicacao-do-codigo-de-defesa-do-consumidor\/","name":"Justi\u00e7a responsabiliza condom\u00ednio e construtora ap\u00f3s acidente infantil em piscina e refor\u00e7a aplica\u00e7\u00e3o do C\u00f3digo de Defesa do Consumidor - Estado de Minas - Em foco","isPartOf":{"@id":"https:\/\/www.em.com.br\/emfoco\/#website"},"primaryImageOfPage":{"@id":"https:\/\/www.em.com.br\/emfoco\/2026\/01\/21\/justica-responsabiliza-condominio-e-construtora-apos-acidente-infantil-em-piscina-e-reforca-aplicacao-do-codigo-de-defesa-do-consumidor\/#primaryimage"},"image":{"@id":"https:\/\/www.em.com.br\/emfoco\/2026\/01\/21\/justica-responsabiliza-condominio-e-construtora-apos-acidente-infantil-em-piscina-e-reforca-aplicacao-do-codigo-de-defesa-do-consumidor\/#primaryimage"},"thumbnailUrl":"https:\/\/www.em.com.br\/emfoco\/wp-content\/uploads\/2026\/01\/AIAI-24-3.jpg","datePublished":"2026-01-21T20:55:00+00:00","dateModified":"2026-01-19T14:24:54+00:00","author":{"@id":"https:\/\/www.em.com.br\/emfoco\/#\/schema\/person\/1c9ddeab18b98abeffef834667bcf08a"},"description":"Justi\u00e7a condena construtora e condom\u00ednio por acidente com crian\u00e7a em piscina e refor\u00e7a que seguran\u00e7a \u00e9 dever compartilhado por todos.","breadcrumb":{"@id":"https:\/\/www.em.com.br\/emfoco\/2026\/01\/21\/justica-responsabiliza-condominio-e-construtora-apos-acidente-infantil-em-piscina-e-reforca-aplicacao-do-codigo-de-defesa-do-consumidor\/#breadcrumb"},"inLanguage":"pt-BR","potentialAction":[{"@type":"ReadAction","target":["https:\/\/www.em.com.br\/emfoco\/2026\/01\/21\/justica-responsabiliza-condominio-e-construtora-apos-acidente-infantil-em-piscina-e-reforca-aplicacao-do-codigo-de-defesa-do-consumidor\/"]}]},{"@type":"ImageObject","inLanguage":"pt-BR","@id":"https:\/\/www.em.com.br\/emfoco\/2026\/01\/21\/justica-responsabiliza-condominio-e-construtora-apos-acidente-infantil-em-piscina-e-reforca-aplicacao-do-codigo-de-defesa-do-consumidor\/#primaryimage","url":"https:\/\/www.em.com.br\/emfoco\/wp-content\/uploads\/2026\/01\/AIAI-24-3.jpg","contentUrl":"https:\/\/www.em.com.br\/emfoco\/wp-content\/uploads\/2026\/01\/AIAI-24-3.jpg","width":1280,"height":720,"caption":"Falhas de constru\u00e7\u00e3o e manuten\u00e7\u00e3o geram indeniza\u00e7\u00e3o solid\u00e1ria no setor imobili\u00e1rio"},{"@type":"BreadcrumbList","@id":"https:\/\/www.em.com.br\/emfoco\/2026\/01\/21\/justica-responsabiliza-condominio-e-construtora-apos-acidente-infantil-em-piscina-e-reforca-aplicacao-do-codigo-de-defesa-do-consumidor\/#breadcrumb","itemListElement":[{"@type":"ListItem","position":1,"name":"In\u00edcio","item":"https:\/\/www.em.com.br\/emfoco\/"},{"@type":"ListItem","position":2,"name":"Justi\u00e7a responsabiliza condom\u00ednio e construtora ap\u00f3s acidente infantil em piscina e refor\u00e7a aplica\u00e7\u00e3o do C\u00f3digo de Defesa do Consumidor"}]},{"@type":"WebSite","@id":"https:\/\/www.em.com.br\/emfoco\/#website","url":"https:\/\/www.em.com.br\/emfoco\/","name":"Estado de Minas - Em foco","description":"Acompanhe as \u00faltimas not\u00edcias e fique bem informado sobre tudo o que acontece em Minas Gerais, Brasil e no mundo.","potentialAction":[{"@type":"SearchAction","target":{"@type":"EntryPoint","urlTemplate":"https:\/\/www.em.com.br\/emfoco\/?s={search_term_string}"},"query-input":{"@type":"PropertyValueSpecification","valueRequired":true,"valueName":"search_term_string"}}],"inLanguage":"pt-BR"},{"@type":"Person","@id":"https:\/\/www.em.com.br\/emfoco\/#\/schema\/person\/1c9ddeab18b98abeffef834667bcf08a","name":"Gabriel Martins","image":{"@type":"ImageObject","inLanguage":"pt-BR","@id":"https:\/\/www.em.com.br\/emfoco\/#\/schema\/person\/image\/","url":"https:\/\/secure.gravatar.com\/avatar\/f0f1e2efdfd88f1ad2cb08c5c2731e50?s=96&d=mm&r=g","contentUrl":"https:\/\/secure.gravatar.com\/avatar\/f0f1e2efdfd88f1ad2cb08c5c2731e50?s=96&d=mm&r=g","caption":"Gabriel Martins"},"sameAs":["https:\/\/www.em.com.br\/emfoco\/"],"url":"https:\/\/www.em.com.br\/emfoco\/author\/gabrielmartinsmyth\/"}]}},"_links":{"self":[{"href":"https:\/\/www.em.com.br\/emfoco\/wp-json\/wp\/v2\/posts\/156964","targetHints":{"allow":["GET"]}}],"collection":[{"href":"https:\/\/www.em.com.br\/emfoco\/wp-json\/wp\/v2\/posts"}],"about":[{"href":"https:\/\/www.em.com.br\/emfoco\/wp-json\/wp\/v2\/types\/post"}],"author":[{"embeddable":true,"href":"https:\/\/www.em.com.br\/emfoco\/wp-json\/wp\/v2\/users\/13"}],"replies":[{"embeddable":true,"href":"https:\/\/www.em.com.br\/emfoco\/wp-json\/wp\/v2\/comments?post=156964"}],"version-history":[{"count":1,"href":"https:\/\/www.em.com.br\/emfoco\/wp-json\/wp\/v2\/posts\/156964\/revisions"}],"predecessor-version":[{"id":157018,"href":"https:\/\/www.em.com.br\/emfoco\/wp-json\/wp\/v2\/posts\/156964\/revisions\/157018"}],"wp:featuredmedia":[{"embeddable":true,"href":"https:\/\/www.em.com.br\/emfoco\/wp-json\/wp\/v2\/media\/157013"}],"wp:attachment":[{"href":"https:\/\/www.em.com.br\/emfoco\/wp-json\/wp\/v2\/media?parent=156964"}],"wp:term":[{"taxonomy":"category","embeddable":true,"href":"https:\/\/www.em.com.br\/emfoco\/wp-json\/wp\/v2\/categories?post=156964"},{"taxonomy":"post_tag","embeddable":true,"href":"https:\/\/www.em.com.br\/emfoco\/wp-json\/wp\/v2\/tags?post=156964"}],"curies":[{"name":"wp","href":"https:\/\/api.w.org\/{rel}","templated":true}]}}