{"id":156958,"date":"2026-01-21T11:55:00","date_gmt":"2026-01-21T14:55:00","guid":{"rendered":"https:\/\/www.em.com.br\/emfoco\/?p=156958"},"modified":"2026-01-19T11:02:36","modified_gmt":"2026-01-19T14:02:36","slug":"justica-reconhece-que-porte-de-arma-nao-e-mais-exigencia-para-vigilantes-obterem-aposentadoria-especial-apos-25-anos-de-exposicao-ao-risco","status":"publish","type":"post","link":"https:\/\/www.em.com.br\/emfoco\/2026\/01\/21\/justica-reconhece-que-porte-de-arma-nao-e-mais-exigencia-para-vigilantes-obterem-aposentadoria-especial-apos-25-anos-de-exposicao-ao-risco\/","title":{"rendered":"Justi\u00e7a reconhece que porte de arma n\u00e3o \u00e9 mais exig\u00eancia para vigilantes obterem aposentadoria especial ap\u00f3s 25 anos de exposi\u00e7\u00e3o ao risco"},"content":{"rendered":"\n<h2 class=\"wp-block-heading\">A Justi\u00e7a reconheceu a periculosidade do vigilante mesmo sem porte de arma, garantindo direito \u00e0 aposentadoria especial. A decis\u00e3o amplia o acesso ao benef\u00edcio, exige 25 anos de exposi\u00e7\u00e3o comprovada e melhora o c\u00e1lculo previdenci\u00e1rio.<\/h2>\n\n\n\n<p>A <strong>aposentadoria especial do vigilante<\/strong> ganhou um refor\u00e7o decisivo ap\u00f3s entendimento judicial que reconheceu a periculosidade da fun\u00e7\u00e3o mesmo sem porte de arma. A decis\u00e3o corrige uma distor\u00e7\u00e3o hist\u00f3rica e amplia o direito de quem atua diariamente exposto a riscos reais de viol\u00eancia.<\/p>\n\n\n\n<h2 class=\"wp-block-heading\">Por que a Justi\u00e7a mudou o entendimento sobre vigilante sem arma?<\/h2>\n\n\n\n<p>Durante anos, prevaleceu a ideia de que apenas o vigilante armado estaria sujeito a <strong>risco permanente<\/strong>, o que limitava o acesso \u00e0 aposentadoria especial. A Justi\u00e7a passou a considerar que o perigo est\u00e1 ligado \u00e0 fun\u00e7\u00e3o de vigil\u00e2ncia e n\u00e3o ao instrumento utilizado.<\/p>\n\n\n\n<p>O entendimento atual reconhece que o vigilante desarmado continua sendo alvo em situa\u00e7\u00f5es de conflito, pois representa a autoridade de conten\u00e7\u00e3o inicial, sofrendo press\u00e3o psicol\u00f3gica, risco f\u00edsico e possibilidade concreta de agress\u00f5es.<\/p>\n\n\n\n<figure class=\"wp-block-image size-large\"><img loading=\"lazy\" decoding=\"async\" width=\"1024\" height=\"576\" src=\"https:\/\/www.em.com.br\/emfoco\/wp-content\/uploads\/2026\/01\/AIAI-7-31-1024x576.jpg\" alt=\"Justi\u00e7a reconhece que porte de arma n\u00e3o \u00e9 mais exig\u00eancia para vigilantes obterem aposentadoria especial ap\u00f3s 25 anos de exposi\u00e7\u00e3o ao risco\" class=\"wp-image-156983\" srcset=\"https:\/\/www.em.com.br\/emfoco\/wp-content\/uploads\/2026\/01\/AIAI-7-31-1024x576.jpg 1024w, https:\/\/www.em.com.br\/emfoco\/wp-content\/uploads\/2026\/01\/AIAI-7-31-300x169.jpg 300w, https:\/\/www.em.com.br\/emfoco\/wp-content\/uploads\/2026\/01\/AIAI-7-31-768x432.jpg 768w, https:\/\/www.em.com.br\/emfoco\/wp-content\/uploads\/2026\/01\/AIAI-7-31-750x422.jpg 750w, https:\/\/www.em.com.br\/emfoco\/wp-content\/uploads\/2026\/01\/AIAI-7-31-1140x641.jpg 1140w, https:\/\/www.em.com.br\/emfoco\/wp-content\/uploads\/2026\/01\/AIAI-7-31.jpg 1280w\" sizes=\"auto, (max-width: 1024px) 100vw, 1024px\" \/><figcaption class=\"wp-element-caption\">Risco decorre da fun\u00e7\u00e3o exercida e n\u00e3o do uso de armamento<\/figcaption><\/figure>\n\n\n\n<h2 class=\"wp-block-heading\">O que fundamenta o fim da exig\u00eancia do porte de arma?<\/h2>\n\n\n\n<p>Os tribunais conclu\u00edram que exigir armamento para reconhecer a periculosidade penalizava profissionais que atuam em locais estrategicamente desarmados. Entre os fundamentos que sustentam essa posi\u00e7\u00e3o, est\u00e3o os pontos a seguir.<\/p>\n\n\n\n<ul class=\"wp-block-list\">\n<li><strong>Risco inerente \u00e0 fun\u00e7\u00e3o<\/strong>: o criminoso n\u00e3o distingue se o vigilante est\u00e1 armado antes da a\u00e7\u00e3o.<\/li>\n\n\n\n<li><strong>Exposi\u00e7\u00e3o constante<\/strong>: o monitoramento preventivo gera tens\u00e3o f\u00edsica e emocional permanente.<\/li>\n\n\n\n<li><strong>Crit\u00e9rio injusto<\/strong>: condicionar o direito ao porte ignora pol\u00edticas internas de seguran\u00e7a.<\/li>\n<\/ul>\n\n\n\n<h2 class=\"wp-block-heading\">Quais s\u00e3o as regras para aposentadoria especial do vigilante?<\/h2>\n\n\n\n<p>Para o reconhecimento da <strong>atividade especial<\/strong>, o vigilante precisa comprovar 25 anos de efetiva exposi\u00e7\u00e3o ao risco, respeitando as regras de transi\u00e7\u00e3o ap\u00f3s a <strong><a href=\"https:\/\/www.gov.br\/inss\/pt-br\/noticias\/noticias\/regras-de-transicao-mudam-os-requisitos-para-aposentadoria-em-2026\" target=\"_blank\" rel=\"noreferrer noopener\">Reforma da Previd\u00eancia<\/a><\/strong> e os crit\u00e9rios de pontua\u00e7\u00e3o exigidos.<\/p>\n\n\n\n<p>Tamb\u00e9m \u00e9 poss\u00edvel converter o tempo especial em comum para quem n\u00e3o completa o per\u00edodo m\u00ednimo, utilizando multiplicadores que aumentam o tempo contributivo e facilitam o acesso a uma aposentadoria tradicional.<\/p>\n\n\n\n<figure class=\"wp-block-image size-large\"><img loading=\"lazy\" decoding=\"async\" width=\"1024\" height=\"576\" src=\"https:\/\/www.em.com.br\/emfoco\/wp-content\/uploads\/2026\/01\/AIAI-8-27-1024x576.jpg\" alt=\"Justi\u00e7a reconhece que porte de arma n\u00e3o \u00e9 mais exig\u00eancia para vigilantes obterem aposentadoria especial ap\u00f3s 25 anos de exposi\u00e7\u00e3o ao risco\" class=\"wp-image-156984\" srcset=\"https:\/\/www.em.com.br\/emfoco\/wp-content\/uploads\/2026\/01\/AIAI-8-27-1024x576.jpg 1024w, https:\/\/www.em.com.br\/emfoco\/wp-content\/uploads\/2026\/01\/AIAI-8-27-300x169.jpg 300w, https:\/\/www.em.com.br\/emfoco\/wp-content\/uploads\/2026\/01\/AIAI-8-27-768x432.jpg 768w, https:\/\/www.em.com.br\/emfoco\/wp-content\/uploads\/2026\/01\/AIAI-8-27-750x422.jpg 750w, https:\/\/www.em.com.br\/emfoco\/wp-content\/uploads\/2026\/01\/AIAI-8-27-1140x641.jpg 1140w, https:\/\/www.em.com.br\/emfoco\/wp-content\/uploads\/2026\/01\/AIAI-8-27.jpg 1280w\" sizes=\"auto, (max-width: 1024px) 100vw, 1024px\" \/><figcaption class=\"wp-element-caption\">Vigilantes precisam comprovar vinte e cinco anos de exposi\u00e7\u00e3o ao risco<\/figcaption><\/figure>\n\n\n\n<p><em>Leia mais: <em><strong><a href=\"https:\/\/www.em.com.br\/emfoco\/2026\/01\/19\/bancos-emitem-novo-alerta-sobre-golpe-que-clona-cartao-com-camera-escondida-e-movimenta-o-saldo-sem-o-cliente-perceber\/\" target=\"_blank\" rel=\"noreferrer noopener\">Bancos emitem novo alerta sobre golpe que clona cart\u00e3o com c\u00e2mera escondida e movimenta o saldo sem o cliente perceber<\/a><\/strong><\/em><\/em><\/p>\n\n\n\n<h2 class=\"wp-block-heading\">Como comprovar o risco para vigilante que n\u00e3o usa arma?<\/h2>\n\n\n\n<p>A prova documental \u00e9 decisiva, j\u00e1 que pedidos administrativos costumam ser negados automaticamente. Para fortalecer o reconhecimento da periculosidade, observe os elementos mais relevantes descritos a seguir.<\/p>\n\n\n\n<ul class=\"wp-block-list\">\n<li><strong>PPP detalhado<\/strong>: deve relatar atividades, risco \u00e0 integridade f\u00edsica e vigil\u00e2ncia ostensiva.<\/li>\n\n\n\n<li><strong>LTCAT v\u00e1lido<\/strong>: laudo t\u00e9cnico que fundamenta o enquadramento da atividade.<\/li>\n\n\n\n<li><strong>Registros de ocorr\u00eancias<\/strong>: boletins ou relat\u00f3rios internos que evidenciam risco real.<\/li>\n<\/ul>\n\n\n\n<h2 class=\"wp-block-heading\">Qual o impacto financeiro dessa decis\u00e3o para o vigilante?<\/h2>\n\n\n\n<p>O reconhecimento da atividade especial permite um <strong>c\u00e1lculo mais vantajoso<\/strong> do benef\u00edcio, evitando redutores e elevando a m\u00e9dia salarial considerada pelo INSS, o que pode resultar em aposentadoria mais alta.<\/p>\n\n\n\n<p>Al\u00e9m disso, vigilantes que tiveram pedidos negados anteriormente e buscaram a via judicial podem receber valores retroativos desde o primeiro requerimento, tornando a decis\u00e3o um avan\u00e7o relevante em prote\u00e7\u00e3o e justi\u00e7a previdenci\u00e1ria.<\/p>\n","protected":false},"excerpt":{"rendered":"<p>A Justi\u00e7a reconheceu a periculosidade do vigilante mesmo sem porte de arma, garantindo direito \u00e0 aposentadoria especial. A decis\u00e3o amplia o acesso ao benef\u00edcio, exige 25 anos de exposi\u00e7\u00e3o comprovada e melhora o c\u00e1lculo previdenci\u00e1rio. A aposentadoria especial do vigilante ganhou um refor\u00e7o decisivo ap\u00f3s entendimento judicial que reconheceu a periculosidade da fun\u00e7\u00e3o mesmo sem [&hellip;]<\/p>\n","protected":false},"author":13,"featured_media":156982,"comment_status":"open","ping_status":"open","sticky":false,"template":"","format":"standard","meta":{"jnews-multi-image_gallery":[],"jnews_single_post":{"format":"standard"},"jnews_primary_category":[],"jnews_social_meta":[],"jnews_override_counter":[],"footnotes":""},"categories":[28],"tags":[889,22927,22926],"class_list":["post-156958","post","type-post","status-publish","format-standard","has-post-thumbnail","hentry","category-economia","tag-aposentadoria-especial","tag-risco-permanente","tag-vigilante-sem-arma"],"yoast_head":"<!-- This site is optimized with the Yoast SEO plugin v23.8 - https:\/\/yoast.com\/wordpress\/plugins\/seo\/ -->\n<title>Justi\u00e7a reconhece que porte de arma n\u00e3o \u00e9 mais exig\u00eancia para vigilantes obterem aposentadoria especial ap\u00f3s 25 anos de exposi\u00e7\u00e3o ao risco - Estado de Minas - Em foco<\/title>\n<meta name=\"description\" content=\"Justi\u00e7a reconhece aposentadoria especial para vigilante sem arma com 25 anos de atividade e garante c\u00e1lculo mais alto e direito a retroativo.\" \/>\n<meta name=\"robots\" content=\"index, follow, max-snippet:-1, max-image-preview:large, max-video-preview:-1\" \/>\n<link rel=\"canonical\" href=\"https:\/\/www.em.com.br\/emfoco\/2026\/01\/21\/justica-reconhece-que-porte-de-arma-nao-e-mais-exigencia-para-vigilantes-obterem-aposentadoria-especial-apos-25-anos-de-exposicao-ao-risco\/\" \/>\n<meta property=\"og:locale\" content=\"pt_BR\" \/>\n<meta property=\"og:type\" content=\"article\" \/>\n<meta property=\"og:title\" content=\"Justi\u00e7a reconhece que porte de arma n\u00e3o \u00e9 mais exig\u00eancia para vigilantes obterem aposentadoria especial ap\u00f3s 25 anos de exposi\u00e7\u00e3o ao risco - Estado de Minas - Em foco\" \/>\n<meta property=\"og:description\" content=\"Justi\u00e7a reconhece aposentadoria especial para vigilante sem arma com 25 anos de atividade e garante c\u00e1lculo mais alto e direito a retroativo.\" \/>\n<meta property=\"og:url\" content=\"https:\/\/www.em.com.br\/emfoco\/2026\/01\/21\/justica-reconhece-que-porte-de-arma-nao-e-mais-exigencia-para-vigilantes-obterem-aposentadoria-especial-apos-25-anos-de-exposicao-ao-risco\/\" \/>\n<meta property=\"og:site_name\" content=\"Estado de Minas - Em foco\" \/>\n<meta property=\"article:published_time\" content=\"2026-01-21T14:55:00+00:00\" \/>\n<meta property=\"article:modified_time\" content=\"2026-01-19T14:02:36+00:00\" \/>\n<meta property=\"og:image\" content=\"https:\/\/www.em.com.br\/emfoco\/wp-content\/uploads\/2026\/01\/AIAI-6-32.jpg\" \/>\n\t<meta property=\"og:image:width\" content=\"1280\" \/>\n\t<meta property=\"og:image:height\" content=\"720\" \/>\n\t<meta property=\"og:image:type\" content=\"image\/jpeg\" \/>\n<meta name=\"author\" content=\"Gabriel Martins\" \/>\n<meta name=\"twitter:card\" content=\"summary_large_image\" \/>\n<meta name=\"twitter:label1\" content=\"Escrito por\" \/>\n\t<meta name=\"twitter:data1\" content=\"Gabriel Martins\" \/>\n\t<meta name=\"twitter:label2\" content=\"Est. tempo de leitura\" \/>\n\t<meta name=\"twitter:data2\" content=\"4 minutos\" \/>\n<!-- \/ Yoast SEO plugin. -->","yoast_head_json":{"title":"Justi\u00e7a reconhece que porte de arma n\u00e3o \u00e9 mais exig\u00eancia para vigilantes obterem aposentadoria especial ap\u00f3s 25 anos de exposi\u00e7\u00e3o ao risco - Estado de Minas - Em foco","description":"Justi\u00e7a reconhece aposentadoria especial para vigilante sem arma com 25 anos de atividade e garante c\u00e1lculo mais alto e direito a retroativo.","robots":{"index":"index","follow":"follow","max-snippet":"max-snippet:-1","max-image-preview":"max-image-preview:large","max-video-preview":"max-video-preview:-1"},"canonical":"https:\/\/www.em.com.br\/emfoco\/2026\/01\/21\/justica-reconhece-que-porte-de-arma-nao-e-mais-exigencia-para-vigilantes-obterem-aposentadoria-especial-apos-25-anos-de-exposicao-ao-risco\/","og_locale":"pt_BR","og_type":"article","og_title":"Justi\u00e7a reconhece que porte de arma n\u00e3o \u00e9 mais exig\u00eancia para vigilantes obterem aposentadoria especial ap\u00f3s 25 anos de exposi\u00e7\u00e3o ao risco - Estado de Minas - Em foco","og_description":"Justi\u00e7a reconhece aposentadoria especial para vigilante sem arma com 25 anos de atividade e garante c\u00e1lculo mais alto e direito a retroativo.","og_url":"https:\/\/www.em.com.br\/emfoco\/2026\/01\/21\/justica-reconhece-que-porte-de-arma-nao-e-mais-exigencia-para-vigilantes-obterem-aposentadoria-especial-apos-25-anos-de-exposicao-ao-risco\/","og_site_name":"Estado de Minas - Em foco","article_published_time":"2026-01-21T14:55:00+00:00","article_modified_time":"2026-01-19T14:02:36+00:00","og_image":[{"width":1280,"height":720,"url":"https:\/\/www.em.com.br\/emfoco\/wp-content\/uploads\/2026\/01\/AIAI-6-32.jpg","type":"image\/jpeg"}],"author":"Gabriel Martins","twitter_card":"summary_large_image","twitter_misc":{"Escrito por":"Gabriel Martins","Est. tempo de leitura":"4 minutos"},"schema":{"@context":"https:\/\/schema.org","@graph":[{"@type":"WebPage","@id":"https:\/\/www.em.com.br\/emfoco\/2026\/01\/21\/justica-reconhece-que-porte-de-arma-nao-e-mais-exigencia-para-vigilantes-obterem-aposentadoria-especial-apos-25-anos-de-exposicao-ao-risco\/","url":"https:\/\/www.em.com.br\/emfoco\/2026\/01\/21\/justica-reconhece-que-porte-de-arma-nao-e-mais-exigencia-para-vigilantes-obterem-aposentadoria-especial-apos-25-anos-de-exposicao-ao-risco\/","name":"Justi\u00e7a reconhece que porte de arma n\u00e3o \u00e9 mais exig\u00eancia para vigilantes obterem aposentadoria especial ap\u00f3s 25 anos de exposi\u00e7\u00e3o ao risco - Estado de Minas - Em foco","isPartOf":{"@id":"https:\/\/www.em.com.br\/emfoco\/#website"},"primaryImageOfPage":{"@id":"https:\/\/www.em.com.br\/emfoco\/2026\/01\/21\/justica-reconhece-que-porte-de-arma-nao-e-mais-exigencia-para-vigilantes-obterem-aposentadoria-especial-apos-25-anos-de-exposicao-ao-risco\/#primaryimage"},"image":{"@id":"https:\/\/www.em.com.br\/emfoco\/2026\/01\/21\/justica-reconhece-que-porte-de-arma-nao-e-mais-exigencia-para-vigilantes-obterem-aposentadoria-especial-apos-25-anos-de-exposicao-ao-risco\/#primaryimage"},"thumbnailUrl":"https:\/\/www.em.com.br\/emfoco\/wp-content\/uploads\/2026\/01\/AIAI-6-32.jpg","datePublished":"2026-01-21T14:55:00+00:00","dateModified":"2026-01-19T14:02:36+00:00","author":{"@id":"https:\/\/www.em.com.br\/emfoco\/#\/schema\/person\/1c9ddeab18b98abeffef834667bcf08a"},"description":"Justi\u00e7a reconhece aposentadoria especial para vigilante sem arma com 25 anos de atividade e garante c\u00e1lculo mais alto e direito a retroativo.","breadcrumb":{"@id":"https:\/\/www.em.com.br\/emfoco\/2026\/01\/21\/justica-reconhece-que-porte-de-arma-nao-e-mais-exigencia-para-vigilantes-obterem-aposentadoria-especial-apos-25-anos-de-exposicao-ao-risco\/#breadcrumb"},"inLanguage":"pt-BR","potentialAction":[{"@type":"ReadAction","target":["https:\/\/www.em.com.br\/emfoco\/2026\/01\/21\/justica-reconhece-que-porte-de-arma-nao-e-mais-exigencia-para-vigilantes-obterem-aposentadoria-especial-apos-25-anos-de-exposicao-ao-risco\/"]}]},{"@type":"ImageObject","inLanguage":"pt-BR","@id":"https:\/\/www.em.com.br\/emfoco\/2026\/01\/21\/justica-reconhece-que-porte-de-arma-nao-e-mais-exigencia-para-vigilantes-obterem-aposentadoria-especial-apos-25-anos-de-exposicao-ao-risco\/#primaryimage","url":"https:\/\/www.em.com.br\/emfoco\/wp-content\/uploads\/2026\/01\/AIAI-6-32.jpg","contentUrl":"https:\/\/www.em.com.br\/emfoco\/wp-content\/uploads\/2026\/01\/AIAI-6-32.jpg","width":1280,"height":720,"caption":"Justi\u00e7a reconhece periculosidade do vigilante mesmo sem porte de arma"},{"@type":"BreadcrumbList","@id":"https:\/\/www.em.com.br\/emfoco\/2026\/01\/21\/justica-reconhece-que-porte-de-arma-nao-e-mais-exigencia-para-vigilantes-obterem-aposentadoria-especial-apos-25-anos-de-exposicao-ao-risco\/#breadcrumb","itemListElement":[{"@type":"ListItem","position":1,"name":"In\u00edcio","item":"https:\/\/www.em.com.br\/emfoco\/"},{"@type":"ListItem","position":2,"name":"Justi\u00e7a reconhece que porte de arma n\u00e3o \u00e9 mais exig\u00eancia para vigilantes obterem aposentadoria especial ap\u00f3s 25 anos de exposi\u00e7\u00e3o ao risco"}]},{"@type":"WebSite","@id":"https:\/\/www.em.com.br\/emfoco\/#website","url":"https:\/\/www.em.com.br\/emfoco\/","name":"Estado de Minas - Em foco","description":"Acompanhe as \u00faltimas not\u00edcias e fique bem informado sobre tudo o que acontece em Minas Gerais, Brasil e no mundo.","potentialAction":[{"@type":"SearchAction","target":{"@type":"EntryPoint","urlTemplate":"https:\/\/www.em.com.br\/emfoco\/?s={search_term_string}"},"query-input":{"@type":"PropertyValueSpecification","valueRequired":true,"valueName":"search_term_string"}}],"inLanguage":"pt-BR"},{"@type":"Person","@id":"https:\/\/www.em.com.br\/emfoco\/#\/schema\/person\/1c9ddeab18b98abeffef834667bcf08a","name":"Gabriel Martins","image":{"@type":"ImageObject","inLanguage":"pt-BR","@id":"https:\/\/www.em.com.br\/emfoco\/#\/schema\/person\/image\/","url":"https:\/\/secure.gravatar.com\/avatar\/f0f1e2efdfd88f1ad2cb08c5c2731e50?s=96&d=mm&r=g","contentUrl":"https:\/\/secure.gravatar.com\/avatar\/f0f1e2efdfd88f1ad2cb08c5c2731e50?s=96&d=mm&r=g","caption":"Gabriel Martins"},"sameAs":["https:\/\/www.em.com.br\/emfoco\/"],"url":"https:\/\/www.em.com.br\/emfoco\/author\/gabrielmartinsmyth\/"}]}},"_links":{"self":[{"href":"https:\/\/www.em.com.br\/emfoco\/wp-json\/wp\/v2\/posts\/156958","targetHints":{"allow":["GET"]}}],"collection":[{"href":"https:\/\/www.em.com.br\/emfoco\/wp-json\/wp\/v2\/posts"}],"about":[{"href":"https:\/\/www.em.com.br\/emfoco\/wp-json\/wp\/v2\/types\/post"}],"author":[{"embeddable":true,"href":"https:\/\/www.em.com.br\/emfoco\/wp-json\/wp\/v2\/users\/13"}],"replies":[{"embeddable":true,"href":"https:\/\/www.em.com.br\/emfoco\/wp-json\/wp\/v2\/comments?post=156958"}],"version-history":[{"count":1,"href":"https:\/\/www.em.com.br\/emfoco\/wp-json\/wp\/v2\/posts\/156958\/revisions"}],"predecessor-version":[{"id":156985,"href":"https:\/\/www.em.com.br\/emfoco\/wp-json\/wp\/v2\/posts\/156958\/revisions\/156985"}],"wp:featuredmedia":[{"embeddable":true,"href":"https:\/\/www.em.com.br\/emfoco\/wp-json\/wp\/v2\/media\/156982"}],"wp:attachment":[{"href":"https:\/\/www.em.com.br\/emfoco\/wp-json\/wp\/v2\/media?parent=156958"}],"wp:term":[{"taxonomy":"category","embeddable":true,"href":"https:\/\/www.em.com.br\/emfoco\/wp-json\/wp\/v2\/categories?post=156958"},{"taxonomy":"post_tag","embeddable":true,"href":"https:\/\/www.em.com.br\/emfoco\/wp-json\/wp\/v2\/tags?post=156958"}],"curies":[{"name":"wp","href":"https:\/\/api.w.org\/{rel}","templated":true}]}}