{"id":156957,"date":"2026-01-21T10:15:00","date_gmt":"2026-01-21T13:15:00","guid":{"rendered":"https:\/\/www.em.com.br\/emfoco\/?p=156957"},"modified":"2026-01-19T10:58:44","modified_gmt":"2026-01-19T13:58:44","slug":"inss-reconhece-aposentadoria-especial-em-2026-com-regras-proprias-para-quem-atuou-com-eletricidade-produtos-quimicos-ou-agentes-biologicos","status":"publish","type":"post","link":"https:\/\/www.em.com.br\/emfoco\/2026\/01\/21\/inss-reconhece-aposentadoria-especial-em-2026-com-regras-proprias-para-quem-atuou-com-eletricidade-produtos-quimicos-ou-agentes-biologicos\/","title":{"rendered":"INSS reconhece aposentadoria especial em 2026 com regras pr\u00f3prias para quem atuou com eletricidade, produtos qu\u00edmicos ou agentes biol\u00f3gicos"},"content":{"rendered":"\n<h2 class=\"wp-block-heading\">A aposentadoria especial permite sa\u00edda antecipada para quem trabalhou exposto a riscos. Exige comprova\u00e7\u00e3o t\u00e9cnica, tempo reduzido de contribui\u00e7\u00e3o, idade m\u00ednima pela transi\u00e7\u00e3o e c\u00e1lculo pr\u00f3prio, podendo garantir benef\u00edcio ainda antes da m\u00e9dia geral.<\/h2>\n\n\n\n<p>A <strong>aposentadoria especial<\/strong> voltou ao centro das aten\u00e7\u00f5es em 2026 por permitir que profissionais expostos a riscos se aposentem muito antes da m\u00e9dia. Em situa\u00e7\u00f5es espec\u00edficas, o benef\u00edcio pode ser concedido ainda entre 40 e 50 anos, com regras pr\u00f3prias e c\u00e1lculo diferenciado.<\/p>\n\n\n\n<h2 class=\"wp-block-heading\">O que muda na aposentadoria especial em 2026?<\/h2>\n\n\n\n<p>Em 2026, a <strong><a href=\"https:\/\/www.gov.br\/previdencia\/pt-br\" target=\"_blank\" rel=\"noreferrer noopener\">Previd\u00eancia Social<\/a><\/strong> mant\u00e9m regras espec\u00edficas para trabalhadores expostos a agentes nocivos de forma cont\u00ednua. A principal diferen\u00e7a em rela\u00e7\u00e3o \u00e0 aposentadoria comum est\u00e1 no tempo reduzido de contribui\u00e7\u00e3o e na prote\u00e7\u00e3o a quem comprometeu a sa\u00fade ao longo da carreira.<\/p>\n\n\n\n<p>Mesmo ap\u00f3s a reforma, o <strong>INSS<\/strong> reconhece que determinadas atividades exigem tratamento diferenciado. Por isso, a legisla\u00e7\u00e3o preserva crit\u00e9rios especiais, combinando tempo de exposi\u00e7\u00e3o, idade m\u00ednima e regras de transi\u00e7\u00e3o que impactam diretamente o valor do benef\u00edcio.<\/p>\n\n\n\n<figure class=\"wp-block-image size-large\"><img loading=\"lazy\" decoding=\"async\" width=\"1024\" height=\"576\" src=\"https:\/\/www.em.com.br\/emfoco\/wp-content\/uploads\/2026\/01\/AIAI-4-40-1024x576.jpg\" alt=\"INSS reconhece aposentadoria especial em 2026 com regras pr\u00f3prias para quem atuou com eletricidade, produtos qu\u00edmicos ou agentes biol\u00f3gicos\" class=\"wp-image-156979\" srcset=\"https:\/\/www.em.com.br\/emfoco\/wp-content\/uploads\/2026\/01\/AIAI-4-40-1024x576.jpg 1024w, https:\/\/www.em.com.br\/emfoco\/wp-content\/uploads\/2026\/01\/AIAI-4-40-300x169.jpg 300w, https:\/\/www.em.com.br\/emfoco\/wp-content\/uploads\/2026\/01\/AIAI-4-40-768x432.jpg 768w, https:\/\/www.em.com.br\/emfoco\/wp-content\/uploads\/2026\/01\/AIAI-4-40-750x422.jpg 750w, https:\/\/www.em.com.br\/emfoco\/wp-content\/uploads\/2026\/01\/AIAI-4-40-1140x641.jpg 1140w, https:\/\/www.em.com.br\/emfoco\/wp-content\/uploads\/2026\/01\/AIAI-4-40.jpg 1280w\" sizes=\"auto, (max-width: 1024px) 100vw, 1024px\" \/><figcaption class=\"wp-element-caption\">Regras especiais mant\u00eam tempo reduzido e crit\u00e9rios diferenciados ap\u00f3s reforma<\/figcaption><\/figure>\n\n\n\n<h2 class=\"wp-block-heading\">Quais profiss\u00f5es d\u00e3o direito \u00e0 aposentadoria antecipada?<\/h2>\n\n\n\n<p>O direito \u00e0 <strong>aposentadoria antecipada<\/strong> depende do grau de risco da atividade exercida e do tempo m\u00ednimo de exposi\u00e7\u00e3o a agentes prejudiciais. As categorias reconhecidas oficialmente est\u00e3o organizadas por n\u00edvel de risco, como voc\u00ea v\u00ea a seguir.<\/p>\n\n\n\n<ul class=\"wp-block-list\">\n<li>Minera\u00e7\u00e3o subterr\u00e2nea em frente de servi\u00e7o: risco m\u00e1ximo com aposentadoria ap\u00f3s 15 anos de exposi\u00e7\u00e3o.<\/li>\n\n\n\n<li>Minera\u00e7\u00e3o subterr\u00e2nea afastada da frente: risco moderado com exig\u00eancia de 20 anos de atividade.<\/li>\n\n\n\n<li>Trabalhadores expostos ao amianto: enquadramento em risco moderado devido \u00e0 alta nocividade.<\/li>\n\n\n\n<li>M\u00e9dicos e enfermeiros: risco leve por exposi\u00e7\u00e3o cont\u00ednua a agentes biol\u00f3gicos.<\/li>\n\n\n\n<li>Eletricistas de alta tens\u00e3o, vigilantes armados e ind\u00fastria qu\u00edmica e metal\u00fargica: risco leve com 25 anos de contribui\u00e7\u00e3o.<\/li>\n<\/ul>\n\n\n\n<h2 class=\"wp-block-heading\">Existe idade m\u00ednima para se aposentar nessas condi\u00e7\u00f5es?<\/h2>\n\n\n\n<p>Desde a reforma previdenci\u00e1ria, a <strong>idade m\u00ednima<\/strong> passou a ser exigida mesmo na aposentadoria especial. O sistema atual funciona por pontua\u00e7\u00e3o, somando idade e tempo de contribui\u00e7\u00e3o, o que limita casos extremos de aposentadoria muito precoce.<\/p>\n\n\n\n<p>Em 2026, a <strong>regra de transi\u00e7\u00e3o<\/strong> estabelece idades m\u00ednimas de 55 anos para risco m\u00e1ximo, 58 anos para risco moderado e 60 anos para risco leve. A aposentadoria aos 40 anos \u00e9 poss\u00edvel apenas para quem adquiriu direito antes das mudan\u00e7as.<\/p>\n\n\n\n<figure class=\"wp-block-image size-large\"><img loading=\"lazy\" decoding=\"async\" width=\"1024\" height=\"576\" src=\"https:\/\/www.em.com.br\/emfoco\/wp-content\/uploads\/2026\/01\/AIAI-5-38-1024x576.jpg\" alt=\"INSS reconhece aposentadoria especial em 2026 com regras pr\u00f3prias para quem atuou com eletricidade, produtos qu\u00edmicos ou agentes biol\u00f3gicos\" class=\"wp-image-156980\" srcset=\"https:\/\/www.em.com.br\/emfoco\/wp-content\/uploads\/2026\/01\/AIAI-5-38-1024x576.jpg 1024w, https:\/\/www.em.com.br\/emfoco\/wp-content\/uploads\/2026\/01\/AIAI-5-38-300x169.jpg 300w, https:\/\/www.em.com.br\/emfoco\/wp-content\/uploads\/2026\/01\/AIAI-5-38-768x432.jpg 768w, https:\/\/www.em.com.br\/emfoco\/wp-content\/uploads\/2026\/01\/AIAI-5-38-750x422.jpg 750w, https:\/\/www.em.com.br\/emfoco\/wp-content\/uploads\/2026\/01\/AIAI-5-38-1140x641.jpg 1140w, https:\/\/www.em.com.br\/emfoco\/wp-content\/uploads\/2026\/01\/AIAI-5-38.jpg 1280w\" sizes=\"auto, (max-width: 1024px) 100vw, 1024px\" \/><figcaption class=\"wp-element-caption\">Idade m\u00ednima e sistema de pontos limitam aposentadorias precoces<\/figcaption><\/figure>\n\n\n\n<p><em>Leia mais: <em><strong><a href=\"https:\/\/www.em.com.br\/emfoco\/2026\/01\/19\/bancos-emitem-novo-alerta-sobre-golpe-que-clona-cartao-com-camera-escondida-e-movimenta-o-saldo-sem-o-cliente-perceber\/\" target=\"_blank\" rel=\"noreferrer noopener\">Bancos emitem novo alerta sobre golpe que clona cart\u00e3o com c\u00e2mera escondida e movimenta o saldo sem o cliente perceber<\/a><\/strong><\/em><\/em><\/p>\n\n\n\n<h2 class=\"wp-block-heading\">Como funciona o chamado pagamento turbinado?<\/h2>\n\n\n\n<p>O chamado <strong>pagamento turbinado<\/strong> est\u00e1 ligado ao c\u00e1lculo do benef\u00edcio da aposentadoria especial. O valor parte de 60% da m\u00e9dia salarial e recebe acr\u00e9scimo de 2% para cada ano que exceder o tempo m\u00ednimo exigido por lei.<\/p>\n\n\n\n<p>Na pr\u00e1tica, um trabalhador de risco leve com 25 anos de contribui\u00e7\u00e3o alcan\u00e7a 70% da m\u00e9dia salarial. Al\u00e9m disso, o uso correto do <strong>PPP<\/strong> pode permitir a convers\u00e3o do tempo especial em comum, elevando ainda mais o valor final.<\/p>\n\n\n\n<h2 class=\"wp-block-heading\">O que \u00e9 essencial para garantir esse direito no INSS?<\/h2>\n\n\n\n<p>O maior desafio da <strong>aposentadoria especial<\/strong> n\u00e3o est\u00e1 no tempo de servi\u00e7o, mas na comprova\u00e7\u00e3o documental. O INSS exige provas t\u00e9cnicas detalhadas, e qualquer falha pode atrasar ou at\u00e9 negar o benef\u00edcio, como mostram os pontos abaixo.<\/p>\n\n\n\n<ul class=\"wp-block-list\">\n<li>PPP bem preenchido: documento obrigat\u00f3rio que comprova a exposi\u00e7\u00e3o a agentes nocivos.<\/li>\n\n\n\n<li>LTCAT atualizado: laudo t\u00e9cnico que fundamenta as informa\u00e7\u00f5es do PPP.<\/li>\n\n\n\n<li>Convers\u00e3o de tempo especial: multiplicadores de 1,4 para homens e 1,2 para mulheres aumentam o tempo comum.<\/li>\n<\/ul>\n\n\n\n<p>Em 2026, entender as regras da aposentadoria especial deixou de ser apenas uma vantagem e se tornou uma estrat\u00e9gia decisiva para transformar anos de risco em um benef\u00edcio mais cedo e financeiramente mais justo.<\/p>\n","protected":false},"excerpt":{"rendered":"<p>A aposentadoria especial permite sa\u00edda antecipada para quem trabalhou exposto a riscos. Exige comprova\u00e7\u00e3o t\u00e9cnica, tempo reduzido de contribui\u00e7\u00e3o, idade m\u00ednima pela transi\u00e7\u00e3o e c\u00e1lculo pr\u00f3prio, podendo garantir benef\u00edcio ainda antes da m\u00e9dia geral. A aposentadoria especial voltou ao centro das aten\u00e7\u00f5es em 2026 por permitir que profissionais expostos a riscos se aposentem muito antes [&hellip;]<\/p>\n","protected":false},"author":13,"featured_media":156977,"comment_status":"open","ping_status":"open","sticky":false,"template":"","format":"standard","meta":{"jnews-multi-image_gallery":[],"jnews_single_post":{"format":"standard"},"jnews_primary_category":[],"jnews_social_meta":[],"jnews_override_counter":[],"footnotes":""},"categories":[28],"tags":[889,256,174,609],"class_list":["post-156957","post","type-post","status-publish","format-standard","has-post-thumbnail","hentry","category-economia","tag-aposentadoria-especial","tag-beneficios","tag-inss","tag-previdencia-social"],"yoast_head":"<!-- This site is optimized with the Yoast SEO plugin v23.8 - https:\/\/yoast.com\/wordpress\/plugins\/seo\/ -->\n<title>INSS reconhece aposentadoria especial em 2026 com regras pr\u00f3prias para quem atuou com eletricidade, produtos qu\u00edmicos ou agentes biol\u00f3gicos - Estado de Minas - Em foco<\/title>\n<meta name=\"description\" content=\"Aposentadoria especial em 2026 garante benef\u00edcio mais cedo a quem atuou sob risco, com c\u00e1lculo turbinado e regras pr\u00f3prias no INSS.\" \/>\n<meta name=\"robots\" content=\"index, follow, max-snippet:-1, max-image-preview:large, max-video-preview:-1\" \/>\n<link rel=\"canonical\" href=\"https:\/\/www.em.com.br\/emfoco\/2026\/01\/21\/inss-reconhece-aposentadoria-especial-em-2026-com-regras-proprias-para-quem-atuou-com-eletricidade-produtos-quimicos-ou-agentes-biologicos\/\" \/>\n<meta property=\"og:locale\" content=\"pt_BR\" \/>\n<meta property=\"og:type\" content=\"article\" \/>\n<meta property=\"og:title\" content=\"INSS reconhece aposentadoria especial em 2026 com regras pr\u00f3prias para quem atuou com eletricidade, produtos qu\u00edmicos ou agentes biol\u00f3gicos - Estado de Minas - Em foco\" \/>\n<meta property=\"og:description\" content=\"Aposentadoria especial em 2026 garante benef\u00edcio mais cedo a quem atuou sob risco, com c\u00e1lculo turbinado e regras pr\u00f3prias no INSS.\" \/>\n<meta property=\"og:url\" content=\"https:\/\/www.em.com.br\/emfoco\/2026\/01\/21\/inss-reconhece-aposentadoria-especial-em-2026-com-regras-proprias-para-quem-atuou-com-eletricidade-produtos-quimicos-ou-agentes-biologicos\/\" \/>\n<meta property=\"og:site_name\" content=\"Estado de Minas - Em foco\" \/>\n<meta property=\"article:published_time\" content=\"2026-01-21T13:15:00+00:00\" \/>\n<meta property=\"article:modified_time\" content=\"2026-01-19T13:58:44+00:00\" \/>\n<meta property=\"og:image\" content=\"https:\/\/www.em.com.br\/emfoco\/wp-content\/uploads\/2026\/01\/AIAI-3-43.jpg\" \/>\n\t<meta property=\"og:image:width\" content=\"1280\" \/>\n\t<meta property=\"og:image:height\" content=\"720\" \/>\n\t<meta property=\"og:image:type\" content=\"image\/jpeg\" \/>\n<meta name=\"author\" content=\"Gabriel Martins\" \/>\n<meta name=\"twitter:card\" content=\"summary_large_image\" \/>\n<meta name=\"twitter:label1\" content=\"Escrito por\" \/>\n\t<meta name=\"twitter:data1\" content=\"Gabriel Martins\" \/>\n\t<meta name=\"twitter:label2\" content=\"Est. tempo de leitura\" \/>\n\t<meta name=\"twitter:data2\" content=\"4 minutos\" \/>\n<!-- \/ Yoast SEO plugin. -->","yoast_head_json":{"title":"INSS reconhece aposentadoria especial em 2026 com regras pr\u00f3prias para quem atuou com eletricidade, produtos qu\u00edmicos ou agentes biol\u00f3gicos - Estado de Minas - Em foco","description":"Aposentadoria especial em 2026 garante benef\u00edcio mais cedo a quem atuou sob risco, com c\u00e1lculo turbinado e regras pr\u00f3prias no INSS.","robots":{"index":"index","follow":"follow","max-snippet":"max-snippet:-1","max-image-preview":"max-image-preview:large","max-video-preview":"max-video-preview:-1"},"canonical":"https:\/\/www.em.com.br\/emfoco\/2026\/01\/21\/inss-reconhece-aposentadoria-especial-em-2026-com-regras-proprias-para-quem-atuou-com-eletricidade-produtos-quimicos-ou-agentes-biologicos\/","og_locale":"pt_BR","og_type":"article","og_title":"INSS reconhece aposentadoria especial em 2026 com regras pr\u00f3prias para quem atuou com eletricidade, produtos qu\u00edmicos ou agentes biol\u00f3gicos - Estado de Minas - Em foco","og_description":"Aposentadoria especial em 2026 garante benef\u00edcio mais cedo a quem atuou sob risco, com c\u00e1lculo turbinado e regras pr\u00f3prias no INSS.","og_url":"https:\/\/www.em.com.br\/emfoco\/2026\/01\/21\/inss-reconhece-aposentadoria-especial-em-2026-com-regras-proprias-para-quem-atuou-com-eletricidade-produtos-quimicos-ou-agentes-biologicos\/","og_site_name":"Estado de Minas - Em foco","article_published_time":"2026-01-21T13:15:00+00:00","article_modified_time":"2026-01-19T13:58:44+00:00","og_image":[{"width":1280,"height":720,"url":"https:\/\/www.em.com.br\/emfoco\/wp-content\/uploads\/2026\/01\/AIAI-3-43.jpg","type":"image\/jpeg"}],"author":"Gabriel Martins","twitter_card":"summary_large_image","twitter_misc":{"Escrito por":"Gabriel Martins","Est. tempo de leitura":"4 minutos"},"schema":{"@context":"https:\/\/schema.org","@graph":[{"@type":"WebPage","@id":"https:\/\/www.em.com.br\/emfoco\/2026\/01\/21\/inss-reconhece-aposentadoria-especial-em-2026-com-regras-proprias-para-quem-atuou-com-eletricidade-produtos-quimicos-ou-agentes-biologicos\/","url":"https:\/\/www.em.com.br\/emfoco\/2026\/01\/21\/inss-reconhece-aposentadoria-especial-em-2026-com-regras-proprias-para-quem-atuou-com-eletricidade-produtos-quimicos-ou-agentes-biologicos\/","name":"INSS reconhece aposentadoria especial em 2026 com regras pr\u00f3prias para quem atuou com eletricidade, produtos qu\u00edmicos ou agentes biol\u00f3gicos - Estado de Minas - Em foco","isPartOf":{"@id":"https:\/\/www.em.com.br\/emfoco\/#website"},"primaryImageOfPage":{"@id":"https:\/\/www.em.com.br\/emfoco\/2026\/01\/21\/inss-reconhece-aposentadoria-especial-em-2026-com-regras-proprias-para-quem-atuou-com-eletricidade-produtos-quimicos-ou-agentes-biologicos\/#primaryimage"},"image":{"@id":"https:\/\/www.em.com.br\/emfoco\/2026\/01\/21\/inss-reconhece-aposentadoria-especial-em-2026-com-regras-proprias-para-quem-atuou-com-eletricidade-produtos-quimicos-ou-agentes-biologicos\/#primaryimage"},"thumbnailUrl":"https:\/\/www.em.com.br\/emfoco\/wp-content\/uploads\/2026\/01\/AIAI-3-43.jpg","datePublished":"2026-01-21T13:15:00+00:00","dateModified":"2026-01-19T13:58:44+00:00","author":{"@id":"https:\/\/www.em.com.br\/emfoco\/#\/schema\/person\/1c9ddeab18b98abeffef834667bcf08a"},"description":"Aposentadoria especial em 2026 garante benef\u00edcio mais cedo a quem atuou sob risco, com c\u00e1lculo turbinado e regras pr\u00f3prias no INSS.","breadcrumb":{"@id":"https:\/\/www.em.com.br\/emfoco\/2026\/01\/21\/inss-reconhece-aposentadoria-especial-em-2026-com-regras-proprias-para-quem-atuou-com-eletricidade-produtos-quimicos-ou-agentes-biologicos\/#breadcrumb"},"inLanguage":"pt-BR","potentialAction":[{"@type":"ReadAction","target":["https:\/\/www.em.com.br\/emfoco\/2026\/01\/21\/inss-reconhece-aposentadoria-especial-em-2026-com-regras-proprias-para-quem-atuou-com-eletricidade-produtos-quimicos-ou-agentes-biologicos\/"]}]},{"@type":"ImageObject","inLanguage":"pt-BR","@id":"https:\/\/www.em.com.br\/emfoco\/2026\/01\/21\/inss-reconhece-aposentadoria-especial-em-2026-com-regras-proprias-para-quem-atuou-com-eletricidade-produtos-quimicos-ou-agentes-biologicos\/#primaryimage","url":"https:\/\/www.em.com.br\/emfoco\/wp-content\/uploads\/2026\/01\/AIAI-3-43.jpg","contentUrl":"https:\/\/www.em.com.br\/emfoco\/wp-content\/uploads\/2026\/01\/AIAI-3-43.jpg","width":1280,"height":720,"caption":"Aposentadoria especial permite sa\u00edda antecipada para trabalhadores expostos a riscos"},{"@type":"BreadcrumbList","@id":"https:\/\/www.em.com.br\/emfoco\/2026\/01\/21\/inss-reconhece-aposentadoria-especial-em-2026-com-regras-proprias-para-quem-atuou-com-eletricidade-produtos-quimicos-ou-agentes-biologicos\/#breadcrumb","itemListElement":[{"@type":"ListItem","position":1,"name":"In\u00edcio","item":"https:\/\/www.em.com.br\/emfoco\/"},{"@type":"ListItem","position":2,"name":"INSS reconhece aposentadoria especial em 2026 com regras pr\u00f3prias para quem atuou com eletricidade, produtos qu\u00edmicos ou agentes biol\u00f3gicos"}]},{"@type":"WebSite","@id":"https:\/\/www.em.com.br\/emfoco\/#website","url":"https:\/\/www.em.com.br\/emfoco\/","name":"Estado de Minas - Em foco","description":"Acompanhe as \u00faltimas not\u00edcias e fique bem informado sobre tudo o que acontece em Minas Gerais, Brasil e no mundo.","potentialAction":[{"@type":"SearchAction","target":{"@type":"EntryPoint","urlTemplate":"https:\/\/www.em.com.br\/emfoco\/?s={search_term_string}"},"query-input":{"@type":"PropertyValueSpecification","valueRequired":true,"valueName":"search_term_string"}}],"inLanguage":"pt-BR"},{"@type":"Person","@id":"https:\/\/www.em.com.br\/emfoco\/#\/schema\/person\/1c9ddeab18b98abeffef834667bcf08a","name":"Gabriel Martins","image":{"@type":"ImageObject","inLanguage":"pt-BR","@id":"https:\/\/www.em.com.br\/emfoco\/#\/schema\/person\/image\/","url":"https:\/\/secure.gravatar.com\/avatar\/f0f1e2efdfd88f1ad2cb08c5c2731e50?s=96&d=mm&r=g","contentUrl":"https:\/\/secure.gravatar.com\/avatar\/f0f1e2efdfd88f1ad2cb08c5c2731e50?s=96&d=mm&r=g","caption":"Gabriel Martins"},"sameAs":["https:\/\/www.em.com.br\/emfoco\/"],"url":"https:\/\/www.em.com.br\/emfoco\/author\/gabrielmartinsmyth\/"}]}},"_links":{"self":[{"href":"https:\/\/www.em.com.br\/emfoco\/wp-json\/wp\/v2\/posts\/156957","targetHints":{"allow":["GET"]}}],"collection":[{"href":"https:\/\/www.em.com.br\/emfoco\/wp-json\/wp\/v2\/posts"}],"about":[{"href":"https:\/\/www.em.com.br\/emfoco\/wp-json\/wp\/v2\/types\/post"}],"author":[{"embeddable":true,"href":"https:\/\/www.em.com.br\/emfoco\/wp-json\/wp\/v2\/users\/13"}],"replies":[{"embeddable":true,"href":"https:\/\/www.em.com.br\/emfoco\/wp-json\/wp\/v2\/comments?post=156957"}],"version-history":[{"count":2,"href":"https:\/\/www.em.com.br\/emfoco\/wp-json\/wp\/v2\/posts\/156957\/revisions"}],"predecessor-version":[{"id":165653,"href":"https:\/\/www.em.com.br\/emfoco\/wp-json\/wp\/v2\/posts\/156957\/revisions\/165653"}],"wp:featuredmedia":[{"embeddable":true,"href":"https:\/\/www.em.com.br\/emfoco\/wp-json\/wp\/v2\/media\/156977"}],"wp:attachment":[{"href":"https:\/\/www.em.com.br\/emfoco\/wp-json\/wp\/v2\/media?parent=156957"}],"wp:term":[{"taxonomy":"category","embeddable":true,"href":"https:\/\/www.em.com.br\/emfoco\/wp-json\/wp\/v2\/categories?post=156957"},{"taxonomy":"post_tag","embeddable":true,"href":"https:\/\/www.em.com.br\/emfoco\/wp-json\/wp\/v2\/tags?post=156957"}],"curies":[{"name":"wp","href":"https:\/\/api.w.org\/{rel}","templated":true}]}}