{"id":156907,"date":"2026-01-20T19:35:00","date_gmt":"2026-01-20T22:35:00","guid":{"rendered":"https:\/\/www.em.com.br\/emfoco\/?p=156907"},"modified":"2026-01-19T20:03:19","modified_gmt":"2026-01-19T23:03:19","slug":"pai-de-familia-e-multado-em-20-euros-por-comer-croissants-na-fronteira-e-caso-gera-indignacao-nas-redes","status":"publish","type":"post","link":"https:\/\/www.em.com.br\/emfoco\/2026\/01\/20\/pai-de-familia-e-multado-em-20-euros-por-comer-croissants-na-fronteira-e-caso-gera-indignacao-nas-redes\/","title":{"rendered":"Pai de fam\u00edlia \u00e9 multado ap\u00f3s consumir parcialmente dois croissants e caso gera indigna\u00e7\u00e3o nas redes"},"content":{"rendered":"\n<h2 class=\"wp-block-heading\">Pai foi multado em 20 euros ao cruzar da Su\u00ed\u00e7a para a Fran\u00e7a com dois croissants parcialmente consumidos. Como a Su\u00ed\u00e7a n\u00e3o integra a uni\u00e3o aduaneira da UE, alimentos com latic\u00ednios s\u00e3o tratados como importa\u00e7\u00e3o irregular.<\/h2>\n\n\n\n<p>O que parecia um lanche comum virou um problema alfandeg\u00e1rio. Um pai de fam\u00edlia foi multado em <strong>20 euros<\/strong> ao cruzar a fronteira entre <strong>Su\u00ed\u00e7a <\/strong>e <strong>Fran\u00e7a <\/strong>ap\u00f3s consumir parcialmente dois croissants, caso que viralizou e exp\u00f4s regras r\u00edgidas sobre alimentos entre pa\u00edses.<\/p>\n\n\n\n<h2 class=\"wp-block-heading\">O que aconteceu no caso do croissant que gerou multa?<\/h2>\n\n\n\n<p>Ao atravessar a fronteira, o motorista foi questionado por agentes aduaneiros sobre mercadorias. Durante a inspe\u00e7\u00e3o, foram encontrados <strong>dois croissants parcialmente consumidos<\/strong>, comprados na Su\u00ed\u00e7a, pa\u00eds que n\u00e3o integra a Uni\u00e3o Aduaneira Europeia.<\/p>\n\n\n\n<p>Mesmo j\u00e1 iniciados, os alimentos foram tratados como importa\u00e7\u00e3o n\u00e3o declarada. Para a alf\u00e2ndega, qualquer produto cruzando a fronteira, ainda que em consumo pessoal, pode gerar san\u00e7\u00e3o se descumprir normas fiscais e sanit\u00e1rias vigentes.<\/p>\n\n\n\n<figure class=\"wp-block-image size-large\"><img loading=\"lazy\" decoding=\"async\" width=\"1024\" height=\"576\" src=\"https:\/\/www.em.com.br\/emfoco\/wp-content\/uploads\/2026\/01\/AIAI-19-4-1024x576.jpg\" alt=\"Pai de fam\u00edlia \u00e9 multado em 20 euros por comer croissants na fronteira e caso gera indigna\u00e7\u00e3o nas redes\" class=\"wp-image-156945\" srcset=\"https:\/\/www.em.com.br\/emfoco\/wp-content\/uploads\/2026\/01\/AIAI-19-4-1024x576.jpg 1024w, https:\/\/www.em.com.br\/emfoco\/wp-content\/uploads\/2026\/01\/AIAI-19-4-300x169.jpg 300w, https:\/\/www.em.com.br\/emfoco\/wp-content\/uploads\/2026\/01\/AIAI-19-4-768x432.jpg 768w, https:\/\/www.em.com.br\/emfoco\/wp-content\/uploads\/2026\/01\/AIAI-19-4-750x422.jpg 750w, https:\/\/www.em.com.br\/emfoco\/wp-content\/uploads\/2026\/01\/AIAI-19-4-1140x641.jpg 1140w, https:\/\/www.em.com.br\/emfoco\/wp-content\/uploads\/2026\/01\/AIAI-19-4.jpg 1280w\" sizes=\"auto, (max-width: 1024px) 100vw, 1024px\" \/><figcaption class=\"wp-element-caption\">Croissants parcialmente consumidos foram tratados como mercadoria n\u00e3o declarada<\/figcaption><\/figure>\n\n\n\n<h2 class=\"wp-block-heading\">Por que comer um alimento pode virar infra\u00e7\u00e3o alfandeg\u00e1ria?<\/h2>\n\n\n\n<p>A regra se baseia no fato de que a Su\u00ed\u00e7a n\u00e3o pertence \u00e0 Uni\u00e3o Europeia, apesar do acordo de livre circula\u00e7\u00e3o de pessoas. Isso cria controles r\u00edgidos para mercadorias, especialmente alimentos de origem animal, como ocorreu neste caso espec\u00edfico.<\/p>\n\n\n\n<ul class=\"wp-block-list\">\n<li><strong>Importa\u00e7\u00e3o n\u00e3o declarada<\/strong>: qualquer alimento transportado \u00e9 considerado mercadoria ao cruzar a fronteira.<\/li>\n\n\n\n<li><strong>Presen\u00e7a de latic\u00ednios<\/strong>: croissants cont\u00eam manteiga e leite, itens altamente controlados.<\/li>\n\n\n\n<li><strong>Fiscaliza\u00e7\u00e3o sanit\u00e1ria<\/strong>: a UE restringe a entrada de produtos animais de pa\u00edses terceiros.<\/li>\n<\/ul>\n\n\n\n<h2 class=\"wp-block-heading\">Por que a Su\u00ed\u00e7a tem regras diferentes da Fran\u00e7a?<\/h2>\n\n\n\n<p>A Su\u00ed\u00e7a integra o espa\u00e7o <strong><a href=\"https:\/\/www.consilium.europa.eu\/pt\/policies\/schengen-area\/\" target=\"_blank\" rel=\"noreferrer noopener\">Schengen<\/a><\/strong>, mas n\u00e3o faz parte da <strong>uni\u00e3o aduaneira da UE<\/strong>, o que significa que pessoas circulam livremente, mas bens continuam sujeitos a controle fiscal e sanit\u00e1rio rigoroso.<\/p>\n\n\n\n<p>Essa distin\u00e7\u00e3o causa confus\u00e3o entre viajantes, que associam Schengen \u00e0 aus\u00eancia total de fiscaliza\u00e7\u00e3o. Na pr\u00e1tica, a alf\u00e2ndega atua para proteger a economia e evitar riscos biol\u00f3gicos relacionados a alimentos importados.<\/p>\n\n\n\n<figure class=\"wp-block-image size-large\"><img loading=\"lazy\" decoding=\"async\" width=\"1024\" height=\"576\" src=\"https:\/\/www.em.com.br\/emfoco\/wp-content\/uploads\/2026\/01\/AIAI-20-4-1024x576.jpg\" alt=\"Pai de fam\u00edlia \u00e9 multado em 20 euros por comer croissants na fronteira e caso gera indigna\u00e7\u00e3o nas redes\" class=\"wp-image-156946\" srcset=\"https:\/\/www.em.com.br\/emfoco\/wp-content\/uploads\/2026\/01\/AIAI-20-4-1024x576.jpg 1024w, https:\/\/www.em.com.br\/emfoco\/wp-content\/uploads\/2026\/01\/AIAI-20-4-300x169.jpg 300w, https:\/\/www.em.com.br\/emfoco\/wp-content\/uploads\/2026\/01\/AIAI-20-4-768x432.jpg 768w, https:\/\/www.em.com.br\/emfoco\/wp-content\/uploads\/2026\/01\/AIAI-20-4-750x422.jpg 750w, https:\/\/www.em.com.br\/emfoco\/wp-content\/uploads\/2026\/01\/AIAI-20-4-1140x641.jpg 1140w, https:\/\/www.em.com.br\/emfoco\/wp-content\/uploads\/2026\/01\/AIAI-20-4.jpg 1280w\" sizes=\"auto, (max-width: 1024px) 100vw, 1024px\" \/><figcaption class=\"wp-element-caption\">Su\u00ed\u00e7a integra Schengen, mas n\u00e3o participa da uni\u00e3o aduaneira europeia<\/figcaption><\/figure>\n\n\n\n<p><em>Leia mais: <strong><a href=\"https:\/\/www.em.com.br\/emfoco\/2026\/01\/18\/inss-usa-ia-para-fiscalizar-beneficiarios-em-tempo-real-e-bloqueia-pagamentos-ao-detectar-sinais-de-fraude-ou-omissao\/\" target=\"_blank\" rel=\"noreferrer noopener\">INSS usa IA para fiscalizar benefici\u00e1rios em tempo real e bloqueia pagamentos ao detectar sinais de fraude ou omiss\u00e3o<\/a><\/strong><\/em><\/p>\n\n\n\n<h2 class=\"wp-block-heading\">O que \u00e9 permitido levar ao entrar na Uni\u00e3o Europeia?<\/h2>\n\n\n\n<p>Para evitar penalidades, viajantes devem conhecer os limites permitidos ao entrar na UE vindos de pa\u00edses fora do bloco. As regras variam conforme o tipo de produto, como mostrado nos exemplos abaixo.<\/p>\n\n\n\n<ul class=\"wp-block-list\">\n<li><strong>Carne e latic\u00ednios<\/strong>: proibidos, salvo exce\u00e7\u00f5es muito espec\u00edficas previstas em acordos sanit\u00e1rios.<\/li>\n\n\n\n<li><strong>Outros alimentos<\/strong>: permitidos at\u00e9 pequenos limites, geralmente at\u00e9 2 kg por pessoa.<\/li>\n\n\n\n<li><strong>Bebidas e tabaco<\/strong>: sujeitos a cotas r\u00edgidas e fiscaliza\u00e7\u00e3o documental.<\/li>\n<\/ul>\n\n\n\n<h2 class=\"wp-block-heading\">Que li\u00e7\u00e3o o caso deixa para quem viaja?<\/h2>\n\n\n\n<p>O epis\u00f3dio mostra que <strong>itens de consumo imediato<\/strong> n\u00e3o est\u00e3o automaticamente isentos de fiscaliza\u00e7\u00e3o, especialmente em fronteiras entre pa\u00edses com regimes fiscais distintos.<\/p>\n\n\n\n<p>Para evitar multas, a orienta\u00e7\u00e3o \u00e9 consumir ou descartar alimentos antes do controle, guardar recibos e, na d\u00favida, declarar. O que parece excesso de rigor para o viajante \u00e9, para o Estado, cumprimento estrito da lei.<\/p>\n","protected":false},"excerpt":{"rendered":"<p>Pai foi multado em 20 euros ao cruzar da Su\u00ed\u00e7a para a Fran\u00e7a com dois croissants parcialmente consumidos. Como a Su\u00ed\u00e7a n\u00e3o integra a uni\u00e3o aduaneira da UE, alimentos com latic\u00ednios s\u00e3o tratados como importa\u00e7\u00e3o irregular. O que parecia um lanche comum virou um problema alfandeg\u00e1rio. Um pai de fam\u00edlia foi multado em 20 euros [&hellip;]<\/p>\n","protected":false},"author":13,"featured_media":156943,"comment_status":"open","ping_status":"open","sticky":false,"template":"","format":"standard","meta":{"jnews-multi-image_gallery":[],"jnews_single_post":{"format":"standard"},"jnews_primary_category":[],"jnews_social_meta":[],"jnews_override_counter":[],"footnotes":""},"categories":[28],"tags":[22918,8505,9442],"class_list":["post-156907","post","type-post","status-publish","format-standard","has-post-thumbnail","hentry","category-economia","tag-croissant","tag-fronteira","tag-multa"],"yoast_head":"<!-- This site is optimized with the Yoast SEO plugin v23.8 - https:\/\/yoast.com\/wordpress\/plugins\/seo\/ -->\n<title>Pai de fam\u00edlia \u00e9 multado ap\u00f3s consumir parcialmente dois croissants e caso gera indigna\u00e7\u00e3o nas redes - Estado de Minas - Em foco<\/title>\n<meta name=\"description\" content=\"Comer croissants na fronteira rendeu multa de 20 euros e exp\u00f4s regras alfandeg\u00e1rias r\u00edgidas entre Su\u00ed\u00e7a e Fran\u00e7a. Entenda o caso.\" \/>\n<meta name=\"robots\" content=\"index, follow, max-snippet:-1, max-image-preview:large, max-video-preview:-1\" \/>\n<link rel=\"canonical\" href=\"https:\/\/www.em.com.br\/emfoco\/2026\/01\/20\/pai-de-familia-e-multado-em-20-euros-por-comer-croissants-na-fronteira-e-caso-gera-indignacao-nas-redes\/\" \/>\n<meta property=\"og:locale\" content=\"pt_BR\" \/>\n<meta property=\"og:type\" content=\"article\" \/>\n<meta property=\"og:title\" content=\"Pai de fam\u00edlia \u00e9 multado ap\u00f3s consumir parcialmente dois croissants e caso gera indigna\u00e7\u00e3o nas redes - Estado de Minas - Em foco\" \/>\n<meta property=\"og:description\" content=\"Comer croissants na fronteira rendeu multa de 20 euros e exp\u00f4s regras alfandeg\u00e1rias r\u00edgidas entre Su\u00ed\u00e7a e Fran\u00e7a. Entenda o caso.\" \/>\n<meta property=\"og:url\" content=\"https:\/\/www.em.com.br\/emfoco\/2026\/01\/20\/pai-de-familia-e-multado-em-20-euros-por-comer-croissants-na-fronteira-e-caso-gera-indignacao-nas-redes\/\" \/>\n<meta property=\"og:site_name\" content=\"Estado de Minas - Em foco\" \/>\n<meta property=\"article:published_time\" content=\"2026-01-20T22:35:00+00:00\" \/>\n<meta property=\"article:modified_time\" content=\"2026-01-19T23:03:19+00:00\" \/>\n<meta property=\"og:image\" content=\"https:\/\/www.em.com.br\/emfoco\/wp-content\/uploads\/2026\/01\/AIAI-18-5.jpg\" \/>\n\t<meta property=\"og:image:width\" content=\"1280\" \/>\n\t<meta property=\"og:image:height\" content=\"720\" \/>\n\t<meta property=\"og:image:type\" content=\"image\/jpeg\" \/>\n<meta name=\"author\" content=\"Gabriel Martins\" \/>\n<meta name=\"twitter:card\" content=\"summary_large_image\" \/>\n<meta name=\"twitter:label1\" content=\"Escrito por\" \/>\n\t<meta name=\"twitter:data1\" content=\"Gabriel Martins\" \/>\n\t<meta name=\"twitter:label2\" content=\"Est. tempo de leitura\" \/>\n\t<meta name=\"twitter:data2\" content=\"4 minutos\" \/>\n<!-- \/ Yoast SEO plugin. -->","yoast_head_json":{"title":"Pai de fam\u00edlia \u00e9 multado ap\u00f3s consumir parcialmente dois croissants e caso gera indigna\u00e7\u00e3o nas redes - Estado de Minas - Em foco","description":"Comer croissants na fronteira rendeu multa de 20 euros e exp\u00f4s regras alfandeg\u00e1rias r\u00edgidas entre Su\u00ed\u00e7a e Fran\u00e7a. Entenda o caso.","robots":{"index":"index","follow":"follow","max-snippet":"max-snippet:-1","max-image-preview":"max-image-preview:large","max-video-preview":"max-video-preview:-1"},"canonical":"https:\/\/www.em.com.br\/emfoco\/2026\/01\/20\/pai-de-familia-e-multado-em-20-euros-por-comer-croissants-na-fronteira-e-caso-gera-indignacao-nas-redes\/","og_locale":"pt_BR","og_type":"article","og_title":"Pai de fam\u00edlia \u00e9 multado ap\u00f3s consumir parcialmente dois croissants e caso gera indigna\u00e7\u00e3o nas redes - Estado de Minas - Em foco","og_description":"Comer croissants na fronteira rendeu multa de 20 euros e exp\u00f4s regras alfandeg\u00e1rias r\u00edgidas entre Su\u00ed\u00e7a e Fran\u00e7a. Entenda o caso.","og_url":"https:\/\/www.em.com.br\/emfoco\/2026\/01\/20\/pai-de-familia-e-multado-em-20-euros-por-comer-croissants-na-fronteira-e-caso-gera-indignacao-nas-redes\/","og_site_name":"Estado de Minas - Em foco","article_published_time":"2026-01-20T22:35:00+00:00","article_modified_time":"2026-01-19T23:03:19+00:00","og_image":[{"width":1280,"height":720,"url":"https:\/\/www.em.com.br\/emfoco\/wp-content\/uploads\/2026\/01\/AIAI-18-5.jpg","type":"image\/jpeg"}],"author":"Gabriel Martins","twitter_card":"summary_large_image","twitter_misc":{"Escrito por":"Gabriel Martins","Est. tempo de leitura":"4 minutos"},"schema":{"@context":"https:\/\/schema.org","@graph":[{"@type":"WebPage","@id":"https:\/\/www.em.com.br\/emfoco\/2026\/01\/20\/pai-de-familia-e-multado-em-20-euros-por-comer-croissants-na-fronteira-e-caso-gera-indignacao-nas-redes\/","url":"https:\/\/www.em.com.br\/emfoco\/2026\/01\/20\/pai-de-familia-e-multado-em-20-euros-por-comer-croissants-na-fronteira-e-caso-gera-indignacao-nas-redes\/","name":"Pai de fam\u00edlia \u00e9 multado ap\u00f3s consumir parcialmente dois croissants e caso gera indigna\u00e7\u00e3o nas redes - Estado de Minas - Em foco","isPartOf":{"@id":"https:\/\/www.em.com.br\/emfoco\/#website"},"primaryImageOfPage":{"@id":"https:\/\/www.em.com.br\/emfoco\/2026\/01\/20\/pai-de-familia-e-multado-em-20-euros-por-comer-croissants-na-fronteira-e-caso-gera-indignacao-nas-redes\/#primaryimage"},"image":{"@id":"https:\/\/www.em.com.br\/emfoco\/2026\/01\/20\/pai-de-familia-e-multado-em-20-euros-por-comer-croissants-na-fronteira-e-caso-gera-indignacao-nas-redes\/#primaryimage"},"thumbnailUrl":"https:\/\/www.em.com.br\/emfoco\/wp-content\/uploads\/2026\/01\/AIAI-18-5.jpg","datePublished":"2026-01-20T22:35:00+00:00","dateModified":"2026-01-19T23:03:19+00:00","author":{"@id":"https:\/\/www.em.com.br\/emfoco\/#\/schema\/person\/1c9ddeab18b98abeffef834667bcf08a"},"description":"Comer croissants na fronteira rendeu multa de 20 euros e exp\u00f4s regras alfandeg\u00e1rias r\u00edgidas entre Su\u00ed\u00e7a e Fran\u00e7a. Entenda o caso.","breadcrumb":{"@id":"https:\/\/www.em.com.br\/emfoco\/2026\/01\/20\/pai-de-familia-e-multado-em-20-euros-por-comer-croissants-na-fronteira-e-caso-gera-indignacao-nas-redes\/#breadcrumb"},"inLanguage":"pt-BR","potentialAction":[{"@type":"ReadAction","target":["https:\/\/www.em.com.br\/emfoco\/2026\/01\/20\/pai-de-familia-e-multado-em-20-euros-por-comer-croissants-na-fronteira-e-caso-gera-indignacao-nas-redes\/"]}]},{"@type":"ImageObject","inLanguage":"pt-BR","@id":"https:\/\/www.em.com.br\/emfoco\/2026\/01\/20\/pai-de-familia-e-multado-em-20-euros-por-comer-croissants-na-fronteira-e-caso-gera-indignacao-nas-redes\/#primaryimage","url":"https:\/\/www.em.com.br\/emfoco\/wp-content\/uploads\/2026\/01\/AIAI-18-5.jpg","contentUrl":"https:\/\/www.em.com.br\/emfoco\/wp-content\/uploads\/2026\/01\/AIAI-18-5.jpg","width":1280,"height":720,"caption":"Consumo pessoal de alimentos pode gerar multa ao cruzar fronteiras internacionais"},{"@type":"BreadcrumbList","@id":"https:\/\/www.em.com.br\/emfoco\/2026\/01\/20\/pai-de-familia-e-multado-em-20-euros-por-comer-croissants-na-fronteira-e-caso-gera-indignacao-nas-redes\/#breadcrumb","itemListElement":[{"@type":"ListItem","position":1,"name":"In\u00edcio","item":"https:\/\/www.em.com.br\/emfoco\/"},{"@type":"ListItem","position":2,"name":"Pai de fam\u00edlia \u00e9 multado ap\u00f3s consumir parcialmente dois croissants e caso gera indigna\u00e7\u00e3o nas redes"}]},{"@type":"WebSite","@id":"https:\/\/www.em.com.br\/emfoco\/#website","url":"https:\/\/www.em.com.br\/emfoco\/","name":"Estado de Minas - Em foco","description":"Acompanhe as \u00faltimas not\u00edcias e fique bem informado sobre tudo o que acontece em Minas Gerais, Brasil e no mundo.","potentialAction":[{"@type":"SearchAction","target":{"@type":"EntryPoint","urlTemplate":"https:\/\/www.em.com.br\/emfoco\/?s={search_term_string}"},"query-input":{"@type":"PropertyValueSpecification","valueRequired":true,"valueName":"search_term_string"}}],"inLanguage":"pt-BR"},{"@type":"Person","@id":"https:\/\/www.em.com.br\/emfoco\/#\/schema\/person\/1c9ddeab18b98abeffef834667bcf08a","name":"Gabriel Martins","image":{"@type":"ImageObject","inLanguage":"pt-BR","@id":"https:\/\/www.em.com.br\/emfoco\/#\/schema\/person\/image\/","url":"https:\/\/secure.gravatar.com\/avatar\/f0f1e2efdfd88f1ad2cb08c5c2731e50?s=96&d=mm&r=g","contentUrl":"https:\/\/secure.gravatar.com\/avatar\/f0f1e2efdfd88f1ad2cb08c5c2731e50?s=96&d=mm&r=g","caption":"Gabriel Martins"},"sameAs":["https:\/\/www.em.com.br\/emfoco\/"],"url":"https:\/\/www.em.com.br\/emfoco\/author\/gabrielmartinsmyth\/"}]}},"_links":{"self":[{"href":"https:\/\/www.em.com.br\/emfoco\/wp-json\/wp\/v2\/posts\/156907","targetHints":{"allow":["GET"]}}],"collection":[{"href":"https:\/\/www.em.com.br\/emfoco\/wp-json\/wp\/v2\/posts"}],"about":[{"href":"https:\/\/www.em.com.br\/emfoco\/wp-json\/wp\/v2\/types\/post"}],"author":[{"embeddable":true,"href":"https:\/\/www.em.com.br\/emfoco\/wp-json\/wp\/v2\/users\/13"}],"replies":[{"embeddable":true,"href":"https:\/\/www.em.com.br\/emfoco\/wp-json\/wp\/v2\/comments?post=156907"}],"version-history":[{"count":2,"href":"https:\/\/www.em.com.br\/emfoco\/wp-json\/wp\/v2\/posts\/156907\/revisions"}],"predecessor-version":[{"id":157269,"href":"https:\/\/www.em.com.br\/emfoco\/wp-json\/wp\/v2\/posts\/156907\/revisions\/157269"}],"wp:featuredmedia":[{"embeddable":true,"href":"https:\/\/www.em.com.br\/emfoco\/wp-json\/wp\/v2\/media\/156943"}],"wp:attachment":[{"href":"https:\/\/www.em.com.br\/emfoco\/wp-json\/wp\/v2\/media?parent=156907"}],"wp:term":[{"taxonomy":"category","embeddable":true,"href":"https:\/\/www.em.com.br\/emfoco\/wp-json\/wp\/v2\/categories?post=156907"},{"taxonomy":"post_tag","embeddable":true,"href":"https:\/\/www.em.com.br\/emfoco\/wp-json\/wp\/v2\/tags?post=156907"}],"curies":[{"name":"wp","href":"https:\/\/api.w.org\/{rel}","templated":true}]}}