{"id":156906,"date":"2026-01-20T17:55:00","date_gmt":"2026-01-20T20:55:00","guid":{"rendered":"https:\/\/www.em.com.br\/emfoco\/?p=156906"},"modified":"2026-01-19T10:10:11","modified_gmt":"2026-01-19T13:10:11","slug":"demissao-por-nao-enfrentar-criminosos-armados-gera-revolta-e-termina-com-indenizacao-milionaria-na-justica","status":"publish","type":"post","link":"https:\/\/www.em.com.br\/emfoco\/2026\/01\/20\/demissao-por-nao-enfrentar-criminosos-armados-gera-revolta-e-termina-com-indenizacao-milionaria-na-justica\/","title":{"rendered":"Demiss\u00e3o por n\u00e3o enfrentar criminosos armados gera revolta e termina com indeniza\u00e7\u00e3o milion\u00e1ria na Justi\u00e7a"},"content":{"rendered":"\n<h2 class=\"wp-block-heading\">A Justi\u00e7a italiana anulou a demiss\u00e3o de um vigilante que n\u00e3o reagiu a assalto armado, fixando indeniza\u00e7\u00e3o de 42 mil euros. O tribunal afirmou que preservar a pr\u00f3pria vida segue protocolos e n\u00e3o configura omiss\u00e3o.<\/h2>\n\n\n\n<p>A Justi\u00e7a italiana considerou abusiva a demiss\u00e3o de um <strong>vigilante de seguran\u00e7a privada<\/strong> que n\u00e3o interveio fisicamente em um assalto armado. A decis\u00e3o fixou indeniza\u00e7\u00e3o de 42 mil euros e refor\u00e7ou que preservar a pr\u00f3pria vida n\u00e3o configura omiss\u00e3o, mas respeito aos limites legais da fun\u00e7\u00e3o.<\/p>\n\n\n\n<h2 class=\"wp-block-heading\">Por que a demiss\u00e3o do vigilante foi considerada injusta?<\/h2>\n\n\n\n<p>O trabalhador seguiu os protocolos de <strong>seguran\u00e7a pessoal<\/strong> ao identificar um roubo em andamento, optando por n\u00e3o confrontar criminosos armados e acionar imediatamente as autoridades competentes.<\/p>\n\n\n\n<p>Para o tribunal, exigir rea\u00e7\u00e3o f\u00edsica sem paridade de for\u00e7a transforma o contrato em um risco ileg\u00edtimo. A Justi\u00e7a entendeu que o dever do vigilante \u00e9 monitorar e comunicar, n\u00e3o substituir o Estado em a\u00e7\u00f5es de repress\u00e3o armada.<\/p>\n\n\n\n<figure class=\"wp-block-image size-large\"><img loading=\"lazy\" decoding=\"async\" width=\"1024\" height=\"576\" src=\"https:\/\/www.em.com.br\/emfoco\/wp-content\/uploads\/2026\/01\/AIAI-16-9-1024x576.jpg\" alt=\"Demiss\u00e3o por n\u00e3o enfrentar criminosos armados gera revolta e termina com indeniza\u00e7\u00e3o milion\u00e1ria na Justi\u00e7a\" class=\"wp-image-156940\" srcset=\"https:\/\/www.em.com.br\/emfoco\/wp-content\/uploads\/2026\/01\/AIAI-16-9-1024x576.jpg 1024w, https:\/\/www.em.com.br\/emfoco\/wp-content\/uploads\/2026\/01\/AIAI-16-9-300x169.jpg 300w, https:\/\/www.em.com.br\/emfoco\/wp-content\/uploads\/2026\/01\/AIAI-16-9-768x432.jpg 768w, https:\/\/www.em.com.br\/emfoco\/wp-content\/uploads\/2026\/01\/AIAI-16-9-750x422.jpg 750w, https:\/\/www.em.com.br\/emfoco\/wp-content\/uploads\/2026\/01\/AIAI-16-9-1140x641.jpg 1140w, https:\/\/www.em.com.br\/emfoco\/wp-content\/uploads\/2026\/01\/AIAI-16-9.jpg 1280w\" sizes=\"auto, (max-width: 1024px) 100vw, 1024px\" \/><figcaption class=\"wp-element-caption\">Demiss\u00e3o foi injusta porque vigilante seguiu protocolos e preservou a pr\u00f3pria vida<\/figcaption><\/figure>\n\n\n\n<h2 class=\"wp-block-heading\">Qual \u00e9 a diferen\u00e7a legal entre vigilante e policial?<\/h2>\n\n\n\n<p>A decis\u00e3o destacou que a confus\u00e3o entre seguran\u00e7a privada e poder estatal \u00e9 recorrente e perigosa. O tribunal esclareceu os limites objetivos de cada fun\u00e7\u00e3o, conforme suas atribui\u00e7\u00f5es legais, como demonstrado a seguir.<\/p>\n\n\n\n<ul class=\"wp-block-list\">\n<li><strong>Vigilante privado<\/strong>: atua no monitoramento e prote\u00e7\u00e3o patrimonial, com poder de agir restrito \u00e0 leg\u00edtima defesa.<\/li>\n\n\n\n<li><strong>Agente policial<\/strong>: possui poder estatal para intervir, reprimir crimes e assumir riscos inerentes \u00e0 fun\u00e7\u00e3o p\u00fablica.<\/li>\n\n\n\n<li><strong>Dever de enfrentamento<\/strong>: inexiste para vigilantes quando h\u00e1 amea\u00e7a direta \u00e0 pr\u00f3pria integridade f\u00edsica.<\/li>\n<\/ul>\n\n\n\n<h2 class=\"wp-block-heading\">Como o tribunal avaliou a conduta durante o assalto?<\/h2>\n\n\n\n<p>O juiz considerou que permanecer em local seguro e comunicar o crime foi uma atitude de <strong><a href=\"https:\/\/maiorcontabil.com.br\/prudencia-conceito-e-definicao\/\" target=\"_blank\" rel=\"noreferrer noopener\">prud\u00eancia profissional<\/a><\/strong>, alinhada \u00e0s boas pr\u00e1ticas internacionais de seguran\u00e7a.<\/p>\n\n\n\n<p>A senten\u00e7a refor\u00e7ou que a aus\u00eancia de interven\u00e7\u00e3o f\u00edsica n\u00e3o representa desinteresse, mas respeito aos protocolos que priorizam a vida humana sobre a defesa material de bens recuper\u00e1veis.<\/p>\n\n\n\n<figure class=\"wp-block-image size-large\"><img loading=\"lazy\" decoding=\"async\" width=\"1024\" height=\"576\" src=\"https:\/\/www.em.com.br\/emfoco\/wp-content\/uploads\/2026\/01\/AIAI-17-5-1024x576.jpg\" alt=\"Demiss\u00e3o por n\u00e3o enfrentar criminosos armados gera revolta e termina com indeniza\u00e7\u00e3o milion\u00e1ria na Justi\u00e7a\" class=\"wp-image-156941\" srcset=\"https:\/\/www.em.com.br\/emfoco\/wp-content\/uploads\/2026\/01\/AIAI-17-5-1024x576.jpg 1024w, https:\/\/www.em.com.br\/emfoco\/wp-content\/uploads\/2026\/01\/AIAI-17-5-300x169.jpg 300w, https:\/\/www.em.com.br\/emfoco\/wp-content\/uploads\/2026\/01\/AIAI-17-5-768x432.jpg 768w, https:\/\/www.em.com.br\/emfoco\/wp-content\/uploads\/2026\/01\/AIAI-17-5-750x422.jpg 750w, https:\/\/www.em.com.br\/emfoco\/wp-content\/uploads\/2026\/01\/AIAI-17-5-1140x641.jpg 1140w, https:\/\/www.em.com.br\/emfoco\/wp-content\/uploads\/2026\/01\/AIAI-17-5.jpg 1280w\" sizes=\"auto, (max-width: 1024px) 100vw, 1024px\" \/><figcaption class=\"wp-element-caption\">Conduta prudente ao acionar autoridades respeitou boas pr\u00e1ticas de seguran\u00e7a<\/figcaption><\/figure>\n\n\n\n<p><em>Leia mais: <strong><a href=\"https:\/\/www.em.com.br\/emfoco\/2026\/01\/18\/inss-usa-ia-para-fiscalizar-beneficiarios-em-tempo-real-e-bloqueia-pagamentos-ao-detectar-sinais-de-fraude-ou-omissao\/\" target=\"_blank\" rel=\"noreferrer noopener\">INSS usa IA para fiscalizar benefici\u00e1rios em tempo real e bloqueia pagamentos ao detectar sinais de fraude ou omiss\u00e3o<\/a><\/strong><\/em><\/p>\n\n\n\n<h2 class=\"wp-block-heading\">O que a indeniza\u00e7\u00e3o de 42 mil euros representa?<\/h2>\n\n\n\n<p>O valor fixado teve car\u00e1ter reparat\u00f3rio amplo, levando em conta os danos causados pela demiss\u00e3o indevida e pelo impacto psicol\u00f3gico sofrido pelo trabalhador. A decis\u00e3o detalhou a composi\u00e7\u00e3o da indeniza\u00e7\u00e3o nos pontos abaixo.<\/p>\n\n\n\n<ul class=\"wp-block-list\">\n<li><strong>Sal\u00e1rios retroativos<\/strong>: pagamento integral do per\u00edodo de afastamento ap\u00f3s a demiss\u00e3o.<\/li>\n\n\n\n<li><strong>Danos morais<\/strong>: compensa\u00e7\u00e3o pela exposi\u00e7\u00e3o, humilha\u00e7\u00e3o e estresse gerados pela acusa\u00e7\u00e3o de omiss\u00e3o.<\/li>\n\n\n\n<li><strong>Atualiza\u00e7\u00e3o legal<\/strong>: aplica\u00e7\u00e3o de corre\u00e7\u00e3o monet\u00e1ria e encargos conforme a legisla\u00e7\u00e3o trabalhista vigente.<\/li>\n<\/ul>\n\n\n\n<h2 class=\"wp-block-heading\">Quais reflexos esse caso traz para o setor de seguran\u00e7a?<\/h2>\n\n\n\n<p>A senten\u00e7a estabelece um precedente relevante ao afirmar que empresas n\u00e3o podem transferir o risco do neg\u00f3cio para o corpo do trabalhador, sob pena de grave viola\u00e7\u00e3o de direitos fundamentais.<\/p>\n\n\n\n<p>O entendimento refor\u00e7a a necessidade de protocolos focados em <strong>preserva\u00e7\u00e3o da vida<\/strong>, uso de tecnologia e respeito aos limites legais da profiss\u00e3o, evitando passivos trabalhistas e exig\u00eancias incompat\u00edveis com a fun\u00e7\u00e3o exercida.<\/p>\n","protected":false},"excerpt":{"rendered":"<p>A Justi\u00e7a italiana anulou a demiss\u00e3o de um vigilante que n\u00e3o reagiu a assalto armado, fixando indeniza\u00e7\u00e3o de 42 mil euros. O tribunal afirmou que preservar a pr\u00f3pria vida segue protocolos e n\u00e3o configura omiss\u00e3o. A Justi\u00e7a italiana considerou abusiva a demiss\u00e3o de um vigilante de seguran\u00e7a privada que n\u00e3o interveio fisicamente em um assalto [&hellip;]<\/p>\n","protected":false},"author":13,"featured_media":156939,"comment_status":"open","ping_status":"open","sticky":false,"template":"","format":"standard","meta":{"jnews-multi-image_gallery":[],"jnews_single_post":{"format":"standard"},"jnews_primary_category":[],"jnews_social_meta":[],"jnews_override_counter":[],"footnotes":""},"categories":[28],"tags":[22921,2287,22920],"class_list":["post-156906","post","type-post","status-publish","format-standard","has-post-thumbnail","hentry","category-economia","tag-agente-policial","tag-demissao","tag-vigilante"],"yoast_head":"<!-- This site is optimized with the Yoast SEO plugin v23.8 - https:\/\/yoast.com\/wordpress\/plugins\/seo\/ -->\n<title>Demiss\u00e3o por n\u00e3o enfrentar criminosos armados gera revolta e termina com indeniza\u00e7\u00e3o milion\u00e1ria na Justi\u00e7a - Estado de Minas - Em foco<\/title>\n<meta name=\"description\" content=\"Vigilante se recusou a enfrentar assaltantes armados, foi demitido e venceu na Justi\u00e7a com uma indeniza\u00e7\u00e3o de 42 mil euros por abuso.\" \/>\n<meta name=\"robots\" content=\"index, follow, max-snippet:-1, max-image-preview:large, max-video-preview:-1\" \/>\n<link rel=\"canonical\" href=\"https:\/\/www.em.com.br\/emfoco\/2026\/01\/20\/demissao-por-nao-enfrentar-criminosos-armados-gera-revolta-e-termina-com-indenizacao-milionaria-na-justica\/\" \/>\n<meta property=\"og:locale\" content=\"pt_BR\" \/>\n<meta property=\"og:type\" content=\"article\" \/>\n<meta property=\"og:title\" content=\"Demiss\u00e3o por n\u00e3o enfrentar criminosos armados gera revolta e termina com indeniza\u00e7\u00e3o milion\u00e1ria na Justi\u00e7a - Estado de Minas - Em foco\" \/>\n<meta property=\"og:description\" content=\"Vigilante se recusou a enfrentar assaltantes armados, foi demitido e venceu na Justi\u00e7a com uma indeniza\u00e7\u00e3o de 42 mil euros por abuso.\" \/>\n<meta property=\"og:url\" content=\"https:\/\/www.em.com.br\/emfoco\/2026\/01\/20\/demissao-por-nao-enfrentar-criminosos-armados-gera-revolta-e-termina-com-indenizacao-milionaria-na-justica\/\" \/>\n<meta property=\"og:site_name\" content=\"Estado de Minas - Em foco\" \/>\n<meta property=\"article:published_time\" content=\"2026-01-20T20:55:00+00:00\" \/>\n<meta property=\"article:modified_time\" content=\"2026-01-19T13:10:11+00:00\" \/>\n<meta property=\"og:image\" content=\"https:\/\/www.em.com.br\/emfoco\/wp-content\/uploads\/2026\/01\/AIAI-15-10.jpg\" \/>\n\t<meta property=\"og:image:width\" content=\"1280\" \/>\n\t<meta property=\"og:image:height\" content=\"720\" \/>\n\t<meta property=\"og:image:type\" content=\"image\/jpeg\" \/>\n<meta name=\"author\" content=\"Gabriel Martins\" \/>\n<meta name=\"twitter:card\" content=\"summary_large_image\" \/>\n<meta name=\"twitter:label1\" content=\"Escrito por\" \/>\n\t<meta name=\"twitter:data1\" content=\"Gabriel Martins\" \/>\n\t<meta name=\"twitter:label2\" content=\"Est. tempo de leitura\" \/>\n\t<meta name=\"twitter:data2\" content=\"4 minutos\" \/>\n<!-- \/ Yoast SEO plugin. -->","yoast_head_json":{"title":"Demiss\u00e3o por n\u00e3o enfrentar criminosos armados gera revolta e termina com indeniza\u00e7\u00e3o milion\u00e1ria na Justi\u00e7a - Estado de Minas - Em foco","description":"Vigilante se recusou a enfrentar assaltantes armados, foi demitido e venceu na Justi\u00e7a com uma indeniza\u00e7\u00e3o de 42 mil euros por abuso.","robots":{"index":"index","follow":"follow","max-snippet":"max-snippet:-1","max-image-preview":"max-image-preview:large","max-video-preview":"max-video-preview:-1"},"canonical":"https:\/\/www.em.com.br\/emfoco\/2026\/01\/20\/demissao-por-nao-enfrentar-criminosos-armados-gera-revolta-e-termina-com-indenizacao-milionaria-na-justica\/","og_locale":"pt_BR","og_type":"article","og_title":"Demiss\u00e3o por n\u00e3o enfrentar criminosos armados gera revolta e termina com indeniza\u00e7\u00e3o milion\u00e1ria na Justi\u00e7a - Estado de Minas - Em foco","og_description":"Vigilante se recusou a enfrentar assaltantes armados, foi demitido e venceu na Justi\u00e7a com uma indeniza\u00e7\u00e3o de 42 mil euros por abuso.","og_url":"https:\/\/www.em.com.br\/emfoco\/2026\/01\/20\/demissao-por-nao-enfrentar-criminosos-armados-gera-revolta-e-termina-com-indenizacao-milionaria-na-justica\/","og_site_name":"Estado de Minas - Em foco","article_published_time":"2026-01-20T20:55:00+00:00","article_modified_time":"2026-01-19T13:10:11+00:00","og_image":[{"width":1280,"height":720,"url":"https:\/\/www.em.com.br\/emfoco\/wp-content\/uploads\/2026\/01\/AIAI-15-10.jpg","type":"image\/jpeg"}],"author":"Gabriel Martins","twitter_card":"summary_large_image","twitter_misc":{"Escrito por":"Gabriel Martins","Est. tempo de leitura":"4 minutos"},"schema":{"@context":"https:\/\/schema.org","@graph":[{"@type":"WebPage","@id":"https:\/\/www.em.com.br\/emfoco\/2026\/01\/20\/demissao-por-nao-enfrentar-criminosos-armados-gera-revolta-e-termina-com-indenizacao-milionaria-na-justica\/","url":"https:\/\/www.em.com.br\/emfoco\/2026\/01\/20\/demissao-por-nao-enfrentar-criminosos-armados-gera-revolta-e-termina-com-indenizacao-milionaria-na-justica\/","name":"Demiss\u00e3o por n\u00e3o enfrentar criminosos armados gera revolta e termina com indeniza\u00e7\u00e3o milion\u00e1ria na Justi\u00e7a - Estado de Minas - Em foco","isPartOf":{"@id":"https:\/\/www.em.com.br\/emfoco\/#website"},"primaryImageOfPage":{"@id":"https:\/\/www.em.com.br\/emfoco\/2026\/01\/20\/demissao-por-nao-enfrentar-criminosos-armados-gera-revolta-e-termina-com-indenizacao-milionaria-na-justica\/#primaryimage"},"image":{"@id":"https:\/\/www.em.com.br\/emfoco\/2026\/01\/20\/demissao-por-nao-enfrentar-criminosos-armados-gera-revolta-e-termina-com-indenizacao-milionaria-na-justica\/#primaryimage"},"thumbnailUrl":"https:\/\/www.em.com.br\/emfoco\/wp-content\/uploads\/2026\/01\/AIAI-15-10.jpg","datePublished":"2026-01-20T20:55:00+00:00","dateModified":"2026-01-19T13:10:11+00:00","author":{"@id":"https:\/\/www.em.com.br\/emfoco\/#\/schema\/person\/1c9ddeab18b98abeffef834667bcf08a"},"description":"Vigilante se recusou a enfrentar assaltantes armados, foi demitido e venceu na Justi\u00e7a com uma indeniza\u00e7\u00e3o de 42 mil euros por abuso.","breadcrumb":{"@id":"https:\/\/www.em.com.br\/emfoco\/2026\/01\/20\/demissao-por-nao-enfrentar-criminosos-armados-gera-revolta-e-termina-com-indenizacao-milionaria-na-justica\/#breadcrumb"},"inLanguage":"pt-BR","potentialAction":[{"@type":"ReadAction","target":["https:\/\/www.em.com.br\/emfoco\/2026\/01\/20\/demissao-por-nao-enfrentar-criminosos-armados-gera-revolta-e-termina-com-indenizacao-milionaria-na-justica\/"]}]},{"@type":"ImageObject","inLanguage":"pt-BR","@id":"https:\/\/www.em.com.br\/emfoco\/2026\/01\/20\/demissao-por-nao-enfrentar-criminosos-armados-gera-revolta-e-termina-com-indenizacao-milionaria-na-justica\/#primaryimage","url":"https:\/\/www.em.com.br\/emfoco\/wp-content\/uploads\/2026\/01\/AIAI-15-10.jpg","contentUrl":"https:\/\/www.em.com.br\/emfoco\/wp-content\/uploads\/2026\/01\/AIAI-15-10.jpg","width":1280,"height":720,"caption":"Justi\u00e7a considerou abusiva demiss\u00e3o por exigir risco extremo fora das fun\u00e7\u00f5es"},{"@type":"BreadcrumbList","@id":"https:\/\/www.em.com.br\/emfoco\/2026\/01\/20\/demissao-por-nao-enfrentar-criminosos-armados-gera-revolta-e-termina-com-indenizacao-milionaria-na-justica\/#breadcrumb","itemListElement":[{"@type":"ListItem","position":1,"name":"In\u00edcio","item":"https:\/\/www.em.com.br\/emfoco\/"},{"@type":"ListItem","position":2,"name":"Demiss\u00e3o por n\u00e3o enfrentar criminosos armados gera revolta e termina com indeniza\u00e7\u00e3o milion\u00e1ria na Justi\u00e7a"}]},{"@type":"WebSite","@id":"https:\/\/www.em.com.br\/emfoco\/#website","url":"https:\/\/www.em.com.br\/emfoco\/","name":"Estado de Minas - Em foco","description":"Acompanhe as \u00faltimas not\u00edcias e fique bem informado sobre tudo o que acontece em Minas Gerais, Brasil e no mundo.","potentialAction":[{"@type":"SearchAction","target":{"@type":"EntryPoint","urlTemplate":"https:\/\/www.em.com.br\/emfoco\/?s={search_term_string}"},"query-input":{"@type":"PropertyValueSpecification","valueRequired":true,"valueName":"search_term_string"}}],"inLanguage":"pt-BR"},{"@type":"Person","@id":"https:\/\/www.em.com.br\/emfoco\/#\/schema\/person\/1c9ddeab18b98abeffef834667bcf08a","name":"Gabriel Martins","image":{"@type":"ImageObject","inLanguage":"pt-BR","@id":"https:\/\/www.em.com.br\/emfoco\/#\/schema\/person\/image\/","url":"https:\/\/secure.gravatar.com\/avatar\/f0f1e2efdfd88f1ad2cb08c5c2731e50?s=96&d=mm&r=g","contentUrl":"https:\/\/secure.gravatar.com\/avatar\/f0f1e2efdfd88f1ad2cb08c5c2731e50?s=96&d=mm&r=g","caption":"Gabriel Martins"},"sameAs":["https:\/\/www.em.com.br\/emfoco\/"],"url":"https:\/\/www.em.com.br\/emfoco\/author\/gabrielmartinsmyth\/"}]}},"_links":{"self":[{"href":"https:\/\/www.em.com.br\/emfoco\/wp-json\/wp\/v2\/posts\/156906","targetHints":{"allow":["GET"]}}],"collection":[{"href":"https:\/\/www.em.com.br\/emfoco\/wp-json\/wp\/v2\/posts"}],"about":[{"href":"https:\/\/www.em.com.br\/emfoco\/wp-json\/wp\/v2\/types\/post"}],"author":[{"embeddable":true,"href":"https:\/\/www.em.com.br\/emfoco\/wp-json\/wp\/v2\/users\/13"}],"replies":[{"embeddable":true,"href":"https:\/\/www.em.com.br\/emfoco\/wp-json\/wp\/v2\/comments?post=156906"}],"version-history":[{"count":1,"href":"https:\/\/www.em.com.br\/emfoco\/wp-json\/wp\/v2\/posts\/156906\/revisions"}],"predecessor-version":[{"id":156942,"href":"https:\/\/www.em.com.br\/emfoco\/wp-json\/wp\/v2\/posts\/156906\/revisions\/156942"}],"wp:featuredmedia":[{"embeddable":true,"href":"https:\/\/www.em.com.br\/emfoco\/wp-json\/wp\/v2\/media\/156939"}],"wp:attachment":[{"href":"https:\/\/www.em.com.br\/emfoco\/wp-json\/wp\/v2\/media?parent=156906"}],"wp:term":[{"taxonomy":"category","embeddable":true,"href":"https:\/\/www.em.com.br\/emfoco\/wp-json\/wp\/v2\/categories?post=156906"},{"taxonomy":"post_tag","embeddable":true,"href":"https:\/\/www.em.com.br\/emfoco\/wp-json\/wp\/v2\/tags?post=156906"}],"curies":[{"name":"wp","href":"https:\/\/api.w.org\/{rel}","templated":true}]}}