{"id":156905,"date":"2026-01-20T16:15:00","date_gmt":"2026-01-20T19:15:00","guid":{"rendered":"https:\/\/www.em.com.br\/emfoco\/?p=156905"},"modified":"2026-01-19T10:07:52","modified_gmt":"2026-01-19T13:07:52","slug":"ele-foi-demitido-por-levar-croissants-para-o-cafe-dos-colegas-e-a-justica-deu-uma-licao-inesquecivel-na-empresa","status":"publish","type":"post","link":"https:\/\/www.em.com.br\/emfoco\/2026\/01\/20\/ele-foi-demitido-por-levar-croissants-para-o-cafe-dos-colegas-e-a-justica-deu-uma-licao-inesquecivel-na-empresa\/","title":{"rendered":"Ele foi demitido por levar croissants para o caf\u00e9 dos colegas e a Justi\u00e7a deu uma li\u00e7\u00e3o inesquec\u00edvel na empresa"},"content":{"rendered":"\n<h2 class=\"wp-block-heading\">Funcion\u00e1rio demitido por justa causa ap\u00f3s compartilhar croissants venceu a\u00e7\u00e3o judicial. A Justi\u00e7a considerou a puni\u00e7\u00e3o desproporcional, destacou valor irris\u00f3rio, boa-f\u00e9 e falta de hist\u00f3rico, condenando a empresa por excesso de rigor.<\/h2>\n\n\n\n<p>Um funcion\u00e1rio de supermercado foi demitido ap\u00f3s levar croissants para colegas e acabou vencendo uma longa disputa judicial. A Justi\u00e7a considerou a puni\u00e7\u00e3o desproporcional e reconheceu <strong>excesso de rigor do empregador<\/strong>, gerando indeniza\u00e7\u00e3o e um alerta global para gestores e RH.<\/p>\n\n\n\n<h2 class=\"wp-block-heading\">O que aconteceu no caso dos croissants que virou processo?<\/h2>\n\n\n\n<p>O trabalhador levou croissants da pr\u00f3pria loja para compartilhar com colegas no caf\u00e9 da manh\u00e3, sem qualquer inten\u00e7\u00e3o de lucro. A empresa interpretou o gesto como infra\u00e7\u00e3o grave, mesmo sem preju\u00edzo financeiro relevante ou reincid\u00eancia disciplinar.<\/p>\n\n\n\n<p>A demiss\u00e3o por justa causa transformou um ato de conviv\u00eancia interna em disputa judicial, colocando em debate o <strong>limite do poder disciplinar<\/strong> das empresas frente a condutas de boa-f\u00e9 no ambiente de trabalho.<\/p>\n\n\n\n<figure class=\"wp-block-image size-large\"><img loading=\"lazy\" decoding=\"async\" width=\"1024\" height=\"576\" src=\"https:\/\/www.em.com.br\/emfoco\/wp-content\/uploads\/2026\/01\/AIAI-13-14-1024x576.jpg\" alt=\"Ele foi demitido por levar croissants para o caf\u00e9 dos colegas e a Justi\u00e7a deu uma li\u00e7\u00e3o inesquec\u00edvel na empresa\" class=\"wp-image-156936\" srcset=\"https:\/\/www.em.com.br\/emfoco\/wp-content\/uploads\/2026\/01\/AIAI-13-14-1024x576.jpg 1024w, https:\/\/www.em.com.br\/emfoco\/wp-content\/uploads\/2026\/01\/AIAI-13-14-300x169.jpg 300w, https:\/\/www.em.com.br\/emfoco\/wp-content\/uploads\/2026\/01\/AIAI-13-14-768x432.jpg 768w, https:\/\/www.em.com.br\/emfoco\/wp-content\/uploads\/2026\/01\/AIAI-13-14-750x422.jpg 750w, https:\/\/www.em.com.br\/emfoco\/wp-content\/uploads\/2026\/01\/AIAI-13-14-1140x641.jpg 1140w, https:\/\/www.em.com.br\/emfoco\/wp-content\/uploads\/2026\/01\/AIAI-13-14.jpg 1280w\" sizes=\"auto, (max-width: 1024px) 100vw, 1024px\" \/><figcaption class=\"wp-element-caption\">Compartilhamento de alimentos sem lucro gerou demiss\u00e3o e disputa judicial<\/figcaption><\/figure>\n\n\n\n<h2 class=\"wp-block-heading\">Por que a Justi\u00e7a considerou a demiss\u00e3o desproporcional?<\/h2>\n\n\n\n<p>Na an\u00e1lise do caso, o tribunal aplicou o princ\u00edpio da proporcionalidade, que exige equil\u00edbrio entre a gravidade do ato e a puni\u00e7\u00e3o imposta. Os fatores determinantes da condena\u00e7\u00e3o ficaram claros nos pontos a seguir.<\/p>\n\n\n\n<ul class=\"wp-block-list\">\n<li><strong>Valor irris\u00f3rio<\/strong>: o custo dos croissants n\u00e3o representou dano financeiro relevante.<\/li>\n\n\n\n<li><strong>Boa-f\u00e9 comprovada<\/strong>: n\u00e3o houve inten\u00e7\u00e3o de furto ou benef\u00edcio pessoal.<\/li>\n\n\n\n<li><strong>Aus\u00eancia de hist\u00f3rico negativo<\/strong>: o funcion\u00e1rio n\u00e3o possu\u00eda advert\u00eancias anteriores.<\/li>\n<\/ul>\n\n\n\n<h2 class=\"wp-block-heading\">Qual foi o entendimento jur\u00eddico aplicado ao caso?<\/h2>\n\n\n\n<p>O tribunal entendeu que a justa causa exige falta grave, capaz de romper definitivamente a confian\u00e7a entre as partes. Um ato isolado e socialmente aceit\u00e1vel n\u00e3o atende a esse crit\u00e9rio, violando o <strong><a href=\"https:\/\/www.jusbrasil.com.br\/artigos\/principio-da-razoabilidade\/515400908\" target=\"_blank\" rel=\"noreferrer noopener\">princ\u00edpio da razoabilidade<\/a><\/strong>.<\/p>\n\n\n\n<p>Al\u00e9m disso, a decis\u00e3o reconheceu que a empresa ignorou a obrigatoriedade da grada\u00e7\u00e3o de penalidades, como advert\u00eancia ou suspens\u00e3o, antes de aplicar a medida mais severa prevista no direito do trabalho.<\/p>\n\n\n\n<figure class=\"wp-block-image size-large\"><img loading=\"lazy\" decoding=\"async\" width=\"1024\" height=\"576\" src=\"https:\/\/www.em.com.br\/emfoco\/wp-content\/uploads\/2026\/01\/AIAI-14-12-1024x576.jpg\" alt=\"Ele foi demitido por levar croissants para o caf\u00e9 dos colegas e a Justi\u00e7a deu uma li\u00e7\u00e3o inesquec\u00edvel na empresa\" class=\"wp-image-156937\" srcset=\"https:\/\/www.em.com.br\/emfoco\/wp-content\/uploads\/2026\/01\/AIAI-14-12-1024x576.jpg 1024w, https:\/\/www.em.com.br\/emfoco\/wp-content\/uploads\/2026\/01\/AIAI-14-12-300x169.jpg 300w, https:\/\/www.em.com.br\/emfoco\/wp-content\/uploads\/2026\/01\/AIAI-14-12-768x432.jpg 768w, https:\/\/www.em.com.br\/emfoco\/wp-content\/uploads\/2026\/01\/AIAI-14-12-750x422.jpg 750w, https:\/\/www.em.com.br\/emfoco\/wp-content\/uploads\/2026\/01\/AIAI-14-12-1140x641.jpg 1140w, https:\/\/www.em.com.br\/emfoco\/wp-content\/uploads\/2026\/01\/AIAI-14-12.jpg 1280w\" sizes=\"auto, (max-width: 1024px) 100vw, 1024px\" \/><figcaption class=\"wp-element-caption\">Falta grave exige quebra real de confian\u00e7a entre empregado e empresa<\/figcaption><\/figure>\n\n\n\n<p><em>Leia mais: <strong><a href=\"https:\/\/www.em.com.br\/emfoco\/2026\/01\/18\/inss-usa-ia-para-fiscalizar-beneficiarios-em-tempo-real-e-bloqueia-pagamentos-ao-detectar-sinais-de-fraude-ou-omissao\/\" target=\"_blank\" rel=\"noreferrer noopener\">INSS usa IA para fiscalizar benefici\u00e1rios em tempo real e bloqueia pagamentos ao detectar sinais de fraude ou omiss\u00e3o<\/a><\/strong><\/em><\/p>\n\n\n\n<h2 class=\"wp-block-heading\">Quais erros da empresa pesaram na condena\u00e7\u00e3o?<\/h2>\n\n\n\n<p>A senten\u00e7a deixou claro que a gest\u00e3o de pessoas exige an\u00e1lise de contexto, inten\u00e7\u00e3o e impacto real do ato praticado. No caso, falhas evidentes de conduta empresarial foram decisivas para o resultado, como mostram os pontos abaixo.<\/p>\n\n\n\n<ul class=\"wp-block-list\">\n<li><strong>Interpreta\u00e7\u00e3o literal das regras<\/strong>: aplica\u00e7\u00e3o do regulamento sem an\u00e1lise humana do contexto.<\/li>\n\n\n\n<li><strong>Aus\u00eancia de puni\u00e7\u00e3o progressiva<\/strong>: nenhuma advert\u00eancia ou medida intermedi\u00e1ria foi aplicada.<\/li>\n\n\n\n<li><strong>Dano moral ao trabalhador<\/strong>: exposi\u00e7\u00e3o injusta que afetou reputa\u00e7\u00e3o e subsist\u00eancia.<\/li>\n<\/ul>\n\n\n\n<h2 class=\"wp-block-heading\">Que li\u00e7\u00f5es esse caso deixa para empresas e RH?<\/h2>\n\n\n\n<p>O epis\u00f3dio mostra que pol\u00edticas internas n\u00e3o podem ser aplicadas de forma autom\u00e1tica, sob risco de gerar passivos jur\u00eddicos elevados. A gest\u00e3o disciplinar deve sempre respeitar <strong>proporcionalidade, boa-f\u00e9 e contexto<\/strong>.<\/p>\n\n\n\n<p>Mais do que punir, cabe \u00e0s empresas preservar um ambiente saud\u00e1vel. A decis\u00e3o refor\u00e7a que rigor excessivo pode custar caro, enquanto o equil\u00edbrio nas rela\u00e7\u00f5es de trabalho protege tanto o empregador quanto o empregado.<\/p>\n","protected":false},"excerpt":{"rendered":"<p>Funcion\u00e1rio demitido por justa causa ap\u00f3s compartilhar croissants venceu a\u00e7\u00e3o judicial. A Justi\u00e7a considerou a puni\u00e7\u00e3o desproporcional, destacou valor irris\u00f3rio, boa-f\u00e9 e falta de hist\u00f3rico, condenando a empresa por excesso de rigor. Um funcion\u00e1rio de supermercado foi demitido ap\u00f3s levar croissants para colegas e acabou vencendo uma longa disputa judicial. A Justi\u00e7a considerou a puni\u00e7\u00e3o [&hellip;]<\/p>\n","protected":false},"author":13,"featured_media":156935,"comment_status":"open","ping_status":"open","sticky":false,"template":"","format":"standard","meta":{"jnews-multi-image_gallery":[],"jnews_single_post":{"format":"standard"},"jnews_primary_category":[],"jnews_social_meta":[],"jnews_override_counter":[],"footnotes":""},"categories":[28],"tags":[22918,2287,22919,15377],"class_list":["post-156905","post","type-post","status-publish","format-standard","has-post-thumbnail","hentry","category-economia","tag-croissant","tag-demissao","tag-poder-disciplinar","tag-supermercado"],"yoast_head":"<!-- This site is optimized with the Yoast SEO plugin v23.8 - https:\/\/yoast.com\/wordpress\/plugins\/seo\/ -->\n<title>Ele foi demitido por levar croissants para o caf\u00e9 dos colegas e a Justi\u00e7a deu uma li\u00e7\u00e3o inesquec\u00edvel na empresa - Estado de Minas - Em foco<\/title>\n<meta name=\"description\" content=\"Funcion\u00e1rio foi demitido por levar croissants para colegas. A Justi\u00e7a considerou o ato leg\u00edtimo e condenou a empresa por excesso de rigor.\" \/>\n<meta name=\"robots\" content=\"index, follow, max-snippet:-1, max-image-preview:large, max-video-preview:-1\" \/>\n<link rel=\"canonical\" href=\"https:\/\/www.em.com.br\/emfoco\/2026\/01\/20\/ele-foi-demitido-por-levar-croissants-para-o-cafe-dos-colegas-e-a-justica-deu-uma-licao-inesquecivel-na-empresa\/\" \/>\n<meta property=\"og:locale\" content=\"pt_BR\" \/>\n<meta property=\"og:type\" content=\"article\" \/>\n<meta property=\"og:title\" content=\"Ele foi demitido por levar croissants para o caf\u00e9 dos colegas e a Justi\u00e7a deu uma li\u00e7\u00e3o inesquec\u00edvel na empresa - Estado de Minas - Em foco\" \/>\n<meta property=\"og:description\" content=\"Funcion\u00e1rio foi demitido por levar croissants para colegas. A Justi\u00e7a considerou o ato leg\u00edtimo e condenou a empresa por excesso de rigor.\" \/>\n<meta property=\"og:url\" content=\"https:\/\/www.em.com.br\/emfoco\/2026\/01\/20\/ele-foi-demitido-por-levar-croissants-para-o-cafe-dos-colegas-e-a-justica-deu-uma-licao-inesquecivel-na-empresa\/\" \/>\n<meta property=\"og:site_name\" content=\"Estado de Minas - Em foco\" \/>\n<meta property=\"article:published_time\" content=\"2026-01-20T19:15:00+00:00\" \/>\n<meta property=\"article:modified_time\" content=\"2026-01-19T13:07:52+00:00\" \/>\n<meta property=\"og:image\" content=\"https:\/\/www.em.com.br\/emfoco\/wp-content\/uploads\/2026\/01\/AIAI-12-14.jpg\" \/>\n\t<meta property=\"og:image:width\" content=\"1280\" \/>\n\t<meta property=\"og:image:height\" content=\"720\" \/>\n\t<meta property=\"og:image:type\" content=\"image\/jpeg\" \/>\n<meta name=\"author\" content=\"Gabriel Martins\" \/>\n<meta name=\"twitter:card\" content=\"summary_large_image\" \/>\n<meta name=\"twitter:label1\" content=\"Escrito por\" \/>\n\t<meta name=\"twitter:data1\" content=\"Gabriel Martins\" \/>\n\t<meta name=\"twitter:label2\" content=\"Est. tempo de leitura\" \/>\n\t<meta name=\"twitter:data2\" content=\"4 minutos\" \/>\n<!-- \/ Yoast SEO plugin. -->","yoast_head_json":{"title":"Ele foi demitido por levar croissants para o caf\u00e9 dos colegas e a Justi\u00e7a deu uma li\u00e7\u00e3o inesquec\u00edvel na empresa - Estado de Minas - Em foco","description":"Funcion\u00e1rio foi demitido por levar croissants para colegas. A Justi\u00e7a considerou o ato leg\u00edtimo e condenou a empresa por excesso de rigor.","robots":{"index":"index","follow":"follow","max-snippet":"max-snippet:-1","max-image-preview":"max-image-preview:large","max-video-preview":"max-video-preview:-1"},"canonical":"https:\/\/www.em.com.br\/emfoco\/2026\/01\/20\/ele-foi-demitido-por-levar-croissants-para-o-cafe-dos-colegas-e-a-justica-deu-uma-licao-inesquecivel-na-empresa\/","og_locale":"pt_BR","og_type":"article","og_title":"Ele foi demitido por levar croissants para o caf\u00e9 dos colegas e a Justi\u00e7a deu uma li\u00e7\u00e3o inesquec\u00edvel na empresa - Estado de Minas - Em foco","og_description":"Funcion\u00e1rio foi demitido por levar croissants para colegas. A Justi\u00e7a considerou o ato leg\u00edtimo e condenou a empresa por excesso de rigor.","og_url":"https:\/\/www.em.com.br\/emfoco\/2026\/01\/20\/ele-foi-demitido-por-levar-croissants-para-o-cafe-dos-colegas-e-a-justica-deu-uma-licao-inesquecivel-na-empresa\/","og_site_name":"Estado de Minas - Em foco","article_published_time":"2026-01-20T19:15:00+00:00","article_modified_time":"2026-01-19T13:07:52+00:00","og_image":[{"width":1280,"height":720,"url":"https:\/\/www.em.com.br\/emfoco\/wp-content\/uploads\/2026\/01\/AIAI-12-14.jpg","type":"image\/jpeg"}],"author":"Gabriel Martins","twitter_card":"summary_large_image","twitter_misc":{"Escrito por":"Gabriel Martins","Est. tempo de leitura":"4 minutos"},"schema":{"@context":"https:\/\/schema.org","@graph":[{"@type":"WebPage","@id":"https:\/\/www.em.com.br\/emfoco\/2026\/01\/20\/ele-foi-demitido-por-levar-croissants-para-o-cafe-dos-colegas-e-a-justica-deu-uma-licao-inesquecivel-na-empresa\/","url":"https:\/\/www.em.com.br\/emfoco\/2026\/01\/20\/ele-foi-demitido-por-levar-croissants-para-o-cafe-dos-colegas-e-a-justica-deu-uma-licao-inesquecivel-na-empresa\/","name":"Ele foi demitido por levar croissants para o caf\u00e9 dos colegas e a Justi\u00e7a deu uma li\u00e7\u00e3o inesquec\u00edvel na empresa - Estado de Minas - Em foco","isPartOf":{"@id":"https:\/\/www.em.com.br\/emfoco\/#website"},"primaryImageOfPage":{"@id":"https:\/\/www.em.com.br\/emfoco\/2026\/01\/20\/ele-foi-demitido-por-levar-croissants-para-o-cafe-dos-colegas-e-a-justica-deu-uma-licao-inesquecivel-na-empresa\/#primaryimage"},"image":{"@id":"https:\/\/www.em.com.br\/emfoco\/2026\/01\/20\/ele-foi-demitido-por-levar-croissants-para-o-cafe-dos-colegas-e-a-justica-deu-uma-licao-inesquecivel-na-empresa\/#primaryimage"},"thumbnailUrl":"https:\/\/www.em.com.br\/emfoco\/wp-content\/uploads\/2026\/01\/AIAI-12-14.jpg","datePublished":"2026-01-20T19:15:00+00:00","dateModified":"2026-01-19T13:07:52+00:00","author":{"@id":"https:\/\/www.em.com.br\/emfoco\/#\/schema\/person\/1c9ddeab18b98abeffef834667bcf08a"},"description":"Funcion\u00e1rio foi demitido por levar croissants para colegas. A Justi\u00e7a considerou o ato leg\u00edtimo e condenou a empresa por excesso de rigor.","breadcrumb":{"@id":"https:\/\/www.em.com.br\/emfoco\/2026\/01\/20\/ele-foi-demitido-por-levar-croissants-para-o-cafe-dos-colegas-e-a-justica-deu-uma-licao-inesquecivel-na-empresa\/#breadcrumb"},"inLanguage":"pt-BR","potentialAction":[{"@type":"ReadAction","target":["https:\/\/www.em.com.br\/emfoco\/2026\/01\/20\/ele-foi-demitido-por-levar-croissants-para-o-cafe-dos-colegas-e-a-justica-deu-uma-licao-inesquecivel-na-empresa\/"]}]},{"@type":"ImageObject","inLanguage":"pt-BR","@id":"https:\/\/www.em.com.br\/emfoco\/2026\/01\/20\/ele-foi-demitido-por-levar-croissants-para-o-cafe-dos-colegas-e-a-justica-deu-uma-licao-inesquecivel-na-empresa\/#primaryimage","url":"https:\/\/www.em.com.br\/emfoco\/wp-content\/uploads\/2026\/01\/AIAI-12-14.jpg","contentUrl":"https:\/\/www.em.com.br\/emfoco\/wp-content\/uploads\/2026\/01\/AIAI-12-14.jpg","width":1280,"height":720,"caption":"Justi\u00e7a anulou justa causa e reconheceu excesso de rigor disciplinar"},{"@type":"BreadcrumbList","@id":"https:\/\/www.em.com.br\/emfoco\/2026\/01\/20\/ele-foi-demitido-por-levar-croissants-para-o-cafe-dos-colegas-e-a-justica-deu-uma-licao-inesquecivel-na-empresa\/#breadcrumb","itemListElement":[{"@type":"ListItem","position":1,"name":"In\u00edcio","item":"https:\/\/www.em.com.br\/emfoco\/"},{"@type":"ListItem","position":2,"name":"Ele foi demitido por levar croissants para o caf\u00e9 dos colegas e a Justi\u00e7a deu uma li\u00e7\u00e3o inesquec\u00edvel na empresa"}]},{"@type":"WebSite","@id":"https:\/\/www.em.com.br\/emfoco\/#website","url":"https:\/\/www.em.com.br\/emfoco\/","name":"Estado de Minas - Em foco","description":"Acompanhe as \u00faltimas not\u00edcias e fique bem informado sobre tudo o que acontece em Minas Gerais, Brasil e no mundo.","potentialAction":[{"@type":"SearchAction","target":{"@type":"EntryPoint","urlTemplate":"https:\/\/www.em.com.br\/emfoco\/?s={search_term_string}"},"query-input":{"@type":"PropertyValueSpecification","valueRequired":true,"valueName":"search_term_string"}}],"inLanguage":"pt-BR"},{"@type":"Person","@id":"https:\/\/www.em.com.br\/emfoco\/#\/schema\/person\/1c9ddeab18b98abeffef834667bcf08a","name":"Gabriel Martins","image":{"@type":"ImageObject","inLanguage":"pt-BR","@id":"https:\/\/www.em.com.br\/emfoco\/#\/schema\/person\/image\/","url":"https:\/\/secure.gravatar.com\/avatar\/f0f1e2efdfd88f1ad2cb08c5c2731e50?s=96&d=mm&r=g","contentUrl":"https:\/\/secure.gravatar.com\/avatar\/f0f1e2efdfd88f1ad2cb08c5c2731e50?s=96&d=mm&r=g","caption":"Gabriel Martins"},"sameAs":["https:\/\/www.em.com.br\/emfoco\/"],"url":"https:\/\/www.em.com.br\/emfoco\/author\/gabrielmartinsmyth\/"}]}},"_links":{"self":[{"href":"https:\/\/www.em.com.br\/emfoco\/wp-json\/wp\/v2\/posts\/156905","targetHints":{"allow":["GET"]}}],"collection":[{"href":"https:\/\/www.em.com.br\/emfoco\/wp-json\/wp\/v2\/posts"}],"about":[{"href":"https:\/\/www.em.com.br\/emfoco\/wp-json\/wp\/v2\/types\/post"}],"author":[{"embeddable":true,"href":"https:\/\/www.em.com.br\/emfoco\/wp-json\/wp\/v2\/users\/13"}],"replies":[{"embeddable":true,"href":"https:\/\/www.em.com.br\/emfoco\/wp-json\/wp\/v2\/comments?post=156905"}],"version-history":[{"count":1,"href":"https:\/\/www.em.com.br\/emfoco\/wp-json\/wp\/v2\/posts\/156905\/revisions"}],"predecessor-version":[{"id":156938,"href":"https:\/\/www.em.com.br\/emfoco\/wp-json\/wp\/v2\/posts\/156905\/revisions\/156938"}],"wp:featuredmedia":[{"embeddable":true,"href":"https:\/\/www.em.com.br\/emfoco\/wp-json\/wp\/v2\/media\/156935"}],"wp:attachment":[{"href":"https:\/\/www.em.com.br\/emfoco\/wp-json\/wp\/v2\/media?parent=156905"}],"wp:term":[{"taxonomy":"category","embeddable":true,"href":"https:\/\/www.em.com.br\/emfoco\/wp-json\/wp\/v2\/categories?post=156905"},{"taxonomy":"post_tag","embeddable":true,"href":"https:\/\/www.em.com.br\/emfoco\/wp-json\/wp\/v2\/tags?post=156905"}],"curies":[{"name":"wp","href":"https:\/\/api.w.org\/{rel}","templated":true}]}}