{"id":156903,"date":"2026-01-20T13:35:00","date_gmt":"2026-01-20T16:35:00","guid":{"rendered":"https:\/\/www.em.com.br\/emfoco\/?p=156903"},"modified":"2026-01-19T10:02:41","modified_gmt":"2026-01-19T13:02:41","slug":"trabalhador-foi-demitido-por-justa-causa-por-se-recusar-a-fazer-a-pausa-e-o-caso-acendeu-um-alerta-nacional","status":"publish","type":"post","link":"https:\/\/www.em.com.br\/emfoco\/2026\/01\/20\/trabalhador-foi-demitido-por-justa-causa-por-se-recusar-a-fazer-a-pausa-e-o-caso-acendeu-um-alerta-nacional\/","title":{"rendered":"Trabalhador foi demitido por justa causa por se recusar a fazer a pausa e o caso acendeu um alerta nacional"},"content":{"rendered":"\n<h2 class=\"wp-block-heading\">Tribunal manteve justa causa de empregado que se recusava a cumprir intervalo obrigat\u00f3rio. A decis\u00e3o refor\u00e7a que o descanso \u00e9 dever legal, protege sa\u00fade e seguran\u00e7a e evita que a empresa sofra multas e passivos trabalhistas.<\/h2>\n\n\n\n<p>A confirma\u00e7\u00e3o da <strong>demiss\u00e3o por justa causa<\/strong> de um trabalhador que se recusava a cumprir o intervalo legal reacende o debate sobre descanso no trabalho. A decis\u00e3o mostrou que a pausa n\u00e3o \u00e9 apenas um direito opcional, mas uma obriga\u00e7\u00e3o ligada \u00e0 seguran\u00e7a e \u00e0 responsabilidade jur\u00eddica do empregador.<\/p>\n\n\n\n<h2 class=\"wp-block-heading\">O que aconteceu no caso que terminou em demiss\u00e3o?<\/h2>\n\n\n\n<p>O trabalhador atuava em jornada superior a seis horas di\u00e1rias e recebia orienta\u00e7\u00f5es expressas para cumprir o <strong><a href=\"https:\/\/sintibrefdf.org.br\/o-que-e-intervalo-intrajornada-direito\/\" target=\"_blank\" rel=\"noreferrer noopener\">intervalo intrajornada<\/a><\/strong> de 15 minutos, obrigat\u00f3rio pela legisla\u00e7\u00e3o local. Mesmo assim, insistia em trabalhar de forma cont\u00ednua.<\/p>\n\n\n\n<p>Para o tribunal, a conduta caracterizou <strong>insubordina\u00e7\u00e3o grave<\/strong>, j\u00e1 que a recusa reiterada exp\u00f4s a empresa a san\u00e7\u00f5es administrativas e descumpriu normas de sa\u00fade e seguran\u00e7a do trabalho consideradas de interesse p\u00fablico.<\/p>\n\n\n\n<figure class=\"wp-block-image size-large\"><img loading=\"lazy\" decoding=\"async\" width=\"1024\" height=\"576\" src=\"https:\/\/www.em.com.br\/emfoco\/wp-content\/uploads\/2026\/01\/AIAI-8-26-1024x576.jpg\" alt=\"Trabalhador foi demitido por justa causa por se recusar a fazer a pausa e o caso acendeu um alerta nacional\" class=\"wp-image-156929\" srcset=\"https:\/\/www.em.com.br\/emfoco\/wp-content\/uploads\/2026\/01\/AIAI-8-26-1024x576.jpg 1024w, https:\/\/www.em.com.br\/emfoco\/wp-content\/uploads\/2026\/01\/AIAI-8-26-300x169.jpg 300w, https:\/\/www.em.com.br\/emfoco\/wp-content\/uploads\/2026\/01\/AIAI-8-26-768x432.jpg 768w, https:\/\/www.em.com.br\/emfoco\/wp-content\/uploads\/2026\/01\/AIAI-8-26-750x422.jpg 750w, https:\/\/www.em.com.br\/emfoco\/wp-content\/uploads\/2026\/01\/AIAI-8-26-1140x641.jpg 1140w, https:\/\/www.em.com.br\/emfoco\/wp-content\/uploads\/2026\/01\/AIAI-8-26.jpg 1280w\" sizes=\"auto, (max-width: 1024px) 100vw, 1024px\" \/><figcaption class=\"wp-element-caption\">Desobedi\u00eancia reiterada \u00e0s pausas caracterizou insubordina\u00e7\u00e3o grave no julgamento<\/figcaption><\/figure>\n\n\n\n<h2 class=\"wp-block-heading\">Por que o descanso \u00e9 tratado como dever legal?<\/h2>\n\n\n\n<p>No Direito do Trabalho moderno, pausas obrigat\u00f3rias n\u00e3o existem apenas para conforto do empregado, mas para prevenir acidentes e doen\u00e7as ocupacionais, al\u00e9m de proteger o empregador de riscos legais. Nesse contexto, o descanso assume car\u00e1ter obrigat\u00f3rio, como mostram os pontos a seguir.<\/p>\n\n\n\n<ul class=\"wp-block-list\">\n<li><strong>Preven\u00e7\u00e3o de acidentes<\/strong>: a pausa reduz fadiga, erros operacionais e riscos f\u00edsicos.<\/li>\n\n\n\n<li><strong>Responsabilidade do empregador<\/strong>: a empresa responde legalmente se o intervalo n\u00e3o for cumprido.<\/li>\n\n\n\n<li><strong>Norma de ordem p\u00fablica<\/strong>: o trabalhador n\u00e3o pode abrir m\u00e3o total do descanso.<\/li>\n<\/ul>\n\n\n\n<h2 class=\"wp-block-heading\">Descanso \u00e9 direito ou obriga\u00e7\u00e3o do trabalhador?<\/h2>\n\n\n\n<p>A decis\u00e3o deixou claro que o intervalo \u00e9 um <strong>direito indispens\u00e1vel<\/strong>, o que significa que n\u00e3o pode ser negociado nem ignorado por vontade individual do empregado, mesmo quando ele acredita estar sendo produtivo.<\/p>\n\n\n\n<p>Nesse cen\u00e1rio, o empregador exerce o <strong>poder diretivo<\/strong> para afastar o funcion\u00e1rio do posto durante a pausa, justamente para cumprir a lei e evitar responsabiliza\u00e7\u00e3o por excesso de jornada ou omiss\u00e3o fiscalizat\u00f3ria.<\/p>\n\n\n\n<figure class=\"wp-block-image size-large\"><img loading=\"lazy\" decoding=\"async\" width=\"1024\" height=\"576\" src=\"https:\/\/www.em.com.br\/emfoco\/wp-content\/uploads\/2026\/01\/AIAI-9-24-1024x576.jpg\" alt=\"Trabalhador foi demitido por justa causa por se recusar a fazer a pausa e o caso acendeu um alerta nacional\" class=\"wp-image-156930\" srcset=\"https:\/\/www.em.com.br\/emfoco\/wp-content\/uploads\/2026\/01\/AIAI-9-24-1024x576.jpg 1024w, https:\/\/www.em.com.br\/emfoco\/wp-content\/uploads\/2026\/01\/AIAI-9-24-300x169.jpg 300w, https:\/\/www.em.com.br\/emfoco\/wp-content\/uploads\/2026\/01\/AIAI-9-24-768x432.jpg 768w, https:\/\/www.em.com.br\/emfoco\/wp-content\/uploads\/2026\/01\/AIAI-9-24-750x422.jpg 750w, https:\/\/www.em.com.br\/emfoco\/wp-content\/uploads\/2026\/01\/AIAI-9-24-1140x641.jpg 1140w, https:\/\/www.em.com.br\/emfoco\/wp-content\/uploads\/2026\/01\/AIAI-9-24.jpg 1280w\" sizes=\"auto, (max-width: 1024px) 100vw, 1024px\" \/><figcaption class=\"wp-element-caption\">Intervalo \u00e9 direito indispon\u00edvel e n\u00e3o pode ser ignorado por vontade pessoal<\/figcaption><\/figure>\n\n\n\n<p><em>Leia mais: <strong><a href=\"https:\/\/www.em.com.br\/emfoco\/2026\/01\/18\/inss-usa-ia-para-fiscalizar-beneficiarios-em-tempo-real-e-bloqueia-pagamentos-ao-detectar-sinais-de-fraude-ou-omissao\/\" target=\"_blank\" rel=\"noreferrer noopener\">INSS usa IA para fiscalizar benefici\u00e1rios em tempo real e bloqueia pagamentos ao detectar sinais de fraude ou omiss\u00e3o<\/a><\/strong><\/em><\/p>\n\n\n\n<h2 class=\"wp-block-heading\">Como a lei trata os intervalos no Brasil e na Europa?<\/h2>\n\n\n\n<p>Embora o caso tenha ocorrido fora do pa\u00eds, a l\u00f3gica jur\u00eddica \u00e9 semelhante em diversos sistemas trabalhistas, incluindo o brasileiro, onde o descanso tamb\u00e9m \u00e9 protegido por lei. A compara\u00e7\u00e3o ajuda a entender por que a puni\u00e7\u00e3o foi considerada leg\u00edtima.<\/p>\n\n\n\n<ul class=\"wp-block-list\">\n<li><strong>Intervalo intrajornada<\/strong>: obrigat\u00f3rio e fiscalizado em jornadas m\u00e9dias e longas.<\/li>\n\n\n\n<li><strong>Puni\u00e7\u00f5es ao empregado<\/strong>: advert\u00eancia, suspens\u00e3o e at\u00e9 justa causa por desobedi\u00eancia.<\/li>\n\n\n\n<li><strong>San\u00e7\u00f5es \u00e0 empresa<\/strong>: multas administrativas e pagamento de horas extras.<\/li>\n<\/ul>\n\n\n\n<h2 class=\"wp-block-heading\">Por que a empresa optou pela demiss\u00e3o?<\/h2>\n\n\n\n<p>Com sistemas de controle de jornada cada vez mais precisos, a empresa n\u00e3o podia ignorar o descumprimento recorrente do intervalo sem assumir um <strong>passivo trabalhista<\/strong> significativo diante da fiscaliza\u00e7\u00e3o.<\/p>\n\n\n\n<p>A demiss\u00e3o foi entendida como medida extrema, por\u00e9m necess\u00e1ria, para cessar a conduta irregular e demonstrar que o cumprimento das pausas obrigat\u00f3rias faz parte das regras de seguran\u00e7a, e n\u00e3o de uma escolha pessoal do trabalhador.<\/p>\n","protected":false},"excerpt":{"rendered":"<p>Tribunal manteve justa causa de empregado que se recusava a cumprir intervalo obrigat\u00f3rio. A decis\u00e3o refor\u00e7a que o descanso \u00e9 dever legal, protege sa\u00fade e seguran\u00e7a e evita que a empresa sofra multas e passivos trabalhistas. A confirma\u00e7\u00e3o da demiss\u00e3o por justa causa de um trabalhador que se recusava a cumprir o intervalo legal reacende [&hellip;]<\/p>\n","protected":false},"author":13,"featured_media":156928,"comment_status":"open","ping_status":"open","sticky":false,"template":"","format":"standard","meta":{"jnews-multi-image_gallery":[],"jnews_single_post":{"format":"standard"},"jnews_primary_category":[],"jnews_social_meta":[],"jnews_override_counter":[],"footnotes":""},"categories":[28],"tags":[16151,1334,22915],"class_list":["post-156903","post","type-post","status-publish","format-standard","has-post-thumbnail","hentry","category-economia","tag-justa-causa","tag-justica","tag-pausas-no-trabalho"],"yoast_head":"<!-- This site is optimized with the Yoast SEO plugin v23.8 - https:\/\/yoast.com\/wordpress\/plugins\/seo\/ -->\n<title>Trabalhador foi demitido por justa causa por se recusar a fazer a pausa e o caso acendeu um alerta nacional - Estado de Minas - Em foco<\/title>\n<meta name=\"description\" content=\"Trabalhador foi demitido por justa causa ap\u00f3s ignorar repetidamente a pausa legal. A Justi\u00e7a confirmou que o descanso \u00e9 obriga\u00e7\u00e3o.\" \/>\n<meta name=\"robots\" content=\"index, follow, max-snippet:-1, max-image-preview:large, max-video-preview:-1\" \/>\n<link rel=\"canonical\" href=\"https:\/\/www.em.com.br\/emfoco\/2026\/01\/20\/trabalhador-foi-demitido-por-justa-causa-por-se-recusar-a-fazer-a-pausa-e-o-caso-acendeu-um-alerta-nacional\/\" \/>\n<meta property=\"og:locale\" content=\"pt_BR\" \/>\n<meta property=\"og:type\" content=\"article\" \/>\n<meta property=\"og:title\" content=\"Trabalhador foi demitido por justa causa por se recusar a fazer a pausa e o caso acendeu um alerta nacional - Estado de Minas - Em foco\" \/>\n<meta property=\"og:description\" content=\"Trabalhador foi demitido por justa causa ap\u00f3s ignorar repetidamente a pausa legal. A Justi\u00e7a confirmou que o descanso \u00e9 obriga\u00e7\u00e3o.\" \/>\n<meta property=\"og:url\" content=\"https:\/\/www.em.com.br\/emfoco\/2026\/01\/20\/trabalhador-foi-demitido-por-justa-causa-por-se-recusar-a-fazer-a-pausa-e-o-caso-acendeu-um-alerta-nacional\/\" \/>\n<meta property=\"og:site_name\" content=\"Estado de Minas - Em foco\" \/>\n<meta property=\"article:published_time\" content=\"2026-01-20T16:35:00+00:00\" \/>\n<meta property=\"article:modified_time\" content=\"2026-01-19T13:02:41+00:00\" \/>\n<meta property=\"og:image\" content=\"https:\/\/www.em.com.br\/emfoco\/wp-content\/uploads\/2026\/01\/AIAI-7-30.jpg\" \/>\n\t<meta property=\"og:image:width\" content=\"1280\" \/>\n\t<meta property=\"og:image:height\" content=\"720\" \/>\n\t<meta property=\"og:image:type\" content=\"image\/jpeg\" \/>\n<meta name=\"author\" content=\"Gabriel Martins\" \/>\n<meta name=\"twitter:card\" content=\"summary_large_image\" \/>\n<meta name=\"twitter:label1\" content=\"Escrito por\" \/>\n\t<meta name=\"twitter:data1\" content=\"Gabriel Martins\" \/>\n\t<meta name=\"twitter:label2\" content=\"Est. tempo de leitura\" \/>\n\t<meta name=\"twitter:data2\" content=\"4 minutos\" \/>\n<!-- \/ Yoast SEO plugin. -->","yoast_head_json":{"title":"Trabalhador foi demitido por justa causa por se recusar a fazer a pausa e o caso acendeu um alerta nacional - Estado de Minas - Em foco","description":"Trabalhador foi demitido por justa causa ap\u00f3s ignorar repetidamente a pausa legal. A Justi\u00e7a confirmou que o descanso \u00e9 obriga\u00e7\u00e3o.","robots":{"index":"index","follow":"follow","max-snippet":"max-snippet:-1","max-image-preview":"max-image-preview:large","max-video-preview":"max-video-preview:-1"},"canonical":"https:\/\/www.em.com.br\/emfoco\/2026\/01\/20\/trabalhador-foi-demitido-por-justa-causa-por-se-recusar-a-fazer-a-pausa-e-o-caso-acendeu-um-alerta-nacional\/","og_locale":"pt_BR","og_type":"article","og_title":"Trabalhador foi demitido por justa causa por se recusar a fazer a pausa e o caso acendeu um alerta nacional - Estado de Minas - Em foco","og_description":"Trabalhador foi demitido por justa causa ap\u00f3s ignorar repetidamente a pausa legal. A Justi\u00e7a confirmou que o descanso \u00e9 obriga\u00e7\u00e3o.","og_url":"https:\/\/www.em.com.br\/emfoco\/2026\/01\/20\/trabalhador-foi-demitido-por-justa-causa-por-se-recusar-a-fazer-a-pausa-e-o-caso-acendeu-um-alerta-nacional\/","og_site_name":"Estado de Minas - Em foco","article_published_time":"2026-01-20T16:35:00+00:00","article_modified_time":"2026-01-19T13:02:41+00:00","og_image":[{"width":1280,"height":720,"url":"https:\/\/www.em.com.br\/emfoco\/wp-content\/uploads\/2026\/01\/AIAI-7-30.jpg","type":"image\/jpeg"}],"author":"Gabriel Martins","twitter_card":"summary_large_image","twitter_misc":{"Escrito por":"Gabriel Martins","Est. tempo de leitura":"4 minutos"},"schema":{"@context":"https:\/\/schema.org","@graph":[{"@type":"WebPage","@id":"https:\/\/www.em.com.br\/emfoco\/2026\/01\/20\/trabalhador-foi-demitido-por-justa-causa-por-se-recusar-a-fazer-a-pausa-e-o-caso-acendeu-um-alerta-nacional\/","url":"https:\/\/www.em.com.br\/emfoco\/2026\/01\/20\/trabalhador-foi-demitido-por-justa-causa-por-se-recusar-a-fazer-a-pausa-e-o-caso-acendeu-um-alerta-nacional\/","name":"Trabalhador foi demitido por justa causa por se recusar a fazer a pausa e o caso acendeu um alerta nacional - Estado de Minas - Em foco","isPartOf":{"@id":"https:\/\/www.em.com.br\/emfoco\/#website"},"primaryImageOfPage":{"@id":"https:\/\/www.em.com.br\/emfoco\/2026\/01\/20\/trabalhador-foi-demitido-por-justa-causa-por-se-recusar-a-fazer-a-pausa-e-o-caso-acendeu-um-alerta-nacional\/#primaryimage"},"image":{"@id":"https:\/\/www.em.com.br\/emfoco\/2026\/01\/20\/trabalhador-foi-demitido-por-justa-causa-por-se-recusar-a-fazer-a-pausa-e-o-caso-acendeu-um-alerta-nacional\/#primaryimage"},"thumbnailUrl":"https:\/\/www.em.com.br\/emfoco\/wp-content\/uploads\/2026\/01\/AIAI-7-30.jpg","datePublished":"2026-01-20T16:35:00+00:00","dateModified":"2026-01-19T13:02:41+00:00","author":{"@id":"https:\/\/www.em.com.br\/emfoco\/#\/schema\/person\/1c9ddeab18b98abeffef834667bcf08a"},"description":"Trabalhador foi demitido por justa causa ap\u00f3s ignorar repetidamente a pausa legal. A Justi\u00e7a confirmou que o descanso \u00e9 obriga\u00e7\u00e3o.","breadcrumb":{"@id":"https:\/\/www.em.com.br\/emfoco\/2026\/01\/20\/trabalhador-foi-demitido-por-justa-causa-por-se-recusar-a-fazer-a-pausa-e-o-caso-acendeu-um-alerta-nacional\/#breadcrumb"},"inLanguage":"pt-BR","potentialAction":[{"@type":"ReadAction","target":["https:\/\/www.em.com.br\/emfoco\/2026\/01\/20\/trabalhador-foi-demitido-por-justa-causa-por-se-recusar-a-fazer-a-pausa-e-o-caso-acendeu-um-alerta-nacional\/"]}]},{"@type":"ImageObject","inLanguage":"pt-BR","@id":"https:\/\/www.em.com.br\/emfoco\/2026\/01\/20\/trabalhador-foi-demitido-por-justa-causa-por-se-recusar-a-fazer-a-pausa-e-o-caso-acendeu-um-alerta-nacional\/#primaryimage","url":"https:\/\/www.em.com.br\/emfoco\/wp-content\/uploads\/2026\/01\/AIAI-7-30.jpg","contentUrl":"https:\/\/www.em.com.br\/emfoco\/wp-content\/uploads\/2026\/01\/AIAI-7-30.jpg","width":1280,"height":720,"caption":"Recusa ao intervalo legal pode justificar justa causa por descumprimento trabalhista"},{"@type":"BreadcrumbList","@id":"https:\/\/www.em.com.br\/emfoco\/2026\/01\/20\/trabalhador-foi-demitido-por-justa-causa-por-se-recusar-a-fazer-a-pausa-e-o-caso-acendeu-um-alerta-nacional\/#breadcrumb","itemListElement":[{"@type":"ListItem","position":1,"name":"In\u00edcio","item":"https:\/\/www.em.com.br\/emfoco\/"},{"@type":"ListItem","position":2,"name":"Trabalhador foi demitido por justa causa por se recusar a fazer a pausa e o caso acendeu um alerta nacional"}]},{"@type":"WebSite","@id":"https:\/\/www.em.com.br\/emfoco\/#website","url":"https:\/\/www.em.com.br\/emfoco\/","name":"Estado de Minas - Em foco","description":"Acompanhe as \u00faltimas not\u00edcias e fique bem informado sobre tudo o que acontece em Minas Gerais, Brasil e no mundo.","potentialAction":[{"@type":"SearchAction","target":{"@type":"EntryPoint","urlTemplate":"https:\/\/www.em.com.br\/emfoco\/?s={search_term_string}"},"query-input":{"@type":"PropertyValueSpecification","valueRequired":true,"valueName":"search_term_string"}}],"inLanguage":"pt-BR"},{"@type":"Person","@id":"https:\/\/www.em.com.br\/emfoco\/#\/schema\/person\/1c9ddeab18b98abeffef834667bcf08a","name":"Gabriel Martins","image":{"@type":"ImageObject","inLanguage":"pt-BR","@id":"https:\/\/www.em.com.br\/emfoco\/#\/schema\/person\/image\/","url":"https:\/\/secure.gravatar.com\/avatar\/f0f1e2efdfd88f1ad2cb08c5c2731e50?s=96&d=mm&r=g","contentUrl":"https:\/\/secure.gravatar.com\/avatar\/f0f1e2efdfd88f1ad2cb08c5c2731e50?s=96&d=mm&r=g","caption":"Gabriel Martins"},"sameAs":["https:\/\/www.em.com.br\/emfoco\/"],"url":"https:\/\/www.em.com.br\/emfoco\/author\/gabrielmartinsmyth\/"}]}},"_links":{"self":[{"href":"https:\/\/www.em.com.br\/emfoco\/wp-json\/wp\/v2\/posts\/156903","targetHints":{"allow":["GET"]}}],"collection":[{"href":"https:\/\/www.em.com.br\/emfoco\/wp-json\/wp\/v2\/posts"}],"about":[{"href":"https:\/\/www.em.com.br\/emfoco\/wp-json\/wp\/v2\/types\/post"}],"author":[{"embeddable":true,"href":"https:\/\/www.em.com.br\/emfoco\/wp-json\/wp\/v2\/users\/13"}],"replies":[{"embeddable":true,"href":"https:\/\/www.em.com.br\/emfoco\/wp-json\/wp\/v2\/comments?post=156903"}],"version-history":[{"count":1,"href":"https:\/\/www.em.com.br\/emfoco\/wp-json\/wp\/v2\/posts\/156903\/revisions"}],"predecessor-version":[{"id":156931,"href":"https:\/\/www.em.com.br\/emfoco\/wp-json\/wp\/v2\/posts\/156903\/revisions\/156931"}],"wp:featuredmedia":[{"embeddable":true,"href":"https:\/\/www.em.com.br\/emfoco\/wp-json\/wp\/v2\/media\/156928"}],"wp:attachment":[{"href":"https:\/\/www.em.com.br\/emfoco\/wp-json\/wp\/v2\/media?parent=156903"}],"wp:term":[{"taxonomy":"category","embeddable":true,"href":"https:\/\/www.em.com.br\/emfoco\/wp-json\/wp\/v2\/categories?post=156903"},{"taxonomy":"post_tag","embeddable":true,"href":"https:\/\/www.em.com.br\/emfoco\/wp-json\/wp\/v2\/tags?post=156903"}],"curies":[{"name":"wp","href":"https:\/\/api.w.org\/{rel}","templated":true}]}}