{"id":156902,"date":"2026-01-20T13:05:00","date_gmt":"2026-01-20T16:05:00","guid":{"rendered":"https:\/\/www.em.com.br\/emfoco\/?p=156902"},"modified":"2026-01-19T09:59:33","modified_gmt":"2026-01-19T12:59:33","slug":"casas-que-pensam-falam-e-cuidam-de-voce-ja-sao-realidade-e-o-futuro-chegou-mais-rapido-do-que-a-ficcao-previu","status":"publish","type":"post","link":"https:\/\/www.em.com.br\/emfoco\/2026\/01\/20\/casas-que-pensam-falam-e-cuidam-de-voce-ja-sao-realidade-e-o-futuro-chegou-mais-rapido-do-que-a-ficcao-previu\/","title":{"rendered":"Casas que pensam, falam e cuidam de voc\u00ea j\u00e1 s\u00e3o realidade e o futuro chegou mais r\u00e1pido do que a fic\u00e7\u00e3o previu"},"content":{"rendered":"\n<h2 class=\"wp-block-heading\">A automa\u00e7\u00e3o residencial deixou a fic\u00e7\u00e3o cient\u00edfica e virou realidade com IA, sensores e IoT. Casas inteligentes integram dispositivos, aprendem h\u00e1bitos, economizam energia, aumentam seguran\u00e7a e evoluem com foco em conforto e sustentabilidade.<\/h2>\n\n\n\n<p>Por d\u00e9cadas, filmes imaginaram casas que pensam, respondem e se ajustam aos moradores. Hoje, a <strong>automa\u00e7\u00e3o residencial<\/strong> tornou essa fantasia parte da rotina, unindo intelig\u00eancia artificial, sensores e conectividade para transformar a casa comum em um ecossistema funcional, integrado e cada vez mais aut\u00f4nomo.<\/p>\n\n\n\n<h2 class=\"wp-block-heading\">Como a fic\u00e7\u00e3o cient\u00edfica influenciou a casa moderna?<\/h2>\n\n\n\n<p>Cen\u00e1rios de filmes e s\u00e9ries popularizaram a ideia de resid\u00eancias que antecipam desejos, controlam o ambiente e interagem com humanos. O que mudou foi a maturidade da <strong>Internet das Coisas<\/strong>, que permitiu ligar dispositivos antes isolados em uma mesma rede inteligente.<\/p>\n\n\n\n<p>A grande virada n\u00e3o foi apenas tecnol\u00f3gica, mas conceitual. A casa deixou de ser um conjunto de eletrodom\u00e9sticos para se tornar um sistema conectado, capaz de aprender h\u00e1bitos, ajustar rotinas e reagir em tempo real \u00e0s necessidades do morador.<\/p>\n\n\n\n<figure class=\"wp-block-image size-large\"><img loading=\"lazy\" decoding=\"async\" width=\"1024\" height=\"576\" src=\"https:\/\/www.em.com.br\/emfoco\/wp-content\/uploads\/2026\/01\/AIAI-6-31-1024x576.jpg\" alt=\"Casas que pensam, falam e cuidam de voc\u00ea j\u00e1 s\u00e3o realidade e o futuro chegou mais r\u00e1pido do que a fic\u00e7\u00e3o previu\" class=\"wp-image-156926\" srcset=\"https:\/\/www.em.com.br\/emfoco\/wp-content\/uploads\/2026\/01\/AIAI-6-31-1024x576.jpg 1024w, https:\/\/www.em.com.br\/emfoco\/wp-content\/uploads\/2026\/01\/AIAI-6-31-300x169.jpg 300w, https:\/\/www.em.com.br\/emfoco\/wp-content\/uploads\/2026\/01\/AIAI-6-31-768x432.jpg 768w, https:\/\/www.em.com.br\/emfoco\/wp-content\/uploads\/2026\/01\/AIAI-6-31-750x422.jpg 750w, https:\/\/www.em.com.br\/emfoco\/wp-content\/uploads\/2026\/01\/AIAI-6-31-1140x641.jpg 1140w, https:\/\/www.em.com.br\/emfoco\/wp-content\/uploads\/2026\/01\/AIAI-6-31.jpg 1280w\" sizes=\"auto, (max-width: 1024px) 100vw, 1024px\" \/><figcaption class=\"wp-element-caption\">Cinema popularizou casas inteligentes e inspirou evolu\u00e7\u00e3o da automa\u00e7\u00e3o dom\u00e9stica<\/figcaption><\/figure>\n\n\n\n<h2 class=\"wp-block-heading\">Quais tecnologias de cinema j\u00e1 viraram itens dom\u00e9sticos?<\/h2>\n\n\n\n<p>Recursos que antes pareciam luxos futuristas hoje est\u00e3o acess\u00edveis e integrados \u00e0 rotina, oferecendo praticidade, seguran\u00e7a e personaliza\u00e7\u00e3o. Entre as tecnologias que migraram das telas para o dia a dia, destacam-se as seguintes.<\/p>\n\n\n\n<ul class=\"wp-block-list\">\n<li><strong>Assistentes com IA generativa<\/strong>: interpretam contexto, sugerem a\u00e7\u00f5es e organizam tarefas al\u00e9m de simples comandos de voz.<\/li>\n\n\n\n<li><strong>Seguran\u00e7a biom\u00e9trica<\/strong>: utiliza reconhecimento facial ou digital para substituir chaves f\u00edsicas por autentica\u00e7\u00e3o pessoal.<\/li>\n\n\n\n<li><strong>Rob\u00f4s de limpeza inteligentes<\/strong>: mapeiam ambientes com precis\u00e3o e operam de forma aut\u00f4noma, sem interven\u00e7\u00e3o constante.<\/li>\n<\/ul>\n\n\n\n<h2 class=\"wp-block-heading\">Qual \u00e9 o papel da interoperabilidade nas casas inteligentes?<\/h2>\n\n\n\n<p>Um dos maiores entraves da automa\u00e7\u00e3o era a falta de comunica\u00e7\u00e3o entre marcas diferentes. A interoperabilidade resolve esse problema ao permitir que dispositivos conversem em uma <strong>linguagem padr\u00e3o<\/strong>, funcionando como um \u00fanico sistema.<\/p>\n\n\n\n<p>Com isso, l\u00e2mpadas, sensores, fechaduras e hubs passam a operar de forma integrada, reduzindo falhas, aumentando estabilidade e permitindo automa\u00e7\u00f5es mais complexas, como cenas completas que envolvem luz, clima, seguran\u00e7a e entretenimento.<\/p>\n\n\n\n<p>Confira o v\u00eddeo compartilhado pelo canal do TikTok <strong><a href=\"https:\/\/www.tiktok.com\/@curtacomgranacurta\" target=\"_blank\" rel=\"noreferrer noopener\"><strong>curtacomgranacurta<\/strong><\/a><\/strong> dando mais dicas de produtos para come\u00e7ar a automatizar sua casa e facilitar seu dia a dia.<\/p>\n\n\n\n<blockquote class=\"tiktok-embed\" cite=\"https:\/\/www.tiktok.com\/@curtacomgranacurta\/video\/7364564495324581125\" data-video-id=\"7364564495324581125\" style=\"max-width: 605px;min-width: 325px;\" > <section> <a target=\"_blank\" title=\"@curtacomgranacurta\" href=\"https:\/\/www.tiktok.com\/@curtacomgranacurta?refer=embed\">@curtacomgranacurta<\/a> 4 itens para tornar sua casa inteligente <a title=\"casa\" target=\"_blank\" href=\"https:\/\/www.tiktok.com\/tag\/casa?refer=embed\">#casa<\/a> <a title=\"reforma\" target=\"_blank\" href=\"https:\/\/www.tiktok.com\/tag\/reforma?refer=embed\">#reforma<\/a> <a title=\"casainteligente\" target=\"_blank\" href=\"https:\/\/www.tiktok.com\/tag\/casainteligente?refer=embed\">#casainteligente<\/a> <a title=\"casainteligentecomalexa\" target=\"_blank\" href=\"https:\/\/www.tiktok.com\/tag\/casainteligentecomalexa?refer=embed\">#casainteligentecomalexa<\/a> <a title=\"alexa\" target=\"_blank\" href=\"https:\/\/www.tiktok.com\/tag\/alexa?refer=embed\">#alexa<\/a> <a target=\"_blank\" title=\"\u266c som original - Jessica Parolin\" href=\"https:\/\/www.tiktok.com\/music\/som-original-7364564512431688454?refer=embed\">\u266c som original &#8211; Jessica Parolin<\/a> <\/section> <\/blockquote> <script async src=\"https:\/\/www.tiktok.com\/embed.js\"><\/script>\n\n\n\n<p><em>Leia mais: <strong><a href=\"https:\/\/www.em.com.br\/emfoco\/2026\/01\/18\/como-fazer-um-aspirador-caseiro-para-sua-piscina-usando-uma-mangueira-velha\/\" target=\"_blank\" rel=\"noreferrer noopener\">Como fazer um aspirador caseiro para sua piscina usando uma mangueira velha<\/a><\/strong><\/em><\/p>\n\n\n\n<h2 class=\"wp-block-heading\">Como a tecnologia dom\u00e9stica ajuda na economia e sustentabilidade?<\/h2>\n\n\n\n<p>Al\u00e9m de conforto, as casas inteligentes passaram a resolver problemas reais de consumo energ\u00e9tico e desperd\u00edcio, usando dados e aprendizado de m\u00e1quina para otimizar recursos. Entre as aplica\u00e7\u00f5es pr\u00e1ticas mais relevantes, est\u00e3o as que voc\u00ea v\u00ea a seguir.<\/p>\n\n\n\n<ul class=\"wp-block-list\">\n<li><strong>Termostatos preditivos<\/strong>: ajustam temperatura conforme rotina, reduzindo gastos quando a casa est\u00e1 vazia.<\/li>\n\n\n\n<li><strong>Vidros inteligentes<\/strong>: escurecem automaticamente para diminuir calor interno e uso de ar-condicionado.<\/li>\n\n\n\n<li><strong>Sensores de \u00e1gua<\/strong>: detectam vazamentos invis\u00edveis e interrompem o fluxo antes de grandes perdas.<\/li>\n<\/ul>\n\n\n\n<h2 class=\"wp-block-heading\">Qual \u00e9 o pr\u00f3ximo passo da casa realmente inteligente?<\/h2>\n\n\n\n<p>A evolu\u00e7\u00e3o aponta para resid\u00eancias capazes de interpretar sinais f\u00edsicos e comportamentais sem invadir a privacidade. Sensores n\u00e3o visuais j\u00e1 conseguem identificar padr\u00f5es de sono, quedas ou altera\u00e7\u00f5es de movimento usando apenas ondas de r\u00e1dio.<\/p>\n\n\n\n<p>O desafio agora \u00e9 equilibrar <strong>conveni\u00eancia e privacidade<\/strong>. Com prote\u00e7\u00e3o de dados e seguran\u00e7a digital adequadas, a casa deixa de ser apenas automatizada e passa a atuar como aliada ativa da sa\u00fade, do conforto e do bem-estar di\u00e1rio.<\/p>\n","protected":false},"excerpt":{"rendered":"<p>A automa\u00e7\u00e3o residencial deixou a fic\u00e7\u00e3o cient\u00edfica e virou realidade com IA, sensores e IoT. Casas inteligentes integram dispositivos, aprendem h\u00e1bitos, economizam energia, aumentam seguran\u00e7a e evoluem com foco em conforto e sustentabilidade. Por d\u00e9cadas, filmes imaginaram casas que pensam, respondem e se ajustam aos moradores. Hoje, a automa\u00e7\u00e3o residencial tornou essa fantasia parte da [&hellip;]<\/p>\n","protected":false},"author":13,"featured_media":156925,"comment_status":"open","ping_status":"open","sticky":false,"template":"","format":"standard","meta":{"jnews-multi-image_gallery":[],"jnews_single_post":{"format":"standard"},"jnews_primary_category":[],"jnews_social_meta":[],"jnews_override_counter":[],"footnotes":""},"categories":[4204],"tags":[4491,4490],"class_list":["post-156902","post","type-post","status-publish","format-standard","has-post-thumbnail","hentry","category-tecnologia","tag-automacao-residencial","tag-casa-inteligente"],"yoast_head":"<!-- This site is optimized with the Yoast SEO plugin v23.8 - https:\/\/yoast.com\/wordpress\/plugins\/seo\/ -->\n<title>Casas que pensam, falam e cuidam de voc\u00ea j\u00e1 s\u00e3o realidade e o futuro chegou mais r\u00e1pido do que a fic\u00e7\u00e3o previu - Estado de Minas - Em foco<\/title>\n<meta name=\"description\" content=\"A casa inteligente que parecia fic\u00e7\u00e3o j\u00e1 existe. Luz, clima e seguran\u00e7a se ajustam sozinhos com tecnologia que protege sua rotina.\" \/>\n<meta name=\"robots\" content=\"index, follow, max-snippet:-1, max-image-preview:large, max-video-preview:-1\" \/>\n<link rel=\"canonical\" href=\"https:\/\/www.em.com.br\/emfoco\/2026\/01\/20\/casas-que-pensam-falam-e-cuidam-de-voce-ja-sao-realidade-e-o-futuro-chegou-mais-rapido-do-que-a-ficcao-previu\/\" \/>\n<meta property=\"og:locale\" content=\"pt_BR\" \/>\n<meta property=\"og:type\" content=\"article\" \/>\n<meta property=\"og:title\" content=\"Casas que pensam, falam e cuidam de voc\u00ea j\u00e1 s\u00e3o realidade e o futuro chegou mais r\u00e1pido do que a fic\u00e7\u00e3o previu - Estado de Minas - Em foco\" \/>\n<meta property=\"og:description\" content=\"A casa inteligente que parecia fic\u00e7\u00e3o j\u00e1 existe. Luz, clima e seguran\u00e7a se ajustam sozinhos com tecnologia que protege sua rotina.\" \/>\n<meta property=\"og:url\" content=\"https:\/\/www.em.com.br\/emfoco\/2026\/01\/20\/casas-que-pensam-falam-e-cuidam-de-voce-ja-sao-realidade-e-o-futuro-chegou-mais-rapido-do-que-a-ficcao-previu\/\" \/>\n<meta property=\"og:site_name\" content=\"Estado de Minas - Em foco\" \/>\n<meta property=\"article:published_time\" content=\"2026-01-20T16:05:00+00:00\" \/>\n<meta property=\"article:modified_time\" content=\"2026-01-19T12:59:33+00:00\" \/>\n<meta property=\"og:image\" content=\"https:\/\/www.em.com.br\/emfoco\/wp-content\/uploads\/2026\/01\/AIAI-5-37.jpg\" \/>\n\t<meta property=\"og:image:width\" content=\"1280\" \/>\n\t<meta property=\"og:image:height\" content=\"720\" \/>\n\t<meta property=\"og:image:type\" content=\"image\/jpeg\" \/>\n<meta name=\"author\" content=\"Gabriel Martins\" \/>\n<meta name=\"twitter:card\" content=\"summary_large_image\" \/>\n<meta name=\"twitter:label1\" content=\"Escrito por\" \/>\n\t<meta name=\"twitter:data1\" content=\"Gabriel Martins\" \/>\n\t<meta name=\"twitter:label2\" content=\"Est. tempo de leitura\" \/>\n\t<meta name=\"twitter:data2\" content=\"4 minutos\" \/>\n<!-- \/ Yoast SEO plugin. -->","yoast_head_json":{"title":"Casas que pensam, falam e cuidam de voc\u00ea j\u00e1 s\u00e3o realidade e o futuro chegou mais r\u00e1pido do que a fic\u00e7\u00e3o previu - Estado de Minas - Em foco","description":"A casa inteligente que parecia fic\u00e7\u00e3o j\u00e1 existe. Luz, clima e seguran\u00e7a se ajustam sozinhos com tecnologia que protege sua rotina.","robots":{"index":"index","follow":"follow","max-snippet":"max-snippet:-1","max-image-preview":"max-image-preview:large","max-video-preview":"max-video-preview:-1"},"canonical":"https:\/\/www.em.com.br\/emfoco\/2026\/01\/20\/casas-que-pensam-falam-e-cuidam-de-voce-ja-sao-realidade-e-o-futuro-chegou-mais-rapido-do-que-a-ficcao-previu\/","og_locale":"pt_BR","og_type":"article","og_title":"Casas que pensam, falam e cuidam de voc\u00ea j\u00e1 s\u00e3o realidade e o futuro chegou mais r\u00e1pido do que a fic\u00e7\u00e3o previu - Estado de Minas - Em foco","og_description":"A casa inteligente que parecia fic\u00e7\u00e3o j\u00e1 existe. Luz, clima e seguran\u00e7a se ajustam sozinhos com tecnologia que protege sua rotina.","og_url":"https:\/\/www.em.com.br\/emfoco\/2026\/01\/20\/casas-que-pensam-falam-e-cuidam-de-voce-ja-sao-realidade-e-o-futuro-chegou-mais-rapido-do-que-a-ficcao-previu\/","og_site_name":"Estado de Minas - Em foco","article_published_time":"2026-01-20T16:05:00+00:00","article_modified_time":"2026-01-19T12:59:33+00:00","og_image":[{"width":1280,"height":720,"url":"https:\/\/www.em.com.br\/emfoco\/wp-content\/uploads\/2026\/01\/AIAI-5-37.jpg","type":"image\/jpeg"}],"author":"Gabriel Martins","twitter_card":"summary_large_image","twitter_misc":{"Escrito por":"Gabriel Martins","Est. tempo de leitura":"4 minutos"},"schema":{"@context":"https:\/\/schema.org","@graph":[{"@type":"WebPage","@id":"https:\/\/www.em.com.br\/emfoco\/2026\/01\/20\/casas-que-pensam-falam-e-cuidam-de-voce-ja-sao-realidade-e-o-futuro-chegou-mais-rapido-do-que-a-ficcao-previu\/","url":"https:\/\/www.em.com.br\/emfoco\/2026\/01\/20\/casas-que-pensam-falam-e-cuidam-de-voce-ja-sao-realidade-e-o-futuro-chegou-mais-rapido-do-que-a-ficcao-previu\/","name":"Casas que pensam, falam e cuidam de voc\u00ea j\u00e1 s\u00e3o realidade e o futuro chegou mais r\u00e1pido do que a fic\u00e7\u00e3o previu - Estado de Minas - Em foco","isPartOf":{"@id":"https:\/\/www.em.com.br\/emfoco\/#website"},"primaryImageOfPage":{"@id":"https:\/\/www.em.com.br\/emfoco\/2026\/01\/20\/casas-que-pensam-falam-e-cuidam-de-voce-ja-sao-realidade-e-o-futuro-chegou-mais-rapido-do-que-a-ficcao-previu\/#primaryimage"},"image":{"@id":"https:\/\/www.em.com.br\/emfoco\/2026\/01\/20\/casas-que-pensam-falam-e-cuidam-de-voce-ja-sao-realidade-e-o-futuro-chegou-mais-rapido-do-que-a-ficcao-previu\/#primaryimage"},"thumbnailUrl":"https:\/\/www.em.com.br\/emfoco\/wp-content\/uploads\/2026\/01\/AIAI-5-37.jpg","datePublished":"2026-01-20T16:05:00+00:00","dateModified":"2026-01-19T12:59:33+00:00","author":{"@id":"https:\/\/www.em.com.br\/emfoco\/#\/schema\/person\/1c9ddeab18b98abeffef834667bcf08a"},"description":"A casa inteligente que parecia fic\u00e7\u00e3o j\u00e1 existe. Luz, clima e seguran\u00e7a se ajustam sozinhos com tecnologia que protege sua rotina.","breadcrumb":{"@id":"https:\/\/www.em.com.br\/emfoco\/2026\/01\/20\/casas-que-pensam-falam-e-cuidam-de-voce-ja-sao-realidade-e-o-futuro-chegou-mais-rapido-do-que-a-ficcao-previu\/#breadcrumb"},"inLanguage":"pt-BR","potentialAction":[{"@type":"ReadAction","target":["https:\/\/www.em.com.br\/emfoco\/2026\/01\/20\/casas-que-pensam-falam-e-cuidam-de-voce-ja-sao-realidade-e-o-futuro-chegou-mais-rapido-do-que-a-ficcao-previu\/"]}]},{"@type":"ImageObject","inLanguage":"pt-BR","@id":"https:\/\/www.em.com.br\/emfoco\/2026\/01\/20\/casas-que-pensam-falam-e-cuidam-de-voce-ja-sao-realidade-e-o-futuro-chegou-mais-rapido-do-que-a-ficcao-previu\/#primaryimage","url":"https:\/\/www.em.com.br\/emfoco\/wp-content\/uploads\/2026\/01\/AIAI-5-37.jpg","contentUrl":"https:\/\/www.em.com.br\/emfoco\/wp-content\/uploads\/2026\/01\/AIAI-5-37.jpg","width":1280,"height":720,"caption":"Automa\u00e7\u00e3o residencial transformou fic\u00e7\u00e3o cient\u00edfica em rotina funcional nas casas modernas"},{"@type":"BreadcrumbList","@id":"https:\/\/www.em.com.br\/emfoco\/2026\/01\/20\/casas-que-pensam-falam-e-cuidam-de-voce-ja-sao-realidade-e-o-futuro-chegou-mais-rapido-do-que-a-ficcao-previu\/#breadcrumb","itemListElement":[{"@type":"ListItem","position":1,"name":"In\u00edcio","item":"https:\/\/www.em.com.br\/emfoco\/"},{"@type":"ListItem","position":2,"name":"Casas que pensam, falam e cuidam de voc\u00ea j\u00e1 s\u00e3o realidade e o futuro chegou mais r\u00e1pido do que a fic\u00e7\u00e3o previu"}]},{"@type":"WebSite","@id":"https:\/\/www.em.com.br\/emfoco\/#website","url":"https:\/\/www.em.com.br\/emfoco\/","name":"Estado de Minas - Em foco","description":"Acompanhe as \u00faltimas not\u00edcias e fique bem informado sobre tudo o que acontece em Minas Gerais, Brasil e no mundo.","potentialAction":[{"@type":"SearchAction","target":{"@type":"EntryPoint","urlTemplate":"https:\/\/www.em.com.br\/emfoco\/?s={search_term_string}"},"query-input":{"@type":"PropertyValueSpecification","valueRequired":true,"valueName":"search_term_string"}}],"inLanguage":"pt-BR"},{"@type":"Person","@id":"https:\/\/www.em.com.br\/emfoco\/#\/schema\/person\/1c9ddeab18b98abeffef834667bcf08a","name":"Gabriel Martins","image":{"@type":"ImageObject","inLanguage":"pt-BR","@id":"https:\/\/www.em.com.br\/emfoco\/#\/schema\/person\/image\/","url":"https:\/\/secure.gravatar.com\/avatar\/f0f1e2efdfd88f1ad2cb08c5c2731e50?s=96&d=mm&r=g","contentUrl":"https:\/\/secure.gravatar.com\/avatar\/f0f1e2efdfd88f1ad2cb08c5c2731e50?s=96&d=mm&r=g","caption":"Gabriel Martins"},"sameAs":["https:\/\/www.em.com.br\/emfoco\/"],"url":"https:\/\/www.em.com.br\/emfoco\/author\/gabrielmartinsmyth\/"}]}},"_links":{"self":[{"href":"https:\/\/www.em.com.br\/emfoco\/wp-json\/wp\/v2\/posts\/156902","targetHints":{"allow":["GET"]}}],"collection":[{"href":"https:\/\/www.em.com.br\/emfoco\/wp-json\/wp\/v2\/posts"}],"about":[{"href":"https:\/\/www.em.com.br\/emfoco\/wp-json\/wp\/v2\/types\/post"}],"author":[{"embeddable":true,"href":"https:\/\/www.em.com.br\/emfoco\/wp-json\/wp\/v2\/users\/13"}],"replies":[{"embeddable":true,"href":"https:\/\/www.em.com.br\/emfoco\/wp-json\/wp\/v2\/comments?post=156902"}],"version-history":[{"count":1,"href":"https:\/\/www.em.com.br\/emfoco\/wp-json\/wp\/v2\/posts\/156902\/revisions"}],"predecessor-version":[{"id":156927,"href":"https:\/\/www.em.com.br\/emfoco\/wp-json\/wp\/v2\/posts\/156902\/revisions\/156927"}],"wp:featuredmedia":[{"embeddable":true,"href":"https:\/\/www.em.com.br\/emfoco\/wp-json\/wp\/v2\/media\/156925"}],"wp:attachment":[{"href":"https:\/\/www.em.com.br\/emfoco\/wp-json\/wp\/v2\/media?parent=156902"}],"wp:term":[{"taxonomy":"category","embeddable":true,"href":"https:\/\/www.em.com.br\/emfoco\/wp-json\/wp\/v2\/categories?post=156902"},{"taxonomy":"post_tag","embeddable":true,"href":"https:\/\/www.em.com.br\/emfoco\/wp-json\/wp\/v2\/tags?post=156902"}],"curies":[{"name":"wp","href":"https:\/\/api.w.org\/{rel}","templated":true}]}}