{"id":156854,"date":"2026-01-20T21:05:00","date_gmt":"2026-01-21T00:05:00","guid":{"rendered":"https:\/\/www.em.com.br\/emfoco\/?p=156854"},"modified":"2026-01-19T09:19:05","modified_gmt":"2026-01-19T12:19:05","slug":"nova-regra-permite-sacar-todo-o-fgts-por-doenca-grave-sem-justica-e-milhoes-ainda-nao-sabem-disso","status":"publish","type":"post","link":"https:\/\/www.em.com.br\/emfoco\/2026\/01\/20\/nova-regra-permite-sacar-todo-o-fgts-por-doenca-grave-sem-justica-e-milhoes-ainda-nao-sabem-disso\/","title":{"rendered":"Nova regra permite sacar todo o FGTS por doen\u00e7a grave sem Justi\u00e7a e milh\u00f5es ainda n\u00e3o sabem disso"},"content":{"rendered":"\n<h2 class=\"wp-block-heading\">O saque do FGTS por doen\u00e7a grave passou a ser totalmente digital e administrativo. Trabalhadores podem acessar todas as contas via aplicativo FGTS, sem a\u00e7\u00e3o judicial, mediante laudo m\u00e9dico v\u00e1lido, com libera\u00e7\u00e3o direta em conta banc\u00e1ria.<\/h2>\n\n\n\n<p>O saque do <strong>FGTS por motivo de sa\u00fade<\/strong> passou por uma mudan\u00e7a hist\u00f3rica ao se tornar totalmente digital. Trabalhadores com doen\u00e7as graves agora conseguem acessar o pr\u00f3prio saldo sem a\u00e7\u00f5es judiciais, garantindo recurso imediato em um dos momentos mais sens\u00edveis da vida.<\/p>\n\n\n\n<h2 class=\"wp-block-heading\">O que mudou no saque do FGTS por doen\u00e7a grave?<\/h2>\n\n\n\n<p>A principal mudan\u00e7a foi a elimina\u00e7\u00e3o da necessidade de recorrer \u00e0 Justi\u00e7a para comprovar o direito ao saque. Com a integra\u00e7\u00e3o de sistemas p\u00fablicos, o processo passou a ser analisado de forma administrativa, acelerando a libera\u00e7\u00e3o do <strong><a href=\"https:\/\/www.gov.br\/pt-br\/servicos\/solicitar-beneficio-por-incapacidade-temporaria-auxilio-doenca\" target=\"_blank\" rel=\"noreferrer noopener\">benef\u00edcio por motivo de sa\u00fade<\/a><\/strong>.<\/p>\n\n\n\n<p>Al\u00e9m da agilidade, o trabalhador pode sacar o saldo de todas as contas vinculadas ao seu CPF, ativas e inativas, fortalecendo o FGTS como uma <strong>rede de prote\u00e7\u00e3o financeira<\/strong> em situa\u00e7\u00f5es de vulnerabilidade extrema.<\/p>\n\n\n\n<figure class=\"wp-block-image size-large\"><img loading=\"lazy\" decoding=\"async\" width=\"1024\" height=\"576\" src=\"https:\/\/www.em.com.br\/emfoco\/wp-content\/uploads\/2026\/01\/AIAI-19-3-1024x576.jpg\" alt=\"Nova regra permite sacar todo o FGTS por doen\u00e7a grave sem Justi\u00e7a e milh\u00f5es ainda n\u00e3o sabem disso\" class=\"wp-image-156889\" srcset=\"https:\/\/www.em.com.br\/emfoco\/wp-content\/uploads\/2026\/01\/AIAI-19-3-1024x576.jpg 1024w, https:\/\/www.em.com.br\/emfoco\/wp-content\/uploads\/2026\/01\/AIAI-19-3-300x169.jpg 300w, https:\/\/www.em.com.br\/emfoco\/wp-content\/uploads\/2026\/01\/AIAI-19-3-768x432.jpg 768w, https:\/\/www.em.com.br\/emfoco\/wp-content\/uploads\/2026\/01\/AIAI-19-3-750x422.jpg 750w, https:\/\/www.em.com.br\/emfoco\/wp-content\/uploads\/2026\/01\/AIAI-19-3-1140x641.jpg 1140w, https:\/\/www.em.com.br\/emfoco\/wp-content\/uploads\/2026\/01\/AIAI-19-3.jpg 1280w\" sizes=\"auto, (max-width: 1024px) 100vw, 1024px\" \/><figcaption class=\"wp-element-caption\">Processo administrativo substituiu a\u00e7\u00e3o judicial e acelerou libera\u00e7\u00e3o do FGTS<\/figcaption><\/figure>\n\n\n\n<h2 class=\"wp-block-heading\">Quais doen\u00e7as garantem o direito ao saque do FGTS?<\/h2>\n\n\n\n<p>A legisla\u00e7\u00e3o prev\u00ea condi\u00e7\u00f5es espec\u00edficas que autorizam o saque por motivo de sa\u00fade, desde que devidamente comprovadas por laudos m\u00e9dicos v\u00e1lidos. Entre as doen\u00e7as que asseguram esse direito, destacam-se as listadas a seguir.<\/p>\n\n\n\n<ul class=\"wp-block-list\">\n<li><strong>Neoplasia maligna<\/strong>: c\u00e2ncer confirmado por laudo patol\u00f3gico.<\/li>\n\n\n\n<li><strong>HIV\/AIDS<\/strong>: portadores do v\u00edrus, mesmo sem sintomas.<\/li>\n\n\n\n<li><strong>Est\u00e1gio terminal<\/strong>: doen\u00e7as em fase avan\u00e7ada com progn\u00f3stico irrevers\u00edvel.<\/li>\n<\/ul>\n\n\n\n<h2 class=\"wp-block-heading\">Como funciona o saque do FGTS diretamente pelo aplicativo?<\/h2>\n\n\n\n<p>O procedimento foi simplificado para permitir que o trabalhador solicite o saque sem sair de casa. Todo o processo ocorre dentro do <strong>aplicativo FGTS<\/strong>, utilizando autentica\u00e7\u00e3o digital e envio eletr\u00f4nico dos documentos.<\/p>\n\n\n\n<p>Ap\u00f3s a an\u00e1lise e aprova\u00e7\u00e3o, o valor \u00e9 liberado diretamente para a conta banc\u00e1ria indicada pelo solicitante, de qualquer institui\u00e7\u00e3o, sem cobran\u00e7a de taxas, reduzindo o impacto financeiro durante o <strong>tratamento de sa\u00fade<\/strong>.<\/p>\n\n\n\n<figure class=\"wp-block-image size-large\"><img loading=\"lazy\" decoding=\"async\" width=\"1024\" height=\"576\" src=\"https:\/\/www.em.com.br\/emfoco\/wp-content\/uploads\/2026\/01\/AIAI-20-3-1024x576.jpg\" alt=\"Nova regra permite sacar todo o FGTS por doen\u00e7a grave sem Justi\u00e7a e milh\u00f5es ainda n\u00e3o sabem disso\" class=\"wp-image-156890\" srcset=\"https:\/\/www.em.com.br\/emfoco\/wp-content\/uploads\/2026\/01\/AIAI-20-3-1024x576.jpg 1024w, https:\/\/www.em.com.br\/emfoco\/wp-content\/uploads\/2026\/01\/AIAI-20-3-300x169.jpg 300w, https:\/\/www.em.com.br\/emfoco\/wp-content\/uploads\/2026\/01\/AIAI-20-3-768x432.jpg 768w, https:\/\/www.em.com.br\/emfoco\/wp-content\/uploads\/2026\/01\/AIAI-20-3-750x422.jpg 750w, https:\/\/www.em.com.br\/emfoco\/wp-content\/uploads\/2026\/01\/AIAI-20-3-1140x641.jpg 1140w, https:\/\/www.em.com.br\/emfoco\/wp-content\/uploads\/2026\/01\/AIAI-20-3.jpg 1280w\" sizes=\"auto, (max-width: 1024px) 100vw, 1024px\" \/><figcaption class=\"wp-element-caption\">Aplicativo FGTS permite solicita\u00e7\u00e3o online com cr\u00e9dito direto em conta<\/figcaption><\/figure>\n\n\n\n<p><em>Leia mais: <em><strong><a href=\"https:\/\/www.em.com.br\/emfoco\/2026\/01\/19\/nova-regra-pode-suspender-a-cnh-por-excesso-de-velocidade-em-obras-mesmo-sem-radar-ou-acidente-no-local\/\" target=\"_blank\" rel=\"noreferrer noopener\">Nova regra pode suspender a CNH por excesso de velocidade em obras mesmo sem radar ou acidente no local<\/a><\/strong><\/em><\/em><\/p>\n\n\n\n<h2 class=\"wp-block-heading\">Quais documentos s\u00e3o exigidos para evitar atrasos?<\/h2>\n\n\n\n<p>A aprova\u00e7\u00e3o do pedido depende da clareza e da validade da documenta\u00e7\u00e3o apresentada no aplicativo. Para evitar exig\u00eancias adicionais, \u00e9 fundamental separar previamente os documentos essenciais, descritos abaixo.<\/p>\n\n\n\n<ul class=\"wp-block-list\">\n<li><strong>Documento de identifica\u00e7\u00e3o<\/strong>: RG, CNH ou a nova carteira nacional de identidade.<\/li>\n\n\n\n<li><strong>Laudo m\u00e9dico detalhado<\/strong>: diagn\u00f3stico, CID, assinatura e CRM do profissional.<\/li>\n\n\n\n<li><strong>Exames comprobat\u00f3rios<\/strong>: bi\u00f3psias, laudos de imagem ou relat\u00f3rios cl\u00ednicos.<\/li>\n<\/ul>\n\n\n\n<h2 class=\"wp-block-heading\">Por que essa mudan\u00e7a tem impacto social t\u00e3o relevante?<\/h2>\n\n\n\n<p>A libera\u00e7\u00e3o administrativa do FGTS respeita o tempo de quem enfrenta uma condi\u00e7\u00e3o grave de sa\u00fade, evitando desgaste emocional e financeiro com processos judiciais. Trata-se de um avan\u00e7o na garantia da <strong>dignidade da pessoa humana<\/strong>.<\/p>\n\n\n\n<p>Ao permitir acesso r\u00e1pido ao pr\u00f3prio patrim\u00f4nio, o Estado refor\u00e7a o papel social do FGTS como instrumento de amparo real, assegurando que o trabalhador tenha suporte financeiro quando a prioridade absoluta \u00e9 cuidar da pr\u00f3pria vida.<\/p>\n","protected":false},"excerpt":{"rendered":"<p>O saque do FGTS por doen\u00e7a grave passou a ser totalmente digital e administrativo. Trabalhadores podem acessar todas as contas via aplicativo FGTS, sem a\u00e7\u00e3o judicial, mediante laudo m\u00e9dico v\u00e1lido, com libera\u00e7\u00e3o direta em conta banc\u00e1ria. O saque do FGTS por motivo de sa\u00fade passou por uma mudan\u00e7a hist\u00f3rica ao se tornar totalmente digital. Trabalhadores [&hellip;]<\/p>\n","protected":false},"author":13,"featured_media":156888,"comment_status":"open","ping_status":"open","sticky":false,"template":"","format":"standard","meta":{"jnews-multi-image_gallery":[],"jnews_single_post":{"format":"standard"},"jnews_primary_category":[],"jnews_social_meta":[],"jnews_override_counter":[],"footnotes":""},"categories":[28],"tags":[4770,1036,22910],"class_list":["post-156854","post","type-post","status-publish","format-standard","has-post-thumbnail","hentry","category-economia","tag-doencas","tag-fgts","tag-protecao-financeiro"],"yoast_head":"<!-- This site is optimized with the Yoast SEO plugin v23.8 - https:\/\/yoast.com\/wordpress\/plugins\/seo\/ -->\n<title>Nova regra permite sacar todo o FGTS por doen\u00e7a grave sem Justi\u00e7a e milh\u00f5es ainda n\u00e3o sabem disso - Estado de Minas - Em foco<\/title>\n<meta name=\"description\" content=\"FGTS por doen\u00e7a grave agora pode ser sacado direto pelo app, sem processo. Valor vai para a conta e ajuda quem mais precisa.\" \/>\n<meta name=\"robots\" content=\"index, follow, max-snippet:-1, max-image-preview:large, max-video-preview:-1\" \/>\n<link rel=\"canonical\" href=\"https:\/\/www.em.com.br\/emfoco\/2026\/01\/20\/nova-regra-permite-sacar-todo-o-fgts-por-doenca-grave-sem-justica-e-milhoes-ainda-nao-sabem-disso\/\" \/>\n<meta property=\"og:locale\" content=\"pt_BR\" \/>\n<meta property=\"og:type\" content=\"article\" \/>\n<meta property=\"og:title\" content=\"Nova regra permite sacar todo o FGTS por doen\u00e7a grave sem Justi\u00e7a e milh\u00f5es ainda n\u00e3o sabem disso - Estado de Minas - Em foco\" \/>\n<meta property=\"og:description\" content=\"FGTS por doen\u00e7a grave agora pode ser sacado direto pelo app, sem processo. Valor vai para a conta e ajuda quem mais precisa.\" \/>\n<meta property=\"og:url\" content=\"https:\/\/www.em.com.br\/emfoco\/2026\/01\/20\/nova-regra-permite-sacar-todo-o-fgts-por-doenca-grave-sem-justica-e-milhoes-ainda-nao-sabem-disso\/\" \/>\n<meta property=\"og:site_name\" content=\"Estado de Minas - Em foco\" \/>\n<meta property=\"article:published_time\" content=\"2026-01-21T00:05:00+00:00\" \/>\n<meta property=\"article:modified_time\" content=\"2026-01-19T12:19:05+00:00\" \/>\n<meta property=\"og:image\" content=\"https:\/\/www.em.com.br\/emfoco\/wp-content\/uploads\/2026\/01\/AIAI-18-4.jpg\" \/>\n\t<meta property=\"og:image:width\" content=\"1280\" \/>\n\t<meta property=\"og:image:height\" content=\"720\" \/>\n\t<meta property=\"og:image:type\" content=\"image\/jpeg\" \/>\n<meta name=\"author\" content=\"Gabriel Martins\" \/>\n<meta name=\"twitter:card\" content=\"summary_large_image\" \/>\n<meta name=\"twitter:label1\" content=\"Escrito por\" \/>\n\t<meta name=\"twitter:data1\" content=\"Gabriel Martins\" \/>\n\t<meta name=\"twitter:label2\" content=\"Est. tempo de leitura\" \/>\n\t<meta name=\"twitter:data2\" content=\"4 minutos\" \/>\n<!-- \/ Yoast SEO plugin. -->","yoast_head_json":{"title":"Nova regra permite sacar todo o FGTS por doen\u00e7a grave sem Justi\u00e7a e milh\u00f5es ainda n\u00e3o sabem disso - Estado de Minas - Em foco","description":"FGTS por doen\u00e7a grave agora pode ser sacado direto pelo app, sem processo. Valor vai para a conta e ajuda quem mais precisa.","robots":{"index":"index","follow":"follow","max-snippet":"max-snippet:-1","max-image-preview":"max-image-preview:large","max-video-preview":"max-video-preview:-1"},"canonical":"https:\/\/www.em.com.br\/emfoco\/2026\/01\/20\/nova-regra-permite-sacar-todo-o-fgts-por-doenca-grave-sem-justica-e-milhoes-ainda-nao-sabem-disso\/","og_locale":"pt_BR","og_type":"article","og_title":"Nova regra permite sacar todo o FGTS por doen\u00e7a grave sem Justi\u00e7a e milh\u00f5es ainda n\u00e3o sabem disso - Estado de Minas - Em foco","og_description":"FGTS por doen\u00e7a grave agora pode ser sacado direto pelo app, sem processo. Valor vai para a conta e ajuda quem mais precisa.","og_url":"https:\/\/www.em.com.br\/emfoco\/2026\/01\/20\/nova-regra-permite-sacar-todo-o-fgts-por-doenca-grave-sem-justica-e-milhoes-ainda-nao-sabem-disso\/","og_site_name":"Estado de Minas - Em foco","article_published_time":"2026-01-21T00:05:00+00:00","article_modified_time":"2026-01-19T12:19:05+00:00","og_image":[{"width":1280,"height":720,"url":"https:\/\/www.em.com.br\/emfoco\/wp-content\/uploads\/2026\/01\/AIAI-18-4.jpg","type":"image\/jpeg"}],"author":"Gabriel Martins","twitter_card":"summary_large_image","twitter_misc":{"Escrito por":"Gabriel Martins","Est. tempo de leitura":"4 minutos"},"schema":{"@context":"https:\/\/schema.org","@graph":[{"@type":"WebPage","@id":"https:\/\/www.em.com.br\/emfoco\/2026\/01\/20\/nova-regra-permite-sacar-todo-o-fgts-por-doenca-grave-sem-justica-e-milhoes-ainda-nao-sabem-disso\/","url":"https:\/\/www.em.com.br\/emfoco\/2026\/01\/20\/nova-regra-permite-sacar-todo-o-fgts-por-doenca-grave-sem-justica-e-milhoes-ainda-nao-sabem-disso\/","name":"Nova regra permite sacar todo o FGTS por doen\u00e7a grave sem Justi\u00e7a e milh\u00f5es ainda n\u00e3o sabem disso - Estado de Minas - Em foco","isPartOf":{"@id":"https:\/\/www.em.com.br\/emfoco\/#website"},"primaryImageOfPage":{"@id":"https:\/\/www.em.com.br\/emfoco\/2026\/01\/20\/nova-regra-permite-sacar-todo-o-fgts-por-doenca-grave-sem-justica-e-milhoes-ainda-nao-sabem-disso\/#primaryimage"},"image":{"@id":"https:\/\/www.em.com.br\/emfoco\/2026\/01\/20\/nova-regra-permite-sacar-todo-o-fgts-por-doenca-grave-sem-justica-e-milhoes-ainda-nao-sabem-disso\/#primaryimage"},"thumbnailUrl":"https:\/\/www.em.com.br\/emfoco\/wp-content\/uploads\/2026\/01\/AIAI-18-4.jpg","datePublished":"2026-01-21T00:05:00+00:00","dateModified":"2026-01-19T12:19:05+00:00","author":{"@id":"https:\/\/www.em.com.br\/emfoco\/#\/schema\/person\/1c9ddeab18b98abeffef834667bcf08a"},"description":"FGTS por doen\u00e7a grave agora pode ser sacado direto pelo app, sem processo. Valor vai para a conta e ajuda quem mais precisa.","breadcrumb":{"@id":"https:\/\/www.em.com.br\/emfoco\/2026\/01\/20\/nova-regra-permite-sacar-todo-o-fgts-por-doenca-grave-sem-justica-e-milhoes-ainda-nao-sabem-disso\/#breadcrumb"},"inLanguage":"pt-BR","potentialAction":[{"@type":"ReadAction","target":["https:\/\/www.em.com.br\/emfoco\/2026\/01\/20\/nova-regra-permite-sacar-todo-o-fgts-por-doenca-grave-sem-justica-e-milhoes-ainda-nao-sabem-disso\/"]}]},{"@type":"ImageObject","inLanguage":"pt-BR","@id":"https:\/\/www.em.com.br\/emfoco\/2026\/01\/20\/nova-regra-permite-sacar-todo-o-fgts-por-doenca-grave-sem-justica-e-milhoes-ainda-nao-sabem-disso\/#primaryimage","url":"https:\/\/www.em.com.br\/emfoco\/wp-content\/uploads\/2026\/01\/AIAI-18-4.jpg","contentUrl":"https:\/\/www.em.com.br\/emfoco\/wp-content\/uploads\/2026\/01\/AIAI-18-4.jpg","width":1280,"height":720,"caption":"Saque digital do FGTS por sa\u00fade garante acesso r\u00e1pido ao pr\u00f3prio saldo"},{"@type":"BreadcrumbList","@id":"https:\/\/www.em.com.br\/emfoco\/2026\/01\/20\/nova-regra-permite-sacar-todo-o-fgts-por-doenca-grave-sem-justica-e-milhoes-ainda-nao-sabem-disso\/#breadcrumb","itemListElement":[{"@type":"ListItem","position":1,"name":"In\u00edcio","item":"https:\/\/www.em.com.br\/emfoco\/"},{"@type":"ListItem","position":2,"name":"Nova regra permite sacar todo o FGTS por doen\u00e7a grave sem Justi\u00e7a e milh\u00f5es ainda n\u00e3o sabem disso"}]},{"@type":"WebSite","@id":"https:\/\/www.em.com.br\/emfoco\/#website","url":"https:\/\/www.em.com.br\/emfoco\/","name":"Estado de Minas - Em foco","description":"Acompanhe as \u00faltimas not\u00edcias e fique bem informado sobre tudo o que acontece em Minas Gerais, Brasil e no mundo.","potentialAction":[{"@type":"SearchAction","target":{"@type":"EntryPoint","urlTemplate":"https:\/\/www.em.com.br\/emfoco\/?s={search_term_string}"},"query-input":{"@type":"PropertyValueSpecification","valueRequired":true,"valueName":"search_term_string"}}],"inLanguage":"pt-BR"},{"@type":"Person","@id":"https:\/\/www.em.com.br\/emfoco\/#\/schema\/person\/1c9ddeab18b98abeffef834667bcf08a","name":"Gabriel Martins","image":{"@type":"ImageObject","inLanguage":"pt-BR","@id":"https:\/\/www.em.com.br\/emfoco\/#\/schema\/person\/image\/","url":"https:\/\/secure.gravatar.com\/avatar\/f0f1e2efdfd88f1ad2cb08c5c2731e50?s=96&d=mm&r=g","contentUrl":"https:\/\/secure.gravatar.com\/avatar\/f0f1e2efdfd88f1ad2cb08c5c2731e50?s=96&d=mm&r=g","caption":"Gabriel Martins"},"sameAs":["https:\/\/www.em.com.br\/emfoco\/"],"url":"https:\/\/www.em.com.br\/emfoco\/author\/gabrielmartinsmyth\/"}]}},"_links":{"self":[{"href":"https:\/\/www.em.com.br\/emfoco\/wp-json\/wp\/v2\/posts\/156854","targetHints":{"allow":["GET"]}}],"collection":[{"href":"https:\/\/www.em.com.br\/emfoco\/wp-json\/wp\/v2\/posts"}],"about":[{"href":"https:\/\/www.em.com.br\/emfoco\/wp-json\/wp\/v2\/types\/post"}],"author":[{"embeddable":true,"href":"https:\/\/www.em.com.br\/emfoco\/wp-json\/wp\/v2\/users\/13"}],"replies":[{"embeddable":true,"href":"https:\/\/www.em.com.br\/emfoco\/wp-json\/wp\/v2\/comments?post=156854"}],"version-history":[{"count":1,"href":"https:\/\/www.em.com.br\/emfoco\/wp-json\/wp\/v2\/posts\/156854\/revisions"}],"predecessor-version":[{"id":156891,"href":"https:\/\/www.em.com.br\/emfoco\/wp-json\/wp\/v2\/posts\/156854\/revisions\/156891"}],"wp:featuredmedia":[{"embeddable":true,"href":"https:\/\/www.em.com.br\/emfoco\/wp-json\/wp\/v2\/media\/156888"}],"wp:attachment":[{"href":"https:\/\/www.em.com.br\/emfoco\/wp-json\/wp\/v2\/media?parent=156854"}],"wp:term":[{"taxonomy":"category","embeddable":true,"href":"https:\/\/www.em.com.br\/emfoco\/wp-json\/wp\/v2\/categories?post=156854"},{"taxonomy":"post_tag","embeddable":true,"href":"https:\/\/www.em.com.br\/emfoco\/wp-json\/wp\/v2\/tags?post=156854"}],"curies":[{"name":"wp","href":"https:\/\/api.w.org\/{rel}","templated":true}]}}