{"id":156853,"date":"2026-01-20T20:25:00","date_gmt":"2026-01-20T23:25:00","guid":{"rendered":"https:\/\/www.em.com.br\/emfoco\/?p=156853"},"modified":"2026-01-19T09:15:35","modified_gmt":"2026-01-19T12:15:35","slug":"trabalhadores-estao-perdendo-uma-bolada-ao-pedir-demissao-sem-entender-como-o-aviso-previo-funciona","status":"publish","type":"post","link":"https:\/\/www.em.com.br\/emfoco\/2026\/01\/20\/trabalhadores-estao-perdendo-uma-bolada-ao-pedir-demissao-sem-entender-como-o-aviso-previo-funciona\/","title":{"rendered":"Trabalhadores est\u00e3o perdendo uma bolada ao pedir demiss\u00e3o sem entender como o aviso pr\u00e9vio funciona"},"content":{"rendered":"\n<h2 class=\"wp-block-heading\">Pedir demiss\u00e3o sem cumprir aviso pr\u00e9vio gera desconto de um sal\u00e1rio inteiro, reduzindo a rescis\u00e3o. Cumprir ou negociar o aviso evita perdas, soma f\u00e9rias e 13\u00ba proporcionais e pode multiplicar o valor recebido.<\/h2>\n\n\n\n<p>Pedir demiss\u00e3o sem planejamento pode gerar perdas financeiras expressivas. O <strong>aviso pr\u00e9vio<\/strong>, previsto na CLT, \u00e9 decisivo no valor final da rescis\u00e3o. Dependendo da estrat\u00e9gia adotada, a diferen\u00e7a entre sair imediatamente ou cumprir regras simples pode multiplicar o dinheiro recebido.<\/p>\n\n\n\n<h2 class=\"wp-block-heading\">Por que pedir demiss\u00e3o sem aviso reduz tanto o valor da rescis\u00e3o?<\/h2>\n\n\n\n<p>Ao pedir demiss\u00e3o e sair de forma imediata, o trabalhador autoriza a empresa a aplicar o <strong>desconto do aviso pr\u00e9vio<\/strong>, correspondente a um sal\u00e1rio integral, conforme o <strong><a href=\"https:\/\/www.jusbrasil.com.br\/topicos\/10708130\/artigo-487-do-decreto-lei-n-5452-de-01-de-maio-de-1943\" target=\"_blank\" rel=\"noreferrer noopener\">Artigo 487 da CLT<\/a><\/strong>, reduzindo drasticamente o valor l\u00edquido a receber.<\/p>\n\n\n\n<p>Esse desconto impacta direitos j\u00e1 acumulados, como f\u00e9rias e d\u00e9cimo terceiro proporcionais, criando a falsa impress\u00e3o de que \u201cn\u00e3o h\u00e1 quase nada a receber\u201d, quando, na pr\u00e1tica, o preju\u00edzo vem da sa\u00edda sem planejamento.<\/p>\n\n\n\n<figure class=\"wp-block-image size-large\"><img loading=\"lazy\" decoding=\"async\" width=\"1024\" height=\"576\" src=\"https:\/\/www.em.com.br\/emfoco\/wp-content\/uploads\/2026\/01\/AIAI-16-8-1024x576.jpg\" alt=\"Trabalhadores est\u00e3o perdendo uma bolada ao pedir demiss\u00e3o sem entender como o aviso pr\u00e9vio funciona\" class=\"wp-image-156885\" srcset=\"https:\/\/www.em.com.br\/emfoco\/wp-content\/uploads\/2026\/01\/AIAI-16-8-1024x576.jpg 1024w, https:\/\/www.em.com.br\/emfoco\/wp-content\/uploads\/2026\/01\/AIAI-16-8-300x169.jpg 300w, https:\/\/www.em.com.br\/emfoco\/wp-content\/uploads\/2026\/01\/AIAI-16-8-768x432.jpg 768w, https:\/\/www.em.com.br\/emfoco\/wp-content\/uploads\/2026\/01\/AIAI-16-8-750x422.jpg 750w, https:\/\/www.em.com.br\/emfoco\/wp-content\/uploads\/2026\/01\/AIAI-16-8-1140x641.jpg 1140w, https:\/\/www.em.com.br\/emfoco\/wp-content\/uploads\/2026\/01\/AIAI-16-8.jpg 1280w\" sizes=\"auto, (max-width: 1024px) 100vw, 1024px\" \/><figcaption class=\"wp-element-caption\">Sa\u00edda imediata autoriza desconto integral do aviso e reduz verbas acumuladas<\/figcaption><\/figure>\n\n\n\n<h2 class=\"wp-block-heading\">Quais regras do aviso pr\u00e9vio evitam o desconto salarial?<\/h2>\n\n\n\n<p>O aviso pr\u00e9vio funciona como uma prote\u00e7\u00e3o financeira quando bem utilizado. Cumpri-lo ou negoci\u00e1-lo corretamente impede perdas e ainda melhora o c\u00e1lculo das verbas rescis\u00f3rias. Para n\u00e3o perder dinheiro, \u00e9 essencial observar as regras pr\u00e1ticas a seguir.<\/p>\n\n\n\n<ul class=\"wp-block-list\">\n<li><strong>Cumprimento do aviso<\/strong>: trabalhar os 30 dias evita o desconto de um sal\u00e1rio inteiro.<\/li>\n\n\n\n<li><strong>Dispensa negociada<\/strong>: libera\u00e7\u00e3o formal da empresa permite sair sem trabalhar e sem desconto.<\/li>\n\n\n\n<li><strong>Contagem de tempo<\/strong>: o m\u00eas do aviso integra f\u00e9rias e d\u00e9cimo terceiro proporcionais.<\/li>\n<\/ul>\n\n\n\n<h2 class=\"wp-block-heading\">Como a escolha da data da demiss\u00e3o muda os valores finais?<\/h2>\n\n\n\n<p>A legisla\u00e7\u00e3o considera m\u00eas trabalhado quando h\u00e1 pelo menos <strong>15 dias de servi\u00e7o<\/strong>. Pedir demiss\u00e3o ap\u00f3s esse limite garante o acr\u00e9scimo de 1\/12 de f\u00e9rias e de d\u00e9cimo terceiro no c\u00e1lculo da rescis\u00e3o.<\/p>\n\n\n\n<p>Essa regra simples pode representar centenas ou at\u00e9 milhares de reais a mais, especialmente para quem possui sal\u00e1rio m\u00e9dio ou alto, tornando o momento do pedido t\u00e3o importante quanto o aviso em si.<\/p>\n\n\n\n<figure class=\"wp-block-image size-large\"><img loading=\"lazy\" decoding=\"async\" width=\"1024\" height=\"576\" src=\"https:\/\/www.em.com.br\/emfoco\/wp-content\/uploads\/2026\/01\/AIAI-17-4-1024x576.jpg\" alt=\"Trabalhadores est\u00e3o perdendo uma bolada ao pedir demiss\u00e3o sem entender como o aviso pr\u00e9vio funciona\" class=\"wp-image-156886\" srcset=\"https:\/\/www.em.com.br\/emfoco\/wp-content\/uploads\/2026\/01\/AIAI-17-4-1024x576.jpg 1024w, https:\/\/www.em.com.br\/emfoco\/wp-content\/uploads\/2026\/01\/AIAI-17-4-300x169.jpg 300w, https:\/\/www.em.com.br\/emfoco\/wp-content\/uploads\/2026\/01\/AIAI-17-4-768x432.jpg 768w, https:\/\/www.em.com.br\/emfoco\/wp-content\/uploads\/2026\/01\/AIAI-17-4-750x422.jpg 750w, https:\/\/www.em.com.br\/emfoco\/wp-content\/uploads\/2026\/01\/AIAI-17-4-1140x641.jpg 1140w, https:\/\/www.em.com.br\/emfoco\/wp-content\/uploads\/2026\/01\/AIAI-17-4.jpg 1280w\" sizes=\"auto, (max-width: 1024px) 100vw, 1024px\" \/><figcaption class=\"wp-element-caption\">Escolha da data influencia f\u00e9rias e d\u00e9cimo terceiro proporcionais recebidos<\/figcaption><\/figure>\n\n\n\n<p><em>Leia mais: <em><strong><a href=\"https:\/\/www.em.com.br\/emfoco\/2026\/01\/19\/nova-regra-pode-suspender-a-cnh-por-excesso-de-velocidade-em-obras-mesmo-sem-radar-ou-acidente-no-local\/\" target=\"_blank\" rel=\"noreferrer noopener\">Nova regra pode suspender a CNH por excesso de velocidade em obras mesmo sem radar ou acidente no local<\/a><\/strong><\/em><\/em><\/p>\n\n\n\n<h2 class=\"wp-block-heading\">Quanto o aviso pr\u00e9vio pode mudar na pr\u00e1tica o valor recebido?<\/h2>\n\n\n\n<p>Na simula\u00e7\u00e3o de um trabalhador com sal\u00e1rio de R$ 3.000 e seis meses de empresa, cumprir o aviso evita o desconto salarial e adiciona parcelas proporcionais, criando uma diferen\u00e7a financeira expressiva no valor final da rescis\u00e3o, como demonstram os pontos a seguir.<\/p>\n\n\n\n<ul class=\"wp-block-list\">\n<li><strong>Sem aviso<\/strong>: desconto de um sal\u00e1rio reduz a rescis\u00e3o para valores m\u00ednimos.<\/li>\n\n\n\n<li><strong>Com aviso<\/strong>: sal\u00e1rio do m\u00eas somado a f\u00e9rias e d\u00e9cimo terceiro proporcionais.<\/li>\n\n\n\n<li><strong>Diferen\u00e7a real<\/strong>: varia\u00e7\u00e3o pode superar 400% no valor l\u00edquido recebido.<\/li>\n<\/ul>\n\n\n\n<h2 class=\"wp-block-heading\">Quais direitos o trabalhador nunca perde ao pedir demiss\u00e3o?<\/h2>\n\n\n\n<p>Mesmo em pedidos de demiss\u00e3o imediatos, existem verbas que s\u00e3o garantidas por lei e devem ser pagas em at\u00e9 dez dias, independentemente de conflitos ou do cumprimento do aviso.<\/p>\n\n\n\n<p>Entre esses direitos est\u00e3o o <strong>saldo de sal\u00e1rio<\/strong>, f\u00e9rias vencidas, f\u00e9rias proporcionais e d\u00e9cimo terceiro proporcional. Planejar a sa\u00edda garante que esses valores sejam maximizados, protegendo o trabalhador financeiramente na transi\u00e7\u00e3o.<\/p>\n","protected":false},"excerpt":{"rendered":"<p>Pedir demiss\u00e3o sem cumprir aviso pr\u00e9vio gera desconto de um sal\u00e1rio inteiro, reduzindo a rescis\u00e3o. Cumprir ou negociar o aviso evita perdas, soma f\u00e9rias e 13\u00ba proporcionais e pode multiplicar o valor recebido. Pedir demiss\u00e3o sem planejamento pode gerar perdas financeiras expressivas. O aviso pr\u00e9vio, previsto na CLT, \u00e9 decisivo no valor final da rescis\u00e3o. [&hellip;]<\/p>\n","protected":false},"author":13,"featured_media":156884,"comment_status":"open","ping_status":"open","sticky":false,"template":"","format":"standard","meta":{"jnews-multi-image_gallery":[],"jnews_single_post":{"format":"standard"},"jnews_primary_category":[],"jnews_social_meta":[],"jnews_override_counter":[],"footnotes":""},"categories":[28],"tags":[9987,2287,7230],"class_list":["post-156853","post","type-post","status-publish","format-standard","has-post-thumbnail","hentry","category-economia","tag-aviso-previo","tag-demissao","tag-rescisao"],"yoast_head":"<!-- This site is optimized with the Yoast SEO plugin v23.8 - https:\/\/yoast.com\/wordpress\/plugins\/seo\/ -->\n<title>Trabalhadores est\u00e3o perdendo uma bolada ao pedir demiss\u00e3o sem entender como o aviso pr\u00e9vio funciona - Estado de Minas - Em foco<\/title>\n<meta name=\"description\" content=\"Pedir demiss\u00e3o sem aviso pode tirar at\u00e9 um sal\u00e1rio do seu bolso. Entenda a regra da CLT que faz tanta diferen\u00e7a na rescis\u00e3o final.\" \/>\n<meta name=\"robots\" content=\"index, follow, max-snippet:-1, max-image-preview:large, max-video-preview:-1\" \/>\n<link rel=\"canonical\" href=\"https:\/\/www.em.com.br\/emfoco\/2026\/01\/20\/trabalhadores-estao-perdendo-uma-bolada-ao-pedir-demissao-sem-entender-como-o-aviso-previo-funciona\/\" \/>\n<meta property=\"og:locale\" content=\"pt_BR\" \/>\n<meta property=\"og:type\" content=\"article\" \/>\n<meta property=\"og:title\" content=\"Trabalhadores est\u00e3o perdendo uma bolada ao pedir demiss\u00e3o sem entender como o aviso pr\u00e9vio funciona - Estado de Minas - Em foco\" \/>\n<meta property=\"og:description\" content=\"Pedir demiss\u00e3o sem aviso pode tirar at\u00e9 um sal\u00e1rio do seu bolso. Entenda a regra da CLT que faz tanta diferen\u00e7a na rescis\u00e3o final.\" \/>\n<meta property=\"og:url\" content=\"https:\/\/www.em.com.br\/emfoco\/2026\/01\/20\/trabalhadores-estao-perdendo-uma-bolada-ao-pedir-demissao-sem-entender-como-o-aviso-previo-funciona\/\" \/>\n<meta property=\"og:site_name\" content=\"Estado de Minas - Em foco\" \/>\n<meta property=\"article:published_time\" content=\"2026-01-20T23:25:00+00:00\" \/>\n<meta property=\"article:modified_time\" content=\"2026-01-19T12:15:35+00:00\" \/>\n<meta property=\"og:image\" content=\"https:\/\/www.em.com.br\/emfoco\/wp-content\/uploads\/2026\/01\/AIAI-15-9.jpg\" \/>\n\t<meta property=\"og:image:width\" content=\"1280\" \/>\n\t<meta property=\"og:image:height\" content=\"720\" \/>\n\t<meta property=\"og:image:type\" content=\"image\/jpeg\" \/>\n<meta name=\"author\" content=\"Gabriel Martins\" \/>\n<meta name=\"twitter:card\" content=\"summary_large_image\" \/>\n<meta name=\"twitter:label1\" content=\"Escrito por\" \/>\n\t<meta name=\"twitter:data1\" content=\"Gabriel Martins\" \/>\n\t<meta name=\"twitter:label2\" content=\"Est. tempo de leitura\" \/>\n\t<meta name=\"twitter:data2\" content=\"4 minutos\" \/>\n<!-- \/ Yoast SEO plugin. -->","yoast_head_json":{"title":"Trabalhadores est\u00e3o perdendo uma bolada ao pedir demiss\u00e3o sem entender como o aviso pr\u00e9vio funciona - Estado de Minas - Em foco","description":"Pedir demiss\u00e3o sem aviso pode tirar at\u00e9 um sal\u00e1rio do seu bolso. Entenda a regra da CLT que faz tanta diferen\u00e7a na rescis\u00e3o final.","robots":{"index":"index","follow":"follow","max-snippet":"max-snippet:-1","max-image-preview":"max-image-preview:large","max-video-preview":"max-video-preview:-1"},"canonical":"https:\/\/www.em.com.br\/emfoco\/2026\/01\/20\/trabalhadores-estao-perdendo-uma-bolada-ao-pedir-demissao-sem-entender-como-o-aviso-previo-funciona\/","og_locale":"pt_BR","og_type":"article","og_title":"Trabalhadores est\u00e3o perdendo uma bolada ao pedir demiss\u00e3o sem entender como o aviso pr\u00e9vio funciona - Estado de Minas - Em foco","og_description":"Pedir demiss\u00e3o sem aviso pode tirar at\u00e9 um sal\u00e1rio do seu bolso. Entenda a regra da CLT que faz tanta diferen\u00e7a na rescis\u00e3o final.","og_url":"https:\/\/www.em.com.br\/emfoco\/2026\/01\/20\/trabalhadores-estao-perdendo-uma-bolada-ao-pedir-demissao-sem-entender-como-o-aviso-previo-funciona\/","og_site_name":"Estado de Minas - Em foco","article_published_time":"2026-01-20T23:25:00+00:00","article_modified_time":"2026-01-19T12:15:35+00:00","og_image":[{"width":1280,"height":720,"url":"https:\/\/www.em.com.br\/emfoco\/wp-content\/uploads\/2026\/01\/AIAI-15-9.jpg","type":"image\/jpeg"}],"author":"Gabriel Martins","twitter_card":"summary_large_image","twitter_misc":{"Escrito por":"Gabriel Martins","Est. tempo de leitura":"4 minutos"},"schema":{"@context":"https:\/\/schema.org","@graph":[{"@type":"WebPage","@id":"https:\/\/www.em.com.br\/emfoco\/2026\/01\/20\/trabalhadores-estao-perdendo-uma-bolada-ao-pedir-demissao-sem-entender-como-o-aviso-previo-funciona\/","url":"https:\/\/www.em.com.br\/emfoco\/2026\/01\/20\/trabalhadores-estao-perdendo-uma-bolada-ao-pedir-demissao-sem-entender-como-o-aviso-previo-funciona\/","name":"Trabalhadores est\u00e3o perdendo uma bolada ao pedir demiss\u00e3o sem entender como o aviso pr\u00e9vio funciona - Estado de Minas - Em foco","isPartOf":{"@id":"https:\/\/www.em.com.br\/emfoco\/#website"},"primaryImageOfPage":{"@id":"https:\/\/www.em.com.br\/emfoco\/2026\/01\/20\/trabalhadores-estao-perdendo-uma-bolada-ao-pedir-demissao-sem-entender-como-o-aviso-previo-funciona\/#primaryimage"},"image":{"@id":"https:\/\/www.em.com.br\/emfoco\/2026\/01\/20\/trabalhadores-estao-perdendo-uma-bolada-ao-pedir-demissao-sem-entender-como-o-aviso-previo-funciona\/#primaryimage"},"thumbnailUrl":"https:\/\/www.em.com.br\/emfoco\/wp-content\/uploads\/2026\/01\/AIAI-15-9.jpg","datePublished":"2026-01-20T23:25:00+00:00","dateModified":"2026-01-19T12:15:35+00:00","author":{"@id":"https:\/\/www.em.com.br\/emfoco\/#\/schema\/person\/1c9ddeab18b98abeffef834667bcf08a"},"description":"Pedir demiss\u00e3o sem aviso pode tirar at\u00e9 um sal\u00e1rio do seu bolso. Entenda a regra da CLT que faz tanta diferen\u00e7a na rescis\u00e3o final.","breadcrumb":{"@id":"https:\/\/www.em.com.br\/emfoco\/2026\/01\/20\/trabalhadores-estao-perdendo-uma-bolada-ao-pedir-demissao-sem-entender-como-o-aviso-previo-funciona\/#breadcrumb"},"inLanguage":"pt-BR","potentialAction":[{"@type":"ReadAction","target":["https:\/\/www.em.com.br\/emfoco\/2026\/01\/20\/trabalhadores-estao-perdendo-uma-bolada-ao-pedir-demissao-sem-entender-como-o-aviso-previo-funciona\/"]}]},{"@type":"ImageObject","inLanguage":"pt-BR","@id":"https:\/\/www.em.com.br\/emfoco\/2026\/01\/20\/trabalhadores-estao-perdendo-uma-bolada-ao-pedir-demissao-sem-entender-como-o-aviso-previo-funciona\/#primaryimage","url":"https:\/\/www.em.com.br\/emfoco\/wp-content\/uploads\/2026\/01\/AIAI-15-9.jpg","contentUrl":"https:\/\/www.em.com.br\/emfoco\/wp-content\/uploads\/2026\/01\/AIAI-15-9.jpg","width":1280,"height":720,"caption":"Planejamento na demiss\u00e3o evita perdas financeiras e aumenta valor final da rescis\u00e3o"},{"@type":"BreadcrumbList","@id":"https:\/\/www.em.com.br\/emfoco\/2026\/01\/20\/trabalhadores-estao-perdendo-uma-bolada-ao-pedir-demissao-sem-entender-como-o-aviso-previo-funciona\/#breadcrumb","itemListElement":[{"@type":"ListItem","position":1,"name":"In\u00edcio","item":"https:\/\/www.em.com.br\/emfoco\/"},{"@type":"ListItem","position":2,"name":"Trabalhadores est\u00e3o perdendo uma bolada ao pedir demiss\u00e3o sem entender como o aviso pr\u00e9vio funciona"}]},{"@type":"WebSite","@id":"https:\/\/www.em.com.br\/emfoco\/#website","url":"https:\/\/www.em.com.br\/emfoco\/","name":"Estado de Minas - Em foco","description":"Acompanhe as \u00faltimas not\u00edcias e fique bem informado sobre tudo o que acontece em Minas Gerais, Brasil e no mundo.","potentialAction":[{"@type":"SearchAction","target":{"@type":"EntryPoint","urlTemplate":"https:\/\/www.em.com.br\/emfoco\/?s={search_term_string}"},"query-input":{"@type":"PropertyValueSpecification","valueRequired":true,"valueName":"search_term_string"}}],"inLanguage":"pt-BR"},{"@type":"Person","@id":"https:\/\/www.em.com.br\/emfoco\/#\/schema\/person\/1c9ddeab18b98abeffef834667bcf08a","name":"Gabriel Martins","image":{"@type":"ImageObject","inLanguage":"pt-BR","@id":"https:\/\/www.em.com.br\/emfoco\/#\/schema\/person\/image\/","url":"https:\/\/secure.gravatar.com\/avatar\/f0f1e2efdfd88f1ad2cb08c5c2731e50?s=96&d=mm&r=g","contentUrl":"https:\/\/secure.gravatar.com\/avatar\/f0f1e2efdfd88f1ad2cb08c5c2731e50?s=96&d=mm&r=g","caption":"Gabriel Martins"},"sameAs":["https:\/\/www.em.com.br\/emfoco\/"],"url":"https:\/\/www.em.com.br\/emfoco\/author\/gabrielmartinsmyth\/"}]}},"_links":{"self":[{"href":"https:\/\/www.em.com.br\/emfoco\/wp-json\/wp\/v2\/posts\/156853","targetHints":{"allow":["GET"]}}],"collection":[{"href":"https:\/\/www.em.com.br\/emfoco\/wp-json\/wp\/v2\/posts"}],"about":[{"href":"https:\/\/www.em.com.br\/emfoco\/wp-json\/wp\/v2\/types\/post"}],"author":[{"embeddable":true,"href":"https:\/\/www.em.com.br\/emfoco\/wp-json\/wp\/v2\/users\/13"}],"replies":[{"embeddable":true,"href":"https:\/\/www.em.com.br\/emfoco\/wp-json\/wp\/v2\/comments?post=156853"}],"version-history":[{"count":1,"href":"https:\/\/www.em.com.br\/emfoco\/wp-json\/wp\/v2\/posts\/156853\/revisions"}],"predecessor-version":[{"id":156887,"href":"https:\/\/www.em.com.br\/emfoco\/wp-json\/wp\/v2\/posts\/156853\/revisions\/156887"}],"wp:featuredmedia":[{"embeddable":true,"href":"https:\/\/www.em.com.br\/emfoco\/wp-json\/wp\/v2\/media\/156884"}],"wp:attachment":[{"href":"https:\/\/www.em.com.br\/emfoco\/wp-json\/wp\/v2\/media?parent=156853"}],"wp:term":[{"taxonomy":"category","embeddable":true,"href":"https:\/\/www.em.com.br\/emfoco\/wp-json\/wp\/v2\/categories?post=156853"},{"taxonomy":"post_tag","embeddable":true,"href":"https:\/\/www.em.com.br\/emfoco\/wp-json\/wp\/v2\/tags?post=156853"}],"curies":[{"name":"wp","href":"https:\/\/api.w.org\/{rel}","templated":true}]}}