{"id":156851,"date":"2026-01-20T17:15:00","date_gmt":"2026-01-20T20:15:00","guid":{"rendered":"https:\/\/www.em.com.br\/emfoco\/?p=156851"},"modified":"2026-01-19T09:10:07","modified_gmt":"2026-01-19T12:10:07","slug":"o-rg-deixou-de-valer-e-quem-nao-fizer-a-nova-identidade-pode-enfrentar-problemas-com-bancos-e-servicos-ainda-este-ano","status":"publish","type":"post","link":"https:\/\/www.em.com.br\/emfoco\/2026\/01\/20\/o-rg-deixou-de-valer-e-quem-nao-fizer-a-nova-identidade-pode-enfrentar-problemas-com-bancos-e-servicos-ainda-este-ano\/","title":{"rendered":"O RG deixou de valer e quem n\u00e3o fizer a nova identidade pode enfrentar problemas com bancos e servi\u00e7os ainda este ano"},"content":{"rendered":"\n<h2 class=\"wp-block-heading\">A Carteira de Identidade Nacional substitui o RG, usa o CPF como n\u00famero \u00fanico e integra vers\u00e3o f\u00edsica e digital. Com QR Code e bases unificadas, reduz fraudes, simplifica servi\u00e7os e tem emiss\u00e3o gratuita na primeira via.<\/h2>\n\n\n\n<p>O fim do RG tradicional marca uma virada na <strong>identidade civil brasileira<\/strong>. A Carteira de Identidade Nacional unifica dados, adota o CPF como n\u00famero \u00fanico e integra vers\u00e3o f\u00edsica e digital, reduzindo fraudes e simplificando a vida do cidad\u00e3o em servi\u00e7os p\u00fablicos e privados.<\/p>\n\n\n\n<h2 class=\"wp-block-heading\">O que muda com o fim do RG e a chegada da CIN?<\/h2>\n\n\n\n<p>A principal mudan\u00e7a \u00e9 o uso exclusivo do <strong>CPF como n\u00famero de identifica\u00e7\u00e3o<\/strong>, eliminando registros estaduais diferentes para a mesma pessoa. Isso corrige falhas hist\u00f3ricas que permitiam inconsist\u00eancias cadastrais e uso indevido de documentos.<\/p>\n\n\n\n<p>A CIN tamb\u00e9m incorpora recursos tecnol\u00f3gicos avan\u00e7ados, alinhando o Brasil a padr\u00f5es internacionais e tornando o documento mais seguro, verific\u00e1vel e aceito em diferentes contextos administrativos e de fiscaliza\u00e7\u00e3o.<\/p>\n\n\n\n<figure class=\"wp-block-image size-large\"><img loading=\"lazy\" decoding=\"async\" width=\"1024\" height=\"576\" src=\"https:\/\/www.em.com.br\/emfoco\/wp-content\/uploads\/2026\/01\/AIAI-10-21-1024x576.jpg\" alt=\"O RG deixou de valer e quem n\u00e3o fizer a nova identidade pode enfrentar problemas com bancos e servi\u00e7os ainda este ano\" class=\"wp-image-156874\" srcset=\"https:\/\/www.em.com.br\/emfoco\/wp-content\/uploads\/2026\/01\/AIAI-10-21-1024x576.jpg 1024w, https:\/\/www.em.com.br\/emfoco\/wp-content\/uploads\/2026\/01\/AIAI-10-21-300x169.jpg 300w, https:\/\/www.em.com.br\/emfoco\/wp-content\/uploads\/2026\/01\/AIAI-10-21-768x432.jpg 768w, https:\/\/www.em.com.br\/emfoco\/wp-content\/uploads\/2026\/01\/AIAI-10-21-750x422.jpg 750w, https:\/\/www.em.com.br\/emfoco\/wp-content\/uploads\/2026\/01\/AIAI-10-21-1140x641.jpg 1140w, https:\/\/www.em.com.br\/emfoco\/wp-content\/uploads\/2026\/01\/AIAI-10-21.jpg 1280w\" sizes=\"auto, (max-width: 1024px) 100vw, 1024px\" \/><figcaption class=\"wp-element-caption\">CPF \u00fanico elimina duplicidades e corrige falhas hist\u00f3ricas do RG<\/figcaption><\/figure>\n\n\n\n<h2 class=\"wp-block-heading\">Quais tecnologias tornam a nova identidade mais segura?<\/h2>\n\n\n\n<p>A CIN re\u00fane elementos f\u00edsicos e digitais que aumentam a confiabilidade do documento e dificultam falsifica\u00e7\u00f5es, permitindo valida\u00e7\u00e3o r\u00e1pida por autoridades e sistemas p\u00fablicos. Entre os principais recursos implementados, est\u00e3o os seguintes.<\/p>\n\n\n\n<ul class=\"wp-block-list\">\n<li><strong>CPF \u00fanico<\/strong>: impede m\u00faltiplas identidades e centraliza o hist\u00f3rico do cidad\u00e3o.<\/li>\n\n\n\n<li><strong>QR Code (VIO)<\/strong>: permite checagem instant\u00e2nea da autenticidade, inclusive offline.<\/li>\n\n\n\n<li><strong>C\u00f3digo MRZ<\/strong>: facilita identifica\u00e7\u00e3o e uso em viagens regionais.<\/li>\n<\/ul>\n\n\n\n<h2 class=\"wp-block-heading\">Qual \u00e9 a validade da CIN e at\u00e9 quando o RG antigo vale?<\/h2>\n\n\n\n<p>O RG antigo segue v\u00e1lido durante o per\u00edodo de transi\u00e7\u00e3o, mas a recomenda\u00e7\u00e3o \u00e9 migrar para a CIN o quanto antes, principalmente se o documento atual estiver desgastado ou com foto antiga.<\/p>\n\n\n\n<p>A validade da nova identidade varia conforme a idade do cidad\u00e3o, sendo limitada para crian\u00e7as e jovens, mais longa para adultos e <strong>indeterminada para pessoas com 60 anos ou mais<\/strong>, reduzindo a necessidade de renova\u00e7\u00f5es.<\/p>\n\n\n\n<figure class=\"wp-block-image size-large\"><img loading=\"lazy\" decoding=\"async\" width=\"1024\" height=\"576\" src=\"https:\/\/www.em.com.br\/emfoco\/wp-content\/uploads\/2026\/01\/AIAI-12-13-1024x576.jpg\" alt=\"O RG deixou de valer e quem n\u00e3o fizer a nova identidade pode enfrentar problemas com bancos e servi\u00e7os ainda este ano\" class=\"wp-image-156876\" srcset=\"https:\/\/www.em.com.br\/emfoco\/wp-content\/uploads\/2026\/01\/AIAI-12-13-1024x576.jpg 1024w, https:\/\/www.em.com.br\/emfoco\/wp-content\/uploads\/2026\/01\/AIAI-12-13-300x169.jpg 300w, https:\/\/www.em.com.br\/emfoco\/wp-content\/uploads\/2026\/01\/AIAI-12-13-768x432.jpg 768w, https:\/\/www.em.com.br\/emfoco\/wp-content\/uploads\/2026\/01\/AIAI-12-13-750x422.jpg 750w, https:\/\/www.em.com.br\/emfoco\/wp-content\/uploads\/2026\/01\/AIAI-12-13-1140x641.jpg 1140w, https:\/\/www.em.com.br\/emfoco\/wp-content\/uploads\/2026\/01\/AIAI-12-13.jpg 1280w\" sizes=\"auto, (max-width: 1024px) 100vw, 1024px\" \/><figcaption class=\"wp-element-caption\">Validade varia por idade e substitui\u00e7\u00e3o do RG ocorre gradualmente<\/figcaption><\/figure>\n\n\n\n<p><em>Leia mais: <em><strong><a href=\"https:\/\/www.em.com.br\/emfoco\/2026\/01\/19\/nova-regra-pode-suspender-a-cnh-por-excesso-de-velocidade-em-obras-mesmo-sem-radar-ou-acidente-no-local\/\" target=\"_blank\" rel=\"noreferrer noopener\">Nova regra pode suspender a CNH por excesso de velocidade em obras mesmo sem radar ou acidente no local<\/a><\/strong><\/em><\/em><\/p>\n\n\n\n<h2 class=\"wp-block-heading\">Como emitir a Carteira de Identidade Nacional gratuitamente?<\/h2>\n\n\n\n<p>A legisla\u00e7\u00e3o garante a gratuidade da <strong><a href=\"https:\/\/www.gov.br\/governodigital\/pt-br\/noticias\/agendamento-e-emissao-da-1a-via-da-cin-sao-gratuitos-em-todo-o-brasil\" target=\"_blank\" rel=\"noreferrer noopener\">primeira via da CIN<\/a><\/strong>, tanto na vers\u00e3o f\u00edsica quanto digital, desde que o cidad\u00e3o cumpra os requisitos b\u00e1sicos exigidos pelos \u00f3rg\u00e3os de identifica\u00e7\u00e3o. Para isso, observe os passos pr\u00e1ticos a seguir.<\/p>\n\n\n\n<ul class=\"wp-block-list\">\n<li><strong>Regularizar o CPF<\/strong>: \u00e9 obrigat\u00f3rio estar sem pend\u00eancias na Receita Federal.<\/li>\n\n\n\n<li><strong>Agendar atendimento<\/strong>: procurar o \u00f3rg\u00e3o estadual respons\u00e1vel pela identidade.<\/li>\n\n\n\n<li><strong>Levar certid\u00e3o v\u00e1lida<\/strong>: nascimento ou casamento, f\u00edsica ou digital.<\/li>\n<\/ul>\n\n\n\n<h2 class=\"wp-block-heading\">Por que a CIN \u00e9 decisiva no combate a fraudes?<\/h2>\n\n\n\n<p>Antes da unifica\u00e7\u00e3o, uma mesma pessoa podia emitir at\u00e9 27 RGs diferentes, o que facilitava golpes e crimes de falsidade ideol\u00f3gica. Com a <strong>base nacional integrada<\/strong>, essa pr\u00e1tica deixa de existir.<\/p>\n\n\n\n<p>Qualquer perda, cancelamento ou irregularidade passa a ser replicada em todo o sistema p\u00fablico, protegendo dados pessoais e fortalecendo a seguran\u00e7a jur\u00eddica, al\u00e9m de reduzir burocracia em servi\u00e7os banc\u00e1rios, sociais e governamentais.<\/p>\n","protected":false},"excerpt":{"rendered":"<p>A Carteira de Identidade Nacional substitui o RG, usa o CPF como n\u00famero \u00fanico e integra vers\u00e3o f\u00edsica e digital. Com QR Code e bases unificadas, reduz fraudes, simplifica servi\u00e7os e tem emiss\u00e3o gratuita na primeira via. O fim do RG tradicional marca uma virada na identidade civil brasileira. A Carteira de Identidade Nacional unifica [&hellip;]<\/p>\n","protected":false},"author":13,"featured_media":156875,"comment_status":"open","ping_status":"open","sticky":false,"template":"","format":"standard","meta":{"jnews-multi-image_gallery":[],"jnews_single_post":{"format":"standard"},"jnews_primary_category":[],"jnews_social_meta":[],"jnews_override_counter":[],"footnotes":""},"categories":[28],"tags":[848,22909,22908],"class_list":["post-156851","post","type-post","status-publish","format-standard","has-post-thumbnail","hentry","category-economia","tag-cpf","tag-documento-oficial","tag-nova-identidade"],"yoast_head":"<!-- This site is optimized with the Yoast SEO plugin v23.8 - https:\/\/yoast.com\/wordpress\/plugins\/seo\/ -->\n<title>O RG deixou de valer e quem n\u00e3o fizer a nova identidade pode enfrentar problemas com bancos e servi\u00e7os ainda este ano - Estado de Minas - Em foco<\/title>\n<meta name=\"description\" content=\"A nova identidade nacional j\u00e1 \u00e9 obrigat\u00f3ria em alguns casos. RG antigo ser\u00e1 rejeitado em servi\u00e7os e prazos est\u00e3o em contagem regressiva.\" \/>\n<meta name=\"robots\" content=\"index, follow, max-snippet:-1, max-image-preview:large, max-video-preview:-1\" \/>\n<link rel=\"canonical\" href=\"https:\/\/www.em.com.br\/emfoco\/2026\/01\/20\/o-rg-deixou-de-valer-e-quem-nao-fizer-a-nova-identidade-pode-enfrentar-problemas-com-bancos-e-servicos-ainda-este-ano\/\" \/>\n<meta property=\"og:locale\" content=\"pt_BR\" \/>\n<meta property=\"og:type\" content=\"article\" \/>\n<meta property=\"og:title\" content=\"O RG deixou de valer e quem n\u00e3o fizer a nova identidade pode enfrentar problemas com bancos e servi\u00e7os ainda este ano - Estado de Minas - Em foco\" \/>\n<meta property=\"og:description\" content=\"A nova identidade nacional j\u00e1 \u00e9 obrigat\u00f3ria em alguns casos. RG antigo ser\u00e1 rejeitado em servi\u00e7os e prazos est\u00e3o em contagem regressiva.\" \/>\n<meta property=\"og:url\" content=\"https:\/\/www.em.com.br\/emfoco\/2026\/01\/20\/o-rg-deixou-de-valer-e-quem-nao-fizer-a-nova-identidade-pode-enfrentar-problemas-com-bancos-e-servicos-ainda-este-ano\/\" \/>\n<meta property=\"og:site_name\" content=\"Estado de Minas - Em foco\" \/>\n<meta property=\"article:published_time\" content=\"2026-01-20T20:15:00+00:00\" \/>\n<meta property=\"article:modified_time\" content=\"2026-01-19T12:10:07+00:00\" \/>\n<meta property=\"og:image\" content=\"https:\/\/www.em.com.br\/emfoco\/wp-content\/uploads\/2026\/01\/AIAI-11-18.jpg\" \/>\n\t<meta property=\"og:image:width\" content=\"1280\" \/>\n\t<meta property=\"og:image:height\" content=\"720\" \/>\n\t<meta property=\"og:image:type\" content=\"image\/jpeg\" \/>\n<meta name=\"author\" content=\"Gabriel Martins\" \/>\n<meta name=\"twitter:card\" content=\"summary_large_image\" \/>\n<meta name=\"twitter:label1\" content=\"Escrito por\" \/>\n\t<meta name=\"twitter:data1\" content=\"Gabriel Martins\" \/>\n\t<meta name=\"twitter:label2\" content=\"Est. tempo de leitura\" \/>\n\t<meta name=\"twitter:data2\" content=\"4 minutos\" \/>\n<!-- \/ Yoast SEO plugin. -->","yoast_head_json":{"title":"O RG deixou de valer e quem n\u00e3o fizer a nova identidade pode enfrentar problemas com bancos e servi\u00e7os ainda este ano - Estado de Minas - Em foco","description":"A nova identidade nacional j\u00e1 \u00e9 obrigat\u00f3ria em alguns casos. RG antigo ser\u00e1 rejeitado em servi\u00e7os e prazos est\u00e3o em contagem regressiva.","robots":{"index":"index","follow":"follow","max-snippet":"max-snippet:-1","max-image-preview":"max-image-preview:large","max-video-preview":"max-video-preview:-1"},"canonical":"https:\/\/www.em.com.br\/emfoco\/2026\/01\/20\/o-rg-deixou-de-valer-e-quem-nao-fizer-a-nova-identidade-pode-enfrentar-problemas-com-bancos-e-servicos-ainda-este-ano\/","og_locale":"pt_BR","og_type":"article","og_title":"O RG deixou de valer e quem n\u00e3o fizer a nova identidade pode enfrentar problemas com bancos e servi\u00e7os ainda este ano - Estado de Minas - Em foco","og_description":"A nova identidade nacional j\u00e1 \u00e9 obrigat\u00f3ria em alguns casos. RG antigo ser\u00e1 rejeitado em servi\u00e7os e prazos est\u00e3o em contagem regressiva.","og_url":"https:\/\/www.em.com.br\/emfoco\/2026\/01\/20\/o-rg-deixou-de-valer-e-quem-nao-fizer-a-nova-identidade-pode-enfrentar-problemas-com-bancos-e-servicos-ainda-este-ano\/","og_site_name":"Estado de Minas - Em foco","article_published_time":"2026-01-20T20:15:00+00:00","article_modified_time":"2026-01-19T12:10:07+00:00","og_image":[{"width":1280,"height":720,"url":"https:\/\/www.em.com.br\/emfoco\/wp-content\/uploads\/2026\/01\/AIAI-11-18.jpg","type":"image\/jpeg"}],"author":"Gabriel Martins","twitter_card":"summary_large_image","twitter_misc":{"Escrito por":"Gabriel Martins","Est. tempo de leitura":"4 minutos"},"schema":{"@context":"https:\/\/schema.org","@graph":[{"@type":"WebPage","@id":"https:\/\/www.em.com.br\/emfoco\/2026\/01\/20\/o-rg-deixou-de-valer-e-quem-nao-fizer-a-nova-identidade-pode-enfrentar-problemas-com-bancos-e-servicos-ainda-este-ano\/","url":"https:\/\/www.em.com.br\/emfoco\/2026\/01\/20\/o-rg-deixou-de-valer-e-quem-nao-fizer-a-nova-identidade-pode-enfrentar-problemas-com-bancos-e-servicos-ainda-este-ano\/","name":"O RG deixou de valer e quem n\u00e3o fizer a nova identidade pode enfrentar problemas com bancos e servi\u00e7os ainda este ano - Estado de Minas - Em foco","isPartOf":{"@id":"https:\/\/www.em.com.br\/emfoco\/#website"},"primaryImageOfPage":{"@id":"https:\/\/www.em.com.br\/emfoco\/2026\/01\/20\/o-rg-deixou-de-valer-e-quem-nao-fizer-a-nova-identidade-pode-enfrentar-problemas-com-bancos-e-servicos-ainda-este-ano\/#primaryimage"},"image":{"@id":"https:\/\/www.em.com.br\/emfoco\/2026\/01\/20\/o-rg-deixou-de-valer-e-quem-nao-fizer-a-nova-identidade-pode-enfrentar-problemas-com-bancos-e-servicos-ainda-este-ano\/#primaryimage"},"thumbnailUrl":"https:\/\/www.em.com.br\/emfoco\/wp-content\/uploads\/2026\/01\/AIAI-11-18.jpg","datePublished":"2026-01-20T20:15:00+00:00","dateModified":"2026-01-19T12:10:07+00:00","author":{"@id":"https:\/\/www.em.com.br\/emfoco\/#\/schema\/person\/1c9ddeab18b98abeffef834667bcf08a"},"description":"A nova identidade nacional j\u00e1 \u00e9 obrigat\u00f3ria em alguns casos. RG antigo ser\u00e1 rejeitado em servi\u00e7os e prazos est\u00e3o em contagem regressiva.","breadcrumb":{"@id":"https:\/\/www.em.com.br\/emfoco\/2026\/01\/20\/o-rg-deixou-de-valer-e-quem-nao-fizer-a-nova-identidade-pode-enfrentar-problemas-com-bancos-e-servicos-ainda-este-ano\/#breadcrumb"},"inLanguage":"pt-BR","potentialAction":[{"@type":"ReadAction","target":["https:\/\/www.em.com.br\/emfoco\/2026\/01\/20\/o-rg-deixou-de-valer-e-quem-nao-fizer-a-nova-identidade-pode-enfrentar-problemas-com-bancos-e-servicos-ainda-este-ano\/"]}]},{"@type":"ImageObject","inLanguage":"pt-BR","@id":"https:\/\/www.em.com.br\/emfoco\/2026\/01\/20\/o-rg-deixou-de-valer-e-quem-nao-fizer-a-nova-identidade-pode-enfrentar-problemas-com-bancos-e-servicos-ainda-este-ano\/#primaryimage","url":"https:\/\/www.em.com.br\/emfoco\/wp-content\/uploads\/2026\/01\/AIAI-11-18.jpg","contentUrl":"https:\/\/www.em.com.br\/emfoco\/wp-content\/uploads\/2026\/01\/AIAI-11-18.jpg","width":1280,"height":720,"caption":"Nova identidade unifica registros, reduz fraudes e simplifica servi\u00e7os p\u00fablicos"},{"@type":"BreadcrumbList","@id":"https:\/\/www.em.com.br\/emfoco\/2026\/01\/20\/o-rg-deixou-de-valer-e-quem-nao-fizer-a-nova-identidade-pode-enfrentar-problemas-com-bancos-e-servicos-ainda-este-ano\/#breadcrumb","itemListElement":[{"@type":"ListItem","position":1,"name":"In\u00edcio","item":"https:\/\/www.em.com.br\/emfoco\/"},{"@type":"ListItem","position":2,"name":"O RG deixou de valer e quem n\u00e3o fizer a nova identidade pode enfrentar problemas com bancos e servi\u00e7os ainda este ano"}]},{"@type":"WebSite","@id":"https:\/\/www.em.com.br\/emfoco\/#website","url":"https:\/\/www.em.com.br\/emfoco\/","name":"Estado de Minas - Em foco","description":"Acompanhe as \u00faltimas not\u00edcias e fique bem informado sobre tudo o que acontece em Minas Gerais, Brasil e no mundo.","potentialAction":[{"@type":"SearchAction","target":{"@type":"EntryPoint","urlTemplate":"https:\/\/www.em.com.br\/emfoco\/?s={search_term_string}"},"query-input":{"@type":"PropertyValueSpecification","valueRequired":true,"valueName":"search_term_string"}}],"inLanguage":"pt-BR"},{"@type":"Person","@id":"https:\/\/www.em.com.br\/emfoco\/#\/schema\/person\/1c9ddeab18b98abeffef834667bcf08a","name":"Gabriel Martins","image":{"@type":"ImageObject","inLanguage":"pt-BR","@id":"https:\/\/www.em.com.br\/emfoco\/#\/schema\/person\/image\/","url":"https:\/\/secure.gravatar.com\/avatar\/f0f1e2efdfd88f1ad2cb08c5c2731e50?s=96&d=mm&r=g","contentUrl":"https:\/\/secure.gravatar.com\/avatar\/f0f1e2efdfd88f1ad2cb08c5c2731e50?s=96&d=mm&r=g","caption":"Gabriel Martins"},"sameAs":["https:\/\/www.em.com.br\/emfoco\/"],"url":"https:\/\/www.em.com.br\/emfoco\/author\/gabrielmartinsmyth\/"}]}},"_links":{"self":[{"href":"https:\/\/www.em.com.br\/emfoco\/wp-json\/wp\/v2\/posts\/156851","targetHints":{"allow":["GET"]}}],"collection":[{"href":"https:\/\/www.em.com.br\/emfoco\/wp-json\/wp\/v2\/posts"}],"about":[{"href":"https:\/\/www.em.com.br\/emfoco\/wp-json\/wp\/v2\/types\/post"}],"author":[{"embeddable":true,"href":"https:\/\/www.em.com.br\/emfoco\/wp-json\/wp\/v2\/users\/13"}],"replies":[{"embeddable":true,"href":"https:\/\/www.em.com.br\/emfoco\/wp-json\/wp\/v2\/comments?post=156851"}],"version-history":[{"count":1,"href":"https:\/\/www.em.com.br\/emfoco\/wp-json\/wp\/v2\/posts\/156851\/revisions"}],"predecessor-version":[{"id":156877,"href":"https:\/\/www.em.com.br\/emfoco\/wp-json\/wp\/v2\/posts\/156851\/revisions\/156877"}],"wp:featuredmedia":[{"embeddable":true,"href":"https:\/\/www.em.com.br\/emfoco\/wp-json\/wp\/v2\/media\/156875"}],"wp:attachment":[{"href":"https:\/\/www.em.com.br\/emfoco\/wp-json\/wp\/v2\/media?parent=156851"}],"wp:term":[{"taxonomy":"category","embeddable":true,"href":"https:\/\/www.em.com.br\/emfoco\/wp-json\/wp\/v2\/categories?post=156851"},{"taxonomy":"post_tag","embeddable":true,"href":"https:\/\/www.em.com.br\/emfoco\/wp-json\/wp\/v2\/tags?post=156851"}],"curies":[{"name":"wp","href":"https:\/\/api.w.org\/{rel}","templated":true}]}}