{"id":156850,"date":"2026-01-20T14:05:00","date_gmt":"2026-01-20T17:05:00","guid":{"rendered":"https:\/\/www.em.com.br\/emfoco\/?p=156850"},"modified":"2026-01-19T09:06:36","modified_gmt":"2026-01-19T12:06:36","slug":"muita-gente-ainda-nao-sabe-mas-o-auxilio-doenca-ficou-mais-vantajoso-que-a-aposentadoria-por-invalidez","status":"publish","type":"post","link":"https:\/\/www.em.com.br\/emfoco\/2026\/01\/20\/muita-gente-ainda-nao-sabe-mas-o-auxilio-doenca-ficou-mais-vantajoso-que-a-aposentadoria-por-invalidez\/","title":{"rendered":"Muita gente ainda n\u00e3o sabe, mas o aux\u00edlio-doen\u00e7a ficou mais vantajoso que a aposentadoria por invalidez"},"content":{"rendered":"\n<h2 class=\"wp-block-heading\">Aux\u00edlio por incapacidade tempor\u00e1ria preserva quase 100% da m\u00e9dia salarial. O valor respeita piso do sal\u00e1rio m\u00ednimo e teto do INSS. Exige incapacidade por mais de 15 dias; o Atestmed pode dispensar per\u00edcia com atestado completo.<\/h2>\n\n\n\n<p>As regras do <strong>aux\u00edlio-doen\u00e7a<\/strong>, chamado oficialmente de aux\u00edlio por incapacidade tempor\u00e1ria, passaram por mudan\u00e7as relevantes que afetam valores, exig\u00eancias e formas de solicita\u00e7\u00e3o. Entender os c\u00e1lculos e os novos procedimentos \u00e9 essencial para garantir o benef\u00edcio sem enfrentar longas esperas.<\/p>\n\n\n\n<h2 class=\"wp-block-heading\">Por que o aux\u00edlio-doen\u00e7a ficou mais vantajoso financeiramente?<\/h2>\n\n\n\n<p>Ap\u00f3s as \u00faltimas reformas previdenci\u00e1rias, o aux\u00edlio-doen\u00e7a passou a preservar quase <strong>100% da m\u00e9dia salarial<\/strong> do segurado enquanto durar a incapacidade tempor\u00e1ria, o que alterou completamente a compara\u00e7\u00e3o com benef\u00edcios permanentes.<\/p>\n\n\n\n<p>J\u00e1 a aposentadoria por invalidez deixou de ser integral na maioria dos casos, pagando apenas 60% da m\u00e9dia, com acr\u00e9scimos condicionados ao tempo de contribui\u00e7\u00e3o, o que pode reduzir drasticamente o valor mensal recebido.<\/p>\n\n\n\n<p>Confira o v\u00eddeo compartilhado pelo canal do YouTube <strong><a href=\"https:\/\/www.youtube.com\/@ribeirotorbesadvocacia\" target=\"_blank\" rel=\"noreferrer noopener\">Ribeiro Torbes Advocacia<\/a><\/strong> falando sobre as novas regras do aux\u00edlio-doen\u00e7a e como dar entrada no benef\u00edcio.<\/p>\n\n\n\n<figure class=\"wp-block-embed is-type-video is-provider-youtube wp-block-embed-youtube wp-embed-aspect-16-9 wp-has-aspect-ratio\"><div class=\"wp-block-embed__wrapper\">\n<div class=\"jeg_video_container jeg_video_content\"><iframe loading=\"lazy\" title=\"GUIA DEFINITIVO do AUX\u00cdLIO-DOEN\u00c7A 2026 (antes que MUDE de novo)\" width=\"500\" height=\"281\" src=\"https:\/\/www.youtube.com\/embed\/eXkX-kORHf4?feature=oembed\" frameborder=\"0\" allow=\"accelerometer; autoplay; clipboard-write; encrypted-media; gyroscope; picture-in-picture; web-share\" referrerpolicy=\"strict-origin-when-cross-origin\" allowfullscreen><\/iframe><\/div>\n<\/div><\/figure>\n\n\n\n<h2 class=\"wp-block-heading\">Quais s\u00e3o os valores e limites atualizados do benef\u00edcio?<\/h2>\n\n\n\n<p>Para calcular corretamente o quanto pode ser recebido, \u00e9 fundamental conhecer os valores de refer\u00eancia definidos pelo sistema previdenci\u00e1rio, pois eles servem como base m\u00ednima e m\u00e1xima para qualquer concess\u00e3o. Veja os pontos essenciais abaixo.<\/p>\n\n\n\n<ul class=\"wp-block-list\">\n<li><strong>Piso previdenci\u00e1rio<\/strong>: valor nunca inferior ao sal\u00e1rio m\u00ednimo vigente, atualmente em R$ 1.621,00.<\/li>\n\n\n\n<li><strong>Teto do INSS<\/strong>: limite m\u00e1ximo de pagamento fixado em R$ 8.500,00.<\/li>\n\n\n\n<li><strong>C\u00e1lculo do benef\u00edcio<\/strong>: m\u00e9dia dos sal\u00e1rios de contribui\u00e7\u00e3o sem aplica\u00e7\u00e3o do redutor de 60%.<\/li>\n<\/ul>\n\n\n\n<h2 class=\"wp-block-heading\">Quais requisitos precisam ser cumpridos para a concess\u00e3o?<\/h2>\n\n\n\n<p>A concess\u00e3o do aux\u00edlio-doen\u00e7a depende da combina\u00e7\u00e3o de crit\u00e9rios previdenci\u00e1rios e m\u00e9dicos, formando o chamado <strong>tri\u00e2ngulo do direito<\/strong>, que impede libera\u00e7\u00f5es autom\u00e1ticas sem comprova\u00e7\u00e3o adequada.<\/p>\n\n\n\n<p>N\u00e3o basta ter diagn\u00f3stico cl\u00ednico. A incapacidade precisa impedir o exerc\u00edcio da atividade profissional habitual por mais de 15 dias, sendo esse o fator decisivo na an\u00e1lise administrativa.<\/p>\n\n\n\n<figure class=\"wp-block-image size-large\"><img loading=\"lazy\" decoding=\"async\" width=\"1024\" height=\"576\" src=\"https:\/\/www.em.com.br\/emfoco\/wp-content\/uploads\/2026\/01\/AIAI-9-23-1024x576.jpg\" alt=\"Muita gente ainda n\u00e3o sabe, mas o aux\u00edlio-doen\u00e7a ficou mais vantajoso que a aposentadoria por invalidez\" class=\"wp-image-156872\" srcset=\"https:\/\/www.em.com.br\/emfoco\/wp-content\/uploads\/2026\/01\/AIAI-9-23-1024x576.jpg 1024w, https:\/\/www.em.com.br\/emfoco\/wp-content\/uploads\/2026\/01\/AIAI-9-23-300x169.jpg 300w, https:\/\/www.em.com.br\/emfoco\/wp-content\/uploads\/2026\/01\/AIAI-9-23-768x432.jpg 768w, https:\/\/www.em.com.br\/emfoco\/wp-content\/uploads\/2026\/01\/AIAI-9-23-750x422.jpg 750w, https:\/\/www.em.com.br\/emfoco\/wp-content\/uploads\/2026\/01\/AIAI-9-23-1140x641.jpg 1140w, https:\/\/www.em.com.br\/emfoco\/wp-content\/uploads\/2026\/01\/AIAI-9-23.jpg 1280w\" sizes=\"auto, (max-width: 1024px) 100vw, 1024px\" \/><figcaption class=\"wp-element-caption\">Concess\u00e3o depende de incapacidade comprovada e qualidade de segurado ativa<\/figcaption><\/figure>\n\n\n\n<p><em>Leia mais: <em><strong><a href=\"https:\/\/www.em.com.br\/emfoco\/2026\/01\/19\/nova-regra-pode-suspender-a-cnh-por-excesso-de-velocidade-em-obras-mesmo-sem-radar-ou-acidente-no-local\/\" target=\"_blank\" rel=\"noreferrer noopener\">Nova regra pode suspender a CNH por excesso de velocidade em obras mesmo sem radar ou acidente no local<\/a><\/strong><\/em><\/em><\/p>\n\n\n\n<h2 class=\"wp-block-heading\">Como funciona o Atestmed e quando ele evita a per\u00edcia?<\/h2>\n\n\n\n<p>O sistema Atestmed foi criado para reduzir filas ao permitir a an\u00e1lise do benef\u00edcio apenas com documentos digitais, desde que o afastamento respeite crit\u00e9rios espec\u00edficos. Os pontos pr\u00e1ticos que definem essa modalidade s\u00e3o os seguintes.<\/p>\n\n\n\n<ul class=\"wp-block-list\">\n<li><strong>Prazo m\u00e1ximo de afastamento<\/strong>: at\u00e9 60 dias em regra transit\u00f3ria, reduzindo para 30 dias posteriormente.<\/li>\n\n\n\n<li><strong>Atestado completo<\/strong>: deve conter nome, CID, prazo exato, data e assinatura leg\u00edvel.<\/li>\n\n\n\n<li><strong>Per\u00edcia dispensada<\/strong>: ocorre apenas quando toda a documenta\u00e7\u00e3o est\u00e1 correta.<\/li>\n<\/ul>\n\n\n\n<h2 class=\"wp-block-heading\">O que muda com a biometria e o que fazer em caso de negativa?<\/h2>\n\n\n\n<p>O cadastro biom\u00e9trico passou a ser exigido para solicitar o benef\u00edcio, com verifica\u00e7\u00e3o facial vinculada a bases oficiais, tornando obrigat\u00f3ria uma conta Gov.br em n\u00edvel elevado para concluir o pedido.<\/p>\n\n\n\n<p>Em caso de negativa, o segurado pode recorrer administrativamente ou buscar a Justi\u00e7a Federal, caminho que costuma ser mais eficaz, pois garante nova per\u00edcia independente e pagamento retroativo se o direito for reconhecido.<\/p>\n","protected":false},"excerpt":{"rendered":"<p>Aux\u00edlio por incapacidade tempor\u00e1ria preserva quase 100% da m\u00e9dia salarial. O valor respeita piso do sal\u00e1rio m\u00ednimo e teto do INSS. Exige incapacidade por mais de 15 dias; o Atestmed pode dispensar per\u00edcia com atestado completo. As regras do aux\u00edlio-doen\u00e7a, chamado oficialmente de aux\u00edlio por incapacidade tempor\u00e1ria, passaram por mudan\u00e7as relevantes que afetam valores, exig\u00eancias [&hellip;]<\/p>\n","protected":false},"author":13,"featured_media":156871,"comment_status":"open","ping_status":"open","sticky":false,"template":"","format":"standard","meta":{"jnews-multi-image_gallery":[],"jnews_single_post":{"format":"standard"},"jnews_primary_category":[],"jnews_social_meta":[],"jnews_override_counter":[],"footnotes":""},"categories":[28],"tags":[1622,15708,174],"class_list":["post-156850","post","type-post","status-publish","format-standard","has-post-thumbnail","hentry","category-economia","tag-auxilio-doenca","tag-incapacidade-temporaria","tag-inss"],"yoast_head":"<!-- This site is optimized with the Yoast SEO plugin v23.8 - https:\/\/yoast.com\/wordpress\/plugins\/seo\/ -->\n<title>Muita gente ainda n\u00e3o sabe, mas o aux\u00edlio-doen\u00e7a ficou mais vantajoso que a aposentadoria por invalidez - Estado de Minas - Em foco<\/title>\n<meta name=\"description\" content=\"O aux\u00edlio-doen\u00e7a mudou e pode pagar mais que a aposentadoria por invalidez. Mas quem n\u00e3o entende as regras pode perder dinheiro.\" \/>\n<meta name=\"robots\" content=\"index, follow, max-snippet:-1, max-image-preview:large, max-video-preview:-1\" \/>\n<link rel=\"canonical\" href=\"https:\/\/www.em.com.br\/emfoco\/2026\/01\/20\/muita-gente-ainda-nao-sabe-mas-o-auxilio-doenca-ficou-mais-vantajoso-que-a-aposentadoria-por-invalidez\/\" \/>\n<meta property=\"og:locale\" content=\"pt_BR\" \/>\n<meta property=\"og:type\" content=\"article\" \/>\n<meta property=\"og:title\" content=\"Muita gente ainda n\u00e3o sabe, mas o aux\u00edlio-doen\u00e7a ficou mais vantajoso que a aposentadoria por invalidez - Estado de Minas - Em foco\" \/>\n<meta property=\"og:description\" content=\"O aux\u00edlio-doen\u00e7a mudou e pode pagar mais que a aposentadoria por invalidez. Mas quem n\u00e3o entende as regras pode perder dinheiro.\" \/>\n<meta property=\"og:url\" content=\"https:\/\/www.em.com.br\/emfoco\/2026\/01\/20\/muita-gente-ainda-nao-sabe-mas-o-auxilio-doenca-ficou-mais-vantajoso-que-a-aposentadoria-por-invalidez\/\" \/>\n<meta property=\"og:site_name\" content=\"Estado de Minas - Em foco\" \/>\n<meta property=\"article:published_time\" content=\"2026-01-20T17:05:00+00:00\" \/>\n<meta property=\"article:modified_time\" content=\"2026-01-19T12:06:36+00:00\" \/>\n<meta property=\"og:image\" content=\"https:\/\/www.em.com.br\/emfoco\/wp-content\/uploads\/2026\/01\/AIAI-8-25.jpg\" \/>\n\t<meta property=\"og:image:width\" content=\"1280\" \/>\n\t<meta property=\"og:image:height\" content=\"720\" \/>\n\t<meta property=\"og:image:type\" content=\"image\/jpeg\" \/>\n<meta name=\"author\" content=\"Gabriel Martins\" \/>\n<meta name=\"twitter:card\" content=\"summary_large_image\" \/>\n<meta name=\"twitter:label1\" content=\"Escrito por\" \/>\n\t<meta name=\"twitter:data1\" content=\"Gabriel Martins\" \/>\n\t<meta name=\"twitter:label2\" content=\"Est. tempo de leitura\" \/>\n\t<meta name=\"twitter:data2\" content=\"4 minutos\" \/>\n<!-- \/ Yoast SEO plugin. -->","yoast_head_json":{"title":"Muita gente ainda n\u00e3o sabe, mas o aux\u00edlio-doen\u00e7a ficou mais vantajoso que a aposentadoria por invalidez - Estado de Minas - Em foco","description":"O aux\u00edlio-doen\u00e7a mudou e pode pagar mais que a aposentadoria por invalidez. Mas quem n\u00e3o entende as regras pode perder dinheiro.","robots":{"index":"index","follow":"follow","max-snippet":"max-snippet:-1","max-image-preview":"max-image-preview:large","max-video-preview":"max-video-preview:-1"},"canonical":"https:\/\/www.em.com.br\/emfoco\/2026\/01\/20\/muita-gente-ainda-nao-sabe-mas-o-auxilio-doenca-ficou-mais-vantajoso-que-a-aposentadoria-por-invalidez\/","og_locale":"pt_BR","og_type":"article","og_title":"Muita gente ainda n\u00e3o sabe, mas o aux\u00edlio-doen\u00e7a ficou mais vantajoso que a aposentadoria por invalidez - Estado de Minas - Em foco","og_description":"O aux\u00edlio-doen\u00e7a mudou e pode pagar mais que a aposentadoria por invalidez. Mas quem n\u00e3o entende as regras pode perder dinheiro.","og_url":"https:\/\/www.em.com.br\/emfoco\/2026\/01\/20\/muita-gente-ainda-nao-sabe-mas-o-auxilio-doenca-ficou-mais-vantajoso-que-a-aposentadoria-por-invalidez\/","og_site_name":"Estado de Minas - Em foco","article_published_time":"2026-01-20T17:05:00+00:00","article_modified_time":"2026-01-19T12:06:36+00:00","og_image":[{"width":1280,"height":720,"url":"https:\/\/www.em.com.br\/emfoco\/wp-content\/uploads\/2026\/01\/AIAI-8-25.jpg","type":"image\/jpeg"}],"author":"Gabriel Martins","twitter_card":"summary_large_image","twitter_misc":{"Escrito por":"Gabriel Martins","Est. tempo de leitura":"4 minutos"},"schema":{"@context":"https:\/\/schema.org","@graph":[{"@type":"WebPage","@id":"https:\/\/www.em.com.br\/emfoco\/2026\/01\/20\/muita-gente-ainda-nao-sabe-mas-o-auxilio-doenca-ficou-mais-vantajoso-que-a-aposentadoria-por-invalidez\/","url":"https:\/\/www.em.com.br\/emfoco\/2026\/01\/20\/muita-gente-ainda-nao-sabe-mas-o-auxilio-doenca-ficou-mais-vantajoso-que-a-aposentadoria-por-invalidez\/","name":"Muita gente ainda n\u00e3o sabe, mas o aux\u00edlio-doen\u00e7a ficou mais vantajoso que a aposentadoria por invalidez - Estado de Minas - Em foco","isPartOf":{"@id":"https:\/\/www.em.com.br\/emfoco\/#website"},"primaryImageOfPage":{"@id":"https:\/\/www.em.com.br\/emfoco\/2026\/01\/20\/muita-gente-ainda-nao-sabe-mas-o-auxilio-doenca-ficou-mais-vantajoso-que-a-aposentadoria-por-invalidez\/#primaryimage"},"image":{"@id":"https:\/\/www.em.com.br\/emfoco\/2026\/01\/20\/muita-gente-ainda-nao-sabe-mas-o-auxilio-doenca-ficou-mais-vantajoso-que-a-aposentadoria-por-invalidez\/#primaryimage"},"thumbnailUrl":"https:\/\/www.em.com.br\/emfoco\/wp-content\/uploads\/2026\/01\/AIAI-8-25.jpg","datePublished":"2026-01-20T17:05:00+00:00","dateModified":"2026-01-19T12:06:36+00:00","author":{"@id":"https:\/\/www.em.com.br\/emfoco\/#\/schema\/person\/1c9ddeab18b98abeffef834667bcf08a"},"description":"O aux\u00edlio-doen\u00e7a mudou e pode pagar mais que a aposentadoria por invalidez. Mas quem n\u00e3o entende as regras pode perder dinheiro.","breadcrumb":{"@id":"https:\/\/www.em.com.br\/emfoco\/2026\/01\/20\/muita-gente-ainda-nao-sabe-mas-o-auxilio-doenca-ficou-mais-vantajoso-que-a-aposentadoria-por-invalidez\/#breadcrumb"},"inLanguage":"pt-BR","potentialAction":[{"@type":"ReadAction","target":["https:\/\/www.em.com.br\/emfoco\/2026\/01\/20\/muita-gente-ainda-nao-sabe-mas-o-auxilio-doenca-ficou-mais-vantajoso-que-a-aposentadoria-por-invalidez\/"]}]},{"@type":"ImageObject","inLanguage":"pt-BR","@id":"https:\/\/www.em.com.br\/emfoco\/2026\/01\/20\/muita-gente-ainda-nao-sabe-mas-o-auxilio-doenca-ficou-mais-vantajoso-que-a-aposentadoria-por-invalidez\/#primaryimage","url":"https:\/\/www.em.com.br\/emfoco\/wp-content\/uploads\/2026\/01\/AIAI-8-25.jpg","contentUrl":"https:\/\/www.em.com.br\/emfoco\/wp-content\/uploads\/2026\/01\/AIAI-8-25.jpg","width":1280,"height":720,"caption":"Novas regras do aux\u00edlio-doen\u00e7a alteram valores, exig\u00eancias e formas de solicita\u00e7\u00e3o"},{"@type":"BreadcrumbList","@id":"https:\/\/www.em.com.br\/emfoco\/2026\/01\/20\/muita-gente-ainda-nao-sabe-mas-o-auxilio-doenca-ficou-mais-vantajoso-que-a-aposentadoria-por-invalidez\/#breadcrumb","itemListElement":[{"@type":"ListItem","position":1,"name":"In\u00edcio","item":"https:\/\/www.em.com.br\/emfoco\/"},{"@type":"ListItem","position":2,"name":"Muita gente ainda n\u00e3o sabe, mas o aux\u00edlio-doen\u00e7a ficou mais vantajoso que a aposentadoria por invalidez"}]},{"@type":"WebSite","@id":"https:\/\/www.em.com.br\/emfoco\/#website","url":"https:\/\/www.em.com.br\/emfoco\/","name":"Estado de Minas - Em foco","description":"Acompanhe as \u00faltimas not\u00edcias e fique bem informado sobre tudo o que acontece em Minas Gerais, Brasil e no mundo.","potentialAction":[{"@type":"SearchAction","target":{"@type":"EntryPoint","urlTemplate":"https:\/\/www.em.com.br\/emfoco\/?s={search_term_string}"},"query-input":{"@type":"PropertyValueSpecification","valueRequired":true,"valueName":"search_term_string"}}],"inLanguage":"pt-BR"},{"@type":"Person","@id":"https:\/\/www.em.com.br\/emfoco\/#\/schema\/person\/1c9ddeab18b98abeffef834667bcf08a","name":"Gabriel Martins","image":{"@type":"ImageObject","inLanguage":"pt-BR","@id":"https:\/\/www.em.com.br\/emfoco\/#\/schema\/person\/image\/","url":"https:\/\/secure.gravatar.com\/avatar\/f0f1e2efdfd88f1ad2cb08c5c2731e50?s=96&d=mm&r=g","contentUrl":"https:\/\/secure.gravatar.com\/avatar\/f0f1e2efdfd88f1ad2cb08c5c2731e50?s=96&d=mm&r=g","caption":"Gabriel Martins"},"sameAs":["https:\/\/www.em.com.br\/emfoco\/"],"url":"https:\/\/www.em.com.br\/emfoco\/author\/gabrielmartinsmyth\/"}]}},"_links":{"self":[{"href":"https:\/\/www.em.com.br\/emfoco\/wp-json\/wp\/v2\/posts\/156850","targetHints":{"allow":["GET"]}}],"collection":[{"href":"https:\/\/www.em.com.br\/emfoco\/wp-json\/wp\/v2\/posts"}],"about":[{"href":"https:\/\/www.em.com.br\/emfoco\/wp-json\/wp\/v2\/types\/post"}],"author":[{"embeddable":true,"href":"https:\/\/www.em.com.br\/emfoco\/wp-json\/wp\/v2\/users\/13"}],"replies":[{"embeddable":true,"href":"https:\/\/www.em.com.br\/emfoco\/wp-json\/wp\/v2\/comments?post=156850"}],"version-history":[{"count":1,"href":"https:\/\/www.em.com.br\/emfoco\/wp-json\/wp\/v2\/posts\/156850\/revisions"}],"predecessor-version":[{"id":156873,"href":"https:\/\/www.em.com.br\/emfoco\/wp-json\/wp\/v2\/posts\/156850\/revisions\/156873"}],"wp:featuredmedia":[{"embeddable":true,"href":"https:\/\/www.em.com.br\/emfoco\/wp-json\/wp\/v2\/media\/156871"}],"wp:attachment":[{"href":"https:\/\/www.em.com.br\/emfoco\/wp-json\/wp\/v2\/media?parent=156850"}],"wp:term":[{"taxonomy":"category","embeddable":true,"href":"https:\/\/www.em.com.br\/emfoco\/wp-json\/wp\/v2\/categories?post=156850"},{"taxonomy":"post_tag","embeddable":true,"href":"https:\/\/www.em.com.br\/emfoco\/wp-json\/wp\/v2\/tags?post=156850"}],"curies":[{"name":"wp","href":"https:\/\/api.w.org\/{rel}","templated":true}]}}