{"id":156849,"date":"2026-01-20T11:55:00","date_gmt":"2026-01-20T14:55:00","guid":{"rendered":"https:\/\/www.em.com.br\/emfoco\/?p=156849"},"modified":"2026-01-19T19:54:08","modified_gmt":"2026-01-19T22:54:08","slug":"inss-usa-redes-sociais-em-revisoes-de-beneficios-por-incapacidade-publicacoes-incoerentes-podem-resultar-em-suspensao-de-pagamentos","status":"publish","type":"post","link":"https:\/\/www.em.com.br\/emfoco\/2026\/01\/20\/inss-usa-redes-sociais-em-revisoes-de-beneficios-por-incapacidade-publicacoes-incoerentes-podem-resultar-em-suspensao-de-pagamentos\/","title":{"rendered":"INSS usa redes sociais em revis\u00f5es de benef\u00edcios por incapacidade: publica\u00e7\u00f5es incoerentes podem resultar em suspens\u00e3o de pagamentos"},"content":{"rendered":"\n<h2 class=\"wp-block-heading\">Publica\u00e7\u00f5es em redes sociais podem ser usadas pelo INSS em revis\u00f5es de benef\u00edcios por incapacidade. Cortes ocorrem quando h\u00e1 contradi\u00e7\u00e3o entre laudos e postagens, como atividade f\u00edsica, trabalho informal ou ostenta\u00e7\u00e3o incompat\u00edvel.<\/h2>\n\n\n\n<p>O uso das <strong>redes sociais<\/strong> tornou-se um ponto cr\u00edtico para quem recebe ou solicita benef\u00edcios por incapacidade no INSS. Publica\u00e7\u00f5es digitais v\u00eam sendo usadas como provas em revis\u00f5es, e a falta de coer\u00eancia entre laudos e postagens pode resultar em suspens\u00e3o de pagamentos.<\/p>\n\n\n\n<h2 class=\"wp-block-heading\">Como o INSS monitora perfis e conte\u00fados digitais?<\/h2>\n\n\n\n<p>N\u00e3o existe vigil\u00e2ncia permanente sobre todos os segurados, mas a fiscaliza\u00e7\u00e3o ocorre quando h\u00e1 ind\u00edcios formais. Den\u00fancias e processos judiciais acionam an\u00e1lises espec\u00edficas, nas quais o conte\u00fado p\u00fablico das redes \u00e9 avaliado como <strong>elemento probat\u00f3rio<\/strong>.<\/p>\n\n\n\n<p>Nesses casos, fotos, v\u00eddeos e at\u00e9 status s\u00e3o confrontados com informa\u00e7\u00f5es prestadas em per\u00edcia. O foco n\u00e3o \u00e9 a vida pessoal, mas a compatibilidade entre o que foi declarado ao \u00f3rg\u00e3o e o que \u00e9 exibido digitalmente.<\/p>\n\n\n\n<p>Confira o v\u00eddeo compartilhado pelo canal do YouTube <strong><a href=\"https:\/\/www.youtube.com\/@ribeirotorbesadvocacia\" target=\"_blank\" rel=\"noreferrer noopener\">Ribeiro Torbes Advocacia<\/a><\/strong> falando sobre a possibilidade de ter os benef\u00edcios cortados a partir de fiscaliza\u00e7\u00f5es em redes sociais.<\/p>\n\n\n\n<figure class=\"wp-block-embed is-type-video is-provider-youtube wp-block-embed-youtube wp-embed-aspect-16-9 wp-has-aspect-ratio\"><div class=\"wp-block-embed__wrapper\">\n<div class=\"jeg_video_container jeg_video_content\"><iframe loading=\"lazy\" title=\"INSS analisa redes sociais? Entenda o risco para seu benef\u00edcio\" width=\"500\" height=\"281\" src=\"https:\/\/www.youtube.com\/embed\/m4YfcdrAY1k?feature=oembed\" frameborder=\"0\" allow=\"accelerometer; autoplay; clipboard-write; encrypted-media; gyroscope; picture-in-picture; web-share\" referrerpolicy=\"strict-origin-when-cross-origin\" allowfullscreen><\/iframe><\/div>\n<\/div><\/figure>\n\n\n\n<h2 class=\"wp-block-heading\">Quais situa\u00e7\u00f5es nas redes sociais mais geram cortes?<\/h2>\n\n\n\n<p>Os cortes n\u00e3o acontecem por lazer ou felicidade, mas por contradi\u00e7\u00f5es objetivas entre incapacidade alegada e comportamentos mostrados online. As situa\u00e7\u00f5es mais comuns observadas em fiscaliza\u00e7\u00f5es incluem as que seguem abaixo.<\/p>\n\n\n\n<ul class=\"wp-block-list\">\n<li><strong>Capacidade f\u00edsica aparente<\/strong>: imagens carregando peso, dan\u00e7ando ou praticando esportes quando h\u00e1 laudo de limita\u00e7\u00e3o motora.<\/li>\n\n\n\n<li><strong>Ostenta\u00e7\u00e3o incompat\u00edvel<\/strong>: festas, viagens ou bens caros em casos de benef\u00edcio assistencial por miserabilidade.<\/li>\n\n\n\n<li><strong>Atividade laboral disfar\u00e7ada<\/strong>: divulga\u00e7\u00e3o de trabalhos informais enquanto o benef\u00edcio declara incapacidade total.<\/li>\n<\/ul>\n\n\n\n<h2 class=\"wp-block-heading\">Atividades sociais anulam benef\u00edcios por sa\u00fade mental?<\/h2>\n\n\n\n<p>Em diagn\u00f3sticos de <strong>sa\u00fade mental<\/strong>, como depress\u00e3o ou transtornos de ansiedade, atividades sociais podem fazer parte do tratamento e n\u00e3o indicam capacidade autom\u00e1tica para o trabalho.<\/p>\n\n\n\n<p>O crit\u00e9rio aplicado \u00e9 a coer\u00eancia. Uma imagem sorrindo em um passeio n\u00e3o invalida, por si s\u00f3, a incapacidade de lidar com press\u00e3o, metas e rotinas profissionais, desde que isso esteja alinhado ao laudo m\u00e9dico.<\/p>\n\n\n\n<figure class=\"wp-block-image size-large\"><img loading=\"lazy\" decoding=\"async\" width=\"1024\" height=\"576\" src=\"https:\/\/www.em.com.br\/emfoco\/wp-content\/uploads\/2026\/01\/AIAI-7-29-1024x576.jpg\" alt=\"O INSS pode cortar seu benef\u00edcio por uma simples foto no Instagram e quase ningu\u00e9m est\u00e1 atento a isso\" class=\"wp-image-156869\" srcset=\"https:\/\/www.em.com.br\/emfoco\/wp-content\/uploads\/2026\/01\/AIAI-7-29-1024x576.jpg 1024w, https:\/\/www.em.com.br\/emfoco\/wp-content\/uploads\/2026\/01\/AIAI-7-29-300x169.jpg 300w, https:\/\/www.em.com.br\/emfoco\/wp-content\/uploads\/2026\/01\/AIAI-7-29-768x432.jpg 768w, https:\/\/www.em.com.br\/emfoco\/wp-content\/uploads\/2026\/01\/AIAI-7-29-750x422.jpg 750w, https:\/\/www.em.com.br\/emfoco\/wp-content\/uploads\/2026\/01\/AIAI-7-29-1140x641.jpg 1140w, https:\/\/www.em.com.br\/emfoco\/wp-content\/uploads\/2026\/01\/AIAI-7-29.jpg 1280w\" sizes=\"auto, (max-width: 1024px) 100vw, 1024px\" \/><figcaption class=\"wp-element-caption\">Atividades sociais n\u00e3o anulam benef\u00edcios quando coerentes com laudos m\u00e9dicos<\/figcaption><\/figure>\n\n\n\n<p><em>Leia mais: <em><strong><a href=\"https:\/\/www.em.com.br\/emfoco\/2026\/01\/19\/nova-regra-pode-suspender-a-cnh-por-excesso-de-velocidade-em-obras-mesmo-sem-radar-ou-acidente-no-local\/\" target=\"_blank\" rel=\"noreferrer noopener\">Nova regra pode suspender a CNH por excesso de velocidade em obras mesmo sem radar ou acidente no local<\/a><\/strong><\/em><\/em><\/p>\n\n\n\n<h2 class=\"wp-block-heading\">Como proteger o benef\u00edcio no uso di\u00e1rio das redes?<\/h2>\n\n\n\n<p>A seguran\u00e7a digital \u00e9 hoje parte da prote\u00e7\u00e3o previdenci\u00e1ria. Pequenas atitudes reduzem riscos de interpreta\u00e7\u00f5es equivocadas e ajudam a preservar o direito ao benef\u00edcio. Entre as pr\u00e1ticas mais eficazes, destacam-se as seguintes.<\/p>\n\n\n\n<ul class=\"wp-block-list\">\n<li><strong>Perfis privados<\/strong>: restringir acesso a postagens limita uso fora de contexto por terceiros.<\/li>\n\n\n\n<li><strong>Identifica\u00e7\u00e3o de fotos antigas<\/strong>: marcar imagens como lembran\u00e7as evita leitura equivocada do estado atual.<\/li>\n\n\n\n<li><strong>Prud\u00eancia na exposi\u00e7\u00e3o<\/strong>: n\u00e3o postar conte\u00fados que possam contradizer laudos ou cadastros oficiais.<\/li>\n<\/ul>\n\n\n\n<h2 class=\"wp-block-heading\">Por que o cruzamento de dados aumentou o risco?<\/h2>\n\n\n\n<p>Al\u00e9m das redes sociais, sistemas passaram a integrar informa\u00e7\u00f5es financeiras e cadastrais, ampliando a capacidade de identificar incoer\u00eancias entre <strong>estilo de vida<\/strong> e dados declarados oficialmente.<\/p>\n\n\n\n<p>Diante desse cen\u00e1rio, manter informa\u00e7\u00f5es verdadeiras, coerentes e alinhadas entre laudos, cadastros e comportamento digital \u00e9 a forma mais eficaz de preservar o benef\u00edcio e evitar cortes administrativos.<\/p>\n","protected":false},"excerpt":{"rendered":"<p>Publica\u00e7\u00f5es em redes sociais podem ser usadas pelo INSS em revis\u00f5es de benef\u00edcios por incapacidade. Cortes ocorrem quando h\u00e1 contradi\u00e7\u00e3o entre laudos e postagens, como atividade f\u00edsica, trabalho informal ou ostenta\u00e7\u00e3o incompat\u00edvel. O uso das redes sociais tornou-se um ponto cr\u00edtico para quem recebe ou solicita benef\u00edcios por incapacidade no INSS. Publica\u00e7\u00f5es digitais v\u00eam sendo [&hellip;]<\/p>\n","protected":false},"author":13,"featured_media":156868,"comment_status":"open","ping_status":"open","sticky":false,"template":"","format":"standard","meta":{"jnews-multi-image_gallery":[],"jnews_single_post":{"format":"standard"},"jnews_primary_category":[],"jnews_social_meta":[],"jnews_override_counter":[],"footnotes":""},"categories":[28],"tags":[20959,22907,2398],"class_list":["post-156849","post","type-post","status-publish","format-standard","has-post-thumbnail","hentry","category-economia","tag-beneficios-inss","tag-fiscalizacao-das-redes-sociais","tag-redes-sociais"],"yoast_head":"<!-- This site is optimized with the Yoast SEO plugin v23.8 - https:\/\/yoast.com\/wordpress\/plugins\/seo\/ -->\n<title>INSS usa redes sociais em revis\u00f5es de benef\u00edcios por incapacidade: publica\u00e7\u00f5es incoerentes podem resultar em suspens\u00e3o de pagamentos - Estado de Minas - Em foco<\/title>\n<meta name=\"description\" content=\"O INSS pode cortar benef\u00edcios se houver incoer\u00eancia entre o que voc\u00ea posta nas redes e o que declarou na per\u00edcia m\u00e9dica do \u00f3rg\u00e3o.\" \/>\n<meta name=\"robots\" content=\"index, follow, max-snippet:-1, max-image-preview:large, max-video-preview:-1\" \/>\n<link rel=\"canonical\" href=\"https:\/\/www.em.com.br\/emfoco\/2026\/01\/20\/inss-usa-redes-sociais-em-revisoes-de-beneficios-por-incapacidade-publicacoes-incoerentes-podem-resultar-em-suspensao-de-pagamentos\/\" \/>\n<meta property=\"og:locale\" content=\"pt_BR\" \/>\n<meta property=\"og:type\" content=\"article\" \/>\n<meta property=\"og:title\" content=\"INSS usa redes sociais em revis\u00f5es de benef\u00edcios por incapacidade: publica\u00e7\u00f5es incoerentes podem resultar em suspens\u00e3o de pagamentos - Estado de Minas - Em foco\" \/>\n<meta property=\"og:description\" content=\"O INSS pode cortar benef\u00edcios se houver incoer\u00eancia entre o que voc\u00ea posta nas redes e o que declarou na per\u00edcia m\u00e9dica do \u00f3rg\u00e3o.\" \/>\n<meta property=\"og:url\" content=\"https:\/\/www.em.com.br\/emfoco\/2026\/01\/20\/inss-usa-redes-sociais-em-revisoes-de-beneficios-por-incapacidade-publicacoes-incoerentes-podem-resultar-em-suspensao-de-pagamentos\/\" \/>\n<meta property=\"og:site_name\" content=\"Estado de Minas - Em foco\" \/>\n<meta property=\"article:published_time\" content=\"2026-01-20T14:55:00+00:00\" \/>\n<meta property=\"article:modified_time\" content=\"2026-01-19T22:54:08+00:00\" \/>\n<meta property=\"og:image\" content=\"https:\/\/www.em.com.br\/emfoco\/wp-content\/uploads\/2026\/01\/AIAI-6-30.jpg\" \/>\n\t<meta property=\"og:image:width\" content=\"1280\" \/>\n\t<meta property=\"og:image:height\" content=\"720\" \/>\n\t<meta property=\"og:image:type\" content=\"image\/jpeg\" \/>\n<meta name=\"author\" content=\"Gabriel Martins\" \/>\n<meta name=\"twitter:card\" content=\"summary_large_image\" \/>\n<meta name=\"twitter:label1\" content=\"Escrito por\" \/>\n\t<meta name=\"twitter:data1\" content=\"Gabriel Martins\" \/>\n\t<meta name=\"twitter:label2\" content=\"Est. tempo de leitura\" \/>\n\t<meta name=\"twitter:data2\" content=\"4 minutos\" \/>\n<!-- \/ Yoast SEO plugin. -->","yoast_head_json":{"title":"INSS usa redes sociais em revis\u00f5es de benef\u00edcios por incapacidade: publica\u00e7\u00f5es incoerentes podem resultar em suspens\u00e3o de pagamentos - Estado de Minas - Em foco","description":"O INSS pode cortar benef\u00edcios se houver incoer\u00eancia entre o que voc\u00ea posta nas redes e o que declarou na per\u00edcia m\u00e9dica do \u00f3rg\u00e3o.","robots":{"index":"index","follow":"follow","max-snippet":"max-snippet:-1","max-image-preview":"max-image-preview:large","max-video-preview":"max-video-preview:-1"},"canonical":"https:\/\/www.em.com.br\/emfoco\/2026\/01\/20\/inss-usa-redes-sociais-em-revisoes-de-beneficios-por-incapacidade-publicacoes-incoerentes-podem-resultar-em-suspensao-de-pagamentos\/","og_locale":"pt_BR","og_type":"article","og_title":"INSS usa redes sociais em revis\u00f5es de benef\u00edcios por incapacidade: publica\u00e7\u00f5es incoerentes podem resultar em suspens\u00e3o de pagamentos - Estado de Minas - Em foco","og_description":"O INSS pode cortar benef\u00edcios se houver incoer\u00eancia entre o que voc\u00ea posta nas redes e o que declarou na per\u00edcia m\u00e9dica do \u00f3rg\u00e3o.","og_url":"https:\/\/www.em.com.br\/emfoco\/2026\/01\/20\/inss-usa-redes-sociais-em-revisoes-de-beneficios-por-incapacidade-publicacoes-incoerentes-podem-resultar-em-suspensao-de-pagamentos\/","og_site_name":"Estado de Minas - Em foco","article_published_time":"2026-01-20T14:55:00+00:00","article_modified_time":"2026-01-19T22:54:08+00:00","og_image":[{"width":1280,"height":720,"url":"https:\/\/www.em.com.br\/emfoco\/wp-content\/uploads\/2026\/01\/AIAI-6-30.jpg","type":"image\/jpeg"}],"author":"Gabriel Martins","twitter_card":"summary_large_image","twitter_misc":{"Escrito por":"Gabriel Martins","Est. tempo de leitura":"4 minutos"},"schema":{"@context":"https:\/\/schema.org","@graph":[{"@type":"WebPage","@id":"https:\/\/www.em.com.br\/emfoco\/2026\/01\/20\/inss-usa-redes-sociais-em-revisoes-de-beneficios-por-incapacidade-publicacoes-incoerentes-podem-resultar-em-suspensao-de-pagamentos\/","url":"https:\/\/www.em.com.br\/emfoco\/2026\/01\/20\/inss-usa-redes-sociais-em-revisoes-de-beneficios-por-incapacidade-publicacoes-incoerentes-podem-resultar-em-suspensao-de-pagamentos\/","name":"INSS usa redes sociais em revis\u00f5es de benef\u00edcios por incapacidade: publica\u00e7\u00f5es incoerentes podem resultar em suspens\u00e3o de pagamentos - Estado de Minas - Em foco","isPartOf":{"@id":"https:\/\/www.em.com.br\/emfoco\/#website"},"primaryImageOfPage":{"@id":"https:\/\/www.em.com.br\/emfoco\/2026\/01\/20\/inss-usa-redes-sociais-em-revisoes-de-beneficios-por-incapacidade-publicacoes-incoerentes-podem-resultar-em-suspensao-de-pagamentos\/#primaryimage"},"image":{"@id":"https:\/\/www.em.com.br\/emfoco\/2026\/01\/20\/inss-usa-redes-sociais-em-revisoes-de-beneficios-por-incapacidade-publicacoes-incoerentes-podem-resultar-em-suspensao-de-pagamentos\/#primaryimage"},"thumbnailUrl":"https:\/\/www.em.com.br\/emfoco\/wp-content\/uploads\/2026\/01\/AIAI-6-30.jpg","datePublished":"2026-01-20T14:55:00+00:00","dateModified":"2026-01-19T22:54:08+00:00","author":{"@id":"https:\/\/www.em.com.br\/emfoco\/#\/schema\/person\/1c9ddeab18b98abeffef834667bcf08a"},"description":"O INSS pode cortar benef\u00edcios se houver incoer\u00eancia entre o que voc\u00ea posta nas redes e o que declarou na per\u00edcia m\u00e9dica do \u00f3rg\u00e3o.","breadcrumb":{"@id":"https:\/\/www.em.com.br\/emfoco\/2026\/01\/20\/inss-usa-redes-sociais-em-revisoes-de-beneficios-por-incapacidade-publicacoes-incoerentes-podem-resultar-em-suspensao-de-pagamentos\/#breadcrumb"},"inLanguage":"pt-BR","potentialAction":[{"@type":"ReadAction","target":["https:\/\/www.em.com.br\/emfoco\/2026\/01\/20\/inss-usa-redes-sociais-em-revisoes-de-beneficios-por-incapacidade-publicacoes-incoerentes-podem-resultar-em-suspensao-de-pagamentos\/"]}]},{"@type":"ImageObject","inLanguage":"pt-BR","@id":"https:\/\/www.em.com.br\/emfoco\/2026\/01\/20\/inss-usa-redes-sociais-em-revisoes-de-beneficios-por-incapacidade-publicacoes-incoerentes-podem-resultar-em-suspensao-de-pagamentos\/#primaryimage","url":"https:\/\/www.em.com.br\/emfoco\/wp-content\/uploads\/2026\/01\/AIAI-6-30.jpg","contentUrl":"https:\/\/www.em.com.br\/emfoco\/wp-content\/uploads\/2026\/01\/AIAI-6-30.jpg","width":1280,"height":720,"caption":"Postagens digitais incoerentes podem levar \u00e0 revis\u00e3o e suspens\u00e3o de benef\u00edcios do INSS"},{"@type":"BreadcrumbList","@id":"https:\/\/www.em.com.br\/emfoco\/2026\/01\/20\/inss-usa-redes-sociais-em-revisoes-de-beneficios-por-incapacidade-publicacoes-incoerentes-podem-resultar-em-suspensao-de-pagamentos\/#breadcrumb","itemListElement":[{"@type":"ListItem","position":1,"name":"In\u00edcio","item":"https:\/\/www.em.com.br\/emfoco\/"},{"@type":"ListItem","position":2,"name":"INSS usa redes sociais em revis\u00f5es de benef\u00edcios por incapacidade: publica\u00e7\u00f5es incoerentes podem resultar em suspens\u00e3o de pagamentos"}]},{"@type":"WebSite","@id":"https:\/\/www.em.com.br\/emfoco\/#website","url":"https:\/\/www.em.com.br\/emfoco\/","name":"Estado de Minas - Em foco","description":"Acompanhe as \u00faltimas not\u00edcias e fique bem informado sobre tudo o que acontece em Minas Gerais, Brasil e no mundo.","potentialAction":[{"@type":"SearchAction","target":{"@type":"EntryPoint","urlTemplate":"https:\/\/www.em.com.br\/emfoco\/?s={search_term_string}"},"query-input":{"@type":"PropertyValueSpecification","valueRequired":true,"valueName":"search_term_string"}}],"inLanguage":"pt-BR"},{"@type":"Person","@id":"https:\/\/www.em.com.br\/emfoco\/#\/schema\/person\/1c9ddeab18b98abeffef834667bcf08a","name":"Gabriel Martins","image":{"@type":"ImageObject","inLanguage":"pt-BR","@id":"https:\/\/www.em.com.br\/emfoco\/#\/schema\/person\/image\/","url":"https:\/\/secure.gravatar.com\/avatar\/f0f1e2efdfd88f1ad2cb08c5c2731e50?s=96&d=mm&r=g","contentUrl":"https:\/\/secure.gravatar.com\/avatar\/f0f1e2efdfd88f1ad2cb08c5c2731e50?s=96&d=mm&r=g","caption":"Gabriel Martins"},"sameAs":["https:\/\/www.em.com.br\/emfoco\/"],"url":"https:\/\/www.em.com.br\/emfoco\/author\/gabrielmartinsmyth\/"}]}},"_links":{"self":[{"href":"https:\/\/www.em.com.br\/emfoco\/wp-json\/wp\/v2\/posts\/156849","targetHints":{"allow":["GET"]}}],"collection":[{"href":"https:\/\/www.em.com.br\/emfoco\/wp-json\/wp\/v2\/posts"}],"about":[{"href":"https:\/\/www.em.com.br\/emfoco\/wp-json\/wp\/v2\/types\/post"}],"author":[{"embeddable":true,"href":"https:\/\/www.em.com.br\/emfoco\/wp-json\/wp\/v2\/users\/13"}],"replies":[{"embeddable":true,"href":"https:\/\/www.em.com.br\/emfoco\/wp-json\/wp\/v2\/comments?post=156849"}],"version-history":[{"count":2,"href":"https:\/\/www.em.com.br\/emfoco\/wp-json\/wp\/v2\/posts\/156849\/revisions"}],"predecessor-version":[{"id":157263,"href":"https:\/\/www.em.com.br\/emfoco\/wp-json\/wp\/v2\/posts\/156849\/revisions\/157263"}],"wp:featuredmedia":[{"embeddable":true,"href":"https:\/\/www.em.com.br\/emfoco\/wp-json\/wp\/v2\/media\/156868"}],"wp:attachment":[{"href":"https:\/\/www.em.com.br\/emfoco\/wp-json\/wp\/v2\/media?parent=156849"}],"wp:term":[{"taxonomy":"category","embeddable":true,"href":"https:\/\/www.em.com.br\/emfoco\/wp-json\/wp\/v2\/categories?post=156849"},{"taxonomy":"post_tag","embeddable":true,"href":"https:\/\/www.em.com.br\/emfoco\/wp-json\/wp\/v2\/tags?post=156849"}],"curies":[{"name":"wp","href":"https:\/\/api.w.org\/{rel}","templated":true}]}}