{"id":156848,"date":"2026-01-20T10:15:00","date_gmt":"2026-01-20T13:15:00","guid":{"rendered":"https:\/\/www.em.com.br\/emfoco\/?p=156848"},"modified":"2026-01-19T09:01:15","modified_gmt":"2026-01-19T12:01:15","slug":"milhares-estao-caindo-na-malha-fina-por-um-detalhe-simples-no-aluguel-e-nem-fazem-ideia-do-erro","status":"publish","type":"post","link":"https:\/\/www.em.com.br\/emfoco\/2026\/01\/20\/milhares-estao-caindo-na-malha-fina-por-um-detalhe-simples-no-aluguel-e-nem-fazem-ideia-do-erro\/","title":{"rendered":"Milhares est\u00e3o caindo na malha fina por um detalhe simples no aluguel e nem fazem ideia do erro"},"content":{"rendered":"\n<h2 class=\"wp-block-heading\">Rendimentos de aluguel s\u00e3o tribut\u00e1veis e incluem multas e juros. Alugu\u00e9is pagos por pessoas f\u00edsicas exigem Carn\u00ea-Le\u00e3o mensal; por empresas, h\u00e1 reten\u00e7\u00e3o na fonte. Dedu\u00e7\u00f5es legais reduzem imposto e erros levam \u00e0 malha fina.<\/h2>\n\n\n\n<p>A <strong>declara\u00e7\u00e3o de rendimentos de aluguel<\/strong> exige aten\u00e7\u00e3o t\u00e9cnica para evitar multas e tributa\u00e7\u00e3o indevida. Com cruzamentos autom\u00e1ticos de dados pela Receita Federal, declarar corretamente, usar dedu\u00e7\u00f5es permitidas e cumprir prazos \u00e9 essencial para manter conformidade legal e otimizar o imposto devido.<\/p>\n\n\n\n<h2 class=\"wp-block-heading\">O que a lei considera rendimento tribut\u00e1vel de aluguel?<\/h2>\n\n\n\n<p>Pela legisla\u00e7\u00e3o do Imposto de Renda, todo valor recebido pela ocupa\u00e7\u00e3o, uso ou explora\u00e7\u00e3o de im\u00f3veis \u00e9 tratado como <strong>rendimento tribut\u00e1vel<\/strong>, abrangendo casas, apartamentos, salas comerciais e terrenos, independentemente da forma de pagamento.<\/p>\n\n\n\n<p>A base de c\u00e1lculo n\u00e3o se limita ao aluguel mensal. Juros por atraso, multas contratuais e atualiza\u00e7\u00f5es monet\u00e1rias integram o rendimento bruto, ampliando o valor sujeito \u00e0 tributa\u00e7\u00e3o e exigindo controle rigoroso dos recebimentos.<\/p>\n\n\n\n<p>Confira o v\u00eddeo compartilhado pelo canal do YouTube <strong><a href=\"https:\/\/www.youtube.com\/@brunocgoedert\" target=\"_blank\" rel=\"noreferrer noopener\">Bruno Constante Goedert<\/a><\/strong> falando sobre a declara\u00e7\u00e3o do IR para quem recebe alugu\u00e9is.<\/p>\n\n\n\n<figure class=\"wp-block-embed is-type-video is-provider-youtube wp-block-embed-youtube wp-embed-aspect-16-9 wp-has-aspect-ratio\"><div class=\"wp-block-embed__wrapper\">\n<div class=\"jeg_video_container jeg_video_content\"><iframe loading=\"lazy\" title=\"Declara\u00e7\u00e3o de Aluguel no IR: Como Fazer Corretamente e Evitar Multas\" width=\"500\" height=\"281\" src=\"https:\/\/www.youtube.com\/embed\/f7gMggtQCj8?feature=oembed\" frameborder=\"0\" allow=\"accelerometer; autoplay; clipboard-write; encrypted-media; gyroscope; picture-in-picture; web-share\" referrerpolicy=\"strict-origin-when-cross-origin\" allowfullscreen><\/iframe><\/div>\n<\/div><\/figure>\n\n\n\n<h2 class=\"wp-block-heading\">Quem \u00e9 respons\u00e1vel pelo imposto em cada tipo de loca\u00e7\u00e3o?<\/h2>\n\n\n\n<p>A obriga\u00e7\u00e3o de recolher o imposto varia conforme quem paga o aluguel, o que impacta diretamente o fluxo de caixa e a forma de declarar. Para evitar inconsist\u00eancias, \u00e9 fundamental entender as responsabilidades em cada cen\u00e1rio, conforme descrito a seguir.<\/p>\n\n\n\n<ul class=\"wp-block-list\">\n<li><strong>Locat\u00e1rio pessoa f\u00edsica<\/strong>: o locador deve recolher mensalmente via Carn\u00ea-Le\u00e3o, pagando o imposto at\u00e9 o \u00faltimo dia \u00fatil do m\u00eas seguinte ao recebimento.<\/li>\n\n\n\n<li><strong>Locat\u00e1rio pessoa jur\u00eddica<\/strong>: a empresa ret\u00e9m o imposto na fonte, e o propriet\u00e1rio declara o valor bruto e o IR retido para compensa\u00e7\u00e3o anual.<\/li>\n<\/ul>\n\n\n\n<h2 class=\"wp-block-heading\">Como funciona o Carn\u00ea-Le\u00e3o e por que ele \u00e9 obrigat\u00f3rio?<\/h2>\n\n\n\n<p>O Carn\u00ea-Le\u00e3o \u00e9 o mecanismo oficial para apurar mensalmente o <strong>Imposto de Renda sobre alugu\u00e9is<\/strong> recebidos de pessoas f\u00edsicas, aplicando automaticamente a tabela progressiva vigente.<\/p>\n\n\n\n<p>Mesmo quando o valor est\u00e1 abaixo da faixa de isen\u00e7\u00e3o, o lan\u00e7amento mensal \u00e9 recomendado, pois facilita a importa\u00e7\u00e3o dos dados para a declara\u00e7\u00e3o anual e reduz riscos de diverg\u00eancia fiscal.<\/p>\n\n\n\n<figure class=\"wp-block-image size-large\"><img loading=\"lazy\" decoding=\"async\" width=\"1024\" height=\"576\" src=\"https:\/\/www.em.com.br\/emfoco\/wp-content\/uploads\/2026\/01\/AIAI-5-36-1024x576.jpg\" alt=\"Milhares est\u00e3o caindo na malha fina por um detalhe simples no aluguel e nem fazem ideia do erro\" class=\"wp-image-156866\" srcset=\"https:\/\/www.em.com.br\/emfoco\/wp-content\/uploads\/2026\/01\/AIAI-5-36-1024x576.jpg 1024w, https:\/\/www.em.com.br\/emfoco\/wp-content\/uploads\/2026\/01\/AIAI-5-36-300x169.jpg 300w, https:\/\/www.em.com.br\/emfoco\/wp-content\/uploads\/2026\/01\/AIAI-5-36-768x432.jpg 768w, https:\/\/www.em.com.br\/emfoco\/wp-content\/uploads\/2026\/01\/AIAI-5-36-750x422.jpg 750w, https:\/\/www.em.com.br\/emfoco\/wp-content\/uploads\/2026\/01\/AIAI-5-36-1140x641.jpg 1140w, https:\/\/www.em.com.br\/emfoco\/wp-content\/uploads\/2026\/01\/AIAI-5-36.jpg 1280w\" sizes=\"auto, (max-width: 1024px) 100vw, 1024px\" \/><figcaption class=\"wp-element-caption\">Carn\u00ea-Le\u00e3o organiza apura\u00e7\u00e3o mensal e previne inconsist\u00eancias na declara\u00e7\u00e3o anual<\/figcaption><\/figure>\n\n\n\n<p><em>Leia mais: <em><strong><a href=\"https:\/\/www.em.com.br\/emfoco\/2026\/01\/19\/nova-regra-pode-suspender-a-cnh-por-excesso-de-velocidade-em-obras-mesmo-sem-radar-ou-acidente-no-local\/\" target=\"_blank\" rel=\"noreferrer noopener\">Nova regra pode suspender a CNH por excesso de velocidade em obras mesmo sem radar ou acidente no local<\/a><\/strong><\/em><\/em><\/p>\n\n\n\n<h2 class=\"wp-block-heading\">Quais despesas podem ser deduzidas legalmente do aluguel?<\/h2>\n\n\n\n<p>A legisla\u00e7\u00e3o permite reduzir o imposto por meio de dedu\u00e7\u00f5es espec\u00edficas, desde que o custo tenha sido arcado pelo propriet\u00e1rio. Usar essas dedu\u00e7\u00f5es corretamente \u00e9 uma das principais estrat\u00e9gias de economia tribut\u00e1ria, como nos pontos abaixo.<\/p>\n\n\n\n<ul class=\"wp-block-list\">\n<li><strong>IPTU e taxas p\u00fablicas<\/strong>: valores pagos pelo locador que incidem diretamente sobre o im\u00f3vel alugado.<\/li>\n\n\n\n<li><strong>Condom\u00ednio e administra\u00e7\u00e3o<\/strong>: cotas ordin\u00e1rias, extraordin\u00e1rias e taxas cobradas por imobili\u00e1rias.<\/li>\n\n\n\n<li><strong>Subloca\u00e7\u00e3o<\/strong>: valor do aluguel pago ao propriet\u00e1rio original pode ser abatido do rendimento.<\/li>\n<\/ul>\n\n\n\n<h2 class=\"wp-block-heading\">Quais erros levam \u00e0 malha fina e como evit\u00e1-los?<\/h2>\n\n\n\n<p>Os erros mais comuns envolvem <strong>omiss\u00e3o de rendimentos<\/strong>, aus\u00eancia de recolhimento mensal e tentativas de deduzir despesas n\u00e3o permitidas, como reformas internas ou compra de m\u00f3veis.<\/p>\n\n\n\n<p>Outro ponto cr\u00edtico \u00e9 o comodato de im\u00f3veis. Mesmo sem receber aluguel, o propriet\u00e1rio deve declarar renda presumida quando cede o bem gratuitamente, evitando autua\u00e7\u00f5es, multas e juros elevados.<\/p>\n","protected":false},"excerpt":{"rendered":"<p>Rendimentos de aluguel s\u00e3o tribut\u00e1veis e incluem multas e juros. Alugu\u00e9is pagos por pessoas f\u00edsicas exigem Carn\u00ea-Le\u00e3o mensal; por empresas, h\u00e1 reten\u00e7\u00e3o na fonte. Dedu\u00e7\u00f5es legais reduzem imposto e erros levam \u00e0 malha fina. A declara\u00e7\u00e3o de rendimentos de aluguel exige aten\u00e7\u00e3o t\u00e9cnica para evitar multas e tributa\u00e7\u00e3o indevida. Com cruzamentos autom\u00e1ticos de dados pela [&hellip;]<\/p>\n","protected":false},"author":13,"featured_media":156865,"comment_status":"open","ping_status":"open","sticky":false,"template":"","format":"standard","meta":{"jnews-multi-image_gallery":[],"jnews_single_post":{"format":"standard"},"jnews_primary_category":[],"jnews_social_meta":[],"jnews_override_counter":[],"footnotes":""},"categories":[28],"tags":[22905,941,22906],"class_list":["post-156848","post","type-post","status-publish","format-standard","has-post-thumbnail","hentry","category-economia","tag-declaracao-de-aluguel","tag-imposto","tag-rendimento-tributavel"],"yoast_head":"<!-- This site is optimized with the Yoast SEO plugin v23.8 - https:\/\/yoast.com\/wordpress\/plugins\/seo\/ -->\n<title>Milhares est\u00e3o caindo na malha fina por um detalhe simples no aluguel e nem fazem ideia do erro - Estado de Minas - Em foco<\/title>\n<meta name=\"description\" content=\"Declarar aluguel exige aten\u00e7\u00e3o aos m\u00ednimos detalhes. Um erro que parece pequeno pode virar um problema s\u00e9rio com o fisco este ano.\" \/>\n<meta name=\"robots\" content=\"index, follow, max-snippet:-1, max-image-preview:large, max-video-preview:-1\" \/>\n<link rel=\"canonical\" href=\"https:\/\/www.em.com.br\/emfoco\/2026\/01\/20\/milhares-estao-caindo-na-malha-fina-por-um-detalhe-simples-no-aluguel-e-nem-fazem-ideia-do-erro\/\" \/>\n<meta property=\"og:locale\" content=\"pt_BR\" \/>\n<meta property=\"og:type\" content=\"article\" \/>\n<meta property=\"og:title\" content=\"Milhares est\u00e3o caindo na malha fina por um detalhe simples no aluguel e nem fazem ideia do erro - Estado de Minas - Em foco\" \/>\n<meta property=\"og:description\" content=\"Declarar aluguel exige aten\u00e7\u00e3o aos m\u00ednimos detalhes. Um erro que parece pequeno pode virar um problema s\u00e9rio com o fisco este ano.\" \/>\n<meta property=\"og:url\" content=\"https:\/\/www.em.com.br\/emfoco\/2026\/01\/20\/milhares-estao-caindo-na-malha-fina-por-um-detalhe-simples-no-aluguel-e-nem-fazem-ideia-do-erro\/\" \/>\n<meta property=\"og:site_name\" content=\"Estado de Minas - Em foco\" \/>\n<meta property=\"article:published_time\" content=\"2026-01-20T13:15:00+00:00\" \/>\n<meta property=\"article:modified_time\" content=\"2026-01-19T12:01:15+00:00\" \/>\n<meta property=\"og:image\" content=\"https:\/\/www.em.com.br\/emfoco\/wp-content\/uploads\/2026\/01\/AIAI-4-38.jpg\" \/>\n\t<meta property=\"og:image:width\" content=\"1280\" \/>\n\t<meta property=\"og:image:height\" content=\"720\" \/>\n\t<meta property=\"og:image:type\" content=\"image\/jpeg\" \/>\n<meta name=\"author\" content=\"Gabriel Martins\" \/>\n<meta name=\"twitter:card\" content=\"summary_large_image\" \/>\n<meta name=\"twitter:label1\" content=\"Escrito por\" \/>\n\t<meta name=\"twitter:data1\" content=\"Gabriel Martins\" \/>\n\t<meta name=\"twitter:label2\" content=\"Est. tempo de leitura\" \/>\n\t<meta name=\"twitter:data2\" content=\"4 minutos\" \/>\n<!-- \/ Yoast SEO plugin. -->","yoast_head_json":{"title":"Milhares est\u00e3o caindo na malha fina por um detalhe simples no aluguel e nem fazem ideia do erro - Estado de Minas - Em foco","description":"Declarar aluguel exige aten\u00e7\u00e3o aos m\u00ednimos detalhes. Um erro que parece pequeno pode virar um problema s\u00e9rio com o fisco este ano.","robots":{"index":"index","follow":"follow","max-snippet":"max-snippet:-1","max-image-preview":"max-image-preview:large","max-video-preview":"max-video-preview:-1"},"canonical":"https:\/\/www.em.com.br\/emfoco\/2026\/01\/20\/milhares-estao-caindo-na-malha-fina-por-um-detalhe-simples-no-aluguel-e-nem-fazem-ideia-do-erro\/","og_locale":"pt_BR","og_type":"article","og_title":"Milhares est\u00e3o caindo na malha fina por um detalhe simples no aluguel e nem fazem ideia do erro - Estado de Minas - Em foco","og_description":"Declarar aluguel exige aten\u00e7\u00e3o aos m\u00ednimos detalhes. Um erro que parece pequeno pode virar um problema s\u00e9rio com o fisco este ano.","og_url":"https:\/\/www.em.com.br\/emfoco\/2026\/01\/20\/milhares-estao-caindo-na-malha-fina-por-um-detalhe-simples-no-aluguel-e-nem-fazem-ideia-do-erro\/","og_site_name":"Estado de Minas - Em foco","article_published_time":"2026-01-20T13:15:00+00:00","article_modified_time":"2026-01-19T12:01:15+00:00","og_image":[{"width":1280,"height":720,"url":"https:\/\/www.em.com.br\/emfoco\/wp-content\/uploads\/2026\/01\/AIAI-4-38.jpg","type":"image\/jpeg"}],"author":"Gabriel Martins","twitter_card":"summary_large_image","twitter_misc":{"Escrito por":"Gabriel Martins","Est. tempo de leitura":"4 minutos"},"schema":{"@context":"https:\/\/schema.org","@graph":[{"@type":"WebPage","@id":"https:\/\/www.em.com.br\/emfoco\/2026\/01\/20\/milhares-estao-caindo-na-malha-fina-por-um-detalhe-simples-no-aluguel-e-nem-fazem-ideia-do-erro\/","url":"https:\/\/www.em.com.br\/emfoco\/2026\/01\/20\/milhares-estao-caindo-na-malha-fina-por-um-detalhe-simples-no-aluguel-e-nem-fazem-ideia-do-erro\/","name":"Milhares est\u00e3o caindo na malha fina por um detalhe simples no aluguel e nem fazem ideia do erro - Estado de Minas - Em foco","isPartOf":{"@id":"https:\/\/www.em.com.br\/emfoco\/#website"},"primaryImageOfPage":{"@id":"https:\/\/www.em.com.br\/emfoco\/2026\/01\/20\/milhares-estao-caindo-na-malha-fina-por-um-detalhe-simples-no-aluguel-e-nem-fazem-ideia-do-erro\/#primaryimage"},"image":{"@id":"https:\/\/www.em.com.br\/emfoco\/2026\/01\/20\/milhares-estao-caindo-na-malha-fina-por-um-detalhe-simples-no-aluguel-e-nem-fazem-ideia-do-erro\/#primaryimage"},"thumbnailUrl":"https:\/\/www.em.com.br\/emfoco\/wp-content\/uploads\/2026\/01\/AIAI-4-38.jpg","datePublished":"2026-01-20T13:15:00+00:00","dateModified":"2026-01-19T12:01:15+00:00","author":{"@id":"https:\/\/www.em.com.br\/emfoco\/#\/schema\/person\/1c9ddeab18b98abeffef834667bcf08a"},"description":"Declarar aluguel exige aten\u00e7\u00e3o aos m\u00ednimos detalhes. Um erro que parece pequeno pode virar um problema s\u00e9rio com o fisco este ano.","breadcrumb":{"@id":"https:\/\/www.em.com.br\/emfoco\/2026\/01\/20\/milhares-estao-caindo-na-malha-fina-por-um-detalhe-simples-no-aluguel-e-nem-fazem-ideia-do-erro\/#breadcrumb"},"inLanguage":"pt-BR","potentialAction":[{"@type":"ReadAction","target":["https:\/\/www.em.com.br\/emfoco\/2026\/01\/20\/milhares-estao-caindo-na-malha-fina-por-um-detalhe-simples-no-aluguel-e-nem-fazem-ideia-do-erro\/"]}]},{"@type":"ImageObject","inLanguage":"pt-BR","@id":"https:\/\/www.em.com.br\/emfoco\/2026\/01\/20\/milhares-estao-caindo-na-malha-fina-por-um-detalhe-simples-no-aluguel-e-nem-fazem-ideia-do-erro\/#primaryimage","url":"https:\/\/www.em.com.br\/emfoco\/wp-content\/uploads\/2026\/01\/AIAI-4-38.jpg","contentUrl":"https:\/\/www.em.com.br\/emfoco\/wp-content\/uploads\/2026\/01\/AIAI-4-38.jpg","width":1280,"height":720,"caption":"Declara\u00e7\u00e3o correta de alugu\u00e9is evita multas e reduz riscos fiscais"},{"@type":"BreadcrumbList","@id":"https:\/\/www.em.com.br\/emfoco\/2026\/01\/20\/milhares-estao-caindo-na-malha-fina-por-um-detalhe-simples-no-aluguel-e-nem-fazem-ideia-do-erro\/#breadcrumb","itemListElement":[{"@type":"ListItem","position":1,"name":"In\u00edcio","item":"https:\/\/www.em.com.br\/emfoco\/"},{"@type":"ListItem","position":2,"name":"Milhares est\u00e3o caindo na malha fina por um detalhe simples no aluguel e nem fazem ideia do erro"}]},{"@type":"WebSite","@id":"https:\/\/www.em.com.br\/emfoco\/#website","url":"https:\/\/www.em.com.br\/emfoco\/","name":"Estado de Minas - Em foco","description":"Acompanhe as \u00faltimas not\u00edcias e fique bem informado sobre tudo o que acontece em Minas Gerais, Brasil e no mundo.","potentialAction":[{"@type":"SearchAction","target":{"@type":"EntryPoint","urlTemplate":"https:\/\/www.em.com.br\/emfoco\/?s={search_term_string}"},"query-input":{"@type":"PropertyValueSpecification","valueRequired":true,"valueName":"search_term_string"}}],"inLanguage":"pt-BR"},{"@type":"Person","@id":"https:\/\/www.em.com.br\/emfoco\/#\/schema\/person\/1c9ddeab18b98abeffef834667bcf08a","name":"Gabriel Martins","image":{"@type":"ImageObject","inLanguage":"pt-BR","@id":"https:\/\/www.em.com.br\/emfoco\/#\/schema\/person\/image\/","url":"https:\/\/secure.gravatar.com\/avatar\/f0f1e2efdfd88f1ad2cb08c5c2731e50?s=96&d=mm&r=g","contentUrl":"https:\/\/secure.gravatar.com\/avatar\/f0f1e2efdfd88f1ad2cb08c5c2731e50?s=96&d=mm&r=g","caption":"Gabriel Martins"},"sameAs":["https:\/\/www.em.com.br\/emfoco\/"],"url":"https:\/\/www.em.com.br\/emfoco\/author\/gabrielmartinsmyth\/"}]}},"_links":{"self":[{"href":"https:\/\/www.em.com.br\/emfoco\/wp-json\/wp\/v2\/posts\/156848","targetHints":{"allow":["GET"]}}],"collection":[{"href":"https:\/\/www.em.com.br\/emfoco\/wp-json\/wp\/v2\/posts"}],"about":[{"href":"https:\/\/www.em.com.br\/emfoco\/wp-json\/wp\/v2\/types\/post"}],"author":[{"embeddable":true,"href":"https:\/\/www.em.com.br\/emfoco\/wp-json\/wp\/v2\/users\/13"}],"replies":[{"embeddable":true,"href":"https:\/\/www.em.com.br\/emfoco\/wp-json\/wp\/v2\/comments?post=156848"}],"version-history":[{"count":1,"href":"https:\/\/www.em.com.br\/emfoco\/wp-json\/wp\/v2\/posts\/156848\/revisions"}],"predecessor-version":[{"id":156867,"href":"https:\/\/www.em.com.br\/emfoco\/wp-json\/wp\/v2\/posts\/156848\/revisions\/156867"}],"wp:featuredmedia":[{"embeddable":true,"href":"https:\/\/www.em.com.br\/emfoco\/wp-json\/wp\/v2\/media\/156865"}],"wp:attachment":[{"href":"https:\/\/www.em.com.br\/emfoco\/wp-json\/wp\/v2\/media?parent=156848"}],"wp:term":[{"taxonomy":"category","embeddable":true,"href":"https:\/\/www.em.com.br\/emfoco\/wp-json\/wp\/v2\/categories?post=156848"},{"taxonomy":"post_tag","embeddable":true,"href":"https:\/\/www.em.com.br\/emfoco\/wp-json\/wp\/v2\/tags?post=156848"}],"curies":[{"name":"wp","href":"https:\/\/api.w.org\/{rel}","templated":true}]}}