{"id":156847,"date":"2026-01-19T11:45:00","date_gmt":"2026-01-19T14:45:00","guid":{"rendered":"https:\/\/www.em.com.br\/emfoco\/?p=156847"},"modified":"2026-01-19T11:44:45","modified_gmt":"2026-01-19T14:44:45","slug":"funcionario-paralisa-fabrica-com-trem-atravessado-apos-chefe-proibir-horas-extras","status":"publish","type":"post","link":"https:\/\/www.em.com.br\/emfoco\/2026\/01\/19\/funcionario-paralisa-fabrica-com-trem-atravessado-apos-chefe-proibir-horas-extras\/","title":{"rendered":"Funcion\u00e1rio paralisa f\u00e1brica com trem atravessado ap\u00f3s chefe proibir horas extras"},"content":{"rendered":"\n<p>A d\u00e9cada de 1960 testemunhou um dos casos mais emblem\u00e1ticos de conformidade maliciosa na hist\u00f3ria das rela\u00e7\u00f5es trabalhistas americanas. Um veterano da <strong>Segunda Guerra Mundial,<\/strong> que operava a ferrovia em uma grande usina de <strong>a\u00e7o<\/strong>, transformou uma pol\u00edtica corporativa mal planejada em uma li\u00e7\u00e3o inesquec\u00edvel sobre respeito profissional e valoriza\u00e7\u00e3o do trabalho. Quando a ger\u00eancia implementou uma regra draconiana de zero toler\u00e2ncia para <strong>horas extras<\/strong>, esse operador ferrovi\u00e1rio demonstrou precisamente por que certas fun\u00e7\u00f5es exigem flexibilidade hor\u00e1ria, paralisando completamente as opera\u00e7\u00f5es da <strong>f\u00e1brica <\/strong>com um trem de quase tr\u00eas quil\u00f4metros estrategicamente posicionado.<\/p>\n\n\n\n<h2 class=\"wp-block-heading\">Por que a flexibilidade nas horas extras \u00e9 fundamental em opera\u00e7\u00f5es cr\u00edticas?<\/h2>\n\n\n\n<p>O funcion\u00e1rio em quest\u00e3o desempenhava um papel absolutamente essencial nas opera\u00e7\u00f5es di\u00e1rias da usina de <strong>a\u00e7o<\/strong>. Sua responsabilidade consistia em movimentar vag\u00f5es pela <strong>ferrovia <\/strong>interna da <strong>empresa<\/strong>, transportando materiais e produtos entre diferentes setores da f\u00e1brica que ficavam separados por um rio. A natureza cont\u00ednua dos processos sider\u00fargicos exigia que esses deslocamentos fossem conclu\u00eddos adequadamente.<\/p>\n\n\n\n<p>Durante anos, esse veterano acumulava naturalmente algumas horas extras semanais, geralmente apenas duas ou tr\u00eas, simplesmente porque finalizar uma opera\u00e7\u00e3o ferrovi\u00e1ria com seguran\u00e7a demanda tempo. A ger\u00eancia, focada exclusivamente em cortar custos sem compreender as implica\u00e7\u00f5es pr\u00e1ticas, decidiu eliminar completamente qualquer possibilidade de trabalho adicional remunerado.<\/p>\n\n\n\n<figure class=\"wp-block-image size-large is-resized\"><img loading=\"lazy\" decoding=\"async\" width=\"1024\" height=\"559\" src=\"https:\/\/www.em.com.br\/emfoco\/wp-content\/uploads\/2026\/01\/freepik__candid-i-with-natural-textures-and-highly-realisti__81550-1024x559.png\" alt=\"Funcion\u00e1rio paralisa f\u00e1brica com trem atravessado ap\u00f3s chefe proibir horas extras\" class=\"wp-image-156968\" style=\"width:971px;height:auto\" srcset=\"https:\/\/www.em.com.br\/emfoco\/wp-content\/uploads\/2026\/01\/freepik__candid-i-with-natural-textures-and-highly-realisti__81550-1024x559.png 1024w, https:\/\/www.em.com.br\/emfoco\/wp-content\/uploads\/2026\/01\/freepik__candid-i-with-natural-textures-and-highly-realisti__81550-300x164.png 300w, https:\/\/www.em.com.br\/emfoco\/wp-content\/uploads\/2026\/01\/freepik__candid-i-with-natural-textures-and-highly-realisti__81550-768x419.png 768w, https:\/\/www.em.com.br\/emfoco\/wp-content\/uploads\/2026\/01\/freepik__candid-i-with-natural-textures-and-highly-realisti__81550-750x409.png 750w, https:\/\/www.em.com.br\/emfoco\/wp-content\/uploads\/2026\/01\/freepik__candid-i-with-natural-textures-and-highly-realisti__81550-1140x622.png 1140w, https:\/\/www.em.com.br\/emfoco\/wp-content\/uploads\/2026\/01\/freepik__candid-i-with-natural-textures-and-highly-realisti__81550.png 1408w\" sizes=\"auto, (max-width: 1024px) 100vw, 1024px\" \/><figcaption class=\"wp-element-caption\">Chefe pro\u00edbe horas extras e funcion\u00e1rio paralisa f\u00e1brica com trem atravessado<\/figcaption><\/figure>\n\n\n\n<h2 class=\"wp-block-heading\">Como decis\u00f5es administrativas desconectadas da realidade operacional geram crises?<\/h2>\n\n\n\n<p>A implementa\u00e7\u00e3o da pol\u00edtica de &#8220;<strong>sem horas extras, sem exce\u00e7\u00f5es<\/strong>&#8221; revelou uma falha cl\u00e1ssica na gest\u00e3o corporativa. Os executivos que tomaram essa decis\u00e3o provavelmente nunca haviam operado um \u00fanico vag\u00e3o ferrovi\u00e1rio, muito menos compreendido a log\u00edstica complexa de uma usina sider\u00fargica. Eles enxergavam apenas n\u00fameros em planilhas, ignorando a din\u00e2mica real do trabalho.<\/p>\n\n\n\n<p>O operador <strong>ferrovi\u00e1rio<\/strong>, veterano que sobreviveu como prisioneiro de guerra na It\u00e1lia, n\u00e3o era algu\u00e9m facilmente intimidado por pol\u00edticas corporativas arbitr\u00e1rias. Ele dedicou algumas semanas planejando sua resposta, calculando exatamente como demonstrar a insensatez da nova regra. Os elementos que tornaram sua estrat\u00e9gia eficaz incluem:<\/p>\n\n\n\n<ul class=\"wp-block-list\">\n<li>Conhecimento profundo da infraestrutura da usina e dos pontos cr\u00edticos onde um trem parado causaria m\u00e1ximo impacto produtivo<\/li>\n\n\n\n<li>Compreens\u00e3o precisa dos direitos trabalhistas garantidos pelo sindicato, assegurando prote\u00e7\u00e3o contra repres\u00e1lias injustas<\/li>\n\n\n\n<li>Timing perfeito para executar a a\u00e7\u00e3o no momento de maior visibilidade e consequ\u00eancias operacionais significativas<\/li>\n<\/ul>\n\n\n\n<figure class=\"wp-block-image size-large is-resized\"><img loading=\"lazy\" decoding=\"async\" width=\"1024\" height=\"585\" src=\"https:\/\/www.em.com.br\/emfoco\/wp-content\/uploads\/2026\/01\/freepik__35mm-film-photography-closeup-of-industrial-1960s-__81552-1024x585.jpeg\" alt=\"\" class=\"wp-image-156976\" style=\"width:970px;height:auto\" srcset=\"https:\/\/www.em.com.br\/emfoco\/wp-content\/uploads\/2026\/01\/freepik__35mm-film-photography-closeup-of-industrial-1960s-__81552-1024x585.jpeg 1024w, https:\/\/www.em.com.br\/emfoco\/wp-content\/uploads\/2026\/01\/freepik__35mm-film-photography-closeup-of-industrial-1960s-__81552-300x171.jpeg 300w, https:\/\/www.em.com.br\/emfoco\/wp-content\/uploads\/2026\/01\/freepik__35mm-film-photography-closeup-of-industrial-1960s-__81552-768x439.jpeg 768w, https:\/\/www.em.com.br\/emfoco\/wp-content\/uploads\/2026\/01\/freepik__35mm-film-photography-closeup-of-industrial-1960s-__81552-1536x878.jpeg 1536w, https:\/\/www.em.com.br\/emfoco\/wp-content\/uploads\/2026\/01\/freepik__35mm-film-photography-closeup-of-industrial-1960s-__81552-2048x1170.jpeg 2048w, https:\/\/www.em.com.br\/emfoco\/wp-content\/uploads\/2026\/01\/freepik__35mm-film-photography-closeup-of-industrial-1960s-__81552-750x429.jpeg 750w, https:\/\/www.em.com.br\/emfoco\/wp-content\/uploads\/2026\/01\/freepik__35mm-film-photography-closeup-of-industrial-1960s-__81552-1140x651.jpeg 1140w\" sizes=\"auto, (max-width: 1024px) 100vw, 1024px\" \/><figcaption class=\"wp-element-caption\">Regra sem exce\u00e7\u00f5es causa caos na f\u00e1brica com trem deixado no meio da opera\u00e7\u00e3o<\/figcaption><\/figure>\n\n\n\n<h2 class=\"wp-block-heading\">Qual o papel do sindicato na prote\u00e7\u00e3o contra pol\u00edticas corporativas prejudiciais?<\/h2>\n\n\n\n<p>Quando o operador estacionou seu motor de ferrovia precisamente \u00e0s <strong>15h<\/strong>, registrou seu ponto e foi para casa, deixando quase tr\u00eas quil\u00f4metros de vag\u00f5es carregados atravessando toda a extens\u00e3o da usina, a rea\u00e7\u00e3o da ger\u00eancia foi imediata. Os chefes tentaram implementar medidas disciplinares contra o funcion\u00e1rio, acusando-o de sabotagem.<\/p>\n\n\n\n<p>O sindicato interveio de forma categ\u00f3rica. A argumenta\u00e7\u00e3o era irrefut\u00e1vel: o trabalhador havia seguido exatamente a pol\u00edtica estabelecida pela pr\u00f3pria administra\u00e7\u00e3o. A tentativa de puni\u00e7\u00e3o foi completamente desmantelada pela representa\u00e7\u00e3o sindical, que exp\u00f4s a hipocrisia gerencial de exigir trabalho n\u00e3o remunerado disfar\u00e7ado como cumprimento de fun\u00e7\u00e3o.<\/p>\n\n\n\n<h2 class=\"wp-block-heading\">Como uma a\u00e7\u00e3o individual pode transformar pol\u00edticas corporativas ineficazes?<\/h2>\n\n\n\n<p>A paralisa\u00e7\u00e3o da usina de a\u00e7o durou o suficiente para causar preju\u00edzos significativos e constrangimento administrativo consider\u00e1vel. As opera\u00e7\u00f5es ficaram completamente congeladas, com a ferrovia bloqueada atravessando setores vitais da produ\u00e7\u00e3o. O custo financeiro dessa interrup\u00e7\u00e3o superou em muito qualquer economia que a pol\u00edtica de elimina\u00e7\u00e3o de horas extras poderia ter gerado.<\/p>\n\n\n\n<p>No dia seguinte, a ger\u00eancia reverteu silenciosamente a pol\u00edtica implementada. Nenhum comunicado oficial foi emitido reconhecendo o erro, mas a mensagem estava clara: certas opera\u00e7\u00f5es requerem flexibilidade hor\u00e1ria, e tentar eliminar horas extras leg\u00edtimas resulta em consequ\u00eancias muito mais custosas do que pagar adequadamente pelo trabalho realizado.<\/p>\n\n\n\n<h2 class=\"wp-block-heading\">Isso poderia acontecer hoje no brasil sob a legisla\u00e7\u00e3o trabalhista vigente?<\/h2>\n\n\n\n<p>A Consolida\u00e7\u00e3o das Leis do Trabalho estabelece regras claras sobre jornada e horas extras.<a href=\"https:\/\/www.jusbrasil.com.br\/topicos\/10759850\/artigo-59-do-decreto-lei-n-5452-de-01-de-maio-de-1943\" target=\"_blank\" rel=\"noreferrer noopener\"> O artigo 59 da CLT <\/a>determina que a dura\u00e7\u00e3o normal do trabalho pode ser acrescida de no m\u00e1ximo duas horas extras di\u00e1rias. Quando a natureza do trabalho exige continuidade al\u00e9m do hor\u00e1rio regular, o empregador n\u00e3o pode simplesmente proibir horas extras sem garantir que as tarefas sejam conclu\u00eddas adequadamente.<\/p>\n\n\n\n<p>Um cen\u00e1rio semelhante hoje no Brasil resultaria em prote\u00e7\u00f5es legais ao trabalhador. Se uma empresa proibisse categoricamente horas extras, mas as atividades demandassem trabalho al\u00e9m da jornada, o funcion\u00e1rio poderia interromper o servi\u00e7o no hor\u00e1rio exato ou realizar as horas necess\u00e1rias e reivindicar pagamento via Justi\u00e7a do Trabalho. Qualquer puni\u00e7\u00e3o por encerrar atividades no hor\u00e1rio regulamentar seria considerada ass\u00e9dio moral, pass\u00edvel de indeniza\u00e7\u00e3o.<\/p>\n","protected":false},"excerpt":{"rendered":"<p>A d\u00e9cada de 1960 testemunhou um dos casos mais emblem\u00e1ticos de conformidade maliciosa na hist\u00f3ria das rela\u00e7\u00f5es trabalhistas americanas. Um veterano da Segunda Guerra Mundial, que operava a ferrovia em uma grande usina de a\u00e7o, transformou uma pol\u00edtica corporativa mal planejada em uma li\u00e7\u00e3o inesquec\u00edvel sobre respeito profissional e valoriza\u00e7\u00e3o do trabalho. Quando a ger\u00eancia [&hellip;]<\/p>\n","protected":false},"author":19,"featured_media":156972,"comment_status":"open","ping_status":"open","sticky":false,"template":"","format":"standard","meta":{"jnews-multi-image_gallery":[],"jnews_single_post":{"format":"standard"},"jnews_primary_category":[],"jnews_social_meta":[],"jnews_override_counter":[],"footnotes":""},"categories":[1],"tags":[],"class_list":["post-156847","post","type-post","status-publish","format-standard","has-post-thumbnail","hentry","category-noticias"],"yoast_head":"<!-- This site is optimized with the Yoast SEO plugin v23.8 - https:\/\/yoast.com\/wordpress\/plugins\/seo\/ -->\n<title>Funcion\u00e1rio paralisa f\u00e1brica com trem atravessado ap\u00f3s chefe proibir horas extras - Estado de Minas - Em foco<\/title>\n<meta name=\"robots\" content=\"index, follow, max-snippet:-1, max-image-preview:large, max-video-preview:-1\" \/>\n<link rel=\"canonical\" href=\"https:\/\/www.em.com.br\/emfoco\/2026\/01\/19\/funcionario-paralisa-fabrica-com-trem-atravessado-apos-chefe-proibir-horas-extras\/\" \/>\n<meta property=\"og:locale\" content=\"pt_BR\" \/>\n<meta property=\"og:type\" content=\"article\" \/>\n<meta property=\"og:title\" content=\"Funcion\u00e1rio paralisa f\u00e1brica com trem atravessado ap\u00f3s chefe proibir horas extras - Estado de Minas - Em foco\" \/>\n<meta property=\"og:description\" content=\"A d\u00e9cada de 1960 testemunhou um dos casos mais emblem\u00e1ticos de conformidade maliciosa na hist\u00f3ria das rela\u00e7\u00f5es trabalhistas americanas. Um veterano da Segunda Guerra Mundial, que operava a ferrovia em uma grande usina de a\u00e7o, transformou uma pol\u00edtica corporativa mal planejada em uma li\u00e7\u00e3o inesquec\u00edvel sobre respeito profissional e valoriza\u00e7\u00e3o do trabalho. Quando a ger\u00eancia [&hellip;]\" \/>\n<meta property=\"og:url\" content=\"https:\/\/www.em.com.br\/emfoco\/2026\/01\/19\/funcionario-paralisa-fabrica-com-trem-atravessado-apos-chefe-proibir-horas-extras\/\" \/>\n<meta property=\"og:site_name\" content=\"Estado de Minas - Em foco\" \/>\n<meta property=\"article:published_time\" content=\"2026-01-19T14:45:00+00:00\" \/>\n<meta property=\"article:modified_time\" content=\"2026-01-19T14:44:45+00:00\" \/>\n<meta property=\"og:image\" content=\"https:\/\/www.em.com.br\/emfoco\/wp-content\/uploads\/2026\/01\/freepik__35mm-film-photography-closeup-of-1960s-railway-wor__81551.png\" \/>\n\t<meta property=\"og:image:width\" content=\"1408\" \/>\n\t<meta property=\"og:image:height\" content=\"768\" \/>\n\t<meta property=\"og:image:type\" content=\"image\/png\" \/>\n<meta name=\"author\" content=\"Vanessa Tavares\" \/>\n<meta name=\"twitter:card\" content=\"summary_large_image\" \/>\n<meta name=\"twitter:label1\" content=\"Escrito por\" \/>\n\t<meta name=\"twitter:data1\" content=\"Vanessa Tavares\" \/>\n\t<meta name=\"twitter:label2\" content=\"Est. tempo de leitura\" \/>\n\t<meta name=\"twitter:data2\" content=\"5 minutos\" \/>\n<!-- \/ Yoast SEO plugin. -->","yoast_head_json":{"title":"Funcion\u00e1rio paralisa f\u00e1brica com trem atravessado ap\u00f3s chefe proibir horas extras - Estado de Minas - Em foco","robots":{"index":"index","follow":"follow","max-snippet":"max-snippet:-1","max-image-preview":"max-image-preview:large","max-video-preview":"max-video-preview:-1"},"canonical":"https:\/\/www.em.com.br\/emfoco\/2026\/01\/19\/funcionario-paralisa-fabrica-com-trem-atravessado-apos-chefe-proibir-horas-extras\/","og_locale":"pt_BR","og_type":"article","og_title":"Funcion\u00e1rio paralisa f\u00e1brica com trem atravessado ap\u00f3s chefe proibir horas extras - Estado de Minas - Em foco","og_description":"A d\u00e9cada de 1960 testemunhou um dos casos mais emblem\u00e1ticos de conformidade maliciosa na hist\u00f3ria das rela\u00e7\u00f5es trabalhistas americanas. Um veterano da Segunda Guerra Mundial, que operava a ferrovia em uma grande usina de a\u00e7o, transformou uma pol\u00edtica corporativa mal planejada em uma li\u00e7\u00e3o inesquec\u00edvel sobre respeito profissional e valoriza\u00e7\u00e3o do trabalho. Quando a ger\u00eancia [&hellip;]","og_url":"https:\/\/www.em.com.br\/emfoco\/2026\/01\/19\/funcionario-paralisa-fabrica-com-trem-atravessado-apos-chefe-proibir-horas-extras\/","og_site_name":"Estado de Minas - Em foco","article_published_time":"2026-01-19T14:45:00+00:00","article_modified_time":"2026-01-19T14:44:45+00:00","og_image":[{"width":1408,"height":768,"url":"https:\/\/www.em.com.br\/emfoco\/wp-content\/uploads\/2026\/01\/freepik__35mm-film-photography-closeup-of-1960s-railway-wor__81551.png","type":"image\/png"}],"author":"Vanessa Tavares","twitter_card":"summary_large_image","twitter_misc":{"Escrito por":"Vanessa Tavares","Est. tempo de leitura":"5 minutos"},"schema":{"@context":"https:\/\/schema.org","@graph":[{"@type":"WebPage","@id":"https:\/\/www.em.com.br\/emfoco\/2026\/01\/19\/funcionario-paralisa-fabrica-com-trem-atravessado-apos-chefe-proibir-horas-extras\/","url":"https:\/\/www.em.com.br\/emfoco\/2026\/01\/19\/funcionario-paralisa-fabrica-com-trem-atravessado-apos-chefe-proibir-horas-extras\/","name":"Funcion\u00e1rio paralisa f\u00e1brica com trem atravessado ap\u00f3s chefe proibir horas extras - Estado de Minas - Em foco","isPartOf":{"@id":"https:\/\/www.em.com.br\/emfoco\/#website"},"primaryImageOfPage":{"@id":"https:\/\/www.em.com.br\/emfoco\/2026\/01\/19\/funcionario-paralisa-fabrica-com-trem-atravessado-apos-chefe-proibir-horas-extras\/#primaryimage"},"image":{"@id":"https:\/\/www.em.com.br\/emfoco\/2026\/01\/19\/funcionario-paralisa-fabrica-com-trem-atravessado-apos-chefe-proibir-horas-extras\/#primaryimage"},"thumbnailUrl":"https:\/\/www.em.com.br\/emfoco\/wp-content\/uploads\/2026\/01\/freepik__35mm-film-photography-closeup-of-1960s-railway-wor__81551.png","datePublished":"2026-01-19T14:45:00+00:00","dateModified":"2026-01-19T14:44:45+00:00","author":{"@id":"https:\/\/www.em.com.br\/emfoco\/#\/schema\/person\/4a7a157aac450b98edc86f15a7434f0b"},"breadcrumb":{"@id":"https:\/\/www.em.com.br\/emfoco\/2026\/01\/19\/funcionario-paralisa-fabrica-com-trem-atravessado-apos-chefe-proibir-horas-extras\/#breadcrumb"},"inLanguage":"pt-BR","potentialAction":[{"@type":"ReadAction","target":["https:\/\/www.em.com.br\/emfoco\/2026\/01\/19\/funcionario-paralisa-fabrica-com-trem-atravessado-apos-chefe-proibir-horas-extras\/"]}]},{"@type":"ImageObject","inLanguage":"pt-BR","@id":"https:\/\/www.em.com.br\/emfoco\/2026\/01\/19\/funcionario-paralisa-fabrica-com-trem-atravessado-apos-chefe-proibir-horas-extras\/#primaryimage","url":"https:\/\/www.em.com.br\/emfoco\/wp-content\/uploads\/2026\/01\/freepik__35mm-film-photography-closeup-of-1960s-railway-wor__81551.png","contentUrl":"https:\/\/www.em.com.br\/emfoco\/wp-content\/uploads\/2026\/01\/freepik__35mm-film-photography-closeup-of-1960s-railway-wor__81551.png","width":1408,"height":768,"caption":"Trem de 3,2 km trava sider\u00fargica ap\u00f3s funcion\u00e1rio seguir ordem \u00e0 risca"},{"@type":"BreadcrumbList","@id":"https:\/\/www.em.com.br\/emfoco\/2026\/01\/19\/funcionario-paralisa-fabrica-com-trem-atravessado-apos-chefe-proibir-horas-extras\/#breadcrumb","itemListElement":[{"@type":"ListItem","position":1,"name":"In\u00edcio","item":"https:\/\/www.em.com.br\/emfoco\/"},{"@type":"ListItem","position":2,"name":"Funcion\u00e1rio paralisa f\u00e1brica com trem atravessado ap\u00f3s chefe proibir horas extras"}]},{"@type":"WebSite","@id":"https:\/\/www.em.com.br\/emfoco\/#website","url":"https:\/\/www.em.com.br\/emfoco\/","name":"Estado de Minas - Em foco","description":"Acompanhe as \u00faltimas not\u00edcias e fique bem informado sobre tudo o que acontece em Minas Gerais, Brasil e no mundo.","potentialAction":[{"@type":"SearchAction","target":{"@type":"EntryPoint","urlTemplate":"https:\/\/www.em.com.br\/emfoco\/?s={search_term_string}"},"query-input":{"@type":"PropertyValueSpecification","valueRequired":true,"valueName":"search_term_string"}}],"inLanguage":"pt-BR"},{"@type":"Person","@id":"https:\/\/www.em.com.br\/emfoco\/#\/schema\/person\/4a7a157aac450b98edc86f15a7434f0b","name":"Vanessa Tavares","image":{"@type":"ImageObject","inLanguage":"pt-BR","@id":"https:\/\/www.em.com.br\/emfoco\/#\/schema\/person\/image\/","url":"https:\/\/secure.gravatar.com\/avatar\/088c9372da58da00f00f8e508f13d635?s=96&d=mm&r=g","contentUrl":"https:\/\/secure.gravatar.com\/avatar\/088c9372da58da00f00f8e508f13d635?s=96&d=mm&r=g","caption":"Vanessa Tavares"},"sameAs":["https:\/\/www.em.com.br\/emfoco"],"url":"https:\/\/www.em.com.br\/emfoco\/author\/vanessamyth\/"}]}},"_links":{"self":[{"href":"https:\/\/www.em.com.br\/emfoco\/wp-json\/wp\/v2\/posts\/156847","targetHints":{"allow":["GET"]}}],"collection":[{"href":"https:\/\/www.em.com.br\/emfoco\/wp-json\/wp\/v2\/posts"}],"about":[{"href":"https:\/\/www.em.com.br\/emfoco\/wp-json\/wp\/v2\/types\/post"}],"author":[{"embeddable":true,"href":"https:\/\/www.em.com.br\/emfoco\/wp-json\/wp\/v2\/users\/19"}],"replies":[{"embeddable":true,"href":"https:\/\/www.em.com.br\/emfoco\/wp-json\/wp\/v2\/comments?post=156847"}],"version-history":[{"count":4,"href":"https:\/\/www.em.com.br\/emfoco\/wp-json\/wp\/v2\/posts\/156847\/revisions"}],"predecessor-version":[{"id":156986,"href":"https:\/\/www.em.com.br\/emfoco\/wp-json\/wp\/v2\/posts\/156847\/revisions\/156986"}],"wp:featuredmedia":[{"embeddable":true,"href":"https:\/\/www.em.com.br\/emfoco\/wp-json\/wp\/v2\/media\/156972"}],"wp:attachment":[{"href":"https:\/\/www.em.com.br\/emfoco\/wp-json\/wp\/v2\/media?parent=156847"}],"wp:term":[{"taxonomy":"category","embeddable":true,"href":"https:\/\/www.em.com.br\/emfoco\/wp-json\/wp\/v2\/categories?post=156847"},{"taxonomy":"post_tag","embeddable":true,"href":"https:\/\/www.em.com.br\/emfoco\/wp-json\/wp\/v2\/tags?post=156847"}],"curies":[{"name":"wp","href":"https:\/\/api.w.org\/{rel}","templated":true}]}}