{"id":156805,"date":"2026-01-20T13:25:37","date_gmt":"2026-01-20T16:25:37","guid":{"rendered":"https:\/\/www.em.com.br\/emfoco\/?p=156805"},"modified":"2026-01-19T15:09:02","modified_gmt":"2026-01-19T18:09:02","slug":"como-plantar-acai-em-casa-e-garantir-frutos-saudaveis-e-saborosos","status":"publish","type":"post","link":"https:\/\/www.em.com.br\/emfoco\/2026\/01\/20\/como-plantar-acai-em-casa-e-garantir-frutos-saudaveis-e-saborosos\/","title":{"rendered":"Como plantar a\u00e7a\u00ed em casa e garantir frutos saud\u00e1veis e saborosos"},"content":{"rendered":"\n<h2 class=\"wp-block-heading\">O a\u00e7a\u00ed exige solo adubado e irriga\u00e7\u00e3o constante. O plantio via mudas acelera a produ\u00e7\u00e3o, que inicia entre 3 e 5 anos. A colheita requer frutos roxos e o processamento deve ser imediato para garantir a qualidade da polpa<\/h2>\n\n\n\n<p><b>Imagine colher seus pr\u00f3prios cachos de a\u00e7a\u00ed no quintal<\/b> ou em uma pequena ch\u00e1cara, preparar a polpa na hora e ainda gerar uma <b>renda extra para a fam\u00edlia<\/b>. O cultivo de a\u00e7a\u00ed, antes comum apenas em \u00e1reas ribeirinhas da Amaz\u00f4nia, hoje \u00e9 uma <b>alternativa real em diferentes regi\u00f5es do Brasil<\/b>.<\/p>\n\n\n\n<h2 class=\"wp-block-heading\">Como funciona o passo a passo para plantar a\u00e7a\u00ed<\/h2>\n\n\n\n<p>Na hora de decidir como plantar a\u00e7a\u00ed, o produtor pode escolher entre usar <b>sementes ou mudas de viveiro<\/b>. As mudas de viveiro costumam ser mais seguras, pois s\u00e3o mais <b>uniformes e come\u00e7am a produzir mais r\u00e1pido<\/b>. As sementes, por outro lado, exigem mais paci\u00eancia e cuidado na germina\u00e7\u00e3o, mas podem ser uma sa\u00edda quando h\u00e1 <b>muitos frutos dispon\u00edveis na regi\u00e3o<\/b>, permitindo selecionar matrizes produtivas.<\/p>\n\n\n\n<p>O plantio segue algumas <b>etapas b\u00e1sicas e simples de entender<\/b> para quem est\u00e1 come\u00e7ando:<\/p>\n\n\n\n<ol class=\"wp-block-list\">\n<li><strong>Sele\u00e7\u00e3o das mudas:<\/strong> escolher mudas <b>sadias, com 30 a 50 cm de altura<\/b>, ra\u00edzes bem formadas e folhas sem manchas, evitando qualquer sinal de <b>pragas ou doen\u00e7as<\/b>.<\/li>\n\n\n\n<li><strong>Abertura das covas:<\/strong> em geral com <b>40 x 40 x 40 cm<\/b>, ajustando conforme o tipo de solo da \u00e1rea, garantindo espa\u00e7o suficiente para o <b>desenvolvimento inicial das ra\u00edzes<\/b>.<\/li>\n\n\n\n<li><strong>Aduba\u00e7\u00e3o de base:<\/strong> misturar a terra da cova com <b>mat\u00e9ria org\u00e2nica bem curtida<\/b> e adubos indicados pela an\u00e1lise de solo, favorecendo um <b>arranque vigoroso das mudas<\/b>.<\/li>\n\n\n\n<li><strong>Plantio da muda:<\/strong> colocar a muda ao centro, <b>cobrindo o torr\u00e3o sem enterrar demais o colo<\/b> da planta, evitando afogamento do broto e protegendo as <b>ra\u00edzes mais sens\u00edveis<\/b>.<\/li>\n\n\n\n<li><strong>Irriga\u00e7\u00e3o inicial:<\/strong> regar bem ap\u00f3s o plantio para <b>eliminar bols\u00f5es de ar no solo<\/b> e firmar as ra\u00edzes, garantindo um <b>contato \u00edntimo entre o torr\u00e3o e a terra<\/b>.<\/li>\n<\/ol>\n\n\n\n<figure class=\"wp-block-embed is-type-rich is-provider-pinterest wp-block-embed-pinterest\"><div class=\"wp-block-embed__wrapper\">\n<iframe loading=\"lazy\" title=\"6 Beneficios del A\u00e7a\u00ed | Superalimento Antiinflamatorio Rico en Antioxidantes \ud83c\udf47\" src=\"https:\/\/assets.pinterest.com\/ext\/embed.html?id=72479875250265726&#038;src=oembed\" height=\"899\" width=\"450\" frameborder=\"0\" scrolling=\"no\" ><\/iframe>\n<\/div><\/figure>\n\n\n\n<p>Leia tamb\u00e9m:&nbsp;<a href=\"https:\/\/www.em.com.br\/emfoco\/2026\/01\/18\/cozinha-pequena-veja-como-cultivar-ervas-em-vasos-e-jardineiras-compactas\/\" target=\"_blank\" rel=\"noopener\">Cozinha pequena? Veja como plantar ervas em vasos e jardineiras compactas<\/a><\/p>\n\n\n\n<h2 class=\"wp-block-heading\">Quais cuidados manter depois do plantio de a\u00e7a\u00ed<\/h2>\n\n\n\n<p>Depois que as mudas est\u00e3o no ch\u00e3o, o foco passa a ser <b>cuidar do desenvolvimento das plantas<\/b>. Nos primeiros anos, \u00e9 importante controlar o mato ao redor do a\u00e7aizeiro, pois as plantas invasoras <b>competem por luz, \u00e1gua e nutrientes<\/b>. Capinas manuais ou ro\u00e7adas leves ajudam a <b>limpar a \u00e1rea sem prejudicar as ra\u00edzes<\/b>, al\u00e9m de facilitar o tr\u00e2nsito na \u00e1rea de cultivo.<\/p>\n\n\n\n<p>A irriga\u00e7\u00e3o ganha destaque, principalmente em regi\u00f5es com <b>per\u00edodos de seca bem definidos<\/b>, podendo ser feita com mangueiras, gotejamento simples ou sistemas mais modernos em \u00e1reas comerciais. A <b>aduba\u00e7\u00e3o de cobertura peri\u00f3dica<\/b>, feita em intervalos recomendados por um t\u00e9cnico, fortalece o crescimento e ajuda na <b>forma\u00e7\u00e3o de cachos mais cheios e pesados<\/b>.<\/p>\n\n\n\n<figure class=\"wp-block-embed is-type-rich is-provider-pinterest wp-block-embed-pinterest\"><div class=\"wp-block-embed__wrapper\">\n<iframe loading=\"lazy\" title=\"Acai-Beeren \u2013 die Kraft der Antioxidantien\" src=\"https:\/\/assets.pinterest.com\/ext\/embed.html?id=69313281753756199&#038;src=oembed\" height=\"743\" width=\"450\" frameborder=\"0\" scrolling=\"no\" ><\/iframe>\n<\/div><\/figure>\n\n\n\n<h2 class=\"wp-block-heading\">Quais s\u00e3o os principais pontos de aten\u00e7\u00e3o no manejo do a\u00e7aizeiro<\/h2>\n\n\n\n<p>Com o passar do tempo, alguns cuidados viram <b>rotina importante no manejo do pomar<\/b> e fazem toda a diferen\u00e7a na sa\u00fade das plantas e na qualidade dos frutos. Vale a pena criar um <b>simples checklist de acompanhamento<\/b> para o dia a dia do pomar de a\u00e7a\u00ed, mesmo em pequenas propriedades, anotando datas de aduba\u00e7\u00e3o, irriga\u00e7\u00e3o e <b>ocorr\u00eancia de pragas ou doen\u00e7as<\/b>.<\/p>\n\n\n\n<div style=\"font-family: 'Segoe UI', Tahoma, Geneva, Verdana, sans-serif; max-width: 1000px; margin: 20px auto; border: 2px solid #722f37; border-radius: 30px; overflow: hidden; background-color: #ffffff; box-shadow: 0 4px 15px rgba(114, 47, 55, 0.1);\">\n    <table style=\"width: 100%; border-collapse: collapse; text-align: left; font-size: 14px;\">\n        <thead>\n            <tr style=\"background-color: #722f37;\">\n                <th style=\"padding: 15px; color: #ffffff; border-bottom: 2px solid #f9d8e6; width: 30%;\">A\u00e7\u00e3o de Manuten\u00e7\u00e3o<\/th>\n                <th style=\"padding: 15px; color: #ffffff; border-bottom: 2px solid #f9d8e6; width: 70%;\">Orienta\u00e7\u00f5es T\u00e9cnicas<\/th>\n            <\/tr>\n        <\/thead>\n        <tbody>\n            <tr>\n                <td style=\"padding: 12px 15px; border-bottom: 1px solid #ffe3ee; color: #4a4a4a; font-weight: bold;\">Controle de Umidade<\/td>\n                <td style=\"padding: 12px 15px; border-bottom: 1px solid #ffe3ee; color: #4a4a4a;\">Manter o solo sempre levemente \u00famido, evitando encharcamento prolongado que possa causar apodrecimento de ra\u00edzes.<\/td>\n            <\/tr>\n            <tr style=\"background-color: #fffafa;\">\n                <td style=\"padding: 12px 15px; border-bottom: 1px solid #ffe3ee; color: #4a4a4a; font-weight: bold;\">Aduba\u00e7\u00e3o Org\u00e2nica<\/td>\n                <td style=\"padding: 12px 15px; border-bottom: 1px solid #ffe3ee; color: #4a4a4a;\">Refor\u00e7ar a aduba\u00e7\u00e3o org\u00e2nica pelo menos uma vez ao ano com esterco curtido ou composto, melhorando a estrutura e a vida microbiana do solo.<\/td>\n            <\/tr>\n            <tr>\n                <td style=\"padding: 12px 15px; border-bottom: 1px solid #ffe3ee; color: #4a4a4a; font-weight: bold;\">Monitoramento de Pragas<\/td>\n                <td style=\"padding: 12px 15px; border-bottom: 1px solid #ffe3ee; color: #4a4a4a;\">Monitorar pragas como brocas e formigas cortadeiras, agindo cedo ao perceber ataques para reduzir danos \u00e0s folhas, ra\u00edzes e cachos.<\/td>\n            <\/tr>\n            <tr style=\"background-color: #fffafa;\">\n                <td style=\"padding: 12px 15px; color: #4a4a4a; font-weight: bold;\">Diagn\u00f3stico Visual<\/td>\n                <td style=\"padding: 12px 15px; color: #4a4a4a;\">Observar folhas amareladas ou deformadas, que podem indicar falta de nutrientes, ajustando a aduba\u00e7\u00e3o ou corre\u00e7\u00e3o de solo conforme necessidade.<\/td>\n            <\/tr>\n        <\/tbody>\n    <\/table>\n<\/div>\n\n\n\n<h2 class=\"wp-block-heading\">Quanto tempo o a\u00e7a\u00ed leva para produzir e como organizar a colheita<\/h2>\n\n\n\n<p>Em boas condi\u00e7\u00f5es de clima, solo e manejo, o <b>a\u00e7aizeiro come\u00e7a a produzir entre o terceiro e o quinto ano<\/b> ap\u00f3s o plantio. A planta forma v\u00e1rios estipes, os \u201cfilhos\u201d, o que permite uma <b>colheita mais cont\u00ednua ao longo do ano<\/b>, embora existam \u00e9pocas de maior produ\u00e7\u00e3o conforme a regi\u00e3o, o clima e o <b>uso de t\u00e9cnicas de irriga\u00e7\u00e3o suplementar<\/b>.<\/p>\n\n\n\n<p>A colheita \u00e9 feita quando os frutos est\u00e3o <b>roxos por igual e firmes ao toque<\/b>. Em \u00e1reas tradicionais, o trabalhador sobe na palmeira com peias para retirar os cachos. Em cultivos mais modernos, busca-se manter as plantas <b>mais baixas por meio de manejo adequado<\/b>, facilitando o acesso, reduzindo riscos e deixando o trabalho <b>menos pesado e mais seguro para a fam\u00edlia<\/b>.<\/p>\n\n\n\n<p>Para voc\u00ea que quer mais, separamos um v\u00eddeo do canal <a href=\"https:\/\/www.youtube.com\/@WorldClik\" target=\"_blank\" rel=\"noreferrer noopener\">World Clik<\/a> com dicas para plantar uma \u00e1rvore a\u00e7a\u00ed de forma f\u00e1cil<\/p>\n\n\n\n<figure class=\"wp-block-embed is-type-video is-provider-youtube wp-block-embed-youtube wp-embed-aspect-16-9 wp-has-aspect-ratio\"><div class=\"wp-block-embed__wrapper\">\n<div class=\"jeg_video_container jeg_video_content\"><iframe loading=\"lazy\" title=\"Como Plantar A\u00e7a\u00ed, simples, f\u00e1cil e r\u00e1pido\" width=\"500\" height=\"281\" src=\"https:\/\/www.youtube.com\/embed\/6xi9-tLltdI?feature=oembed\" frameborder=\"0\" allow=\"accelerometer; autoplay; clipboard-write; encrypted-media; gyroscope; picture-in-picture; web-share\" referrerpolicy=\"strict-origin-when-cross-origin\" allowfullscreen><\/iframe><\/div>\n<\/div><\/figure>\n\n\n\n<h2 class=\"wp-block-heading\">Como cuidar do processamento do a\u00e7a\u00ed ap\u00f3s a colheita<\/h2>\n\n\n\n<p>Depois de colhidos, os frutos precisam ser <b>processados o mais r\u00e1pido poss\u00edvel<\/b> para evitar fermenta\u00e7\u00e3o e perda de sabor. Em pequenas propriedades, \u00e9 comum usar <b>m\u00e1quinas pr\u00f3prias para despolpamento<\/b>, garantindo polpa fresca para consumo ou venda direta, sempre observando <b>boas pr\u00e1ticas de higiene<\/b>.<\/p>\n\n\n\n<p>Em plantios maiores, os cachos geralmente seguem para agroind\u00fastrias, onde a polpa \u00e9 extra\u00edda, <b>resfriada ou congelada rapidamente<\/b>. Em qualquer escala, higiene, <b>boa qualidade da \u00e1gua utilizada<\/b>, armazenamento adequado e transporte r\u00e1pido s\u00e3o essenciais para oferecer um a\u00e7a\u00ed de <b>qualidade, seguro e saboroso<\/b> para o consumidor.<\/p>\n","protected":false},"excerpt":{"rendered":"<p>O a\u00e7a\u00ed exige solo adubado e irriga\u00e7\u00e3o constante. O plantio via mudas acelera a produ\u00e7\u00e3o, que inicia entre 3 e 5 anos. A colheita requer frutos roxos e o processamento deve ser imediato para garantir a qualidade da polpa Imagine colher seus pr\u00f3prios cachos de a\u00e7a\u00ed no quintal ou em uma pequena ch\u00e1cara, preparar a [&hellip;]<\/p>\n","protected":false},"author":9,"featured_media":156815,"comment_status":"open","ping_status":"open","sticky":false,"template":"","format":"standard","meta":{"jnews-multi-image_gallery":[],"jnews_single_post":{"format":"standard"},"jnews_primary_category":[],"jnews_social_meta":[],"jnews_override_counter":[],"footnotes":""},"categories":[8691,8819,1],"tags":[5610,10426,7701],"class_list":["post-156805","post","type-post","status-publish","format-standard","has-post-thumbnail","hentry","category-bem-estar","category-curiosidades","category-noticias","tag-acai","tag-arvore","tag-como-plantar"],"yoast_head":"<!-- This site is optimized with the Yoast SEO plugin v23.8 - https:\/\/yoast.com\/wordpress\/plugins\/seo\/ -->\n<title>Como plantar a\u00e7a\u00ed em casa e garantir frutos saud\u00e1veis e saborosos - Estado de Minas - Em foco<\/title>\n<meta name=\"description\" content=\"Aprenda a plantar a\u00e7a\u00ed. Prepare o solo, cuide da irriga\u00e7\u00e3o e colha frutos de qualidade em poucos anos\" \/>\n<meta name=\"robots\" content=\"index, follow, max-snippet:-1, max-image-preview:large, max-video-preview:-1\" \/>\n<link rel=\"canonical\" href=\"https:\/\/www.em.com.br\/emfoco\/2026\/01\/20\/como-plantar-acai-em-casa-e-garantir-frutos-saudaveis-e-saborosos\/\" \/>\n<meta property=\"og:locale\" content=\"pt_BR\" \/>\n<meta property=\"og:type\" content=\"article\" \/>\n<meta property=\"og:title\" content=\"Como plantar a\u00e7a\u00ed em casa e garantir frutos saud\u00e1veis e saborosos - Estado de Minas - Em foco\" \/>\n<meta property=\"og:description\" content=\"Aprenda a plantar a\u00e7a\u00ed. Prepare o solo, cuide da irriga\u00e7\u00e3o e colha frutos de qualidade em poucos anos\" \/>\n<meta property=\"og:url\" content=\"https:\/\/www.em.com.br\/emfoco\/2026\/01\/20\/como-plantar-acai-em-casa-e-garantir-frutos-saudaveis-e-saborosos\/\" \/>\n<meta property=\"og:site_name\" content=\"Estado de Minas - Em foco\" \/>\n<meta property=\"article:published_time\" content=\"2026-01-20T16:25:37+00:00\" \/>\n<meta property=\"article:modified_time\" content=\"2026-01-19T18:09:02+00:00\" \/>\n<meta property=\"og:image\" content=\"https:\/\/www.em.com.br\/emfoco\/wp-content\/uploads\/2026\/01\/acai-arvore_1768789704142.jpg\" \/>\n\t<meta property=\"og:image:width\" content=\"1280\" \/>\n\t<meta property=\"og:image:height\" content=\"720\" \/>\n\t<meta property=\"og:image:type\" content=\"image\/jpeg\" \/>\n<meta name=\"author\" content=\"Daniely Cardoso\" \/>\n<meta name=\"twitter:card\" content=\"summary_large_image\" \/>\n<meta name=\"twitter:label1\" content=\"Escrito por\" \/>\n\t<meta name=\"twitter:data1\" content=\"Daniely Cardoso\" \/>\n\t<meta name=\"twitter:label2\" content=\"Est. tempo de leitura\" \/>\n\t<meta name=\"twitter:data2\" content=\"6 minutos\" \/>\n<!-- \/ Yoast SEO plugin. -->","yoast_head_json":{"title":"Como plantar a\u00e7a\u00ed em casa e garantir frutos saud\u00e1veis e saborosos - Estado de Minas - Em foco","description":"Aprenda a plantar a\u00e7a\u00ed. Prepare o solo, cuide da irriga\u00e7\u00e3o e colha frutos de qualidade em poucos anos","robots":{"index":"index","follow":"follow","max-snippet":"max-snippet:-1","max-image-preview":"max-image-preview:large","max-video-preview":"max-video-preview:-1"},"canonical":"https:\/\/www.em.com.br\/emfoco\/2026\/01\/20\/como-plantar-acai-em-casa-e-garantir-frutos-saudaveis-e-saborosos\/","og_locale":"pt_BR","og_type":"article","og_title":"Como plantar a\u00e7a\u00ed em casa e garantir frutos saud\u00e1veis e saborosos - Estado de Minas - Em foco","og_description":"Aprenda a plantar a\u00e7a\u00ed. Prepare o solo, cuide da irriga\u00e7\u00e3o e colha frutos de qualidade em poucos anos","og_url":"https:\/\/www.em.com.br\/emfoco\/2026\/01\/20\/como-plantar-acai-em-casa-e-garantir-frutos-saudaveis-e-saborosos\/","og_site_name":"Estado de Minas - Em foco","article_published_time":"2026-01-20T16:25:37+00:00","article_modified_time":"2026-01-19T18:09:02+00:00","og_image":[{"width":1280,"height":720,"url":"https:\/\/www.em.com.br\/emfoco\/wp-content\/uploads\/2026\/01\/acai-arvore_1768789704142.jpg","type":"image\/jpeg"}],"author":"Daniely Cardoso","twitter_card":"summary_large_image","twitter_misc":{"Escrito por":"Daniely Cardoso","Est. tempo de leitura":"6 minutos"},"schema":{"@context":"https:\/\/schema.org","@graph":[{"@type":"WebPage","@id":"https:\/\/www.em.com.br\/emfoco\/2026\/01\/20\/como-plantar-acai-em-casa-e-garantir-frutos-saudaveis-e-saborosos\/","url":"https:\/\/www.em.com.br\/emfoco\/2026\/01\/20\/como-plantar-acai-em-casa-e-garantir-frutos-saudaveis-e-saborosos\/","name":"Como plantar a\u00e7a\u00ed em casa e garantir frutos saud\u00e1veis e saborosos - Estado de Minas - Em foco","isPartOf":{"@id":"https:\/\/www.em.com.br\/emfoco\/#website"},"primaryImageOfPage":{"@id":"https:\/\/www.em.com.br\/emfoco\/2026\/01\/20\/como-plantar-acai-em-casa-e-garantir-frutos-saudaveis-e-saborosos\/#primaryimage"},"image":{"@id":"https:\/\/www.em.com.br\/emfoco\/2026\/01\/20\/como-plantar-acai-em-casa-e-garantir-frutos-saudaveis-e-saborosos\/#primaryimage"},"thumbnailUrl":"https:\/\/www.em.com.br\/emfoco\/wp-content\/uploads\/2026\/01\/acai-arvore_1768789704142.jpg","datePublished":"2026-01-20T16:25:37+00:00","dateModified":"2026-01-19T18:09:02+00:00","author":{"@id":"https:\/\/www.em.com.br\/emfoco\/#\/schema\/person\/0a8186d72f2c3a5c6276d90b41f271a0"},"description":"Aprenda a plantar a\u00e7a\u00ed. Prepare o solo, cuide da irriga\u00e7\u00e3o e colha frutos de qualidade em poucos anos","breadcrumb":{"@id":"https:\/\/www.em.com.br\/emfoco\/2026\/01\/20\/como-plantar-acai-em-casa-e-garantir-frutos-saudaveis-e-saborosos\/#breadcrumb"},"inLanguage":"pt-BR","potentialAction":[{"@type":"ReadAction","target":["https:\/\/www.em.com.br\/emfoco\/2026\/01\/20\/como-plantar-acai-em-casa-e-garantir-frutos-saudaveis-e-saborosos\/"]}]},{"@type":"ImageObject","inLanguage":"pt-BR","@id":"https:\/\/www.em.com.br\/emfoco\/2026\/01\/20\/como-plantar-acai-em-casa-e-garantir-frutos-saudaveis-e-saborosos\/#primaryimage","url":"https:\/\/www.em.com.br\/emfoco\/wp-content\/uploads\/2026\/01\/acai-arvore_1768789704142.jpg","contentUrl":"https:\/\/www.em.com.br\/emfoco\/wp-content\/uploads\/2026\/01\/acai-arvore_1768789704142.jpg","width":1280,"height":720,"caption":"Na hora de decidir como plantar a\u00e7a\u00ed, o produtor pode escolher entre usar sementes ou mudas de viveiro - https:\/\/br.pinterest.com\/pin\/69313281753756199\/"},{"@type":"BreadcrumbList","@id":"https:\/\/www.em.com.br\/emfoco\/2026\/01\/20\/como-plantar-acai-em-casa-e-garantir-frutos-saudaveis-e-saborosos\/#breadcrumb","itemListElement":[{"@type":"ListItem","position":1,"name":"In\u00edcio","item":"https:\/\/www.em.com.br\/emfoco\/"},{"@type":"ListItem","position":2,"name":"Como plantar a\u00e7a\u00ed em casa e garantir frutos saud\u00e1veis e saborosos"}]},{"@type":"WebSite","@id":"https:\/\/www.em.com.br\/emfoco\/#website","url":"https:\/\/www.em.com.br\/emfoco\/","name":"Estado de Minas - Em foco","description":"Acompanhe as \u00faltimas not\u00edcias e fique bem informado sobre tudo o que acontece em Minas Gerais, Brasil e no mundo.","potentialAction":[{"@type":"SearchAction","target":{"@type":"EntryPoint","urlTemplate":"https:\/\/www.em.com.br\/emfoco\/?s={search_term_string}"},"query-input":{"@type":"PropertyValueSpecification","valueRequired":true,"valueName":"search_term_string"}}],"inLanguage":"pt-BR"},{"@type":"Person","@id":"https:\/\/www.em.com.br\/emfoco\/#\/schema\/person\/0a8186d72f2c3a5c6276d90b41f271a0","name":"Daniely Cardoso","image":{"@type":"ImageObject","inLanguage":"pt-BR","@id":"https:\/\/www.em.com.br\/emfoco\/#\/schema\/person\/image\/","url":"https:\/\/secure.gravatar.com\/avatar\/4b80ddbd124d1f071b626d52d62e5dff?s=96&d=mm&r=g","contentUrl":"https:\/\/secure.gravatar.com\/avatar\/4b80ddbd124d1f071b626d52d62e5dff?s=96&d=mm&r=g","caption":"Daniely Cardoso"},"url":"https:\/\/www.em.com.br\/emfoco\/author\/danielymyth\/"}]}},"_links":{"self":[{"href":"https:\/\/www.em.com.br\/emfoco\/wp-json\/wp\/v2\/posts\/156805","targetHints":{"allow":["GET"]}}],"collection":[{"href":"https:\/\/www.em.com.br\/emfoco\/wp-json\/wp\/v2\/posts"}],"about":[{"href":"https:\/\/www.em.com.br\/emfoco\/wp-json\/wp\/v2\/types\/post"}],"author":[{"embeddable":true,"href":"https:\/\/www.em.com.br\/emfoco\/wp-json\/wp\/v2\/users\/9"}],"replies":[{"embeddable":true,"href":"https:\/\/www.em.com.br\/emfoco\/wp-json\/wp\/v2\/comments?post=156805"}],"version-history":[{"count":3,"href":"https:\/\/www.em.com.br\/emfoco\/wp-json\/wp\/v2\/posts\/156805\/revisions"}],"predecessor-version":[{"id":157142,"href":"https:\/\/www.em.com.br\/emfoco\/wp-json\/wp\/v2\/posts\/156805\/revisions\/157142"}],"wp:featuredmedia":[{"embeddable":true,"href":"https:\/\/www.em.com.br\/emfoco\/wp-json\/wp\/v2\/media\/156815"}],"wp:attachment":[{"href":"https:\/\/www.em.com.br\/emfoco\/wp-json\/wp\/v2\/media?parent=156805"}],"wp:term":[{"taxonomy":"category","embeddable":true,"href":"https:\/\/www.em.com.br\/emfoco\/wp-json\/wp\/v2\/categories?post=156805"},{"taxonomy":"post_tag","embeddable":true,"href":"https:\/\/www.em.com.br\/emfoco\/wp-json\/wp\/v2\/tags?post=156805"}],"curies":[{"name":"wp","href":"https:\/\/api.w.org\/{rel}","templated":true}]}}