{"id":156788,"date":"2026-01-20T06:25:15","date_gmt":"2026-01-20T09:25:15","guid":{"rendered":"https:\/\/www.em.com.br\/emfoco\/?p=156788"},"modified":"2026-01-19T14:44:28","modified_gmt":"2026-01-19T17:44:28","slug":"aromas-que-acalmam-como-a-alfazema-pode-transformar-sua-rotina-em-casa","status":"publish","type":"post","link":"https:\/\/www.em.com.br\/emfoco\/2026\/01\/20\/aromas-que-acalmam-como-a-alfazema-pode-transformar-sua-rotina-em-casa\/","title":{"rendered":"Aromas que acalmam: como a alfazema pode transformar sua rotina em casa"},"content":{"rendered":"\n<h2 class=\"wp-block-heading\">A alfazema (lavanda) promove relaxamento e melhora o sono. Pode ser usada em difusores, banhos e cosm\u00e9ticos. \u00c9 importante diluir o \u00f3leo essencial e testar na pele para evitar alergias e garantir o bem-estar seguro.<\/h2>\n\n\n\n<p>Depois de um dia cheio, muita gente sonha em chegar em casa, tomar um banho morno e sentir aquele cheirinho suave de <b>alfazema<\/b> no ar. Essa planta, tamb\u00e9m chamada de <b>lavanda<\/b>, atravessa gera\u00e7\u00f5es e continua em alta em 2026, aparecendo em produtos de higiene, cosm\u00e9ticos, \u00f3leos essenciais, sach\u00eas e receitas caseiras.<\/p>\n\n\n\n<h2 class=\"wp-block-heading\">Quais s\u00e3o os principais benef\u00edcios da alfazema no dia a dia<\/h2>\n\n\n\n<p>Um dos <b>benef\u00edcios mais conhecidos<\/b> da alfazema \u00e9 a sensa\u00e7\u00e3o de calma que seu aroma pode proporcionar. O <b>perfume suave<\/b> costuma acompanhar momentos de descanso, leitura ou medita\u00e7\u00e3o, e muitos usam difusores com <b>\u00f3leo essencial de alfazema<\/b> para deixar quartos e salas mais aconchegantes e organizados.<\/p>\n\n\n\n<p>No uso t\u00f3pico, a alfazema aparece em <b>lo\u00e7\u00f5es, g\u00e9is e pomadas<\/b> aplicados em \u00e1reas como pesco\u00e7o, ombros e costas, muitas vezes combinada a ingredientes hidratantes. Ela tamb\u00e9m \u00e9 comum em <b>shampoos e condicionadores<\/b>, ajudando a transformar o banho em um pequeno ritual de <b>relaxamento e cuidado di\u00e1rio<\/b> com o corpo e a mente.<\/p>\n\n\n\n<figure class=\"wp-block-embed is-type-rich is-provider-pinterest wp-block-embed-pinterest\"><div class=\"wp-block-embed__wrapper\">\n<iframe loading=\"lazy\" title=\" \" src=\"https:\/\/assets.pinterest.com\/ext\/embed.html?id=4362930884270827&#038;src=oembed\" height=\"899\" width=\"450\" frameborder=\"0\" scrolling=\"no\" ><\/iframe>\n<\/div><\/figure>\n\n\n\n<p>Leia tamb\u00e9m:&nbsp;<a href=\"https:\/\/www.em.com.br\/emfoco\/2026\/01\/14\/o-jeito-certo-de-usar-maracuja-para-melhorar-digestao-pressao-e-ate-o-sono\/\" target=\"_blank\" rel=\"noopener\">O jeito certo de usar maracuj\u00e1 para melhorar digest\u00e3o, press\u00e3o e at\u00e9 o sono<\/a><\/p>\n\n\n\n<h2 class=\"wp-block-heading\">Como a alfazema pode ajudar no sono e no bem-estar emocional<\/h2>\n\n\n\n<p>Quem tem dificuldade para desacelerar \u00e0 noite costuma recorrer ao <b>aroma da alfazema<\/b> para criar um clima mais calmo antes de dormir. Travesseiros arom\u00e1ticos, sach\u00eas perto da cama ou algumas gotas de \u00f3leo em difusores ajudam a reduzir <b>est\u00edmulos intensos<\/b> e marcar o <b>\u201cmomento de desligar\u201d<\/b> ap\u00f3s um dia corrido.<\/p>\n\n\n\n<p>Ao longo do dia, o perfume de lavanda tamb\u00e9m pode sinalizar pequenas <b>pausas de autocuidado<\/b>, combinando-se com alongamentos, respira\u00e7\u00e3o profunda ou alguns minutos de leitura. Assim, a alfazema vira uma esp\u00e9cie de <b>lembrete sensorial<\/b> para diminuir o ritmo e construir um <b>ritual de bem-estar<\/b> mais estruturado.<\/p>\n\n\n\n<ul class=\"wp-block-list\">\n<li><strong>Rotina noturna:<\/strong> uso em <b>travesseiros e len\u00e7\u00f3is<\/b> ou difusores pr\u00f3ximos \u00e0 cama.<\/li>\n\n\n\n<li><strong>Ambiente de trabalho:<\/strong> aplica\u00e7\u00e3o moderada em <b>aromatizadores de mesa<\/b>, sempre respeitando quem tem <b>sensibilidade olfativa<\/b>.<\/li>\n\n\n\n<li><strong>Momentos de pausa:<\/strong> combina\u00e7\u00e3o do aroma com pr\u00e1ticas de <b>respira\u00e7\u00e3o e leitura<\/b>, favorecendo um <b>relaxamento gradual<\/b>.<\/li>\n<\/ul>\n\n\n\n<figure class=\"wp-block-embed is-type-rich is-provider-pinterest wp-block-embed-pinterest\"><div class=\"wp-block-embed__wrapper\">\n<iframe loading=\"lazy\" title=\"Ch\u00e1 de Alfazema\" src=\"https:\/\/assets.pinterest.com\/ext\/embed.html?id=49750770856530897&#038;src=oembed\" height=\"714\" width=\"450\" frameborder=\"0\" scrolling=\"no\" ><\/iframe>\n<\/div><\/figure>\n\n\n\n<h2 class=\"wp-block-heading\">Como a alfazema \u00e9 usada na pele e em cuidados pessoais<\/h2>\n\n\n\n<p>No banho e no p\u00f3s-banho, a alfazema aparece em <b>sabonetes l\u00edquidos<\/b>, \u00f3leos corporais, cremes e sprays, quase sempre acompanhada de agentes hidratantes. O <b>aroma permanece<\/b> por algum tempo na pele, prolongando a sensa\u00e7\u00e3o de <b>limpeza, frescor<\/b> e conforto ao longo do dia.<\/p>\n\n\n\n<p>Banhos de imers\u00e3o e <b>escalda-p\u00e9s<\/b> com algumas gotas de ess\u00eancia ou \u00f3leo essencial de alfazema, combinados a sais ou ervas secas, s\u00e3o muito usados no fim do dia. Essa <b>\u00e1gua morna e perfumada<\/b> ajuda a aliviar a sensa\u00e7\u00e3o de <b>cansa\u00e7o f\u00edsico e mental<\/b>, criando um momento simples, mas poderoso, de cuidado consigo mesmo.<\/p>\n\n\n\n<ol class=\"wp-block-list\">\n<li><b>Ler o r\u00f3tulo<\/b> e verificar se o produto cont\u00e9m \u00f3leo essencial ou apenas <b>fragr\u00e2ncia sint\u00e9tica<\/b>.<\/li>\n\n\n\n<li><b>Fazer teste<\/b> em pequena \u00e1rea da pele antes do uso mais amplo, observando qualquer sinal de <b>irrita\u00e7\u00e3o ou alergia<\/b>.<\/li>\n\n\n\n<li><b>Evitar o contato<\/b> com olhos e mucosas, especialmente quando usar <b>\u00f3leo essencial concentrado<\/b>.<\/li>\n\n\n\n<li><b>Manter \u00f3leos essenciais<\/b> fora do alcance de crian\u00e7as e animais e armazen\u00e1-los em <b>local fresco<\/b> e protegido da luz.<\/li>\n<\/ol>\n\n\n\n<p>Para voc\u00ea que quer saber mais dessa planta, separamos um v\u00eddeo do canal da <a class=\"yt-simple-endpoint style-scope yt-formatted-string\" spellcheck=\"false\" href=\"https:\/\/www.youtube.com\/@NutricionistaPatriciaLeite\" target=\"_blank\" rel=\"noopener\">Nutricionista Patricia Leite<\/a> com os benef\u00edcios dessa planta para o corpo:<\/p>\n\n\n\n<figure class=\"wp-block-embed is-type-video is-provider-youtube wp-block-embed-youtube wp-embed-aspect-16-9 wp-has-aspect-ratio\"><div class=\"wp-block-embed__wrapper\">\n<div class=\"jeg_video_container jeg_video_content\"><iframe loading=\"lazy\" title=\"Ch\u00e1 para ANSIEDADE, ESTRESSE, INS\u00d4NIA e mais - Benef\u00edcios do Ch\u00e1 de Alfazema, Como Usar e Dicas\" width=\"500\" height=\"281\" src=\"https:\/\/www.youtube.com\/embed\/icLMyE6VFLY?feature=oembed\" frameborder=\"0\" allow=\"accelerometer; autoplay; clipboard-write; encrypted-media; gyroscope; picture-in-picture; web-share\" referrerpolicy=\"strict-origin-when-cross-origin\" allowfullscreen><\/iframe><\/div>\n<\/div><\/figure>\n\n\n\n<h2 class=\"wp-block-heading\">Quais cuidados s\u00e3o importantes ao usar alfazema com seguran\u00e7a<\/h2>\n\n\n\n<p>Mesmo sendo popular, a alfazema pede aten\u00e7\u00e3o, especialmente na forma de <b>\u00f3leo essencial puro<\/b>, que \u00e9 bem concentrado. Em peles sens\u00edveis, \u00e9 mais seguro usar <b>produtos prontos<\/b>, de marcas confi\u00e1veis, e interromper o uso se surgirem sinais como <b>coceira, irrita\u00e7\u00e3o<\/b> ou vermelhid\u00e3o.<\/p>\n\n\n\n<p>Nos ambientes da casa, \u00e9 importante lembrar que <b>aromatizadores<\/b> n\u00e3o substituem ventila\u00e7\u00e3o e limpeza. Exagerar na quantidade de perfume pode incomodar pessoas com <b>sensibilidade respirat\u00f3ria<\/b> ou olfativa, ent\u00e3o o ideal \u00e9 come\u00e7ar com <b>poucas gotas<\/b>, observar a rea\u00e7\u00e3o de todos e ajustar. Usada com equil\u00edbrio, a alfazema segue como uma <b>aliada vers\u00e1til<\/b> na higiene, no descanso e na organiza\u00e7\u00e3o do lar, ajudando a tornar a rotina mais <b>leve e agrad\u00e1vel<\/b>.<\/p>\n","protected":false},"excerpt":{"rendered":"<p>A alfazema (lavanda) promove relaxamento e melhora o sono. Pode ser usada em difusores, banhos e cosm\u00e9ticos. \u00c9 importante diluir o \u00f3leo essencial e testar na pele para evitar alergias e garantir o bem-estar seguro. Depois de um dia cheio, muita gente sonha em chegar em casa, tomar um banho morno e sentir aquele cheirinho [&hellip;]<\/p>\n","protected":false},"author":9,"featured_media":156796,"comment_status":"open","ping_status":"open","sticky":false,"template":"","format":"standard","meta":{"jnews-multi-image_gallery":[],"jnews_single_post":{"format":"standard"},"jnews_primary_category":[],"jnews_social_meta":[],"jnews_override_counter":[],"footnotes":""},"categories":[8691,8819,1],"tags":[5881,256,4323],"class_list":["post-156788","post","type-post","status-publish","format-standard","has-post-thumbnail","hentry","category-bem-estar","category-curiosidades","category-noticias","tag-alfazema","tag-beneficios","tag-flor"],"yoast_head":"<!-- This site is optimized with the Yoast SEO plugin v23.8 - https:\/\/yoast.com\/wordpress\/plugins\/seo\/ -->\n<title>Aromas que acalmam: como a alfazema pode transformar sua rotina em casa - Estado de Minas - Em foco<\/title>\n<meta name=\"description\" content=\"Alfazema traz aroma relaxante, melhora o sono e perfuma o lar, com uso seguro em banhos, difusores e cosm\u00e9ticos.\" \/>\n<meta name=\"robots\" content=\"index, follow, max-snippet:-1, max-image-preview:large, max-video-preview:-1\" \/>\n<link rel=\"canonical\" href=\"https:\/\/www.em.com.br\/emfoco\/2026\/01\/20\/aromas-que-acalmam-como-a-alfazema-pode-transformar-sua-rotina-em-casa\/\" \/>\n<meta property=\"og:locale\" content=\"pt_BR\" \/>\n<meta property=\"og:type\" content=\"article\" \/>\n<meta property=\"og:title\" content=\"Aromas que acalmam: como a alfazema pode transformar sua rotina em casa - Estado de Minas - Em foco\" \/>\n<meta property=\"og:description\" content=\"Alfazema traz aroma relaxante, melhora o sono e perfuma o lar, com uso seguro em banhos, difusores e cosm\u00e9ticos.\" \/>\n<meta property=\"og:url\" content=\"https:\/\/www.em.com.br\/emfoco\/2026\/01\/20\/aromas-que-acalmam-como-a-alfazema-pode-transformar-sua-rotina-em-casa\/\" \/>\n<meta property=\"og:site_name\" content=\"Estado de Minas - Em foco\" \/>\n<meta property=\"article:published_time\" content=\"2026-01-20T09:25:15+00:00\" \/>\n<meta property=\"article:modified_time\" content=\"2026-01-19T17:44:28+00:00\" \/>\n<meta property=\"og:image\" content=\"https:\/\/www.em.com.br\/emfoco\/wp-content\/uploads\/2026\/01\/Alfazema-_1768787404265.jpg\" \/>\n\t<meta property=\"og:image:width\" content=\"1280\" \/>\n\t<meta property=\"og:image:height\" content=\"720\" \/>\n\t<meta property=\"og:image:type\" content=\"image\/jpeg\" \/>\n<meta name=\"author\" content=\"Daniely Cardoso\" \/>\n<meta name=\"twitter:card\" content=\"summary_large_image\" \/>\n<meta name=\"twitter:label1\" content=\"Escrito por\" \/>\n\t<meta name=\"twitter:data1\" content=\"Daniely Cardoso\" \/>\n\t<meta name=\"twitter:label2\" content=\"Est. tempo de leitura\" \/>\n\t<meta name=\"twitter:data2\" content=\"4 minutos\" \/>\n<!-- \/ Yoast SEO plugin. -->","yoast_head_json":{"title":"Aromas que acalmam: como a alfazema pode transformar sua rotina em casa - Estado de Minas - Em foco","description":"Alfazema traz aroma relaxante, melhora o sono e perfuma o lar, com uso seguro em banhos, difusores e cosm\u00e9ticos.","robots":{"index":"index","follow":"follow","max-snippet":"max-snippet:-1","max-image-preview":"max-image-preview:large","max-video-preview":"max-video-preview:-1"},"canonical":"https:\/\/www.em.com.br\/emfoco\/2026\/01\/20\/aromas-que-acalmam-como-a-alfazema-pode-transformar-sua-rotina-em-casa\/","og_locale":"pt_BR","og_type":"article","og_title":"Aromas que acalmam: como a alfazema pode transformar sua rotina em casa - Estado de Minas - Em foco","og_description":"Alfazema traz aroma relaxante, melhora o sono e perfuma o lar, com uso seguro em banhos, difusores e cosm\u00e9ticos.","og_url":"https:\/\/www.em.com.br\/emfoco\/2026\/01\/20\/aromas-que-acalmam-como-a-alfazema-pode-transformar-sua-rotina-em-casa\/","og_site_name":"Estado de Minas - Em foco","article_published_time":"2026-01-20T09:25:15+00:00","article_modified_time":"2026-01-19T17:44:28+00:00","og_image":[{"width":1280,"height":720,"url":"https:\/\/www.em.com.br\/emfoco\/wp-content\/uploads\/2026\/01\/Alfazema-_1768787404265.jpg","type":"image\/jpeg"}],"author":"Daniely Cardoso","twitter_card":"summary_large_image","twitter_misc":{"Escrito por":"Daniely Cardoso","Est. tempo de leitura":"4 minutos"},"schema":{"@context":"https:\/\/schema.org","@graph":[{"@type":"WebPage","@id":"https:\/\/www.em.com.br\/emfoco\/2026\/01\/20\/aromas-que-acalmam-como-a-alfazema-pode-transformar-sua-rotina-em-casa\/","url":"https:\/\/www.em.com.br\/emfoco\/2026\/01\/20\/aromas-que-acalmam-como-a-alfazema-pode-transformar-sua-rotina-em-casa\/","name":"Aromas que acalmam: como a alfazema pode transformar sua rotina em casa - Estado de Minas - Em foco","isPartOf":{"@id":"https:\/\/www.em.com.br\/emfoco\/#website"},"primaryImageOfPage":{"@id":"https:\/\/www.em.com.br\/emfoco\/2026\/01\/20\/aromas-que-acalmam-como-a-alfazema-pode-transformar-sua-rotina-em-casa\/#primaryimage"},"image":{"@id":"https:\/\/www.em.com.br\/emfoco\/2026\/01\/20\/aromas-que-acalmam-como-a-alfazema-pode-transformar-sua-rotina-em-casa\/#primaryimage"},"thumbnailUrl":"https:\/\/www.em.com.br\/emfoco\/wp-content\/uploads\/2026\/01\/Alfazema-_1768787404265.jpg","datePublished":"2026-01-20T09:25:15+00:00","dateModified":"2026-01-19T17:44:28+00:00","author":{"@id":"https:\/\/www.em.com.br\/emfoco\/#\/schema\/person\/0a8186d72f2c3a5c6276d90b41f271a0"},"description":"Alfazema traz aroma relaxante, melhora o sono e perfuma o lar, com uso seguro em banhos, difusores e cosm\u00e9ticos.","breadcrumb":{"@id":"https:\/\/www.em.com.br\/emfoco\/2026\/01\/20\/aromas-que-acalmam-como-a-alfazema-pode-transformar-sua-rotina-em-casa\/#breadcrumb"},"inLanguage":"pt-BR","potentialAction":[{"@type":"ReadAction","target":["https:\/\/www.em.com.br\/emfoco\/2026\/01\/20\/aromas-que-acalmam-como-a-alfazema-pode-transformar-sua-rotina-em-casa\/"]}]},{"@type":"ImageObject","inLanguage":"pt-BR","@id":"https:\/\/www.em.com.br\/emfoco\/2026\/01\/20\/aromas-que-acalmam-como-a-alfazema-pode-transformar-sua-rotina-em-casa\/#primaryimage","url":"https:\/\/www.em.com.br\/emfoco\/wp-content\/uploads\/2026\/01\/Alfazema-_1768787404265.jpg","contentUrl":"https:\/\/www.em.com.br\/emfoco\/wp-content\/uploads\/2026\/01\/Alfazema-_1768787404265.jpg","width":1280,"height":720,"caption":"Um dos benef\u00edcios mais conhecidos da alfazema \u00e9 a sensa\u00e7\u00e3o de calma que seu aroma pode proporcionar - Cr\u00e9ditos: depositphotos.com \/ Kazlouskaya"},{"@type":"BreadcrumbList","@id":"https:\/\/www.em.com.br\/emfoco\/2026\/01\/20\/aromas-que-acalmam-como-a-alfazema-pode-transformar-sua-rotina-em-casa\/#breadcrumb","itemListElement":[{"@type":"ListItem","position":1,"name":"In\u00edcio","item":"https:\/\/www.em.com.br\/emfoco\/"},{"@type":"ListItem","position":2,"name":"Aromas que acalmam: como a alfazema pode transformar sua rotina em casa"}]},{"@type":"WebSite","@id":"https:\/\/www.em.com.br\/emfoco\/#website","url":"https:\/\/www.em.com.br\/emfoco\/","name":"Estado de Minas - Em foco","description":"Acompanhe as \u00faltimas not\u00edcias e fique bem informado sobre tudo o que acontece em Minas Gerais, Brasil e no mundo.","potentialAction":[{"@type":"SearchAction","target":{"@type":"EntryPoint","urlTemplate":"https:\/\/www.em.com.br\/emfoco\/?s={search_term_string}"},"query-input":{"@type":"PropertyValueSpecification","valueRequired":true,"valueName":"search_term_string"}}],"inLanguage":"pt-BR"},{"@type":"Person","@id":"https:\/\/www.em.com.br\/emfoco\/#\/schema\/person\/0a8186d72f2c3a5c6276d90b41f271a0","name":"Daniely Cardoso","image":{"@type":"ImageObject","inLanguage":"pt-BR","@id":"https:\/\/www.em.com.br\/emfoco\/#\/schema\/person\/image\/","url":"https:\/\/secure.gravatar.com\/avatar\/4b80ddbd124d1f071b626d52d62e5dff?s=96&d=mm&r=g","contentUrl":"https:\/\/secure.gravatar.com\/avatar\/4b80ddbd124d1f071b626d52d62e5dff?s=96&d=mm&r=g","caption":"Daniely Cardoso"},"url":"https:\/\/www.em.com.br\/emfoco\/author\/danielymyth\/"}]}},"_links":{"self":[{"href":"https:\/\/www.em.com.br\/emfoco\/wp-json\/wp\/v2\/posts\/156788","targetHints":{"allow":["GET"]}}],"collection":[{"href":"https:\/\/www.em.com.br\/emfoco\/wp-json\/wp\/v2\/posts"}],"about":[{"href":"https:\/\/www.em.com.br\/emfoco\/wp-json\/wp\/v2\/types\/post"}],"author":[{"embeddable":true,"href":"https:\/\/www.em.com.br\/emfoco\/wp-json\/wp\/v2\/users\/9"}],"replies":[{"embeddable":true,"href":"https:\/\/www.em.com.br\/emfoco\/wp-json\/wp\/v2\/comments?post=156788"}],"version-history":[{"count":3,"href":"https:\/\/www.em.com.br\/emfoco\/wp-json\/wp\/v2\/posts\/156788\/revisions"}],"predecessor-version":[{"id":157110,"href":"https:\/\/www.em.com.br\/emfoco\/wp-json\/wp\/v2\/posts\/156788\/revisions\/157110"}],"wp:featuredmedia":[{"embeddable":true,"href":"https:\/\/www.em.com.br\/emfoco\/wp-json\/wp\/v2\/media\/156796"}],"wp:attachment":[{"href":"https:\/\/www.em.com.br\/emfoco\/wp-json\/wp\/v2\/media?parent=156788"}],"wp:term":[{"taxonomy":"category","embeddable":true,"href":"https:\/\/www.em.com.br\/emfoco\/wp-json\/wp\/v2\/categories?post=156788"},{"taxonomy":"post_tag","embeddable":true,"href":"https:\/\/www.em.com.br\/emfoco\/wp-json\/wp\/v2\/tags?post=156788"}],"curies":[{"name":"wp","href":"https:\/\/api.w.org\/{rel}","templated":true}]}}