{"id":156781,"date":"2026-01-19T08:05:00","date_gmt":"2026-01-19T11:05:00","guid":{"rendered":"https:\/\/www.em.com.br\/emfoco\/?p=156781"},"modified":"2026-01-18T20:59:55","modified_gmt":"2026-01-18T23:59:55","slug":"falta-de-banho-pode-desencadear-problemas-serios-na-pele","status":"publish","type":"post","link":"https:\/\/www.em.com.br\/emfoco\/2026\/01\/19\/falta-de-banho-pode-desencadear-problemas-serios-na-pele\/","title":{"rendered":"Falta de banho pode desencadear problemas s\u00e9rios na pele"},"content":{"rendered":"\n<p>Participar de um reality show pode ser uma experi\u00eancia extrema e desafiadora, como testemunhado pelos participantes do Quarto Branco no <strong>BBB 26<\/strong>, que ficaram sem tomar <strong>Banho <\/strong>durante um per\u00edodo prolongado. A aus\u00eancia de higiene adequada pode ter efeitos significativos sobre a sa\u00fade da pele e o bem-estar geral. Ao longo de v\u00e1rios dias, o corpo humano acumula sujeira, suor e microrganismos, o que pode levar a uma s\u00e9rie de problemas dermatol\u00f3gicos e outras complica\u00e7\u00f5es.<\/p>\n\n\n\n<p>Sem uma rotina de higiene, a pele se torna um ambiente prop\u00edcio para coceiras e desconfortos. Com a aus\u00eancia de banhos regulares, ocorre o ac\u00famulo de suor, oleosidade e c\u00e9lulas mortas, que formam uma camada sobre a pele. Esta camada, por sua vez, pode causar irrita\u00e7\u00f5es, sensa\u00e7\u00e3o de ardor e desconforto, como destaca a dermatologista Ana Carolina Sumam. Al\u00e9m disso, o desequil\u00edbrio da microbiota cut\u00e2nea pode agravar processos inflamat\u00f3rios e tornar a pele mais sens\u00edvel.<\/p>\n\n\n\n<h2 class=\"wp-block-heading\">Quais s\u00e3o os riscos de sa\u00fade ao ficar dias sem banho?<\/h2>\n\n\n\n<p>Permitir que o suor e a oleosidade se acumulem pode criar um ambiente ideal para a prolifera\u00e7\u00e3o de fungos e bact\u00e9rias. Isso eleva o risco de infec\u00e7\u00f5es como micoses, foliculite e intertrigo, que afetam principalmente as \u00e1reas mais \u00famidas e dobradas do corpo. Al\u00e9m dessas infec\u00e7\u00f5es, tamb\u00e9m pode ocorrer a dermatite irritativa ou de contato, aumentando ainda mais os desconfortos cut\u00e2neos.<\/p>\n\n\n<div class=\"wp-block-image\">\n<figure class=\"aligncenter size-large\"><img loading=\"lazy\" decoding=\"async\" width=\"1024\" height=\"576\" src=\"https:\/\/www.em.com.br\/emfoco\/wp-content\/uploads\/2025\/10\/banho_1754494690734-1024x576.jpg\" alt=\"\" class=\"wp-image-111697\" srcset=\"https:\/\/www.em.com.br\/emfoco\/wp-content\/uploads\/2025\/10\/banho_1754494690734-1024x576.jpg 1024w, https:\/\/www.em.com.br\/emfoco\/wp-content\/uploads\/2025\/10\/banho_1754494690734-300x169.jpg 300w, https:\/\/www.em.com.br\/emfoco\/wp-content\/uploads\/2025\/10\/banho_1754494690734-768x432.jpg 768w, https:\/\/www.em.com.br\/emfoco\/wp-content\/uploads\/2025\/10\/banho_1754494690734-750x422.jpg 750w, https:\/\/www.em.com.br\/emfoco\/wp-content\/uploads\/2025\/10\/banho_1754494690734-1140x641.jpg 1140w, https:\/\/www.em.com.br\/emfoco\/wp-content\/uploads\/2025\/10\/banho_1754494690734.jpg 1280w\" sizes=\"auto, (max-width: 1024px) 100vw, 1024px\" \/><figcaption class=\"wp-element-caption\">Banho &#8211; Cr\u00e9ditos: depositphotos.com \/ nikkytok<\/figcaption><\/figure><\/div>\n\n\n<h2 class=\"wp-block-heading\">Quais partes do corpo s\u00e3o mais vulner\u00e1veis?<\/h2>\n\n\n\n<p>Determinadas \u00e1reas do corpo s\u00e3o mais suscet\u00edveis aos efeitos negativos da falta de higiene, especialmente aquelas que est\u00e3o em constante contato com suor e calor. Axilas, virilhas e a regi\u00e3o \u00edntima s\u00e3o particularmente vulner\u00e1veis, al\u00e9m de \u00e1reas como os p\u00e9s, entre os dedos, atr\u00e1s das orelhas e sob as mamas. O couro cabeludo tamb\u00e9m n\u00e3o escapa dos efeitos da falta de higiene prolongada, podendo experimentar aumento de oleosidade, coceira e at\u00e9 descama\u00e7\u00e3o.<\/p>\n\n\n\n<h2 class=\"wp-block-heading\">Como as pessoas podem evitar problemas de sa\u00fade relacionados \u00e0 falta de banho?<\/h2>\n\n\n\n<p>A dermatologista Ana Carolina ressalta que n\u00e3o h\u00e1 um per\u00edodo espec\u00edfico que defina quanto tempo uma pessoa pode ficar sem banho sem sofrer consequ\u00eancias. Isso depender\u00e1 do clima, das atividades f\u00edsicas, do tipo de pele e de condi\u00e7\u00f5es de <a href=\"https:\/\/www.correiobraziliense.com.br\/cbradar\/dr-cesar-cimonari-neurocirurgiao-cefaleia-secundaria-pode-indicar-doenca-grave\/\" target=\"_blank\" rel=\"noreferrer noopener\">sa\u00fade <\/a>individuais. Entretanto, \u00e9 recomendado manter uma rotina de higiene regular para evitar os riscos associados \u00e0 falta de banho. Mesmo que n\u00e3o estejam expostas \u00e0s condi\u00e7\u00f5es extremas de um reality show, as pessoas devem evitar relaxar com a higiene pessoal.<\/p>\n\n\n\n<p>Portanto, enquanto o entretenimento dos reality shows pode atrair e prender a aten\u00e7\u00e3o do p\u00fablico, \u00e9 importante lembrar das implica\u00e7\u00f5es na sa\u00fade e na higiene pessoal. Para garantir que a experi\u00eancia do dia a dia n\u00e3o seja comprometida, uma rotina de higiene adequada e adaptada \u00e0s condi\u00e7\u00f5es individuais \u00e9 essencial, prevenindo coceiras, infec\u00e7\u00f5es e desconfortos que afetam n\u00e3o apenas a pele, mas tamb\u00e9m o bem-estar geral.<\/p>\n\n\n<a href=\"https:\/\/www.instagram.com\/dra.annaluisabf\/\" target=\"_blank\" style=\"text-decoration: none; color: inherit;\">\n  <span style=\"display:inline-block; border:1px solid #ccc; border-radius:10px; padding:15px; max-width:550px; font-family:sans-serif; box-shadow:0 2px 5px rgba(0,0,0,0.1);\">\n    <span style=\"margin:0 0 15px 0; font-weight:bold; color:#2c3e50; text-align: center;\">Entre em contato:<\/span>\n\n    <span style=\"display:flex; align-items:center;\">\n      <img decoding=\"async\" src=\"https:\/\/www.correiobraziliense.com.br\/cbradar\/wp-content\/uploads\/2025\/08\/dra_anna_luisa.jpeg\" alt=\"Dra Anna Lu\u00edsa\" style=\"border-radius:50%; width:80px; height:80px; margin-right:15px;\">\n      <span style=\"flex:1;\">\n        <h3 style=\"margin:0 0 5px 0;\">Dra. Anna Lu\u00edsa Barbosa Fernandes<\/h3>\n        <p style=\"margin:0 0 10px 0;\">CRM-GO 33.271<\/p>\n        <span style=\"display:flex; gap:10px;\">\n          <img decoding=\"async\" src=\"https:\/\/cdn-icons-png.flaticon.com\/24\/1384\/1384063.png\" alt=\"Instagram\">\n        <\/span>\n      <\/span>\n    <\/span>\n  <\/span>\n<\/a>\n\n\n<p><\/p>\n","protected":false},"excerpt":{"rendered":"<p>Participar de um reality show pode ser uma experi\u00eancia extrema e desafiadora, como testemunhado pelos participantes do Quarto Branco no BBB 26, que ficaram sem tomar Banho durante um per\u00edodo prolongado. A aus\u00eancia de higiene adequada pode ter efeitos significativos sobre a sa\u00fade da pele e o bem-estar geral. Ao longo de v\u00e1rios dias, o [&hellip;]<\/p>\n","protected":false},"author":25,"featured_media":156782,"comment_status":"open","ping_status":"open","sticky":false,"template":"","format":"standard","meta":{"jnews-multi-image_gallery":[],"jnews_single_post":{"format":"standard"},"jnews_primary_category":[],"jnews_social_meta":[],"jnews_override_counter":[],"footnotes":""},"categories":[9053],"tags":[711,327,415],"class_list":["post-156781","post","type-post","status-publish","format-standard","has-post-thumbnail","hentry","category-saude","tag-bem-estar","tag-qualidade-de-vida","tag-saude"],"yoast_head":"<!-- This site is optimized with the Yoast SEO plugin v23.8 - https:\/\/yoast.com\/wordpress\/plugins\/seo\/ -->\n<title>Falta de banho pode desencadear problemas s\u00e9rios na pele - Estado de Minas - Em foco<\/title>\n<meta name=\"description\" content=\"Especialistas explicam por que ficar dias sem banho pode causar coceiras, irrita\u00e7\u00f5es e outros problemas de sa\u00fade.\" \/>\n<meta name=\"robots\" content=\"index, follow, max-snippet:-1, max-image-preview:large, max-video-preview:-1\" \/>\n<link rel=\"canonical\" href=\"https:\/\/www.em.com.br\/emfoco\/2026\/01\/19\/falta-de-banho-pode-desencadear-problemas-serios-na-pele\/\" \/>\n<meta property=\"og:locale\" content=\"pt_BR\" \/>\n<meta property=\"og:type\" content=\"article\" \/>\n<meta property=\"og:title\" content=\"Falta de banho pode desencadear problemas s\u00e9rios na pele - Estado de Minas - Em foco\" \/>\n<meta property=\"og:description\" content=\"Especialistas explicam por que ficar dias sem banho pode causar coceiras, irrita\u00e7\u00f5es e outros problemas de sa\u00fade.\" \/>\n<meta property=\"og:url\" content=\"https:\/\/www.em.com.br\/emfoco\/2026\/01\/19\/falta-de-banho-pode-desencadear-problemas-serios-na-pele\/\" \/>\n<meta property=\"og:site_name\" content=\"Estado de Minas - Em foco\" \/>\n<meta property=\"article:published_time\" content=\"2026-01-19T11:05:00+00:00\" \/>\n<meta property=\"article:modified_time\" content=\"2026-01-18T23:59:55+00:00\" \/>\n<meta property=\"og:image\" content=\"https:\/\/www.em.com.br\/emfoco\/wp-content\/uploads\/2026\/01\/banho_1768780751112.jpg\" \/>\n\t<meta property=\"og:image:width\" content=\"1280\" \/>\n\t<meta property=\"og:image:height\" content=\"720\" \/>\n\t<meta property=\"og:image:type\" content=\"image\/jpeg\" \/>\n<meta name=\"author\" content=\"Guilherme Lopes\" \/>\n<meta name=\"twitter:card\" content=\"summary_large_image\" \/>\n<meta name=\"twitter:label1\" content=\"Escrito por\" \/>\n\t<meta name=\"twitter:data1\" content=\"Guilherme Lopes\" \/>\n\t<meta name=\"twitter:label2\" content=\"Est. tempo de leitura\" \/>\n\t<meta name=\"twitter:data2\" content=\"4 minutos\" \/>\n<!-- \/ Yoast SEO plugin. -->","yoast_head_json":{"title":"Falta de banho pode desencadear problemas s\u00e9rios na pele - Estado de Minas - Em foco","description":"Especialistas explicam por que ficar dias sem banho pode causar coceiras, irrita\u00e7\u00f5es e outros problemas de sa\u00fade.","robots":{"index":"index","follow":"follow","max-snippet":"max-snippet:-1","max-image-preview":"max-image-preview:large","max-video-preview":"max-video-preview:-1"},"canonical":"https:\/\/www.em.com.br\/emfoco\/2026\/01\/19\/falta-de-banho-pode-desencadear-problemas-serios-na-pele\/","og_locale":"pt_BR","og_type":"article","og_title":"Falta de banho pode desencadear problemas s\u00e9rios na pele - Estado de Minas - Em foco","og_description":"Especialistas explicam por que ficar dias sem banho pode causar coceiras, irrita\u00e7\u00f5es e outros problemas de sa\u00fade.","og_url":"https:\/\/www.em.com.br\/emfoco\/2026\/01\/19\/falta-de-banho-pode-desencadear-problemas-serios-na-pele\/","og_site_name":"Estado de Minas - Em foco","article_published_time":"2026-01-19T11:05:00+00:00","article_modified_time":"2026-01-18T23:59:55+00:00","og_image":[{"width":1280,"height":720,"url":"https:\/\/www.em.com.br\/emfoco\/wp-content\/uploads\/2026\/01\/banho_1768780751112.jpg","type":"image\/jpeg"}],"author":"Guilherme Lopes","twitter_card":"summary_large_image","twitter_misc":{"Escrito por":"Guilherme Lopes","Est. tempo de leitura":"4 minutos"},"schema":{"@context":"https:\/\/schema.org","@graph":[{"@type":"WebPage","@id":"https:\/\/www.em.com.br\/emfoco\/2026\/01\/19\/falta-de-banho-pode-desencadear-problemas-serios-na-pele\/","url":"https:\/\/www.em.com.br\/emfoco\/2026\/01\/19\/falta-de-banho-pode-desencadear-problemas-serios-na-pele\/","name":"Falta de banho pode desencadear problemas s\u00e9rios na pele - Estado de Minas - Em foco","isPartOf":{"@id":"https:\/\/www.em.com.br\/emfoco\/#website"},"primaryImageOfPage":{"@id":"https:\/\/www.em.com.br\/emfoco\/2026\/01\/19\/falta-de-banho-pode-desencadear-problemas-serios-na-pele\/#primaryimage"},"image":{"@id":"https:\/\/www.em.com.br\/emfoco\/2026\/01\/19\/falta-de-banho-pode-desencadear-problemas-serios-na-pele\/#primaryimage"},"thumbnailUrl":"https:\/\/www.em.com.br\/emfoco\/wp-content\/uploads\/2026\/01\/banho_1768780751112.jpg","datePublished":"2026-01-19T11:05:00+00:00","dateModified":"2026-01-18T23:59:55+00:00","author":{"@id":"https:\/\/www.em.com.br\/emfoco\/#\/schema\/person\/f6eade2e287023da170a1b2b329f68e5"},"description":"Especialistas explicam por que ficar dias sem banho pode causar coceiras, irrita\u00e7\u00f5es e outros problemas de sa\u00fade.","breadcrumb":{"@id":"https:\/\/www.em.com.br\/emfoco\/2026\/01\/19\/falta-de-banho-pode-desencadear-problemas-serios-na-pele\/#breadcrumb"},"inLanguage":"pt-BR","potentialAction":[{"@type":"ReadAction","target":["https:\/\/www.em.com.br\/emfoco\/2026\/01\/19\/falta-de-banho-pode-desencadear-problemas-serios-na-pele\/"]}]},{"@type":"ImageObject","inLanguage":"pt-BR","@id":"https:\/\/www.em.com.br\/emfoco\/2026\/01\/19\/falta-de-banho-pode-desencadear-problemas-serios-na-pele\/#primaryimage","url":"https:\/\/www.em.com.br\/emfoco\/wp-content\/uploads\/2026\/01\/banho_1768780751112.jpg","contentUrl":"https:\/\/www.em.com.br\/emfoco\/wp-content\/uploads\/2026\/01\/banho_1768780751112.jpg","width":1280,"height":720,"caption":"Banho - Cr\u00e9ditos: depositphotos.com \/ AllaSerebrina"},{"@type":"BreadcrumbList","@id":"https:\/\/www.em.com.br\/emfoco\/2026\/01\/19\/falta-de-banho-pode-desencadear-problemas-serios-na-pele\/#breadcrumb","itemListElement":[{"@type":"ListItem","position":1,"name":"In\u00edcio","item":"https:\/\/www.em.com.br\/emfoco\/"},{"@type":"ListItem","position":2,"name":"Falta de banho pode desencadear problemas s\u00e9rios na pele"}]},{"@type":"WebSite","@id":"https:\/\/www.em.com.br\/emfoco\/#website","url":"https:\/\/www.em.com.br\/emfoco\/","name":"Estado de Minas - Em foco","description":"Acompanhe as \u00faltimas not\u00edcias e fique bem informado sobre tudo o que acontece em Minas Gerais, Brasil e no mundo.","potentialAction":[{"@type":"SearchAction","target":{"@type":"EntryPoint","urlTemplate":"https:\/\/www.em.com.br\/emfoco\/?s={search_term_string}"},"query-input":{"@type":"PropertyValueSpecification","valueRequired":true,"valueName":"search_term_string"}}],"inLanguage":"pt-BR"},{"@type":"Person","@id":"https:\/\/www.em.com.br\/emfoco\/#\/schema\/person\/f6eade2e287023da170a1b2b329f68e5","name":"Guilherme Lopes","image":{"@type":"ImageObject","inLanguage":"pt-BR","@id":"https:\/\/www.em.com.br\/emfoco\/#\/schema\/person\/image\/","url":"https:\/\/secure.gravatar.com\/avatar\/df9adfb835d344bc0af109d41756253f?s=96&d=mm&r=g","contentUrl":"https:\/\/secure.gravatar.com\/avatar\/df9adfb835d344bc0af109d41756253f?s=96&d=mm&r=g","caption":"Guilherme Lopes"},"url":"https:\/\/www.em.com.br\/emfoco\/author\/guilherme_saude\/"}]}},"_links":{"self":[{"href":"https:\/\/www.em.com.br\/emfoco\/wp-json\/wp\/v2\/posts\/156781","targetHints":{"allow":["GET"]}}],"collection":[{"href":"https:\/\/www.em.com.br\/emfoco\/wp-json\/wp\/v2\/posts"}],"about":[{"href":"https:\/\/www.em.com.br\/emfoco\/wp-json\/wp\/v2\/types\/post"}],"author":[{"embeddable":true,"href":"https:\/\/www.em.com.br\/emfoco\/wp-json\/wp\/v2\/users\/25"}],"replies":[{"embeddable":true,"href":"https:\/\/www.em.com.br\/emfoco\/wp-json\/wp\/v2\/comments?post=156781"}],"version-history":[{"count":1,"href":"https:\/\/www.em.com.br\/emfoco\/wp-json\/wp\/v2\/posts\/156781\/revisions"}],"predecessor-version":[{"id":156783,"href":"https:\/\/www.em.com.br\/emfoco\/wp-json\/wp\/v2\/posts\/156781\/revisions\/156783"}],"wp:featuredmedia":[{"embeddable":true,"href":"https:\/\/www.em.com.br\/emfoco\/wp-json\/wp\/v2\/media\/156782"}],"wp:attachment":[{"href":"https:\/\/www.em.com.br\/emfoco\/wp-json\/wp\/v2\/media?parent=156781"}],"wp:term":[{"taxonomy":"category","embeddable":true,"href":"https:\/\/www.em.com.br\/emfoco\/wp-json\/wp\/v2\/categories?post=156781"},{"taxonomy":"post_tag","embeddable":true,"href":"https:\/\/www.em.com.br\/emfoco\/wp-json\/wp\/v2\/tags?post=156781"}],"curies":[{"name":"wp","href":"https:\/\/api.w.org\/{rel}","templated":true}]}}