{"id":156762,"date":"2026-01-18T18:30:00","date_gmt":"2026-01-18T21:30:00","guid":{"rendered":"https:\/\/www.em.com.br\/emfoco\/?p=156762"},"modified":"2026-01-17T18:48:07","modified_gmt":"2026-01-17T21:48:07","slug":"bolsa-familia-emite-comunicado-para-todos-os-nis-1-2-3-4-5-6-7-8-9-e-0","status":"publish","type":"post","link":"https:\/\/www.em.com.br\/emfoco\/2026\/01\/18\/bolsa-familia-emite-comunicado-para-todos-os-nis-1-2-3-4-5-6-7-8-9-e-0\/","title":{"rendered":"Bolsa fam\u00edlia emite comunicado para todos os NIS 1, 2, 3, 4, 5, 6, 7, 8, 9 e 0"},"content":{"rendered":"\n<p>O<strong> Bolsa Fam\u00edlia<\/strong> continua sendo um dos pilares da prote\u00e7\u00e3o social no Brasil, voltado as fam\u00edlias em situa\u00e7\u00e3o de pobreza e extrema pobreza. Em 2026, o programa mant\u00e9m o valor base de R$ 600,00 por fam\u00edlia, com possibilidade de o valor m\u00e9dio se aproximar de R$ 671,00 por causa dos benef\u00edcios adicionais, desde que o cadastro esteja atualizado e as regras sejam cumpridas corretamente.<\/p>\n\n\n\n<h2 class=\"wp-block-heading\">Quem tem direito ao Bolsa Fam\u00edlia em 2026<\/h2>\n\n\n\n<p>O crit\u00e9rio central de entrada no <strong>Bolsa Fam\u00edlia<\/strong> em 2026 \u00e9 a renda por pessoa da fam\u00edlia, calculada dividindo-se o total que todos ganham pelo n\u00famero de moradores da casa. T\u00eam direito fam\u00edlias em extrema pobreza, com renda mensal de at\u00e9 R$ 105 por pessoa, e fam\u00edlias pobres, com renda entre R$ 105,01 e R$ 218 por integrante.<\/p>\n\n\n\n<p>A inscri\u00e7\u00e3o \u00e9 feita no <strong>Cadastro \u00danico<\/strong>, geralmente no <strong>CRAS <\/strong>do munic\u00edpio, e a composi\u00e7\u00e3o familiar influencia diretamente no valor. A partir de 1\u00ba de janeiro de 2026, fam\u00edlias unipessoais enfrentam regras mais r\u00edgidas, com entrevista em domic\u00edlio para novas inclus\u00f5es ou atualiza\u00e7\u00f5es, refor\u00e7ando o combate a fraudes e cadastros irregulares.<\/p>\n\n\n\n<h2 class=\"wp-block-heading\">Calend\u00e1rio de Janeiro de 2026<\/h2>\n\n\n\n<p>Os pagamentos deste m\u00eas come\u00e7am em&nbsp;<strong>19 de janeiro<\/strong>, seguindo o d\u00edgito final do NIS:&nbsp;<\/p>\n\n\n\n<table style=\"width:100%; border-collapse:collapse; font-family:Arial, sans-serif; font-size:15px; margin:24px 0;\">\n  <thead>\n    <tr style=\"background-color:#cfeeea;\">\n      <th style=\"border:1px solid #b5d8d6; padding:12px; color:#000;\">\n        D\u00edgito final do NIS\n      <\/th>\n      <th style=\"border:1px solid #b5d8d6; padding:12px; color:#000;\">\n        Data de pagamento\n      <\/th>\n    <\/tr>\n  <\/thead>\n\n  <tbody>\n    <tr style=\"background-color:#eef9f8;\"\n        onmouseover=\"this.style.backgroundColor='#dff3f1'\"\n        onmouseout=\"this.style.backgroundColor='#eef9f8'\">\n      <td style=\"border:1px solid #b5d8d6; padding:12px;\">Final 1<\/td>\n      <td style=\"border:1px solid #b5d8d6; padding:12px;\">19 de janeiro de 2026<\/td>\n    <\/tr>\n\n    <tr style=\"background-color:#e6f2fb;\"\n        onmouseover=\"this.style.backgroundColor='#d9ecfa'\"\n        onmouseout=\"this.style.backgroundColor='#e6f2fb'\">\n      <td style=\"border:1px solid #b5d8d6; padding:12px;\">Final 2<\/td>\n      <td style=\"border:1px solid #b5d8d6; padding:12px;\">20 de janeiro de 2026<\/td>\n    <\/tr>\n\n    <tr style=\"background-color:#eef9f8;\"\n        onmouseover=\"this.style.backgroundColor='#dff3f1'\"\n        onmouseout=\"this.style.backgroundColor='#eef9f8'\">\n      <td style=\"border:1px solid #b5d8d6; padding:12px;\">Final 3<\/td>\n      <td style=\"border:1px solid #b5d8d6; padding:12px;\">21 de janeiro de 2026<\/td>\n    <\/tr>\n\n    <tr style=\"background-color:#e6f2fb;\"\n        onmouseover=\"this.style.backgroundColor='#d9ecfa'\"\n        onmouseout=\"this.style.backgroundColor='#e6f2fb'\">\n      <td style=\"border:1px solid #b5d8d6; padding:12px;\">Final 4<\/td>\n      <td style=\"border:1px solid #b5d8d6; padding:12px;\">22 de janeiro de 2026<\/td>\n    <\/tr>\n\n    <tr style=\"background-color:#eef9f8;\"\n        onmouseover=\"this.style.backgroundColor='#dff3f1'\"\n        onmouseout=\"this.style.backgroundColor='#eef9f8'\">\n      <td style=\"border:1px solid #b5d8d6; padding:12px;\">Final 5<\/td>\n      <td style=\"border:1px solid #b5d8d6; padding:12px;\">23 de janeiro de 2026<\/td>\n    <\/tr>\n\n    <tr style=\"background-color:#e6f2fb;\"\n        onmouseover=\"this.style.backgroundColor='#d9ecfa'\"\n        onmouseout=\"this.style.backgroundColor='#e6f2fb'\">\n      <td style=\"border:1px solid #b5d8d6; padding:12px;\">Final 6<\/td>\n      <td style=\"border:1px solid #b5d8d6; padding:12px;\">26 de janeiro de 2026<\/td>\n    <\/tr>\n\n    <tr style=\"background-color:#eef9f8;\"\n        onmouseover=\"this.style.backgroundColor='#dff3f1'\"\n        onmouseout=\"this.style.backgroundColor='#eef9f8'\">\n      <td style=\"border:1px solid #b5d8d6; padding:12px;\">Final 7<\/td>\n      <td style=\"border:1px solid #b5d8d6; padding:12px;\">27 de janeiro de 2026<\/td>\n    <\/tr>\n\n    <tr style=\"background-color:#e6f2fb;\"\n        onmouseover=\"this.style.backgroundColor='#d9ecfa'\"\n        onmouseout=\"this.style.backgroundColor='#e6f2fb'\">\n      <td style=\"border:1px solid #b5d8d6; padding:12px;\">Final 8<\/td>\n      <td style=\"border:1px solid #b5d8d6; padding:12px;\">28 de janeiro de 2026<\/td>\n    <\/tr>\n\n    <tr style=\"background-color:#eef9f8;\"\n        onmouseover=\"this.style.backgroundColor='#dff3f1'\"\n        onmouseout=\"this.style.backgroundColor='#eef9f8'\">\n      <td style=\"border:1px solid #b5d8d6; padding:12px;\">Final 9<\/td>\n      <td style=\"border:1px solid #b5d8d6; padding:12px;\">29 de janeiro de 2026<\/td>\n    <\/tr>\n\n    <tr style=\"background-color:#e6f2fb;\"\n        onmouseover=\"this.style.backgroundColor='#d9ecfa'\"\n        onmouseout=\"this.style.backgroundColor='#e6f2fb'\">\n      <td style=\"border:1px solid #b5d8d6; padding:12px;\">Final 0<\/td>\n      <td style=\"border:1px solid #b5d8d6; padding:12px;\">30 de janeiro de 2026<\/td>\n    <\/tr>\n\n    <tr style=\"background-color:#cfeeea;\">\n      <td colspan=\"2\" style=\"border:1px solid #b5d8d6; padding:14px; font-size:14px;\">\n        <strong>Importante:<\/strong> os pagamentos seguem rigorosamente o d\u00edgito final do NIS. \n        Recomenda-se consultar o aplicativo oficial ou o canal de atendimento para confirmar valores e eventuais antecipa\u00e7\u00f5es.\n      <\/td>\n    <\/tr>\n  <\/tbody>\n<\/table>\n\n\n\n\n<h2 class=\"wp-block-heading\">Quais regras e condicionalidades garantem a manuten\u00e7\u00e3o do benef\u00edcio<\/h2>\n\n\n\n<p>Para continuar recebendo o Bolsa Fam\u00edlia, \u00e9 obrigat\u00f3rio cumprir condicionalidades em educa\u00e7\u00e3o e sa\u00fade, que s\u00e3o acompanhadas por escolas e unidades b\u00e1sicas de sa\u00fade. Em 2026, o ciclo de acompanhamento de vacina\u00e7\u00e3o, pr\u00e9-natal, pesagem e medi\u00e7\u00e3o de altura est\u00e1 em plena vig\u00eancia, e o descumprimento reiterado pode levar a advert\u00eancias, bloqueios tempor\u00e1rios ou suspens\u00e3o.<\/p>\n\n\n\n<p>Al\u00e9m disso, o governo intensificou o \u201cpente-fino\u201d no Cadastro \u00danico, com cruzamento de bases de dados e visitas domiciliares. A atualiza\u00e7\u00e3o cadastral deve ocorrer a cada dois anos ou sempre que houver mudan\u00e7a relevante, como nascimento, morte, altera\u00e7\u00e3o de renda ou de endere\u00e7o.<\/p>\n\n\n\n<h2 class=\"wp-block-heading\">Como \u00e9 calculado o valor do Bolsa Fam\u00edlia em 2026<\/h2>\n\n\n\n<p>O valor do Bolsa Fam\u00edlia em 2026 parte de um benef\u00edcio base de R$ 600 por fam\u00edlia, somado a adicionais conforme o perfil dos moradores. Crian\u00e7as de at\u00e9 6 anos geram um acr\u00e9scimo de R$ 150 por m\u00eas (Benef\u00edcio Primeira Inf\u00e2ncia), enquanto gestantes, nutrizes, crian\u00e7as e adolescentes de 7 a 17 anos recebem um complemento de R$ 50 mensais por pessoa.<\/p>\n\n\n\n<p>Na pr\u00e1tica, o total \u00e9 a soma do valor b\u00e1sico com esses adicionais, sempre com base nas informa\u00e7\u00f5es do Cadastro \u00danico. Para entender melhor como o c\u00e1lculo funciona no dia a dia, observe o passo a passo a seguir:<\/p>\n\n\n\n<ul class=\"wp-block-list\">\n<li>Verificar a renda mensal por pessoa da fam\u00edlia;<\/li>\n\n\n\n<li>Identificar quantas crian\u00e7as at\u00e9 6 anos vivem na casa;<\/li>\n\n\n\n<li>Contar gestantes, beb\u00eas at\u00e9 6 meses e pessoas entre 7 e 17 anos;<\/li>\n\n\n\n<li>Aplicar os adicionais de R$ 150 ou R$ 50, conforme cada caso;<\/li>\n\n\n\n<li>Somar todos os adicionais ao valor b\u00e1sico de R$ 600.<\/li>\n<\/ul>\n\n\n\n<figure class=\"wp-block-image\"><img decoding=\"async\" src=\"https:\/\/www.em.com.br\/emfoco\/wp-content\/uploads\/2025\/04\/beneficios-brasil_1745085323267-1024x576.jpg\" alt=\"\"\/><figcaption class=\"wp-element-caption\">Bolsa fam\u00edlia regras do governo &#8211; Cr\u00e9ditos: depositphotos.com \/ rafapress<\/figcaption><\/figure>\n\n\n\n<h2 class=\"wp-block-heading\">Como funciona o calend\u00e1rio do Bolsa Fam\u00edlia em janeiro de 2026<\/h2>\n\n\n\n<p>Os pagamentos do Bolsa Fam\u00edlia em janeiro de 2026 s\u00e3o organizados pelo \u00faltimo d\u00edgito do N\u00famero de Identifica\u00e7\u00e3o Social (NIS) do respons\u00e1vel familiar. A <strong>Caixa Econ\u00f4mica Federal<\/strong> credita os valores em conta <strong>Poupan\u00e7a Social<\/strong>, no aplicativo <strong>Caixa Tem<\/strong> ou no app Bolsa Fam\u00edlia, conforme o tipo de conta vinculada.<\/p>\n\n\n\n<p>Em janeiro de 2026, os dep\u00f3sitos come\u00e7am em 19 de janeiro, para NIS final 1, e seguem de forma escalonada at\u00e9 30 de janeiro, quando recebem os benefici\u00e1rios com NIS final 0. Esse modelo evita filas e superlota\u00e7\u00e3o em ag\u00eancias e lot\u00e9ricas, e o calend\u00e1rio oficial pode ser consultado nos canais do governo federal.<\/p>\n\n\n\n<h2 class=\"wp-block-heading\">Como consultar o Bolsa Fam\u00edlia com seguran\u00e7a e garantir a continuidade<\/h2>\n\n\n\n<p>A consulta ao benef\u00edcio em 2026 deve ser feita exclusivamente por canais oficiais, como site da Caixa, aplicativo Bolsa Fam\u00edlia, Caixa Tem ou Portal Gov.br, sempre usando NIS e CPF do respons\u00e1vel. Manter o CPF de todos os integrantes da fam\u00edlia regularizado \u00e9 essencial para evitar bloqueios, pend\u00eancias e atrasos no pagamento.<\/p>\n\n\n\n<p>Diante do aumento da fiscaliza\u00e7\u00e3o e do pente-fino, \u00e9 fundamental acompanhar com frequ\u00eancia a situa\u00e7\u00e3o do benef\u00edcio, checar mensagens sobre revis\u00f5es, entrevistas domiciliares e atualiza\u00e7\u00f5es exigidas. N\u00e3o deixe para depois: revise seu cadastro hoje mesmo, confirme seus dados nos canais oficiais e oriente sua fam\u00edlia a cumprir rigorosamente as condicionalidades de sa\u00fade e educa\u00e7\u00e3o para n\u00e3o correr o risco de perder um apoio financeiro que pode fazer toda a diferen\u00e7a no fim do m\u00eas.<\/p>\n","protected":false},"excerpt":{"rendered":"<p>O Bolsa Fam\u00edlia continua sendo um dos pilares da prote\u00e7\u00e3o social no Brasil, voltado as fam\u00edlias em situa\u00e7\u00e3o de pobreza e extrema pobreza. Em 2026, o programa mant\u00e9m o valor base de R$ 600,00 por fam\u00edlia, com possibilidade de o valor m\u00e9dio se aproximar de R$ 671,00 por causa dos benef\u00edcios adicionais, desde que o [&hellip;]<\/p>\n","protected":false},"author":11,"featured_media":156765,"comment_status":"open","ping_status":"open","sticky":false,"template":"","format":"standard","meta":{"jnews-multi-image_gallery":[],"jnews_single_post":{"format":"standard"},"jnews_primary_category":[],"jnews_social_meta":[],"jnews_override_counter":[],"footnotes":""},"categories":[28,1],"tags":[259,209,346,252,465,345],"class_list":["post-156762","post","type-post","status-publish","format-standard","has-post-thumbnail","hentry","category-economia","category-noticias","tag-beneficio","tag-bolsa-familia","tag-cadastro","tag-caixa-tem","tag-governo","tag-nis"],"yoast_head":"<!-- This site is optimized with the Yoast SEO plugin v23.8 - https:\/\/yoast.com\/wordpress\/plugins\/seo\/ -->\n<title>Bolsa fam\u00edlia emite comunicado para todos os NIS 1, 2, 3, 4, 5, 6, 7, 8, 9 e 0 - Estado de Minas - Em foco<\/title>\n<meta name=\"description\" content=\"O Bolsa Fam\u00edlia em 2026 mant\u00e9m valor base de R$ 600 e adicionais. Veja quem tem direito, regras e calend\u00e1rio de janeiro.\" \/>\n<meta name=\"robots\" content=\"index, follow, max-snippet:-1, max-image-preview:large, max-video-preview:-1\" \/>\n<link rel=\"canonical\" href=\"https:\/\/www.em.com.br\/emfoco\/2026\/01\/18\/bolsa-familia-emite-comunicado-para-todos-os-nis-1-2-3-4-5-6-7-8-9-e-0\/\" \/>\n<meta property=\"og:locale\" content=\"pt_BR\" \/>\n<meta property=\"og:type\" content=\"article\" \/>\n<meta property=\"og:title\" content=\"Bolsa fam\u00edlia emite comunicado para todos os NIS 1, 2, 3, 4, 5, 6, 7, 8, 9 e 0 - Estado de Minas - Em foco\" \/>\n<meta property=\"og:description\" content=\"O Bolsa Fam\u00edlia em 2026 mant\u00e9m valor base de R$ 600 e adicionais. Veja quem tem direito, regras e calend\u00e1rio de janeiro.\" \/>\n<meta property=\"og:url\" content=\"https:\/\/www.em.com.br\/emfoco\/2026\/01\/18\/bolsa-familia-emite-comunicado-para-todos-os-nis-1-2-3-4-5-6-7-8-9-e-0\/\" \/>\n<meta property=\"og:site_name\" content=\"Estado de Minas - Em foco\" \/>\n<meta property=\"article:published_time\" content=\"2026-01-18T21:30:00+00:00\" \/>\n<meta property=\"article:modified_time\" content=\"2026-01-17T21:48:07+00:00\" \/>\n<meta property=\"og:image\" content=\"https:\/\/www.em.com.br\/emfoco\/wp-content\/uploads\/2026\/01\/Gemini_Generated_Image_cp0n2pcp0n2pcp0n-1.png\" \/>\n\t<meta property=\"og:image:width\" content=\"1280\" \/>\n\t<meta property=\"og:image:height\" content=\"720\" \/>\n\t<meta property=\"og:image:type\" content=\"image\/png\" \/>\n<meta name=\"author\" content=\"Andre\u0301 Rangel\u00a0\" \/>\n<meta name=\"twitter:card\" content=\"summary_large_image\" \/>\n<meta name=\"twitter:label1\" content=\"Escrito por\" \/>\n\t<meta name=\"twitter:data1\" content=\"Andre\u0301 Rangel\u00a0\" \/>\n\t<meta name=\"twitter:label2\" content=\"Est. tempo de leitura\" \/>\n\t<meta name=\"twitter:data2\" content=\"5 minutos\" \/>\n<!-- \/ Yoast SEO plugin. -->","yoast_head_json":{"title":"Bolsa fam\u00edlia emite comunicado para todos os NIS 1, 2, 3, 4, 5, 6, 7, 8, 9 e 0 - Estado de Minas - Em foco","description":"O Bolsa Fam\u00edlia em 2026 mant\u00e9m valor base de R$ 600 e adicionais. Veja quem tem direito, regras e calend\u00e1rio de janeiro.","robots":{"index":"index","follow":"follow","max-snippet":"max-snippet:-1","max-image-preview":"max-image-preview:large","max-video-preview":"max-video-preview:-1"},"canonical":"https:\/\/www.em.com.br\/emfoco\/2026\/01\/18\/bolsa-familia-emite-comunicado-para-todos-os-nis-1-2-3-4-5-6-7-8-9-e-0\/","og_locale":"pt_BR","og_type":"article","og_title":"Bolsa fam\u00edlia emite comunicado para todos os NIS 1, 2, 3, 4, 5, 6, 7, 8, 9 e 0 - Estado de Minas - Em foco","og_description":"O Bolsa Fam\u00edlia em 2026 mant\u00e9m valor base de R$ 600 e adicionais. Veja quem tem direito, regras e calend\u00e1rio de janeiro.","og_url":"https:\/\/www.em.com.br\/emfoco\/2026\/01\/18\/bolsa-familia-emite-comunicado-para-todos-os-nis-1-2-3-4-5-6-7-8-9-e-0\/","og_site_name":"Estado de Minas - Em foco","article_published_time":"2026-01-18T21:30:00+00:00","article_modified_time":"2026-01-17T21:48:07+00:00","og_image":[{"width":1280,"height":720,"url":"https:\/\/www.em.com.br\/emfoco\/wp-content\/uploads\/2026\/01\/Gemini_Generated_Image_cp0n2pcp0n2pcp0n-1.png","type":"image\/png"}],"author":"Andre\u0301 Rangel\u00a0","twitter_card":"summary_large_image","twitter_misc":{"Escrito por":"Andre\u0301 Rangel\u00a0","Est. tempo de leitura":"5 minutos"},"schema":{"@context":"https:\/\/schema.org","@graph":[{"@type":"WebPage","@id":"https:\/\/www.em.com.br\/emfoco\/2026\/01\/18\/bolsa-familia-emite-comunicado-para-todos-os-nis-1-2-3-4-5-6-7-8-9-e-0\/","url":"https:\/\/www.em.com.br\/emfoco\/2026\/01\/18\/bolsa-familia-emite-comunicado-para-todos-os-nis-1-2-3-4-5-6-7-8-9-e-0\/","name":"Bolsa fam\u00edlia emite comunicado para todos os NIS 1, 2, 3, 4, 5, 6, 7, 8, 9 e 0 - Estado de Minas - Em foco","isPartOf":{"@id":"https:\/\/www.em.com.br\/emfoco\/#website"},"primaryImageOfPage":{"@id":"https:\/\/www.em.com.br\/emfoco\/2026\/01\/18\/bolsa-familia-emite-comunicado-para-todos-os-nis-1-2-3-4-5-6-7-8-9-e-0\/#primaryimage"},"image":{"@id":"https:\/\/www.em.com.br\/emfoco\/2026\/01\/18\/bolsa-familia-emite-comunicado-para-todos-os-nis-1-2-3-4-5-6-7-8-9-e-0\/#primaryimage"},"thumbnailUrl":"https:\/\/www.em.com.br\/emfoco\/wp-content\/uploads\/2026\/01\/Gemini_Generated_Image_cp0n2pcp0n2pcp0n-1.png","datePublished":"2026-01-18T21:30:00+00:00","dateModified":"2026-01-17T21:48:07+00:00","author":{"@id":"https:\/\/www.em.com.br\/emfoco\/#\/schema\/person\/60eda09c1fedf0d6891f4cef4b60b8b8"},"description":"O Bolsa Fam\u00edlia em 2026 mant\u00e9m valor base de R$ 600 e adicionais. Veja quem tem direito, regras e calend\u00e1rio de janeiro.","breadcrumb":{"@id":"https:\/\/www.em.com.br\/emfoco\/2026\/01\/18\/bolsa-familia-emite-comunicado-para-todos-os-nis-1-2-3-4-5-6-7-8-9-e-0\/#breadcrumb"},"inLanguage":"pt-BR","potentialAction":[{"@type":"ReadAction","target":["https:\/\/www.em.com.br\/emfoco\/2026\/01\/18\/bolsa-familia-emite-comunicado-para-todos-os-nis-1-2-3-4-5-6-7-8-9-e-0\/"]}]},{"@type":"ImageObject","inLanguage":"pt-BR","@id":"https:\/\/www.em.com.br\/emfoco\/2026\/01\/18\/bolsa-familia-emite-comunicado-para-todos-os-nis-1-2-3-4-5-6-7-8-9-e-0\/#primaryimage","url":"https:\/\/www.em.com.br\/emfoco\/wp-content\/uploads\/2026\/01\/Gemini_Generated_Image_cp0n2pcp0n2pcp0n-1.png","contentUrl":"https:\/\/www.em.com.br\/emfoco\/wp-content\/uploads\/2026\/01\/Gemini_Generated_Image_cp0n2pcp0n2pcp0n-1.png","width":1280,"height":720,"caption":"Muita gente pode perder o Bolsa Fam\u00edlia por falta de atualiza\u00e7\u00e3o"},{"@type":"BreadcrumbList","@id":"https:\/\/www.em.com.br\/emfoco\/2026\/01\/18\/bolsa-familia-emite-comunicado-para-todos-os-nis-1-2-3-4-5-6-7-8-9-e-0\/#breadcrumb","itemListElement":[{"@type":"ListItem","position":1,"name":"In\u00edcio","item":"https:\/\/www.em.com.br\/emfoco\/"},{"@type":"ListItem","position":2,"name":"Bolsa fam\u00edlia emite comunicado para todos os NIS 1, 2, 3, 4, 5, 6, 7, 8, 9 e 0"}]},{"@type":"WebSite","@id":"https:\/\/www.em.com.br\/emfoco\/#website","url":"https:\/\/www.em.com.br\/emfoco\/","name":"Estado de Minas - Em foco","description":"Acompanhe as \u00faltimas not\u00edcias e fique bem informado sobre tudo o que acontece em Minas Gerais, Brasil e no mundo.","potentialAction":[{"@type":"SearchAction","target":{"@type":"EntryPoint","urlTemplate":"https:\/\/www.em.com.br\/emfoco\/?s={search_term_string}"},"query-input":{"@type":"PropertyValueSpecification","valueRequired":true,"valueName":"search_term_string"}}],"inLanguage":"pt-BR"},{"@type":"Person","@id":"https:\/\/www.em.com.br\/emfoco\/#\/schema\/person\/60eda09c1fedf0d6891f4cef4b60b8b8","name":"Andre\u0301 Rangel\u00a0","image":{"@type":"ImageObject","inLanguage":"pt-BR","@id":"https:\/\/www.em.com.br\/emfoco\/#\/schema\/person\/image\/","url":"https:\/\/secure.gravatar.com\/avatar\/6234dc814c77c8ef6d8bba622c787efc?s=96&d=mm&r=g","contentUrl":"https:\/\/secure.gravatar.com\/avatar\/6234dc814c77c8ef6d8bba622c787efc?s=96&d=mm&r=g","caption":"Andre\u0301 Rangel\u00a0"},"url":"https:\/\/www.em.com.br\/emfoco\/author\/luizmyth\/"}]}},"_links":{"self":[{"href":"https:\/\/www.em.com.br\/emfoco\/wp-json\/wp\/v2\/posts\/156762","targetHints":{"allow":["GET"]}}],"collection":[{"href":"https:\/\/www.em.com.br\/emfoco\/wp-json\/wp\/v2\/posts"}],"about":[{"href":"https:\/\/www.em.com.br\/emfoco\/wp-json\/wp\/v2\/types\/post"}],"author":[{"embeddable":true,"href":"https:\/\/www.em.com.br\/emfoco\/wp-json\/wp\/v2\/users\/11"}],"replies":[{"embeddable":true,"href":"https:\/\/www.em.com.br\/emfoco\/wp-json\/wp\/v2\/comments?post=156762"}],"version-history":[{"count":2,"href":"https:\/\/www.em.com.br\/emfoco\/wp-json\/wp\/v2\/posts\/156762\/revisions"}],"predecessor-version":[{"id":156764,"href":"https:\/\/www.em.com.br\/emfoco\/wp-json\/wp\/v2\/posts\/156762\/revisions\/156764"}],"wp:featuredmedia":[{"embeddable":true,"href":"https:\/\/www.em.com.br\/emfoco\/wp-json\/wp\/v2\/media\/156765"}],"wp:attachment":[{"href":"https:\/\/www.em.com.br\/emfoco\/wp-json\/wp\/v2\/media?parent=156762"}],"wp:term":[{"taxonomy":"category","embeddable":true,"href":"https:\/\/www.em.com.br\/emfoco\/wp-json\/wp\/v2\/categories?post=156762"},{"taxonomy":"post_tag","embeddable":true,"href":"https:\/\/www.em.com.br\/emfoco\/wp-json\/wp\/v2\/tags?post=156762"}],"curies":[{"name":"wp","href":"https:\/\/api.w.org\/{rel}","templated":true}]}}