{"id":156705,"date":"2026-01-19T18:05:00","date_gmt":"2026-01-19T21:05:00","guid":{"rendered":"https:\/\/www.em.com.br\/emfoco\/?p=156705"},"modified":"2026-01-19T18:51:42","modified_gmt":"2026-01-19T21:51:42","slug":"a-cidade-no-jardim-da-serra-gaucha-que-encanta-pelos-labirintos-verdes-e-jardins-floridos-para-viver-com-tranquilidade","status":"publish","type":"post","link":"https:\/\/www.em.com.br\/emfoco\/2026\/01\/19\/a-cidade-no-jardim-da-serra-gaucha-que-encanta-pelos-labirintos-verdes-e-jardins-floridos-para-viver-com-tranquilidade\/","title":{"rendered":"A cidade no Jardim da Serra Ga\u00facha que encanta pelos labirintos verdes e jardins floridos para viver com tranquilidade"},"content":{"rendered":"\n<p>O t\u00edtulo de Jardim da Serra Ga\u00facha define perfeitamente este destino florido situado na regi\u00e3o da <strong>Serra Ga\u00facha<\/strong>. Localizada a cerca de 90 km de <strong>Porto Alegre<\/strong>, a cidade preserva o legado dos imigrantes germ\u00e2nicos em sua arquitetura t\u00edpica e na tranquilidade das ruas.<\/p>\n\n\n\n<h2 class=\"wp-block-heading\">Quais experi\u00eancias ao ar livre s\u00e3o obrigat\u00f3rias na visita?<\/h2>\n\n\n\n<p>O turismo local valoriza parques bem cuidados e monumentos que resgatam a hist\u00f3ria da coloniza\u00e7\u00e3o europeia na regi\u00e3o. Caminhar pelas \u00e1reas verdes \u00e9 a melhor forma de sentir a paz do lugar, que \u00e9 bem mais calma que a vizinha <strong>Gramado<\/strong>.<\/p>\n\n\n\n<p>Prepare a c\u00e2mera para registrar paisagens lindas e constru\u00e7\u00f5es antigas nestas paradas essenciais do passeio:<\/p>\n\n\n\n<ul class=\"wp-block-list\">\n<li><strong>Pra\u00e7a da Rep\u00fablica<\/strong>: Conhecida como <strong>Pra\u00e7a das Flores<\/strong>, abriga o famoso <strong>Labirinto Verde<\/strong>, uma brincadeira divertida feita de arbustos.<\/li>\n\n\n\n<li><strong>Parque Aldeia do Imigrante<\/strong>: Um museu a c\u00e9u aberto com casas antigas originais que mostram como viviam os primeiros alem\u00e3es.<\/li>\n\n\n\n<li><strong>Ninho das \u00c1guias<\/strong>: Um mirante no alto do morro com uma vista incr\u00edvel do vale, perfeito para ver o p\u00f4r do sol.<\/li>\n\n\n\n<li><strong>Esculturas Parque Pedras do Sil\u00eancio<\/strong>: Conta a hist\u00f3ria da imigra\u00e7\u00e3o atrav\u00e9s de obras feitas em pedra no meio da natureza.<\/li>\n<\/ul>\n\n\n<div class=\"wp-block-image\">\n<figure class=\"aligncenter size-large\"><img loading=\"lazy\" decoding=\"async\" width=\"1024\" height=\"576\" src=\"https:\/\/www.em.com.br\/emfoco\/wp-content\/uploads\/2025\/12\/Nova-Petropolis_1763540772706-1024x576.jpg\" alt=\"\" class=\"wp-image-143409\" srcset=\"https:\/\/www.em.com.br\/emfoco\/wp-content\/uploads\/2025\/12\/Nova-Petropolis_1763540772706-1024x576.jpg 1024w, https:\/\/www.em.com.br\/emfoco\/wp-content\/uploads\/2025\/12\/Nova-Petropolis_1763540772706-300x169.jpg 300w, https:\/\/www.em.com.br\/emfoco\/wp-content\/uploads\/2025\/12\/Nova-Petropolis_1763540772706-768x432.jpg 768w, https:\/\/www.em.com.br\/emfoco\/wp-content\/uploads\/2025\/12\/Nova-Petropolis_1763540772706-750x422.jpg 750w, https:\/\/www.em.com.br\/emfoco\/wp-content\/uploads\/2025\/12\/Nova-Petropolis_1763540772706-1140x641.jpg 1140w, https:\/\/www.em.com.br\/emfoco\/wp-content\/uploads\/2025\/12\/Nova-Petropolis_1763540772706.jpg 1280w\" sizes=\"auto, (max-width: 1024px) 100vw, 1024px\" \/><figcaption class=\"wp-element-caption\">Nova Petr\u00f3polis est\u00e1 situada entre Porto Alegre e Caxias do Sul \/\/ Cr\u00e9ditos: depositphotos.com \/ pedromoraesphotos<\/figcaption><\/figure><\/div>\n\n\n<h2 class=\"wp-block-heading\">Por que o dialeto alem\u00e3o ainda \u00e9 falado na cidade?<\/h2>\n\n\n\n<p>A cidade \u00e9 um dos poucos lugares no <strong>Brasil<\/strong> onde o Hunsr\u00fcckisch, uma l\u00edngua de origem alem\u00e3, ainda \u00e9 falada no dia a dia por muitos moradores. Isso acontece porque as fam\u00edlias t\u00eam muito orgulho de suas ra\u00edzes e passaram o idioma de pai para filho por gera\u00e7\u00f5es.<\/p>\n\n\n\n<p>Ao visitar o interior ou conversar com os mais antigos, \u00e9 comum ouvir essa l\u00edngua diferente que \u00e9 rara at\u00e9 na <strong>Europa<\/strong> hoje em dia. O <strong><a href=\"http:\/\/portal.iphan.gov.br\/uploads\/publicacao\/CadTec4_SitiosHistoricos_m.pdf\" target=\"_blank\" rel=\"noreferrer noopener\">Instituto do Patrim\u00f4nio Hist\u00f3rico e Art\u00edstico Nacional<\/a><\/strong> (<strong>IPHAN<\/strong>) reconhece a import\u00e2ncia dessa cultura viva para o nosso pa\u00eds.<\/p>\n\n\n<div class=\"wp-block-image\">\n<figure class=\"aligncenter size-large\"><img loading=\"lazy\" decoding=\"async\" width=\"1024\" height=\"576\" src=\"https:\/\/www.em.com.br\/emfoco\/wp-content\/uploads\/2025\/12\/Nova-Petropolis_1763540784601-1024x576.jpg\" alt=\"Essa cidade da serra ga\u00facha encanta com jardins perfeitos e vida tranquila\" class=\"wp-image-143410\" srcset=\"https:\/\/www.em.com.br\/emfoco\/wp-content\/uploads\/2025\/12\/Nova-Petropolis_1763540784601-1024x576.jpg 1024w, https:\/\/www.em.com.br\/emfoco\/wp-content\/uploads\/2025\/12\/Nova-Petropolis_1763540784601-300x169.jpg 300w, https:\/\/www.em.com.br\/emfoco\/wp-content\/uploads\/2025\/12\/Nova-Petropolis_1763540784601-768x432.jpg 768w, https:\/\/www.em.com.br\/emfoco\/wp-content\/uploads\/2025\/12\/Nova-Petropolis_1763540784601-750x422.jpg 750w, https:\/\/www.em.com.br\/emfoco\/wp-content\/uploads\/2025\/12\/Nova-Petropolis_1763540784601-1140x641.jpg 1140w, https:\/\/www.em.com.br\/emfoco\/wp-content\/uploads\/2025\/12\/Nova-Petropolis_1763540784601.jpg 1280w\" sizes=\"auto, (max-width: 1024px) 100vw, 1024px\" \/><figcaption class=\"wp-element-caption\">Nova Petropolis vem preservando tradi\u00e7\u00f5es e cen\u00e1rios que remetem \u00e0 coloniza\u00e7\u00e3o alem\u00e3 \/\/ Cr\u00e9ditos: depositphotos.com \/ lltrarbach<\/figcaption><\/figure><\/div>\n\n\n<h2 class=\"wp-block-heading\">Qual \u00e9 a melhor \u00e9poca para ver os jardins floridos?<\/h2>\n\n\n\n<p>A primavera transforma a cidade em um mar de cores, honrando a fama de &#8220;Jardim da Serra&#8221;, enquanto o inverno atrai quem gosta de frio, lareira e neblina. As esta\u00e7\u00f5es s\u00e3o bem marcadas, oferecendo paisagens diferentes o ano todo.<\/p>\n\n\n\n<p>Na hora de fazer a mala, lembre-se de que o tempo na serra muda r\u00e1pido. Veja o que esperar, segundo dados hist\u00f3ricos e do <strong><a href=\"https:\/\/www.climatempo.com.br\/previsao-do-tempo\/cidade\/1402\/novapetropolis-rs\" target=\"_blank\" rel=\"noreferrer noopener\">Climatempo<\/a><\/strong>:<\/p>\n\n\n\n<figure class=\"wp-block-table\"><table class=\"has-fixed-layout\"><tbody><tr><th>Esta\u00e7\u00e3o \/ Meses<\/th><th>Temperatura<\/th><th>O que esperar<\/th><\/tr><tr><td>Ver\u00e3o (Dezembro a Mar\u00e7o)<\/td><td>18\u00b0C a 29\u00b0C<\/td><td>Hort\u00eansias floridas, dias quentes e noites agrad\u00e1veis.<\/td><\/tr><tr><td>Outono (Abril a Junho)<\/td><td>10\u00b0C a 22\u00b0C<\/td><td>As folhas das \u00e1rvores ficam vermelhas e o clima come\u00e7a a esfriar.<\/td><\/tr><tr><td>Inverno (Junho a Setembro)<\/td><td>6\u00b0C a 17\u00b0C<\/td><td>Frio intenso, neblina charmosa e ideal para comer bem.<\/td><\/tr><\/tbody><\/table><\/figure>\n\n\n\n<h2 class=\"wp-block-heading\">Como chegar pela Rota Rom\u00e2ntica?<\/h2>\n\n\n\n<p>O caminho mais bonito saindo de <strong>Porto Alegre<\/strong> \u00e9 pela rodovia <strong>BR-116<\/strong>, num trajeto conhecido como <strong>Rota Rom\u00e2ntica<\/strong>. A viagem dura cerca de uma hora e meia, passando por curvas cercadas de \u00e1rvores pl\u00e1tanos que deixam a estrada linda, mas pedem aten\u00e7\u00e3o ao volante.<\/p>\n\n\n\n<p>Para quem j\u00e1 est\u00e1 em <strong>Caxias do Sul<\/strong> ou <strong>Gramado<\/strong>, o passeio \u00e9 rapidinho e vale muito a pena para um bate e volta. A estrada \u00e9 asfaltada e bem cuidada, mas pode ter bastante neblina nos meses de inverno.<\/p>\n\n\n\n<p>Quem sonha em conhecer o Jardim da Serra Ga\u00facha, vai curtir este v\u00eddeo especialmente selecionado do canal <strong>De fora em Juiz de Fora<\/strong>, que conta com milhares de visualiza\u00e7\u00f5es, onde <strong>Tati Marmon<\/strong> mostra detalhadamente as <strong>10 atra\u00e7\u00f5es<\/strong> imperd\u00edveis de <strong>Nova Petr\u00f3polis<\/strong>:<\/p>\n\n\n\n<figure class=\"wp-block-embed is-type-video is-provider-youtube wp-block-embed-youtube wp-embed-aspect-16-9 wp-has-aspect-ratio\"><div class=\"wp-block-embed__wrapper\">\n<div class=\"jeg_video_container jeg_video_content\"><iframe loading=\"lazy\" title=\"NOVA PETR\u00d3POLIS - RS: TOP 10 ATRA\u00c7\u00d5ES DO JARDIM DA SERRA GA\u00daCHA - Rio Grande do Sul\" width=\"500\" height=\"281\" src=\"https:\/\/www.youtube.com\/embed\/xtBS701XfHw?feature=oembed\" frameborder=\"0\" allow=\"accelerometer; autoplay; clipboard-write; encrypted-media; gyroscope; picture-in-picture; web-share\" referrerpolicy=\"strict-origin-when-cross-origin\" allowfullscreen><\/iframe><\/div>\n<\/div><\/figure>\n\n\n\n<p><strong>Leia tamb\u00e9m: <a href=\"https:\/\/www.em.com.br\/emfoco\/2026\/01\/17\/essa-cidade-nas-montanhas-do-rio-com-o-famoso-dedo-de-deus-revela-o-paraiso-do-frio-com-trilhas-lindas-e-ar-puro\/\" target=\"_blank\" rel=\"noreferrer noopener\">Essa cidade nas montanhas do Rio com o famoso Dedo de Deus revela o para\u00edso do frio com trilhas lindas e ar puro<\/a><\/strong><\/p>\n\n\n\n<h2 class=\"wp-block-heading\">Quais sabores voc\u00ea n\u00e3o pode deixar de provar?<\/h2>\n\n\n\n<p>O caf\u00e9 colonial \u00e9 a grande estrela da comida local, servido como uma refei\u00e7\u00e3o completa que substitui o almo\u00e7o, com dezenas de pratos na mesa. Voc\u00ea vai encontrar cucas, torta de ma\u00e7\u00e3 (apfelstrudel), queijos, salames e p\u00e3es caseiros feitos com receitas de fam\u00edlia.<\/p>\n\n\n\n<p>Al\u00e9m dos caf\u00e9s, restaurantes tradicionais como o <strong>Recanto dos Pl\u00e1tanos<\/strong> servem pratos fortes como o joelho de porco e o chucrute. A cidade tamb\u00e9m produz \u00f3timas cervejas artesanais que combinam muito bem com essa comida saborosa.<\/p>\n\n\n\n<h2 class=\"wp-block-heading\">Tranquilidade e cultura esperam por voc\u00ea na Serra<\/h2>\n\n\n\n<p>Escolher este destino \u00e9 garantir um passeio rico em cultura, mas sem o tumulto e as filas de outras cidades tur\u00edsticas ga\u00fachas. Veja os pontos fortes:<\/p>\n\n\n\n<ul class=\"wp-block-list\">\n<li><strong>Seguran\u00e7a Total<\/strong>: Pode caminhar a p\u00e9 pelo centro e tirar fotos sem preocupa\u00e7\u00e3o.<\/li>\n\n\n\n<li><strong>Hist\u00f3ria Viva<\/strong>: \u00c9 emocionante ver de perto como os imigrantes constru\u00edram a regi\u00e3o.<\/li>\n\n\n\n<li><strong>Gastronomia Farta<\/strong>: A comida \u00e9 deliciosa, com por\u00e7\u00f5es generosas que agradam a todos.<\/li>\n<\/ul>\n\n\n\n<p>Voc\u00ea precisa conhecer o charme e as cores de <strong>Nova Petr\u00f3polis<\/strong> na sua pr\u00f3xima viagem.<\/p>\n","protected":false},"excerpt":{"rendered":"<p>O t\u00edtulo de Jardim da Serra Ga\u00facha define perfeitamente este destino florido situado na regi\u00e3o da Serra Ga\u00facha. Localizada a cerca de 90 km de Porto Alegre, a cidade preserva o legado dos imigrantes germ\u00e2nicos em sua arquitetura t\u00edpica e na tranquilidade das ruas. Quais experi\u00eancias ao ar livre s\u00e3o obrigat\u00f3rias na visita? O turismo [&hellip;]<\/p>\n","protected":false},"author":6,"featured_media":143411,"comment_status":"open","ping_status":"open","sticky":false,"template":"","format":"standard","meta":{"jnews-multi-image_gallery":[],"jnews_single_post":{"format":"standard"},"jnews_primary_category":[],"jnews_social_meta":[],"jnews_override_counter":[],"footnotes":""},"categories":[26],"tags":[183,16397,1506],"class_list":["post-156705","post","type-post","status-publish","format-standard","has-post-thumbnail","hentry","category-cidades","tag-cidades","tag-nova-petropolis","tag-rio-grande-do-sul"],"yoast_head":"<!-- This site is optimized with the Yoast SEO plugin v23.8 - https:\/\/yoast.com\/wordpress\/plugins\/seo\/ -->\n<title>A cidade no Jardim da Serra Ga\u00facha que encanta pelos labirintos verdes e jardins floridos para viver com tranquilidade - Estado de Minas - Em foco<\/title>\n<meta name=\"description\" content=\"Esta cidade no Jardim da Serra Ga\u00facha encanta pelos labirintos verdes e jardins floridos, sendo o destino ideal para viver com tranquilidade.\" \/>\n<meta name=\"robots\" content=\"index, follow, max-snippet:-1, max-image-preview:large, max-video-preview:-1\" \/>\n<link rel=\"canonical\" href=\"https:\/\/www.em.com.br\/emfoco\/2026\/01\/19\/a-cidade-no-jardim-da-serra-gaucha-que-encanta-pelos-labirintos-verdes-e-jardins-floridos-para-viver-com-tranquilidade\/\" \/>\n<meta property=\"og:locale\" content=\"pt_BR\" \/>\n<meta property=\"og:type\" content=\"article\" \/>\n<meta property=\"og:title\" content=\"A cidade no Jardim da Serra Ga\u00facha que encanta pelos labirintos verdes e jardins floridos para viver com tranquilidade - Estado de Minas - Em foco\" \/>\n<meta property=\"og:description\" content=\"Esta cidade no Jardim da Serra Ga\u00facha encanta pelos labirintos verdes e jardins floridos, sendo o destino ideal para viver com tranquilidade.\" \/>\n<meta property=\"og:url\" content=\"https:\/\/www.em.com.br\/emfoco\/2026\/01\/19\/a-cidade-no-jardim-da-serra-gaucha-que-encanta-pelos-labirintos-verdes-e-jardins-floridos-para-viver-com-tranquilidade\/\" \/>\n<meta property=\"og:site_name\" content=\"Estado de Minas - Em foco\" \/>\n<meta property=\"article:published_time\" content=\"2026-01-19T21:05:00+00:00\" \/>\n<meta property=\"article:modified_time\" content=\"2026-01-19T21:51:42+00:00\" \/>\n<meta property=\"og:image\" content=\"https:\/\/www.em.com.br\/emfoco\/wp-content\/uploads\/2025\/12\/Nova-Petropolis_1763540801378.jpg\" \/>\n\t<meta property=\"og:image:width\" content=\"1280\" \/>\n\t<meta property=\"og:image:height\" content=\"720\" \/>\n\t<meta property=\"og:image:type\" content=\"image\/jpeg\" \/>\n<meta name=\"author\" content=\"Vitor Bruno\" \/>\n<meta name=\"twitter:card\" content=\"summary_large_image\" \/>\n<meta name=\"twitter:label1\" content=\"Escrito por\" \/>\n\t<meta name=\"twitter:data1\" content=\"Vitor Bruno\" \/>\n\t<meta name=\"twitter:label2\" content=\"Est. tempo de leitura\" \/>\n\t<meta name=\"twitter:data2\" content=\"5 minutos\" \/>\n<!-- \/ Yoast SEO plugin. -->","yoast_head_json":{"title":"A cidade no Jardim da Serra Ga\u00facha que encanta pelos labirintos verdes e jardins floridos para viver com tranquilidade - Estado de Minas - Em foco","description":"Esta cidade no Jardim da Serra Ga\u00facha encanta pelos labirintos verdes e jardins floridos, sendo o destino ideal para viver com tranquilidade.","robots":{"index":"index","follow":"follow","max-snippet":"max-snippet:-1","max-image-preview":"max-image-preview:large","max-video-preview":"max-video-preview:-1"},"canonical":"https:\/\/www.em.com.br\/emfoco\/2026\/01\/19\/a-cidade-no-jardim-da-serra-gaucha-que-encanta-pelos-labirintos-verdes-e-jardins-floridos-para-viver-com-tranquilidade\/","og_locale":"pt_BR","og_type":"article","og_title":"A cidade no Jardim da Serra Ga\u00facha que encanta pelos labirintos verdes e jardins floridos para viver com tranquilidade - Estado de Minas - Em foco","og_description":"Esta cidade no Jardim da Serra Ga\u00facha encanta pelos labirintos verdes e jardins floridos, sendo o destino ideal para viver com tranquilidade.","og_url":"https:\/\/www.em.com.br\/emfoco\/2026\/01\/19\/a-cidade-no-jardim-da-serra-gaucha-que-encanta-pelos-labirintos-verdes-e-jardins-floridos-para-viver-com-tranquilidade\/","og_site_name":"Estado de Minas - Em foco","article_published_time":"2026-01-19T21:05:00+00:00","article_modified_time":"2026-01-19T21:51:42+00:00","og_image":[{"width":1280,"height":720,"url":"https:\/\/www.em.com.br\/emfoco\/wp-content\/uploads\/2025\/12\/Nova-Petropolis_1763540801378.jpg","type":"image\/jpeg"}],"author":"Vitor Bruno","twitter_card":"summary_large_image","twitter_misc":{"Escrito por":"Vitor Bruno","Est. tempo de leitura":"5 minutos"},"schema":{"@context":"https:\/\/schema.org","@graph":[{"@type":"WebPage","@id":"https:\/\/www.em.com.br\/emfoco\/2026\/01\/19\/a-cidade-no-jardim-da-serra-gaucha-que-encanta-pelos-labirintos-verdes-e-jardins-floridos-para-viver-com-tranquilidade\/","url":"https:\/\/www.em.com.br\/emfoco\/2026\/01\/19\/a-cidade-no-jardim-da-serra-gaucha-que-encanta-pelos-labirintos-verdes-e-jardins-floridos-para-viver-com-tranquilidade\/","name":"A cidade no Jardim da Serra Ga\u00facha que encanta pelos labirintos verdes e jardins floridos para viver com tranquilidade - Estado de Minas - Em foco","isPartOf":{"@id":"https:\/\/www.em.com.br\/emfoco\/#website"},"primaryImageOfPage":{"@id":"https:\/\/www.em.com.br\/emfoco\/2026\/01\/19\/a-cidade-no-jardim-da-serra-gaucha-que-encanta-pelos-labirintos-verdes-e-jardins-floridos-para-viver-com-tranquilidade\/#primaryimage"},"image":{"@id":"https:\/\/www.em.com.br\/emfoco\/2026\/01\/19\/a-cidade-no-jardim-da-serra-gaucha-que-encanta-pelos-labirintos-verdes-e-jardins-floridos-para-viver-com-tranquilidade\/#primaryimage"},"thumbnailUrl":"https:\/\/www.em.com.br\/emfoco\/wp-content\/uploads\/2025\/12\/Nova-Petropolis_1763540801378.jpg","datePublished":"2026-01-19T21:05:00+00:00","dateModified":"2026-01-19T21:51:42+00:00","author":{"@id":"https:\/\/www.em.com.br\/emfoco\/#\/schema\/person\/364ac1852fafd00f1be20f0b8b237569"},"description":"Esta cidade no Jardim da Serra Ga\u00facha encanta pelos labirintos verdes e jardins floridos, sendo o destino ideal para viver com tranquilidade.","breadcrumb":{"@id":"https:\/\/www.em.com.br\/emfoco\/2026\/01\/19\/a-cidade-no-jardim-da-serra-gaucha-que-encanta-pelos-labirintos-verdes-e-jardins-floridos-para-viver-com-tranquilidade\/#breadcrumb"},"inLanguage":"pt-BR","potentialAction":[{"@type":"ReadAction","target":["https:\/\/www.em.com.br\/emfoco\/2026\/01\/19\/a-cidade-no-jardim-da-serra-gaucha-que-encanta-pelos-labirintos-verdes-e-jardins-floridos-para-viver-com-tranquilidade\/"]}]},{"@type":"ImageObject","inLanguage":"pt-BR","@id":"https:\/\/www.em.com.br\/emfoco\/2026\/01\/19\/a-cidade-no-jardim-da-serra-gaucha-que-encanta-pelos-labirintos-verdes-e-jardins-floridos-para-viver-com-tranquilidade\/#primaryimage","url":"https:\/\/www.em.com.br\/emfoco\/wp-content\/uploads\/2025\/12\/Nova-Petropolis_1763540801378.jpg","contentUrl":"https:\/\/www.em.com.br\/emfoco\/wp-content\/uploads\/2025\/12\/Nova-Petropolis_1763540801378.jpg","width":1280,"height":720,"caption":"Nova Petr\u00f3polis nasceu a partir da coloniza\u00e7\u00e3o alem\u00e3 em 1859 \/\/ Cr\u00e9ditos: depositphotos.com \/ diegograndi"},{"@type":"BreadcrumbList","@id":"https:\/\/www.em.com.br\/emfoco\/2026\/01\/19\/a-cidade-no-jardim-da-serra-gaucha-que-encanta-pelos-labirintos-verdes-e-jardins-floridos-para-viver-com-tranquilidade\/#breadcrumb","itemListElement":[{"@type":"ListItem","position":1,"name":"In\u00edcio","item":"https:\/\/www.em.com.br\/emfoco\/"},{"@type":"ListItem","position":2,"name":"A cidade no Jardim da Serra Ga\u00facha que encanta pelos labirintos verdes e jardins floridos para viver com tranquilidade"}]},{"@type":"WebSite","@id":"https:\/\/www.em.com.br\/emfoco\/#website","url":"https:\/\/www.em.com.br\/emfoco\/","name":"Estado de Minas - Em foco","description":"Acompanhe as \u00faltimas not\u00edcias e fique bem informado sobre tudo o que acontece em Minas Gerais, Brasil e no mundo.","potentialAction":[{"@type":"SearchAction","target":{"@type":"EntryPoint","urlTemplate":"https:\/\/www.em.com.br\/emfoco\/?s={search_term_string}"},"query-input":{"@type":"PropertyValueSpecification","valueRequired":true,"valueName":"search_term_string"}}],"inLanguage":"pt-BR"},{"@type":"Person","@id":"https:\/\/www.em.com.br\/emfoco\/#\/schema\/person\/364ac1852fafd00f1be20f0b8b237569","name":"Vitor Bruno","image":{"@type":"ImageObject","inLanguage":"pt-BR","@id":"https:\/\/www.em.com.br\/emfoco\/#\/schema\/person\/image\/","url":"https:\/\/secure.gravatar.com\/avatar\/b719e5cdede09f942064960883b5524d?s=96&d=mm&r=g","contentUrl":"https:\/\/secure.gravatar.com\/avatar\/b719e5cdede09f942064960883b5524d?s=96&d=mm&r=g","caption":"Vitor Bruno"},"sameAs":["https:\/\/www.em.com.br\/emfoco\/"],"url":"https:\/\/www.em.com.br\/emfoco\/author\/vitormyth\/"}]}},"_links":{"self":[{"href":"https:\/\/www.em.com.br\/emfoco\/wp-json\/wp\/v2\/posts\/156705","targetHints":{"allow":["GET"]}}],"collection":[{"href":"https:\/\/www.em.com.br\/emfoco\/wp-json\/wp\/v2\/posts"}],"about":[{"href":"https:\/\/www.em.com.br\/emfoco\/wp-json\/wp\/v2\/types\/post"}],"author":[{"embeddable":true,"href":"https:\/\/www.em.com.br\/emfoco\/wp-json\/wp\/v2\/users\/6"}],"replies":[{"embeddable":true,"href":"https:\/\/www.em.com.br\/emfoco\/wp-json\/wp\/v2\/comments?post=156705"}],"version-history":[{"count":3,"href":"https:\/\/www.em.com.br\/emfoco\/wp-json\/wp\/v2\/posts\/156705\/revisions"}],"predecessor-version":[{"id":156775,"href":"https:\/\/www.em.com.br\/emfoco\/wp-json\/wp\/v2\/posts\/156705\/revisions\/156775"}],"wp:featuredmedia":[{"embeddable":true,"href":"https:\/\/www.em.com.br\/emfoco\/wp-json\/wp\/v2\/media\/143411"}],"wp:attachment":[{"href":"https:\/\/www.em.com.br\/emfoco\/wp-json\/wp\/v2\/media?parent=156705"}],"wp:term":[{"taxonomy":"category","embeddable":true,"href":"https:\/\/www.em.com.br\/emfoco\/wp-json\/wp\/v2\/categories?post=156705"},{"taxonomy":"post_tag","embeddable":true,"href":"https:\/\/www.em.com.br\/emfoco\/wp-json\/wp\/v2\/tags?post=156705"}],"curies":[{"name":"wp","href":"https:\/\/api.w.org\/{rel}","templated":true}]}}