{"id":156703,"date":"2026-01-19T11:25:00","date_gmt":"2026-01-19T14:25:00","guid":{"rendered":"https:\/\/www.em.com.br\/emfoco\/?p=156703"},"modified":"2026-01-19T18:50:00","modified_gmt":"2026-01-19T21:50:00","slug":"a-vila-no-litoral-de-pernambuco-com-piscinas-naturais-que-revela-o-segredo-de-viver-com-pe-na-areia-e-tranquilidade","status":"publish","type":"post","link":"https:\/\/www.em.com.br\/emfoco\/2026\/01\/19\/a-vila-no-litoral-de-pernambuco-com-piscinas-naturais-que-revela-o-segredo-de-viver-com-pe-na-areia-e-tranquilidade\/","title":{"rendered":"A vila no litoral de Pernambuco com piscinas naturais que revela o segredo de viver com p\u00e9 na areia e tranquilidade"},"content":{"rendered":"\n<p>O famoso balne\u00e1rio de <strong>Porto de Galinhas<\/strong>, distrito de <strong>Ipojuca<\/strong>, conquista visitantes com suas \u00e1guas mornas e barreiras de corais. Localizado a apenas 60 km de <strong>Recife<\/strong>, o destino oferece a estrutura de grandes resorts sem perder o charme de vila de pescadores.<\/p>\n\n\n\n<h2 class=\"wp-block-heading\">Quais experi\u00eancias definem o passeio ideal?<\/h2>\n\n\n\n<p>O contato direto com os peixes coloridos nos recifes de corais marca a mem\u00f3ria de qualquer visitante. A rotina na vila gira em torno da t\u00e1bua de mar\u00e9s, que determina os hor\u00e1rios perfeitos para os banhos de mar.<\/p>\n\n\n\n<p>Organize seu tempo para explorar desde o centro movimentado at\u00e9 as praias mais afastadas e tranquilas:<\/p>\n\n\n\n<ul class=\"wp-block-list\">\n<li><strong>Piscinas Naturais<\/strong>: O cart\u00e3o-postal acess\u00edvel por jangadas onde se nada entre cardumes coloridos.<\/li>\n\n\n\n<li><strong>Praia de Muro Alto<\/strong>: Um mar calmo protegido por um pared\u00e3o de corais, ideal para fam\u00edlias e caiaques.<\/li>\n\n\n\n<li><strong>Pontal de Maraca\u00edpe<\/strong>: O encontro do rio com o mar, famoso pelo p\u00f4r do sol e observa\u00e7\u00e3o de cavalos-marinhos.<\/li>\n\n\n\n<li><strong>Vila de Porto<\/strong>: O centrinho repleto de lojas de artesanato, restaurantes e as famosas esculturas de galinhas.<\/li>\n<\/ul>\n\n\n<div class=\"wp-block-image\">\n<figure class=\"aligncenter size-large\"><img loading=\"lazy\" decoding=\"async\" width=\"1024\" height=\"576\" src=\"https:\/\/www.em.com.br\/emfoco\/wp-content\/uploads\/2025\/12\/Porto-de-Galinhas_1737588617030-1024x576.jpg\" alt=\"\" class=\"wp-image-143399\" srcset=\"https:\/\/www.em.com.br\/emfoco\/wp-content\/uploads\/2025\/12\/Porto-de-Galinhas_1737588617030-1024x576.jpg 1024w, https:\/\/www.em.com.br\/emfoco\/wp-content\/uploads\/2025\/12\/Porto-de-Galinhas_1737588617030-300x169.jpg 300w, https:\/\/www.em.com.br\/emfoco\/wp-content\/uploads\/2025\/12\/Porto-de-Galinhas_1737588617030-768x432.jpg 768w, https:\/\/www.em.com.br\/emfoco\/wp-content\/uploads\/2025\/12\/Porto-de-Galinhas_1737588617030-750x422.jpg 750w, https:\/\/www.em.com.br\/emfoco\/wp-content\/uploads\/2025\/12\/Porto-de-Galinhas_1737588617030-1140x641.jpg 1140w, https:\/\/www.em.com.br\/emfoco\/wp-content\/uploads\/2025\/12\/Porto-de-Galinhas_1737588617030.jpg 1280w\" sizes=\"auto, (max-width: 1024px) 100vw, 1024px\" \/><figcaption class=\"wp-element-caption\">Essa vila do Nordeste virou sonho de viagem de muitos brasileiros \/\/ Cr\u00e9ditos: depositphotos.com \/ Cristian_Lourenco<\/figcaption><\/figure><\/div>\n\n\n<h2 class=\"wp-block-heading\">Por que as galinhas d\u00e3o nome ao destino?<\/h2>\n\n\n\n<p>A origem do nome remonta a um per\u00edodo hist\u00f3rico triste ligado ao tr\u00e1fico clandestino de escravizados no s\u00e9culo 19. Quando os navios chegavam com africanos escondidos sob engradados de aves, o c\u00f3digo usado era &#8220;tem galinha nova no porto&#8221;.<\/p>\n\n\n\n<p>Hoje, a cidade ressignificou o animal como s\u00edmbolo tur\u00edstico e cultural, espalhando esculturas coloridas feitas pelo artista <strong>Carcar\u00e1<\/strong> por todas as ruas. Essa transforma\u00e7\u00e3o art\u00edstica trouxe um ar l\u00fadico e alegre para o cal\u00e7ad\u00e3o principal.<\/p>\n\n\n<div class=\"wp-block-image\">\n<figure class=\"aligncenter size-large\"><img loading=\"lazy\" decoding=\"async\" width=\"1024\" height=\"576\" src=\"https:\/\/www.em.com.br\/emfoco\/wp-content\/uploads\/2025\/12\/Porto-de-Galinhas_1747876622247-1024x576.jpg\" alt=\"\" class=\"wp-image-143401\" srcset=\"https:\/\/www.em.com.br\/emfoco\/wp-content\/uploads\/2025\/12\/Porto-de-Galinhas_1747876622247-1024x576.jpg 1024w, https:\/\/www.em.com.br\/emfoco\/wp-content\/uploads\/2025\/12\/Porto-de-Galinhas_1747876622247-300x169.jpg 300w, https:\/\/www.em.com.br\/emfoco\/wp-content\/uploads\/2025\/12\/Porto-de-Galinhas_1747876622247-768x432.jpg 768w, https:\/\/www.em.com.br\/emfoco\/wp-content\/uploads\/2025\/12\/Porto-de-Galinhas_1747876622247-750x422.jpg 750w, https:\/\/www.em.com.br\/emfoco\/wp-content\/uploads\/2025\/12\/Porto-de-Galinhas_1747876622247-1140x641.jpg 1140w, https:\/\/www.em.com.br\/emfoco\/wp-content\/uploads\/2025\/12\/Porto-de-Galinhas_1747876622247.jpg 1280w\" sizes=\"auto, (max-width: 1024px) 100vw, 1024px\" \/><figcaption class=\"wp-element-caption\">Porto de Galinhas parece um quadro vivo com suas \u00e1guas cristalinas \/\/ Cr\u00e9ditos: depositphotos.com \/ Cristian_Lourenco<\/figcaption><\/figure><\/div>\n\n\n<h2 class=\"wp-block-heading\">Quando aproveitar o mar com \u00e1gua cristalina?<\/h2>\n\n\n\n<p>A \u00e9poca seca, entre setembro e fevereiro, garante o azul intenso do mar e passeios de jangada sem interrup\u00e7\u00f5es. Evite os meses de chuva pesada para n\u00e3o perder os dias de praia devido \u00e0 turbidez da \u00e1gua.<\/p>\n\n\n\n<p>Consulte os dados baseados no <a href=\"https:\/\/www.climatempo.com.br\/previsao-do-tempo\/cidade\/2018\/portodegalinhas-pe\" target=\"_blank\" rel=\"noreferrer noopener\"><strong>Climatempo<\/strong> <\/a>para evitar o per\u00edodo chuvoso t\u00edpico do litoral nordestino:<\/p>\n\n\n\n<figure class=\"wp-block-table\"><table class=\"has-fixed-layout\"><thead><tr><th>Esta\u00e7\u00e3o\/Meses<\/th><th>M\u00e9dia T\u00e9rmica<\/th><th>O que esperar<\/th><\/tr><\/thead><tbody><tr><td>Ver\u00e3o (Dez-Mar)<\/td><td>26\u00b0C a 30\u00b0C<\/td><td>Sol forte, mar morno e vila cheia<\/td><\/tr><tr><td>Inverno (Jun-Ago)<\/td><td>23\u00b0C a 27\u00b0C<\/td><td>Chuvas frequentes e mar\u00e9 alta<\/td><\/tr><tr><td>Primavera (Set-Nov)<\/td><td>24\u00b0C a 28\u00b0C<\/td><td>Ventos bons e \u00e1guas ficando claras<\/td><\/tr><\/tbody><\/table><\/figure>\n\n\n\n<h2 class=\"wp-block-heading\">Qual o trajeto mais r\u00e1pido saindo do aeroporto?<\/h2>\n\n\n\n<p>A viagem come\u00e7a geralmente pelo <strong>Aeroporto Internacional dos Guararapes<\/strong>, em <strong>Recife<\/strong>, que recebe voos diretos de todo o pa\u00eds. O trajeto at\u00e9 a praia dura cerca de uma hora se o tr\u00e2nsito estiver livre na sa\u00edda da capital.<\/p>\n\n\n\n<p>O acesso principal acontece pelas rodovias <strong>BR-101<\/strong> e <strong>PE-009<\/strong>, que possuem trechos pedagiados e bem sinalizados. Em feriados, o fluxo aumenta muito, ent\u00e3o vale a pena sair cedo para garantir um dia tranquilo.<\/p>\n\n\n\n<p>Quem busca o para\u00edso no Nordeste, vai curtir esse v\u00eddeo do canal <strong>Fabi Cassol | Minha Praia Viajar<\/strong>, com mais de 270 mil views, onde <strong>Fabi Cassol<\/strong> mostra detalhadamente <strong>Porto de Galinhas<\/strong>, das <strong>piscinas naturais<\/strong> ao melhor <strong>p\u00f4r do sol<\/strong>:<\/p>\n\n\n\n<figure class=\"wp-block-embed is-type-video is-provider-youtube wp-block-embed-youtube wp-embed-aspect-16-9 wp-has-aspect-ratio\"><div class=\"wp-block-embed__wrapper\">\n<div class=\"jeg_video_container jeg_video_content\"><iframe loading=\"lazy\" title=\"PORTO DE GALINHAS (2024): O QUE FAZER | COMO ECONOMIZAR | MELHORES PRAIAS | P\u00d4R DO SOL | ROTEIRO\" width=\"500\" height=\"281\" src=\"https:\/\/www.youtube.com\/embed\/mPR-FxcAuB0?feature=oembed\" frameborder=\"0\" allow=\"accelerometer; autoplay; clipboard-write; encrypted-media; gyroscope; picture-in-picture; web-share\" referrerpolicy=\"strict-origin-when-cross-origin\" allowfullscreen><\/iframe><\/div>\n<\/div><\/figure>\n\n\n\n<p><strong>Leia tamb\u00e9m: <a href=\"https:\/\/www.em.com.br\/emfoco\/2026\/01\/17\/essa-cidade-nas-montanhas-do-rio-com-o-famoso-dedo-de-deus-revela-o-paraiso-do-frio-com-trilhas-lindas-e-ar-puro\/\" target=\"_blank\" rel=\"noreferrer noopener\">Essa cidade nas montanhas do Rio com o famoso Dedo de Deus revela o para\u00edso do frio com trilhas lindas e ar puro<\/a><\/strong><\/p>\n\n\n\n<h2 class=\"wp-block-heading\">O litoral pernambucano oferece estrutura completa<\/h2>\n\n\n\n<p>Este destino prova que \u00e9 poss\u00edvel unir beleza natural preservada com conforto hoteleiro de alto n\u00edvel. \u00c9 o lugar certo para quem busca \u00e1guas mornas e facilidade de servi\u00e7os.<\/p>\n\n\n\n<ul class=\"wp-block-list has-medium-font-size\">\n<li>Piscinas naturais acess\u00edveis e seguras na mar\u00e9 baixa.<\/li>\n\n\n\n<li>Gastronomia rica que mistura mar e sert\u00e3o.<\/li>\n\n\n\n<li>Op\u00e7\u00f5es de lazer para crian\u00e7as e adultos.<\/li>\n<\/ul>\n\n\n\n<p>Voc\u00ea precisa mergulhar nessas \u00e1guas mornas de <strong>Pernambuco<\/strong>.<\/p>\n","protected":false},"excerpt":{"rendered":"<p>O famoso balne\u00e1rio de Porto de Galinhas, distrito de Ipojuca, conquista visitantes com suas \u00e1guas mornas e barreiras de corais. Localizado a apenas 60 km de Recife, o destino oferece a estrutura de grandes resorts sem perder o charme de vila de pescadores. Quais experi\u00eancias definem o passeio ideal? O contato direto com os peixes [&hellip;]<\/p>\n","protected":false},"author":6,"featured_media":143385,"comment_status":"open","ping_status":"open","sticky":false,"template":"","format":"standard","meta":{"jnews-multi-image_gallery":[],"jnews_single_post":{"format":"standard"},"jnews_primary_category":[],"jnews_social_meta":[],"jnews_override_counter":[],"footnotes":""},"categories":[26],"tags":[183,1503,1504],"class_list":["post-156703","post","type-post","status-publish","format-standard","has-post-thumbnail","hentry","category-cidades","tag-cidades","tag-pernambuco","tag-porto-de-galinhas"],"yoast_head":"<!-- This site is optimized with the Yoast SEO plugin v23.8 - https:\/\/yoast.com\/wordpress\/plugins\/seo\/ -->\n<title>A vila no litoral de Pernambuco com piscinas naturais que revela o segredo de viver com p\u00e9 na areia e tranquilidade - Estado de Minas - Em foco<\/title>\n<meta name=\"description\" content=\"Com suas piscinas naturais, esta vila no litoral de Pernambuco \u00e9 o destino ideal para quem deseja viver com p\u00e9 na areia e tranquilidade.\" \/>\n<meta name=\"robots\" content=\"index, follow, max-snippet:-1, max-image-preview:large, max-video-preview:-1\" \/>\n<link rel=\"canonical\" href=\"https:\/\/www.em.com.br\/emfoco\/2026\/01\/19\/a-vila-no-litoral-de-pernambuco-com-piscinas-naturais-que-revela-o-segredo-de-viver-com-pe-na-areia-e-tranquilidade\/\" \/>\n<meta property=\"og:locale\" content=\"pt_BR\" \/>\n<meta property=\"og:type\" content=\"article\" \/>\n<meta property=\"og:title\" content=\"A vila no litoral de Pernambuco com piscinas naturais que revela o segredo de viver com p\u00e9 na areia e tranquilidade - Estado de Minas - Em foco\" \/>\n<meta property=\"og:description\" content=\"Com suas piscinas naturais, esta vila no litoral de Pernambuco \u00e9 o destino ideal para quem deseja viver com p\u00e9 na areia e tranquilidade.\" \/>\n<meta property=\"og:url\" content=\"https:\/\/www.em.com.br\/emfoco\/2026\/01\/19\/a-vila-no-litoral-de-pernambuco-com-piscinas-naturais-que-revela-o-segredo-de-viver-com-pe-na-areia-e-tranquilidade\/\" \/>\n<meta property=\"og:site_name\" content=\"Estado de Minas - Em foco\" \/>\n<meta property=\"article:published_time\" content=\"2026-01-19T14:25:00+00:00\" \/>\n<meta property=\"article:modified_time\" content=\"2026-01-19T21:50:00+00:00\" \/>\n<meta property=\"og:image\" content=\"https:\/\/www.em.com.br\/emfoco\/wp-content\/uploads\/2025\/12\/porto-de-galinhas.jpg\" \/>\n\t<meta property=\"og:image:width\" content=\"1280\" \/>\n\t<meta property=\"og:image:height\" content=\"720\" \/>\n\t<meta property=\"og:image:type\" content=\"image\/jpeg\" \/>\n<meta name=\"author\" content=\"Vitor Bruno\" \/>\n<meta name=\"twitter:card\" content=\"summary_large_image\" \/>\n<meta name=\"twitter:label1\" content=\"Escrito por\" \/>\n\t<meta name=\"twitter:data1\" content=\"Vitor Bruno\" \/>\n\t<meta name=\"twitter:label2\" content=\"Est. tempo de leitura\" \/>\n\t<meta name=\"twitter:data2\" content=\"4 minutos\" \/>\n<!-- \/ Yoast SEO plugin. -->","yoast_head_json":{"title":"A vila no litoral de Pernambuco com piscinas naturais que revela o segredo de viver com p\u00e9 na areia e tranquilidade - Estado de Minas - Em foco","description":"Com suas piscinas naturais, esta vila no litoral de Pernambuco \u00e9 o destino ideal para quem deseja viver com p\u00e9 na areia e tranquilidade.","robots":{"index":"index","follow":"follow","max-snippet":"max-snippet:-1","max-image-preview":"max-image-preview:large","max-video-preview":"max-video-preview:-1"},"canonical":"https:\/\/www.em.com.br\/emfoco\/2026\/01\/19\/a-vila-no-litoral-de-pernambuco-com-piscinas-naturais-que-revela-o-segredo-de-viver-com-pe-na-areia-e-tranquilidade\/","og_locale":"pt_BR","og_type":"article","og_title":"A vila no litoral de Pernambuco com piscinas naturais que revela o segredo de viver com p\u00e9 na areia e tranquilidade - Estado de Minas - Em foco","og_description":"Com suas piscinas naturais, esta vila no litoral de Pernambuco \u00e9 o destino ideal para quem deseja viver com p\u00e9 na areia e tranquilidade.","og_url":"https:\/\/www.em.com.br\/emfoco\/2026\/01\/19\/a-vila-no-litoral-de-pernambuco-com-piscinas-naturais-que-revela-o-segredo-de-viver-com-pe-na-areia-e-tranquilidade\/","og_site_name":"Estado de Minas - Em foco","article_published_time":"2026-01-19T14:25:00+00:00","article_modified_time":"2026-01-19T21:50:00+00:00","og_image":[{"width":1280,"height":720,"url":"https:\/\/www.em.com.br\/emfoco\/wp-content\/uploads\/2025\/12\/porto-de-galinhas.jpg","type":"image\/jpeg"}],"author":"Vitor Bruno","twitter_card":"summary_large_image","twitter_misc":{"Escrito por":"Vitor Bruno","Est. tempo de leitura":"4 minutos"},"schema":{"@context":"https:\/\/schema.org","@graph":[{"@type":"WebPage","@id":"https:\/\/www.em.com.br\/emfoco\/2026\/01\/19\/a-vila-no-litoral-de-pernambuco-com-piscinas-naturais-que-revela-o-segredo-de-viver-com-pe-na-areia-e-tranquilidade\/","url":"https:\/\/www.em.com.br\/emfoco\/2026\/01\/19\/a-vila-no-litoral-de-pernambuco-com-piscinas-naturais-que-revela-o-segredo-de-viver-com-pe-na-areia-e-tranquilidade\/","name":"A vila no litoral de Pernambuco com piscinas naturais que revela o segredo de viver com p\u00e9 na areia e tranquilidade - Estado de Minas - Em foco","isPartOf":{"@id":"https:\/\/www.em.com.br\/emfoco\/#website"},"primaryImageOfPage":{"@id":"https:\/\/www.em.com.br\/emfoco\/2026\/01\/19\/a-vila-no-litoral-de-pernambuco-com-piscinas-naturais-que-revela-o-segredo-de-viver-com-pe-na-areia-e-tranquilidade\/#primaryimage"},"image":{"@id":"https:\/\/www.em.com.br\/emfoco\/2026\/01\/19\/a-vila-no-litoral-de-pernambuco-com-piscinas-naturais-que-revela-o-segredo-de-viver-com-pe-na-areia-e-tranquilidade\/#primaryimage"},"thumbnailUrl":"https:\/\/www.em.com.br\/emfoco\/wp-content\/uploads\/2025\/12\/porto-de-galinhas.jpg","datePublished":"2026-01-19T14:25:00+00:00","dateModified":"2026-01-19T21:50:00+00:00","author":{"@id":"https:\/\/www.em.com.br\/emfoco\/#\/schema\/person\/364ac1852fafd00f1be20f0b8b237569"},"description":"Com suas piscinas naturais, esta vila no litoral de Pernambuco \u00e9 o destino ideal para quem deseja viver com p\u00e9 na areia e tranquilidade.","breadcrumb":{"@id":"https:\/\/www.em.com.br\/emfoco\/2026\/01\/19\/a-vila-no-litoral-de-pernambuco-com-piscinas-naturais-que-revela-o-segredo-de-viver-com-pe-na-areia-e-tranquilidade\/#breadcrumb"},"inLanguage":"pt-BR","potentialAction":[{"@type":"ReadAction","target":["https:\/\/www.em.com.br\/emfoco\/2026\/01\/19\/a-vila-no-litoral-de-pernambuco-com-piscinas-naturais-que-revela-o-segredo-de-viver-com-pe-na-areia-e-tranquilidade\/"]}]},{"@type":"ImageObject","inLanguage":"pt-BR","@id":"https:\/\/www.em.com.br\/emfoco\/2026\/01\/19\/a-vila-no-litoral-de-pernambuco-com-piscinas-naturais-que-revela-o-segredo-de-viver-com-pe-na-areia-e-tranquilidade\/#primaryimage","url":"https:\/\/www.em.com.br\/emfoco\/wp-content\/uploads\/2025\/12\/porto-de-galinhas.jpg","contentUrl":"https:\/\/www.em.com.br\/emfoco\/wp-content\/uploads\/2025\/12\/porto-de-galinhas.jpg","width":1280,"height":720,"caption":"Porto de Galinhas encanta com piscinas naturais e praias paradis\u00edacas (imagem ilustrativa)"},{"@type":"BreadcrumbList","@id":"https:\/\/www.em.com.br\/emfoco\/2026\/01\/19\/a-vila-no-litoral-de-pernambuco-com-piscinas-naturais-que-revela-o-segredo-de-viver-com-pe-na-areia-e-tranquilidade\/#breadcrumb","itemListElement":[{"@type":"ListItem","position":1,"name":"In\u00edcio","item":"https:\/\/www.em.com.br\/emfoco\/"},{"@type":"ListItem","position":2,"name":"A vila no litoral de Pernambuco com piscinas naturais que revela o segredo de viver com p\u00e9 na areia e tranquilidade"}]},{"@type":"WebSite","@id":"https:\/\/www.em.com.br\/emfoco\/#website","url":"https:\/\/www.em.com.br\/emfoco\/","name":"Estado de Minas - Em foco","description":"Acompanhe as \u00faltimas not\u00edcias e fique bem informado sobre tudo o que acontece em Minas Gerais, Brasil e no mundo.","potentialAction":[{"@type":"SearchAction","target":{"@type":"EntryPoint","urlTemplate":"https:\/\/www.em.com.br\/emfoco\/?s={search_term_string}"},"query-input":{"@type":"PropertyValueSpecification","valueRequired":true,"valueName":"search_term_string"}}],"inLanguage":"pt-BR"},{"@type":"Person","@id":"https:\/\/www.em.com.br\/emfoco\/#\/schema\/person\/364ac1852fafd00f1be20f0b8b237569","name":"Vitor Bruno","image":{"@type":"ImageObject","inLanguage":"pt-BR","@id":"https:\/\/www.em.com.br\/emfoco\/#\/schema\/person\/image\/","url":"https:\/\/secure.gravatar.com\/avatar\/b719e5cdede09f942064960883b5524d?s=96&d=mm&r=g","contentUrl":"https:\/\/secure.gravatar.com\/avatar\/b719e5cdede09f942064960883b5524d?s=96&d=mm&r=g","caption":"Vitor Bruno"},"sameAs":["https:\/\/www.em.com.br\/emfoco\/"],"url":"https:\/\/www.em.com.br\/emfoco\/author\/vitormyth\/"}]}},"_links":{"self":[{"href":"https:\/\/www.em.com.br\/emfoco\/wp-json\/wp\/v2\/posts\/156703","targetHints":{"allow":["GET"]}}],"collection":[{"href":"https:\/\/www.em.com.br\/emfoco\/wp-json\/wp\/v2\/posts"}],"about":[{"href":"https:\/\/www.em.com.br\/emfoco\/wp-json\/wp\/v2\/types\/post"}],"author":[{"embeddable":true,"href":"https:\/\/www.em.com.br\/emfoco\/wp-json\/wp\/v2\/users\/6"}],"replies":[{"embeddable":true,"href":"https:\/\/www.em.com.br\/emfoco\/wp-json\/wp\/v2\/comments?post=156703"}],"version-history":[{"count":2,"href":"https:\/\/www.em.com.br\/emfoco\/wp-json\/wp\/v2\/posts\/156703\/revisions"}],"predecessor-version":[{"id":156771,"href":"https:\/\/www.em.com.br\/emfoco\/wp-json\/wp\/v2\/posts\/156703\/revisions\/156771"}],"wp:featuredmedia":[{"embeddable":true,"href":"https:\/\/www.em.com.br\/emfoco\/wp-json\/wp\/v2\/media\/143385"}],"wp:attachment":[{"href":"https:\/\/www.em.com.br\/emfoco\/wp-json\/wp\/v2\/media?parent=156703"}],"wp:term":[{"taxonomy":"category","embeddable":true,"href":"https:\/\/www.em.com.br\/emfoco\/wp-json\/wp\/v2\/categories?post=156703"},{"taxonomy":"post_tag","embeddable":true,"href":"https:\/\/www.em.com.br\/emfoco\/wp-json\/wp\/v2\/tags?post=156703"}],"curies":[{"name":"wp","href":"https:\/\/api.w.org\/{rel}","templated":true}]}}