{"id":156695,"date":"2026-01-18T10:35:00","date_gmt":"2026-01-18T13:35:00","guid":{"rendered":"https:\/\/www.em.com.br\/emfoco\/?p=156695"},"modified":"2026-01-17T17:57:04","modified_gmt":"2026-01-17T20:57:04","slug":"o-paraiso-dos-paredoes-vermelhos-com-cachoeiras-gigantes-que-parecem-de-outro-mundo-revela-o-lugar-mais-mistico-do-brasil","status":"publish","type":"post","link":"https:\/\/www.em.com.br\/emfoco\/2026\/01\/18\/o-paraiso-dos-paredoes-vermelhos-com-cachoeiras-gigantes-que-parecem-de-outro-mundo-revela-o-lugar-mais-mistico-do-brasil\/","title":{"rendered":"O para\u00edso dos pared\u00f5es vermelhos com cachoeiras gigantes que parecem de outro mundo revela o lugar mais m\u00edstico do Brasil"},"content":{"rendered":"\n<p>Localizada no cora\u00e7\u00e3o do continente, a <strong><a href=\"https:\/\/www.chapadadosguimaraes.mt.gov.br\/Turismo\/Atrativos-Turistico\/16\/\" target=\"_blank\" rel=\"noreferrer noopener\">Chapada dos Guimar\u00e3es<\/a><\/strong> \u00e9 um para\u00edso de natureza preservada no <strong>Mato Grosso<\/strong>. O parque fica a apenas 69 km de <strong>Cuiab\u00e1<\/strong>, o que permite trocar o calor da cidade grande pelo ar fresco da serra e banhos de rio em pouco tempo.<\/p>\n\n\n\n<h2 class=\"wp-block-heading\">Quais s\u00e3o os melhores passeios para fazer no Parque Nacional?<\/h2>\n\n\n\n<p>O passeio ideal mistura caminhadas leves com mirantes para ver os pared\u00f5es de pedra vermelha e os vales verdes l\u00e1 embaixo. A \u00e1rea \u00e9 cuidada pelo <strong><a href=\"https:\/\/www.gov.br\/icmbio\/pt-br\/assuntos\/biodiversidade\/unidade-de-conservacao\/unidades-de-biomas\/cerrado\/lista-de-ucs\/parna-da-chapada-dos-guimaraes\" target=\"_blank\" rel=\"noreferrer noopener\">Instituto Chico Mendes de Conserva\u00e7\u00e3o da Biodiversidade<\/a><\/strong> (ICMBio), que protege essas paisagens bonitas e garante a seguran\u00e7a dos visitantes.<\/p>\n\n\n\n<p>Quem visita o local encontra caminhos bem marcados que levam a cachoeiras gigantes e rochas desenhadas pelo vento durante milhares de anos.<\/p>\n\n\n\n<ul class=\"wp-block-list has-medium-font-size\">\n<li><strong>Cachoeira V\u00e9u de Noiva<\/strong>: A mais famosa da regi\u00e3o, com 86 metros de altura, que a gente admira de um mirante sem precisar entrar na \u00e1gua.<\/li>\n\n\n\n<li><strong>Cidade de Pedra<\/strong>: Rochas no alto dos pared\u00f5es que parecem ru\u00ednas de castelos antigos, onde s\u00f3 se chega com carro 4&#215;4 e guia autorizado.<\/li>\n\n\n\n<li><strong>Circuito das Cachoeiras<\/strong>: Uma caminhada de sete quil\u00f4metros que passa por v\u00e1rias quedas d&#8217;\u00e1gua boas para banho, como a <strong>Cachoeira das Andorinhas<\/strong>.<\/li>\n\n\n\n<li><strong>Vale do Rio Claro<\/strong>: Passeio para boiar em \u00e1guas muito limpas e subir na <strong>Crista de Galo<\/strong> para ver a vista de todos os lados.<\/li>\n\n\n\n<li><strong>Morro de S\u00e3o Jer\u00f4nimo<\/strong>: O lugar mais alto do parque, que exige uma caminhada longa e esfor\u00e7o f\u00edsico para chegar no topo.<\/li>\n<\/ul>\n\n\n<div class=\"wp-block-image\">\n<figure class=\"aligncenter size-large\"><img loading=\"lazy\" decoding=\"async\" width=\"1024\" height=\"576\" src=\"https:\/\/www.em.com.br\/emfoco\/wp-content\/uploads\/2025\/12\/Chapada-dos-Guimaraes_1764367310251-1024x576.jpg\" alt=\"\" class=\"wp-image-142891\" srcset=\"https:\/\/www.em.com.br\/emfoco\/wp-content\/uploads\/2025\/12\/Chapada-dos-Guimaraes_1764367310251-1024x576.jpg 1024w, https:\/\/www.em.com.br\/emfoco\/wp-content\/uploads\/2025\/12\/Chapada-dos-Guimaraes_1764367310251-300x169.jpg 300w, https:\/\/www.em.com.br\/emfoco\/wp-content\/uploads\/2025\/12\/Chapada-dos-Guimaraes_1764367310251-768x432.jpg 768w, https:\/\/www.em.com.br\/emfoco\/wp-content\/uploads\/2025\/12\/Chapada-dos-Guimaraes_1764367310251-750x422.jpg 750w, https:\/\/www.em.com.br\/emfoco\/wp-content\/uploads\/2025\/12\/Chapada-dos-Guimaraes_1764367310251-1140x641.jpg 1140w, https:\/\/www.em.com.br\/emfoco\/wp-content\/uploads\/2025\/12\/Chapada-dos-Guimaraes_1764367310251.jpg 1280w\" sizes=\"auto, (max-width: 1024px) 100vw, 1024px\" \/><figcaption class=\"wp-element-caption\">Chapada dos Guimar\u00e3es, no Brasil central, \u00e9 um para\u00edso que fascina visitantes de todo o mundo \/\/ Cr\u00e9ditos: depositphotos.com \/ Cristian_Lourenco<\/figcaption><\/figure><\/div>\n\n\n<h2 class=\"wp-block-heading\">Por que o local \u00e9 famoso pelo misticismo e energia?<\/h2>\n\n\n\n<p>A regi\u00e3o abriga o famoso <strong>Mirante do Centro Geod\u00e9sico<\/strong>, um ponto tur\u00edstico que marca a posi\u00e7\u00e3o central da Am\u00e9rica do Sul, com a mesma dist\u00e2ncia para o Oceano Atl\u00e2ntico e para o Pac\u00edfico. Por causa dessa localiza\u00e7\u00e3o especial, muita gente acredita que o lugar tem uma energia forte, atraindo quem gosta de mist\u00e9rios e de observar o c\u00e9u.<\/p>\n\n\n\n<p>Neste mirante, voc\u00ea tem uma vista incr\u00edvel para a plan\u00edcie pantaneira e, em dias de c\u00e9u limpo, d\u00e1 at\u00e9 para ver as luzes da cidade de <strong>Cuiab\u00e1<\/strong> brilhando longe no horizonte.<\/p>\n\n\n<div class=\"wp-block-image\">\n<figure class=\"aligncenter size-large\"><img loading=\"lazy\" decoding=\"async\" width=\"1024\" height=\"576\" src=\"https:\/\/www.em.com.br\/emfoco\/wp-content\/uploads\/2025\/12\/Chapada-dos-Guimaraes_1763707870655-1024x576.jpg\" alt=\"\" class=\"wp-image-142888\" srcset=\"https:\/\/www.em.com.br\/emfoco\/wp-content\/uploads\/2025\/12\/Chapada-dos-Guimaraes_1763707870655-1024x576.jpg 1024w, https:\/\/www.em.com.br\/emfoco\/wp-content\/uploads\/2025\/12\/Chapada-dos-Guimaraes_1763707870655-300x169.jpg 300w, https:\/\/www.em.com.br\/emfoco\/wp-content\/uploads\/2025\/12\/Chapada-dos-Guimaraes_1763707870655-768x432.jpg 768w, https:\/\/www.em.com.br\/emfoco\/wp-content\/uploads\/2025\/12\/Chapada-dos-Guimaraes_1763707870655-750x422.jpg 750w, https:\/\/www.em.com.br\/emfoco\/wp-content\/uploads\/2025\/12\/Chapada-dos-Guimaraes_1763707870655-1140x641.jpg 1140w, https:\/\/www.em.com.br\/emfoco\/wp-content\/uploads\/2025\/12\/Chapada-dos-Guimaraes_1763707870655.jpg 1280w\" sizes=\"auto, (max-width: 1024px) 100vw, 1024px\" \/><figcaption class=\"wp-element-caption\">Chapada dos Guimar\u00e3es, no cora\u00e7\u00e3o do Brasil, encanta viajantes do mundo todo \/\/ Cr\u00e9ditos: depositphotos.com \/ Cristian_Lourenco<\/figcaption><\/figure><\/div>\n\n\n<h2 class=\"wp-block-heading\">Qual a melhor \u00e9poca para tomar banho de cachoeira?<\/h2>\n\n\n\n<p>O momento mais seguro para visitar \u00e9 entre maio e setembro, quando para de chover e a \u00e1gua dos rios fica mais transparente e calma para nadar. No ver\u00e3o (come\u00e7o do ano), chove bastante e o volume das \u00e1guas sobe r\u00e1pido, o que exige cuidado dobrado com a seguran\u00e7a.<\/p>\n\n\n\n<p>De acordo com os dados hist\u00f3ricos do <strong><a href=\"https:\/\/www.climatempo.com.br\/previsao-do-tempo\/cidade\/1553\/chapadadosguimaraes-mt\" target=\"_blank\" rel=\"noreferrer noopener\">Climatempo<\/a><\/strong>, a altura da serra ajuda a diminuir o calor\u00e3o comum no estado, deixando as noites bem frescas.<\/p>\n\n\n\n<figure class=\"wp-block-table\"><table class=\"has-fixed-layout\"><thead><tr><th>Esta\u00e7\u00e3o (Meses)<\/th><th>Temperaturas<\/th><th>Como \u00e9 o tempo<\/th><\/tr><\/thead><tbody><tr><td>Seca (Mai-Set)<\/td><td>18\u00b0C a 34\u00b0C<\/td><td>C\u00e9u azul, \u00e1gua limpa e noites frias (leve um casaco).<\/td><\/tr><tr><td>Chuva (Out-Abr)<\/td><td>22\u00b0C a 34\u00b0C<\/td><td>Tudo muito verde, cachoeiras cheias e calor \u00famido.<\/td><\/tr><\/tbody><\/table><\/figure>\n\n\n\n<h2 class=\"wp-block-heading\">Como chegar aos passeios saindo da capital?<\/h2>\n\n\n\n<p>O acesso \u00e9 feito pela rodovia <strong>MT-251<\/strong>, saindo de <strong>Cuiab\u00e1<\/strong> at\u00e9 a entrada do parque, em uma viagem que dura cerca de uma hora. A estrada \u00e9 muito bonita, subindo a serra, mas o motorista precisa ter aten\u00e7\u00e3o com as curvas e a neblina que pode aparecer de manh\u00e3 cedo.<\/p>\n\n\n\n<p>Alugar um carro d\u00e1 mais liberdade para ir aos lugares mais distantes, mas tamb\u00e9m existem muitas vans e ag\u00eancias locais que buscam os turistas nos hot\u00e9is para os passeios principais.<\/p>\n\n\n\n<p>Quem busca aventura e contato com a natureza, vai curtir esse v\u00eddeo do canal <strong>Rol\u00ea Fam\u00edlia<\/strong>, que conta com milhares de visualiza\u00e7\u00f5es, onde o casal mostra detalhadamente um roteiro de 4 dias pela <strong>Chapada dos Guimar\u00e3es<\/strong> e suas <strong>cachoeiras<\/strong>:<\/p>\n\n\n\n<figure class=\"wp-block-embed is-type-video is-provider-youtube wp-block-embed-youtube wp-embed-aspect-16-9 wp-has-aspect-ratio\"><div class=\"wp-block-embed__wrapper\">\n<div class=\"jeg_video_container jeg_video_content\"><iframe loading=\"lazy\" title=\"O MELHOR da CHAPADA DOS GUIMAR\u00c3ES | Roteiro completo de 4 dias\" width=\"500\" height=\"281\" src=\"https:\/\/www.youtube.com\/embed\/ssjJXaDOxeM?feature=oembed\" frameborder=\"0\" allow=\"accelerometer; autoplay; clipboard-write; encrypted-media; gyroscope; picture-in-picture; web-share\" referrerpolicy=\"strict-origin-when-cross-origin\" allowfullscreen><\/iframe><\/div>\n<\/div><\/figure>\n\n\n\n<p><strong>Leia tamb\u00e9m: <a href=\"https:\/\/www.em.com.br\/emfoco\/2026\/01\/17\/essa-cidade-em-minas-com-sete-lagos-e-grutas-escondidas-revela-o-lugar-certo-para-viver-com-qualidade-de-vida-e-muita-paz\/\" target=\"_blank\" rel=\"noreferrer noopener\">Essa cidade em Minas com sete lagos e grutas escondidas revela o lugar certo para viver com qualidade de vida e muita paz<\/a><\/strong><\/p>\n\n\n\n<h2 class=\"wp-block-heading\">Motivos para conhecer a Chapada dos Guimar\u00e3es<\/h2>\n\n\n\n<p>Este destino \u00e9 perfeito porque une facilidade para chegar e uma natureza selvagem que acalma a mente.<\/p>\n\n\n\n<ul class=\"wp-block-list has-medium-font-size\">\n<li>\u00c9 muito mais f\u00e1cil de visitar do que outras Chapadas do Brasil, pois fica pertinho do aeroporto.<\/li>\n\n\n\n<li>Tem boas pousadas e restaurantes, atendendo bem tanto quem gosta de aventura quanto quem quer conforto.<\/li>\n\n\n\n<li>A natureza \u00e9 rica, sendo poss\u00edvel ver araras-vermelhas voando perto dos pared\u00f5es.<\/li>\n<\/ul>\n\n\n\n<p>Voc\u00ea precisa sentir a grandeza dos pared\u00f5es vermelhos e o c\u00e9u azul do <strong>Mato Grosso<\/strong>.<\/p>\n","protected":false},"excerpt":{"rendered":"<p>Localizada no cora\u00e7\u00e3o do continente, a Chapada dos Guimar\u00e3es \u00e9 um para\u00edso de natureza preservada no Mato Grosso. O parque fica a apenas 69 km de Cuiab\u00e1, o que permite trocar o calor da cidade grande pelo ar fresco da serra e banhos de rio em pouco tempo. Quais s\u00e3o os melhores passeios para fazer [&hellip;]<\/p>\n","protected":false},"author":6,"featured_media":142890,"comment_status":"open","ping_status":"open","sticky":false,"template":"","format":"standard","meta":{"jnews-multi-image_gallery":[],"jnews_single_post":{"format":"standard"},"jnews_primary_category":[],"jnews_social_meta":[],"jnews_override_counter":[],"footnotes":""},"categories":[26],"tags":[20976,183,2003],"class_list":["post-156695","post","type-post","status-publish","format-standard","has-post-thumbnail","hentry","category-cidades","tag-chapada-dos-guimaraes","tag-cidades","tag-mato-grosso"],"yoast_head":"<!-- This site is optimized with the Yoast SEO plugin v23.8 - https:\/\/yoast.com\/wordpress\/plugins\/seo\/ -->\n<title>O para\u00edso dos pared\u00f5es vermelhos com cachoeiras gigantes que parecem de outro mundo revela o lugar mais m\u00edstico do Brasil - Estado de Minas - Em foco<\/title>\n<meta name=\"description\" content=\"O lugar mais m\u00edstico do Brasil reserva cachoeiras gigantes e pared\u00f5es vermelhos incr\u00edveis para quem busca conex\u00e3o com a natureza e muita paz.\" \/>\n<meta name=\"robots\" content=\"index, follow, max-snippet:-1, max-image-preview:large, max-video-preview:-1\" \/>\n<link rel=\"canonical\" href=\"https:\/\/www.em.com.br\/emfoco\/2026\/01\/18\/o-paraiso-dos-paredoes-vermelhos-com-cachoeiras-gigantes-que-parecem-de-outro-mundo-revela-o-lugar-mais-mistico-do-brasil\/\" \/>\n<meta property=\"og:locale\" content=\"pt_BR\" \/>\n<meta property=\"og:type\" content=\"article\" \/>\n<meta property=\"og:title\" content=\"O para\u00edso dos pared\u00f5es vermelhos com cachoeiras gigantes que parecem de outro mundo revela o lugar mais m\u00edstico do Brasil - Estado de Minas - Em foco\" \/>\n<meta property=\"og:description\" content=\"O lugar mais m\u00edstico do Brasil reserva cachoeiras gigantes e pared\u00f5es vermelhos incr\u00edveis para quem busca conex\u00e3o com a natureza e muita paz.\" \/>\n<meta property=\"og:url\" content=\"https:\/\/www.em.com.br\/emfoco\/2026\/01\/18\/o-paraiso-dos-paredoes-vermelhos-com-cachoeiras-gigantes-que-parecem-de-outro-mundo-revela-o-lugar-mais-mistico-do-brasil\/\" \/>\n<meta property=\"og:site_name\" content=\"Estado de Minas - Em foco\" \/>\n<meta property=\"article:published_time\" content=\"2026-01-18T13:35:00+00:00\" \/>\n<meta property=\"article:modified_time\" content=\"2026-01-17T20:57:04+00:00\" \/>\n<meta property=\"og:image\" content=\"https:\/\/www.em.com.br\/emfoco\/wp-content\/uploads\/2025\/12\/Chapada-dos-Guimaraes_1764367294560.jpg\" \/>\n\t<meta property=\"og:image:width\" content=\"1280\" \/>\n\t<meta property=\"og:image:height\" content=\"720\" \/>\n\t<meta property=\"og:image:type\" content=\"image\/jpeg\" \/>\n<meta name=\"author\" content=\"Vitor Bruno\" \/>\n<meta name=\"twitter:card\" content=\"summary_large_image\" \/>\n<meta name=\"twitter:label1\" content=\"Escrito por\" \/>\n\t<meta name=\"twitter:data1\" content=\"Vitor Bruno\" \/>\n\t<meta name=\"twitter:label2\" content=\"Est. tempo de leitura\" \/>\n\t<meta name=\"twitter:data2\" content=\"5 minutos\" \/>\n<!-- \/ Yoast SEO plugin. -->","yoast_head_json":{"title":"O para\u00edso dos pared\u00f5es vermelhos com cachoeiras gigantes que parecem de outro mundo revela o lugar mais m\u00edstico do Brasil - Estado de Minas - Em foco","description":"O lugar mais m\u00edstico do Brasil reserva cachoeiras gigantes e pared\u00f5es vermelhos incr\u00edveis para quem busca conex\u00e3o com a natureza e muita paz.","robots":{"index":"index","follow":"follow","max-snippet":"max-snippet:-1","max-image-preview":"max-image-preview:large","max-video-preview":"max-video-preview:-1"},"canonical":"https:\/\/www.em.com.br\/emfoco\/2026\/01\/18\/o-paraiso-dos-paredoes-vermelhos-com-cachoeiras-gigantes-que-parecem-de-outro-mundo-revela-o-lugar-mais-mistico-do-brasil\/","og_locale":"pt_BR","og_type":"article","og_title":"O para\u00edso dos pared\u00f5es vermelhos com cachoeiras gigantes que parecem de outro mundo revela o lugar mais m\u00edstico do Brasil - Estado de Minas - Em foco","og_description":"O lugar mais m\u00edstico do Brasil reserva cachoeiras gigantes e pared\u00f5es vermelhos incr\u00edveis para quem busca conex\u00e3o com a natureza e muita paz.","og_url":"https:\/\/www.em.com.br\/emfoco\/2026\/01\/18\/o-paraiso-dos-paredoes-vermelhos-com-cachoeiras-gigantes-que-parecem-de-outro-mundo-revela-o-lugar-mais-mistico-do-brasil\/","og_site_name":"Estado de Minas - Em foco","article_published_time":"2026-01-18T13:35:00+00:00","article_modified_time":"2026-01-17T20:57:04+00:00","og_image":[{"width":1280,"height":720,"url":"https:\/\/www.em.com.br\/emfoco\/wp-content\/uploads\/2025\/12\/Chapada-dos-Guimaraes_1764367294560.jpg","type":"image\/jpeg"}],"author":"Vitor Bruno","twitter_card":"summary_large_image","twitter_misc":{"Escrito por":"Vitor Bruno","Est. tempo de leitura":"5 minutos"},"schema":{"@context":"https:\/\/schema.org","@graph":[{"@type":"WebPage","@id":"https:\/\/www.em.com.br\/emfoco\/2026\/01\/18\/o-paraiso-dos-paredoes-vermelhos-com-cachoeiras-gigantes-que-parecem-de-outro-mundo-revela-o-lugar-mais-mistico-do-brasil\/","url":"https:\/\/www.em.com.br\/emfoco\/2026\/01\/18\/o-paraiso-dos-paredoes-vermelhos-com-cachoeiras-gigantes-que-parecem-de-outro-mundo-revela-o-lugar-mais-mistico-do-brasil\/","name":"O para\u00edso dos pared\u00f5es vermelhos com cachoeiras gigantes que parecem de outro mundo revela o lugar mais m\u00edstico do Brasil - Estado de Minas - Em foco","isPartOf":{"@id":"https:\/\/www.em.com.br\/emfoco\/#website"},"primaryImageOfPage":{"@id":"https:\/\/www.em.com.br\/emfoco\/2026\/01\/18\/o-paraiso-dos-paredoes-vermelhos-com-cachoeiras-gigantes-que-parecem-de-outro-mundo-revela-o-lugar-mais-mistico-do-brasil\/#primaryimage"},"image":{"@id":"https:\/\/www.em.com.br\/emfoco\/2026\/01\/18\/o-paraiso-dos-paredoes-vermelhos-com-cachoeiras-gigantes-que-parecem-de-outro-mundo-revela-o-lugar-mais-mistico-do-brasil\/#primaryimage"},"thumbnailUrl":"https:\/\/www.em.com.br\/emfoco\/wp-content\/uploads\/2025\/12\/Chapada-dos-Guimaraes_1764367294560.jpg","datePublished":"2026-01-18T13:35:00+00:00","dateModified":"2026-01-17T20:57:04+00:00","author":{"@id":"https:\/\/www.em.com.br\/emfoco\/#\/schema\/person\/364ac1852fafd00f1be20f0b8b237569"},"description":"O lugar mais m\u00edstico do Brasil reserva cachoeiras gigantes e pared\u00f5es vermelhos incr\u00edveis para quem busca conex\u00e3o com a natureza e muita paz.","breadcrumb":{"@id":"https:\/\/www.em.com.br\/emfoco\/2026\/01\/18\/o-paraiso-dos-paredoes-vermelhos-com-cachoeiras-gigantes-que-parecem-de-outro-mundo-revela-o-lugar-mais-mistico-do-brasil\/#breadcrumb"},"inLanguage":"pt-BR","potentialAction":[{"@type":"ReadAction","target":["https:\/\/www.em.com.br\/emfoco\/2026\/01\/18\/o-paraiso-dos-paredoes-vermelhos-com-cachoeiras-gigantes-que-parecem-de-outro-mundo-revela-o-lugar-mais-mistico-do-brasil\/"]}]},{"@type":"ImageObject","inLanguage":"pt-BR","@id":"https:\/\/www.em.com.br\/emfoco\/2026\/01\/18\/o-paraiso-dos-paredoes-vermelhos-com-cachoeiras-gigantes-que-parecem-de-outro-mundo-revela-o-lugar-mais-mistico-do-brasil\/#primaryimage","url":"https:\/\/www.em.com.br\/emfoco\/wp-content\/uploads\/2025\/12\/Chapada-dos-Guimaraes_1764367294560.jpg","contentUrl":"https:\/\/www.em.com.br\/emfoco\/wp-content\/uploads\/2025\/12\/Chapada-dos-Guimaraes_1764367294560.jpg","width":1280,"height":720,"caption":"Chapada dos Guimar\u00e3es, no cora\u00e7\u00e3o do Brasil, encanta viajantes do mundo todo \/\/ Cr\u00e9ditos: depositphotos.com \/ Cristian_Lourenco"},{"@type":"BreadcrumbList","@id":"https:\/\/www.em.com.br\/emfoco\/2026\/01\/18\/o-paraiso-dos-paredoes-vermelhos-com-cachoeiras-gigantes-que-parecem-de-outro-mundo-revela-o-lugar-mais-mistico-do-brasil\/#breadcrumb","itemListElement":[{"@type":"ListItem","position":1,"name":"In\u00edcio","item":"https:\/\/www.em.com.br\/emfoco\/"},{"@type":"ListItem","position":2,"name":"O para\u00edso dos pared\u00f5es vermelhos com cachoeiras gigantes que parecem de outro mundo revela o lugar mais m\u00edstico do Brasil"}]},{"@type":"WebSite","@id":"https:\/\/www.em.com.br\/emfoco\/#website","url":"https:\/\/www.em.com.br\/emfoco\/","name":"Estado de Minas - Em foco","description":"Acompanhe as \u00faltimas not\u00edcias e fique bem informado sobre tudo o que acontece em Minas Gerais, Brasil e no mundo.","potentialAction":[{"@type":"SearchAction","target":{"@type":"EntryPoint","urlTemplate":"https:\/\/www.em.com.br\/emfoco\/?s={search_term_string}"},"query-input":{"@type":"PropertyValueSpecification","valueRequired":true,"valueName":"search_term_string"}}],"inLanguage":"pt-BR"},{"@type":"Person","@id":"https:\/\/www.em.com.br\/emfoco\/#\/schema\/person\/364ac1852fafd00f1be20f0b8b237569","name":"Vitor Bruno","image":{"@type":"ImageObject","inLanguage":"pt-BR","@id":"https:\/\/www.em.com.br\/emfoco\/#\/schema\/person\/image\/","url":"https:\/\/secure.gravatar.com\/avatar\/b719e5cdede09f942064960883b5524d?s=96&d=mm&r=g","contentUrl":"https:\/\/secure.gravatar.com\/avatar\/b719e5cdede09f942064960883b5524d?s=96&d=mm&r=g","caption":"Vitor Bruno"},"sameAs":["https:\/\/www.em.com.br\/emfoco\/"],"url":"https:\/\/www.em.com.br\/emfoco\/author\/vitormyth\/"}]}},"_links":{"self":[{"href":"https:\/\/www.em.com.br\/emfoco\/wp-json\/wp\/v2\/posts\/156695","targetHints":{"allow":["GET"]}}],"collection":[{"href":"https:\/\/www.em.com.br\/emfoco\/wp-json\/wp\/v2\/posts"}],"about":[{"href":"https:\/\/www.em.com.br\/emfoco\/wp-json\/wp\/v2\/types\/post"}],"author":[{"embeddable":true,"href":"https:\/\/www.em.com.br\/emfoco\/wp-json\/wp\/v2\/users\/6"}],"replies":[{"embeddable":true,"href":"https:\/\/www.em.com.br\/emfoco\/wp-json\/wp\/v2\/comments?post=156695"}],"version-history":[{"count":4,"href":"https:\/\/www.em.com.br\/emfoco\/wp-json\/wp\/v2\/posts\/156695\/revisions"}],"predecessor-version":[{"id":156757,"href":"https:\/\/www.em.com.br\/emfoco\/wp-json\/wp\/v2\/posts\/156695\/revisions\/156757"}],"wp:featuredmedia":[{"embeddable":true,"href":"https:\/\/www.em.com.br\/emfoco\/wp-json\/wp\/v2\/media\/142890"}],"wp:attachment":[{"href":"https:\/\/www.em.com.br\/emfoco\/wp-json\/wp\/v2\/media?parent=156695"}],"wp:term":[{"taxonomy":"category","embeddable":true,"href":"https:\/\/www.em.com.br\/emfoco\/wp-json\/wp\/v2\/categories?post=156695"},{"taxonomy":"post_tag","embeddable":true,"href":"https:\/\/www.em.com.br\/emfoco\/wp-json\/wp\/v2\/tags?post=156695"}],"curies":[{"name":"wp","href":"https:\/\/api.w.org\/{rel}","templated":true}]}}