{"id":156658,"date":"2026-01-19T20:05:00","date_gmt":"2026-01-19T23:05:00","guid":{"rendered":"https:\/\/www.em.com.br\/emfoco\/?p=156658"},"modified":"2026-01-17T15:25:20","modified_gmt":"2026-01-17T18:25:20","slug":"nova-tecnologia-com-inteligencia-artificial-promete-detectar-cancer-bucal-antes-dos-primeiros-sintomas-e-pode-salvar-milhares-de-vidas","status":"publish","type":"post","link":"https:\/\/www.em.com.br\/emfoco\/2026\/01\/19\/nova-tecnologia-com-inteligencia-artificial-promete-detectar-cancer-bucal-antes-dos-primeiros-sintomas-e-pode-salvar-milhares-de-vidas\/","title":{"rendered":"Nova tecnologia com intelig\u00eancia artificial promete detectar c\u00e2ncer bucal antes dos primeiros sintomas e pode salvar milhares de vidas"},"content":{"rendered":"\n<h2 class=\"wp-block-heading\">A intelig\u00eancia artificial na odontologia analisa imagens da cavidade oral para detectar les\u00f5es suspeitas precocemente. A tecnologia aumenta a precis\u00e3o cl\u00ednica, acelera diagn\u00f3sticos e pode elevar taxas de cura do c\u00e2ncer bucal.<\/h2>\n\n\n\n<p>A <strong>intelig\u00eancia artificial na odontologia<\/strong> surge como aliada decisiva no diagn\u00f3stico precoce do c\u00e2ncer bucal, ampliando a precis\u00e3o cl\u00ednica e acelerando a identifica\u00e7\u00e3o de les\u00f5es suspeitas. A tecnologia promete elevar significativamente as taxas de cura ao antecipar sinais que passam despercebidos no exame visual.<\/p>\n\n\n\n<h2 class=\"wp-block-heading\">Por que o diagn\u00f3stico tardio do c\u00e2ncer bucal ainda \u00e9 um desafio?<\/h2>\n\n\n\n<p>O c\u00e2ncer bucal costuma ser identificado quando j\u00e1 apresenta sinais evidentes, como dor ou ulcera\u00e7\u00f5es extensas. Esse atraso reduz drasticamente as chances de tratamento eficaz, exigindo procedimentos invasivos e impactando diretamente a <strong>sobrevida do paciente<\/strong>.<\/p>\n\n\n\n<p>Estudos cl\u00ednicos indicam que a detec\u00e7\u00e3o precoce eleva a chance de cura para at\u00e9 90%, enquanto diagn\u00f3sticos tardios reduzem essa taxa para menos de 50%. O tempo entre o surgimento da les\u00e3o e a confirma\u00e7\u00e3o m\u00e9dica segue sendo o maior obst\u00e1culo.<\/p>\n\n\n\n<figure class=\"wp-block-image size-large\"><img loading=\"lazy\" decoding=\"async\" width=\"1024\" height=\"576\" src=\"https:\/\/www.em.com.br\/emfoco\/wp-content\/uploads\/2026\/01\/AIAI-16-7-1024x576.jpg\" alt=\"Nova tecnologia com intelig\u00eancia artificial promete detectar c\u00e2ncer bucal antes dos primeiros sintomas e pode salvar milhares de vidas\" class=\"wp-image-156718\" srcset=\"https:\/\/www.em.com.br\/emfoco\/wp-content\/uploads\/2026\/01\/AIAI-16-7-1024x576.jpg 1024w, https:\/\/www.em.com.br\/emfoco\/wp-content\/uploads\/2026\/01\/AIAI-16-7-300x169.jpg 300w, https:\/\/www.em.com.br\/emfoco\/wp-content\/uploads\/2026\/01\/AIAI-16-7-768x432.jpg 768w, https:\/\/www.em.com.br\/emfoco\/wp-content\/uploads\/2026\/01\/AIAI-16-7-750x422.jpg 750w, https:\/\/www.em.com.br\/emfoco\/wp-content\/uploads\/2026\/01\/AIAI-16-7-1140x641.jpg 1140w, https:\/\/www.em.com.br\/emfoco\/wp-content\/uploads\/2026\/01\/AIAI-16-7.jpg 1280w\" sizes=\"auto, (max-width: 1024px) 100vw, 1024px\" \/><figcaption class=\"wp-element-caption\">Diagn\u00f3stico tardio reduz chances de cura e exige tratamentos mais invasivos<\/figcaption><\/figure>\n\n\n\n<h2 class=\"wp-block-heading\">Como funciona a intelig\u00eancia artificial no diagn\u00f3stico bucal?<\/h2>\n\n\n\n<p>A tecnologia utiliza algoritmos avan\u00e7ados de aprendizado de m\u00e1quina para examinar imagens da cavidade oral, identificando padr\u00f5es invis\u00edveis ao olho humano durante consultas de rotina. Entre os principais processos envolvidos, est\u00e3o os que voc\u00ea v\u00ea a seguir.<\/p>\n\n\n\n<ul class=\"wp-block-list\">\n<li><strong>Treinamento com milhares de imagens<\/strong> de les\u00f5es benignas e malignas.<\/li>\n\n\n\n<li><strong>An\u00e1lise de cor e textura<\/strong> para localizar altera\u00e7\u00f5es suspeitas.<\/li>\n\n\n\n<li><strong>Alerta imediato<\/strong> ao profissional durante o exame cl\u00ednico.<\/li>\n<\/ul>\n\n\n\n<h2 class=\"wp-block-heading\">Quais benef\u00edcios a IA traz para pacientes e profissionais?<\/h2>\n\n\n\n<p>Para o paciente, a principal vantagem \u00e9 a possibilidade de diagn\u00f3stico mais r\u00e1pido e menos invasivo, reduzindo bi\u00f3psias desnecess\u00e1rias e aumentando a efic\u00e1cia do tratamento. Isso se traduz em <strong><a href=\"https:\/\/jornal.usp.br\/radio-usp\/a-inteligencia-artificial-traz-mais-riscos-ou-beneficios-para-a-vida-das-pessoas\/\" target=\"_blank\" rel=\"noreferrer noopener\">mais qualidade de vida<\/a><\/strong> e menos sofrimento.<\/p>\n\n\n\n<p>Para os profissionais de sa\u00fade, a IA funciona como uma segunda opini\u00e3o confi\u00e1vel, padronizando a triagem e auxiliando decis\u00f5es cl\u00ednicas, especialmente em regi\u00f5es com menor acesso a especialistas ou exames laboratoriais complexos.<\/p>\n\n\n\n<figure class=\"wp-block-image size-large\"><img loading=\"lazy\" decoding=\"async\" width=\"1024\" height=\"576\" src=\"https:\/\/www.em.com.br\/emfoco\/wp-content\/uploads\/2026\/01\/AIAI-17-3-1024x576.jpg\" alt=\"Nova tecnologia com intelig\u00eancia artificial promete detectar c\u00e2ncer bucal antes dos primeiros sintomas e pode salvar milhares de vidas\" class=\"wp-image-156719\" srcset=\"https:\/\/www.em.com.br\/emfoco\/wp-content\/uploads\/2026\/01\/AIAI-17-3-1024x576.jpg 1024w, https:\/\/www.em.com.br\/emfoco\/wp-content\/uploads\/2026\/01\/AIAI-17-3-300x169.jpg 300w, https:\/\/www.em.com.br\/emfoco\/wp-content\/uploads\/2026\/01\/AIAI-17-3-768x432.jpg 768w, https:\/\/www.em.com.br\/emfoco\/wp-content\/uploads\/2026\/01\/AIAI-17-3-750x422.jpg 750w, https:\/\/www.em.com.br\/emfoco\/wp-content\/uploads\/2026\/01\/AIAI-17-3-1140x641.jpg 1140w, https:\/\/www.em.com.br\/emfoco\/wp-content\/uploads\/2026\/01\/AIAI-17-3.jpg 1280w\" sizes=\"auto, (max-width: 1024px) 100vw, 1024px\" \/><figcaption class=\"wp-element-caption\">IA acelera decis\u00f5es cl\u00ednicas e reduz procedimentos invasivos desnecess\u00e1rios<\/figcaption><\/figure>\n\n\n\n<p><em>Leia mais: <strong><a href=\"https:\/\/www.em.com.br\/emfoco\/2026\/01\/17\/cirurgia-bariatrica-ou-remedio-glp-1-a-nova-disputa-na-medicina-expoe-o-que-realmente-funciona-para-perder-peso-e-nao-voltar-a-engordar\/\" target=\"_blank\" rel=\"noreferrer noopener\">Cirurgia bari\u00e1trica ou rem\u00e9dio GLP-1? A nova disputa na medicina exp\u00f5e o que realmente funciona para perder peso e n\u00e3o voltar a engordar<\/a><\/strong><\/em><\/p>\n\n\n\n<h2 class=\"wp-block-heading\">Quais fatores de risco a tecnologia ajuda a combater?<\/h2>\n\n\n\n<p>O uso da intelig\u00eancia artificial tamb\u00e9m refor\u00e7a a preven\u00e7\u00e3o ao identificar les\u00f5es ligadas a fatores de risco conhecidos, ampliando a vigil\u00e2ncia cl\u00ednica. Entre os principais gatilhos monitorados, destacam-se os pontos a seguir.<\/p>\n\n\n\n<ul class=\"wp-block-list\">\n<li><strong>Tabagismo e \u00e1lcool<\/strong>, associados a muta\u00e7\u00f5es celulares na boca.<\/li>\n\n\n\n<li><strong>Infec\u00e7\u00e3o por HPV<\/strong>, relacionada ao aumento de casos em jovens.<\/li>\n\n\n\n<li><strong>Exposi\u00e7\u00e3o solar<\/strong>, fator-chave no c\u00e2ncer de l\u00e1bio.<\/li>\n<\/ul>\n\n\n\n<h2 class=\"wp-block-heading\">A intelig\u00eancia artificial pode substituir o dentista?<\/h2>\n\n\n\n<p>Apesar do avan\u00e7o tecnol\u00f3gico, a IA n\u00e3o substitui o cirurgi\u00e3o-dentista. O sistema apenas indica suspeitas, cabendo ao profissional interpretar os dados, confirmar o diagn\u00f3stico e definir o <strong>plano de tratamento<\/strong>.<\/p>\n\n\n\n<p>A tend\u00eancia \u00e9 que essa tecnologia seja incorporada aos prontu\u00e1rios digitais como ferramenta de apoio, tornando o diagn\u00f3stico mais r\u00e1pido, preciso e integrado, sem substituir o olhar cl\u00ednico humano que continua sendo indispens\u00e1vel.<\/p>\n","protected":false},"excerpt":{"rendered":"<p>A intelig\u00eancia artificial na odontologia analisa imagens da cavidade oral para detectar les\u00f5es suspeitas precocemente. A tecnologia aumenta a precis\u00e3o cl\u00ednica, acelera diagn\u00f3sticos e pode elevar taxas de cura do c\u00e2ncer bucal. A intelig\u00eancia artificial na odontologia surge como aliada decisiva no diagn\u00f3stico precoce do c\u00e2ncer bucal, ampliando a precis\u00e3o cl\u00ednica e acelerando a identifica\u00e7\u00e3o [&hellip;]<\/p>\n","protected":false},"author":13,"featured_media":156717,"comment_status":"open","ping_status":"open","sticky":false,"template":"","format":"standard","meta":{"jnews-multi-image_gallery":[],"jnews_single_post":{"format":"standard"},"jnews_primary_category":[],"jnews_social_meta":[],"jnews_override_counter":[],"footnotes":""},"categories":[9053],"tags":[16714,1249,22893],"class_list":["post-156658","post","type-post","status-publish","format-standard","has-post-thumbnail","hentry","category-saude","tag-cancer-bucal","tag-inteligencia-artificial","tag-tagabismo"],"yoast_head":"<!-- This site is optimized with the Yoast SEO plugin v23.8 - https:\/\/yoast.com\/wordpress\/plugins\/seo\/ -->\n<title>Nova tecnologia com intelig\u00eancia artificial promete detectar c\u00e2ncer bucal antes dos primeiros sintomas e pode salvar milhares de vidas - Estado de Minas - Em foco<\/title>\n<meta name=\"description\" content=\"Intelig\u00eancia artificial ajuda dentistas a flagrar o c\u00e2ncer bucal mais cedo, aumenta a chance de cura e reduz erros no diagn\u00f3stico cl\u00ednico.\" \/>\n<meta name=\"robots\" content=\"index, follow, max-snippet:-1, max-image-preview:large, max-video-preview:-1\" \/>\n<link rel=\"canonical\" href=\"https:\/\/www.em.com.br\/emfoco\/2026\/01\/19\/nova-tecnologia-com-inteligencia-artificial-promete-detectar-cancer-bucal-antes-dos-primeiros-sintomas-e-pode-salvar-milhares-de-vidas\/\" \/>\n<meta property=\"og:locale\" content=\"pt_BR\" \/>\n<meta property=\"og:type\" content=\"article\" \/>\n<meta property=\"og:title\" content=\"Nova tecnologia com intelig\u00eancia artificial promete detectar c\u00e2ncer bucal antes dos primeiros sintomas e pode salvar milhares de vidas - Estado de Minas - Em foco\" \/>\n<meta property=\"og:description\" content=\"Intelig\u00eancia artificial ajuda dentistas a flagrar o c\u00e2ncer bucal mais cedo, aumenta a chance de cura e reduz erros no diagn\u00f3stico cl\u00ednico.\" \/>\n<meta property=\"og:url\" content=\"https:\/\/www.em.com.br\/emfoco\/2026\/01\/19\/nova-tecnologia-com-inteligencia-artificial-promete-detectar-cancer-bucal-antes-dos-primeiros-sintomas-e-pode-salvar-milhares-de-vidas\/\" \/>\n<meta property=\"og:site_name\" content=\"Estado de Minas - Em foco\" \/>\n<meta property=\"article:published_time\" content=\"2026-01-19T23:05:00+00:00\" \/>\n<meta property=\"article:modified_time\" content=\"2026-01-17T18:25:20+00:00\" \/>\n<meta property=\"og:image\" content=\"https:\/\/www.em.com.br\/emfoco\/wp-content\/uploads\/2026\/01\/AIAI-15-8.jpg\" \/>\n\t<meta property=\"og:image:width\" content=\"1280\" \/>\n\t<meta property=\"og:image:height\" content=\"720\" \/>\n\t<meta property=\"og:image:type\" content=\"image\/jpeg\" \/>\n<meta name=\"author\" content=\"Gabriel Martins\" \/>\n<meta name=\"twitter:card\" content=\"summary_large_image\" \/>\n<meta name=\"twitter:label1\" content=\"Escrito por\" \/>\n\t<meta name=\"twitter:data1\" content=\"Gabriel Martins\" \/>\n\t<meta name=\"twitter:label2\" content=\"Est. tempo de leitura\" \/>\n\t<meta name=\"twitter:data2\" content=\"4 minutos\" \/>\n<!-- \/ Yoast SEO plugin. -->","yoast_head_json":{"title":"Nova tecnologia com intelig\u00eancia artificial promete detectar c\u00e2ncer bucal antes dos primeiros sintomas e pode salvar milhares de vidas - Estado de Minas - Em foco","description":"Intelig\u00eancia artificial ajuda dentistas a flagrar o c\u00e2ncer bucal mais cedo, aumenta a chance de cura e reduz erros no diagn\u00f3stico cl\u00ednico.","robots":{"index":"index","follow":"follow","max-snippet":"max-snippet:-1","max-image-preview":"max-image-preview:large","max-video-preview":"max-video-preview:-1"},"canonical":"https:\/\/www.em.com.br\/emfoco\/2026\/01\/19\/nova-tecnologia-com-inteligencia-artificial-promete-detectar-cancer-bucal-antes-dos-primeiros-sintomas-e-pode-salvar-milhares-de-vidas\/","og_locale":"pt_BR","og_type":"article","og_title":"Nova tecnologia com intelig\u00eancia artificial promete detectar c\u00e2ncer bucal antes dos primeiros sintomas e pode salvar milhares de vidas - Estado de Minas - Em foco","og_description":"Intelig\u00eancia artificial ajuda dentistas a flagrar o c\u00e2ncer bucal mais cedo, aumenta a chance de cura e reduz erros no diagn\u00f3stico cl\u00ednico.","og_url":"https:\/\/www.em.com.br\/emfoco\/2026\/01\/19\/nova-tecnologia-com-inteligencia-artificial-promete-detectar-cancer-bucal-antes-dos-primeiros-sintomas-e-pode-salvar-milhares-de-vidas\/","og_site_name":"Estado de Minas - Em foco","article_published_time":"2026-01-19T23:05:00+00:00","article_modified_time":"2026-01-17T18:25:20+00:00","og_image":[{"width":1280,"height":720,"url":"https:\/\/www.em.com.br\/emfoco\/wp-content\/uploads\/2026\/01\/AIAI-15-8.jpg","type":"image\/jpeg"}],"author":"Gabriel Martins","twitter_card":"summary_large_image","twitter_misc":{"Escrito por":"Gabriel Martins","Est. tempo de leitura":"4 minutos"},"schema":{"@context":"https:\/\/schema.org","@graph":[{"@type":"WebPage","@id":"https:\/\/www.em.com.br\/emfoco\/2026\/01\/19\/nova-tecnologia-com-inteligencia-artificial-promete-detectar-cancer-bucal-antes-dos-primeiros-sintomas-e-pode-salvar-milhares-de-vidas\/","url":"https:\/\/www.em.com.br\/emfoco\/2026\/01\/19\/nova-tecnologia-com-inteligencia-artificial-promete-detectar-cancer-bucal-antes-dos-primeiros-sintomas-e-pode-salvar-milhares-de-vidas\/","name":"Nova tecnologia com intelig\u00eancia artificial promete detectar c\u00e2ncer bucal antes dos primeiros sintomas e pode salvar milhares de vidas - Estado de Minas - Em foco","isPartOf":{"@id":"https:\/\/www.em.com.br\/emfoco\/#website"},"primaryImageOfPage":{"@id":"https:\/\/www.em.com.br\/emfoco\/2026\/01\/19\/nova-tecnologia-com-inteligencia-artificial-promete-detectar-cancer-bucal-antes-dos-primeiros-sintomas-e-pode-salvar-milhares-de-vidas\/#primaryimage"},"image":{"@id":"https:\/\/www.em.com.br\/emfoco\/2026\/01\/19\/nova-tecnologia-com-inteligencia-artificial-promete-detectar-cancer-bucal-antes-dos-primeiros-sintomas-e-pode-salvar-milhares-de-vidas\/#primaryimage"},"thumbnailUrl":"https:\/\/www.em.com.br\/emfoco\/wp-content\/uploads\/2026\/01\/AIAI-15-8.jpg","datePublished":"2026-01-19T23:05:00+00:00","dateModified":"2026-01-17T18:25:20+00:00","author":{"@id":"https:\/\/www.em.com.br\/emfoco\/#\/schema\/person\/1c9ddeab18b98abeffef834667bcf08a"},"description":"Intelig\u00eancia artificial ajuda dentistas a flagrar o c\u00e2ncer bucal mais cedo, aumenta a chance de cura e reduz erros no diagn\u00f3stico cl\u00ednico.","breadcrumb":{"@id":"https:\/\/www.em.com.br\/emfoco\/2026\/01\/19\/nova-tecnologia-com-inteligencia-artificial-promete-detectar-cancer-bucal-antes-dos-primeiros-sintomas-e-pode-salvar-milhares-de-vidas\/#breadcrumb"},"inLanguage":"pt-BR","potentialAction":[{"@type":"ReadAction","target":["https:\/\/www.em.com.br\/emfoco\/2026\/01\/19\/nova-tecnologia-com-inteligencia-artificial-promete-detectar-cancer-bucal-antes-dos-primeiros-sintomas-e-pode-salvar-milhares-de-vidas\/"]}]},{"@type":"ImageObject","inLanguage":"pt-BR","@id":"https:\/\/www.em.com.br\/emfoco\/2026\/01\/19\/nova-tecnologia-com-inteligencia-artificial-promete-detectar-cancer-bucal-antes-dos-primeiros-sintomas-e-pode-salvar-milhares-de-vidas\/#primaryimage","url":"https:\/\/www.em.com.br\/emfoco\/wp-content\/uploads\/2026\/01\/AIAI-15-8.jpg","contentUrl":"https:\/\/www.em.com.br\/emfoco\/wp-content\/uploads\/2026\/01\/AIAI-15-8.jpg","width":1280,"height":720,"caption":"Intelig\u00eancia artificial amplia diagn\u00f3stico precoce do c\u00e2ncer bucal com maior precis\u00e3o cl\u00ednica"},{"@type":"BreadcrumbList","@id":"https:\/\/www.em.com.br\/emfoco\/2026\/01\/19\/nova-tecnologia-com-inteligencia-artificial-promete-detectar-cancer-bucal-antes-dos-primeiros-sintomas-e-pode-salvar-milhares-de-vidas\/#breadcrumb","itemListElement":[{"@type":"ListItem","position":1,"name":"In\u00edcio","item":"https:\/\/www.em.com.br\/emfoco\/"},{"@type":"ListItem","position":2,"name":"Nova tecnologia com intelig\u00eancia artificial promete detectar c\u00e2ncer bucal antes dos primeiros sintomas e pode salvar milhares de vidas"}]},{"@type":"WebSite","@id":"https:\/\/www.em.com.br\/emfoco\/#website","url":"https:\/\/www.em.com.br\/emfoco\/","name":"Estado de Minas - Em foco","description":"Acompanhe as \u00faltimas not\u00edcias e fique bem informado sobre tudo o que acontece em Minas Gerais, Brasil e no mundo.","potentialAction":[{"@type":"SearchAction","target":{"@type":"EntryPoint","urlTemplate":"https:\/\/www.em.com.br\/emfoco\/?s={search_term_string}"},"query-input":{"@type":"PropertyValueSpecification","valueRequired":true,"valueName":"search_term_string"}}],"inLanguage":"pt-BR"},{"@type":"Person","@id":"https:\/\/www.em.com.br\/emfoco\/#\/schema\/person\/1c9ddeab18b98abeffef834667bcf08a","name":"Gabriel Martins","image":{"@type":"ImageObject","inLanguage":"pt-BR","@id":"https:\/\/www.em.com.br\/emfoco\/#\/schema\/person\/image\/","url":"https:\/\/secure.gravatar.com\/avatar\/f0f1e2efdfd88f1ad2cb08c5c2731e50?s=96&d=mm&r=g","contentUrl":"https:\/\/secure.gravatar.com\/avatar\/f0f1e2efdfd88f1ad2cb08c5c2731e50?s=96&d=mm&r=g","caption":"Gabriel Martins"},"sameAs":["https:\/\/www.em.com.br\/emfoco\/"],"url":"https:\/\/www.em.com.br\/emfoco\/author\/gabrielmartinsmyth\/"}]}},"_links":{"self":[{"href":"https:\/\/www.em.com.br\/emfoco\/wp-json\/wp\/v2\/posts\/156658","targetHints":{"allow":["GET"]}}],"collection":[{"href":"https:\/\/www.em.com.br\/emfoco\/wp-json\/wp\/v2\/posts"}],"about":[{"href":"https:\/\/www.em.com.br\/emfoco\/wp-json\/wp\/v2\/types\/post"}],"author":[{"embeddable":true,"href":"https:\/\/www.em.com.br\/emfoco\/wp-json\/wp\/v2\/users\/13"}],"replies":[{"embeddable":true,"href":"https:\/\/www.em.com.br\/emfoco\/wp-json\/wp\/v2\/comments?post=156658"}],"version-history":[{"count":1,"href":"https:\/\/www.em.com.br\/emfoco\/wp-json\/wp\/v2\/posts\/156658\/revisions"}],"predecessor-version":[{"id":156720,"href":"https:\/\/www.em.com.br\/emfoco\/wp-json\/wp\/v2\/posts\/156658\/revisions\/156720"}],"wp:featuredmedia":[{"embeddable":true,"href":"https:\/\/www.em.com.br\/emfoco\/wp-json\/wp\/v2\/media\/156717"}],"wp:attachment":[{"href":"https:\/\/www.em.com.br\/emfoco\/wp-json\/wp\/v2\/media?parent=156658"}],"wp:term":[{"taxonomy":"category","embeddable":true,"href":"https:\/\/www.em.com.br\/emfoco\/wp-json\/wp\/v2\/categories?post=156658"},{"taxonomy":"post_tag","embeddable":true,"href":"https:\/\/www.em.com.br\/emfoco\/wp-json\/wp\/v2\/tags?post=156658"}],"curies":[{"name":"wp","href":"https:\/\/api.w.org\/{rel}","templated":true}]}}