{"id":156656,"date":"2026-01-19T15:45:00","date_gmt":"2026-01-19T18:45:00","guid":{"rendered":"https:\/\/www.em.com.br\/emfoco\/?p=156656"},"modified":"2026-01-17T15:19:53","modified_gmt":"2026-01-17T18:19:53","slug":"transforme-restos-de-velas-em-pecas-decorativas-incriveis-usando-potes-de-vidro-que-iriam-para-o-lixo-e-crie-sua-propria-colecao","status":"publish","type":"post","link":"https:\/\/www.em.com.br\/emfoco\/2026\/01\/19\/transforme-restos-de-velas-em-pecas-decorativas-incriveis-usando-potes-de-vidro-que-iriam-para-o-lixo-e-crie-sua-propria-colecao\/","title":{"rendered":"Transforme restos de velas em pe\u00e7as decorativas incr\u00edveis usando potes de vidro que iriam para o lixo e crie sua pr\u00f3pria cole\u00e7\u00e3o"},"content":{"rendered":"\n<h2 class=\"wp-block-heading\">Reaproveitar restos de velas em potes de vidro reduz lixo e cria pe\u00e7as decorativas. Com banho-maria, pavio centralizado e cura de 24 horas, a cera usada vira velas sustent\u00e1veis, personalizadas e seguras.<\/h2>\n\n\n\n<p>Reaproveitar <strong>restos de velas<\/strong> \u00e9 uma forma simples de unir sustentabilidade, economia e criatividade. Com potes de vidro comuns, \u00e9 poss\u00edvel transformar sobras de cera em novas velas decorativas, perfumadas e cheias de personalidade para usar em casa ou presentear.<\/p>\n\n\n\n<h2 class=\"wp-block-heading\">Por que reaproveitar restos de velas virou tend\u00eancia no DIY?<\/h2>\n\n\n\n<p>O reaproveitamento de <strong>cera de vela usada<\/strong> ganhou espa\u00e7o por reduzir o lixo dom\u00e9stico e incentivar o consumo consciente. Em vez de descartar pequenos tocos inutilizados, o processo permite dar nova fun\u00e7\u00e3o a um material que ainda tem grande potencial decorativo.<\/p>\n\n\n\n<p>Al\u00e9m do apelo sustent\u00e1vel, criar velas artesanais \u00e9 uma atividade terap\u00eautica. O trabalho manual estimula a criatividade, gera pe\u00e7as exclusivas e transforma objetos simples, como potes de vidro, em itens que trazem aconchego ao ambiente.<\/p>\n\n\n\n<figure class=\"wp-block-image size-large\"><img loading=\"lazy\" decoding=\"async\" width=\"1024\" height=\"576\" src=\"https:\/\/www.em.com.br\/emfoco\/wp-content\/uploads\/2026\/01\/AIAI-12-12-1024x576.jpg\" alt=\"Transforme restos de velas em pe\u00e7as decorativas incr\u00edveis usando potes de vidro que iriam para o lixo e crie sua pr\u00f3pria cole\u00e7\u00e3o\" class=\"wp-image-156711\" srcset=\"https:\/\/www.em.com.br\/emfoco\/wp-content\/uploads\/2026\/01\/AIAI-12-12-1024x576.jpg 1024w, https:\/\/www.em.com.br\/emfoco\/wp-content\/uploads\/2026\/01\/AIAI-12-12-300x169.jpg 300w, https:\/\/www.em.com.br\/emfoco\/wp-content\/uploads\/2026\/01\/AIAI-12-12-768x432.jpg 768w, https:\/\/www.em.com.br\/emfoco\/wp-content\/uploads\/2026\/01\/AIAI-12-12-750x422.jpg 750w, https:\/\/www.em.com.br\/emfoco\/wp-content\/uploads\/2026\/01\/AIAI-12-12-1140x641.jpg 1140w, https:\/\/www.em.com.br\/emfoco\/wp-content\/uploads\/2026\/01\/AIAI-12-12.jpg 1280w\" sizes=\"auto, (max-width: 1024px) 100vw, 1024px\" \/><figcaption class=\"wp-element-caption\">Tend\u00eancia DIY reduz lixo dom\u00e9stico e estimula consumo consciente<\/figcaption><\/figure>\n\n\n\n<h2 class=\"wp-block-heading\">Quais materiais s\u00e3o essenciais para fazer velas reaproveitadas?<\/h2>\n\n\n\n<p>Antes de iniciar o processo de <strong>velas artesanais em potes de vidro<\/strong>, \u00e9 importante separar todos os itens necess\u00e1rios. Ter os materiais corretos garante seguran\u00e7a, melhor acabamento e um resultado mais dur\u00e1vel, como mostrado na lista a seguir.<\/p>\n\n\n\n<ul class=\"wp-block-list\">\n<li><strong>Restos de velas<\/strong>: sobras de parafina ou ceras vegetais j\u00e1 usadas.<\/li>\n\n\n\n<li><strong>Potes de vidro<\/strong>: embalagens limpas de geleia, conserva ou papinha.<\/li>\n\n\n\n<li><strong>Pavio novo<\/strong>: pode ser comprado pronto ou feito com barbante de algod\u00e3o.<\/li>\n<\/ul>\n\n\n\n<p><em>Leia mais: <strong><a href=\"https:\/\/www.em.com.br\/emfoco\/2026\/01\/10\/com-um-pedaco-de-papelao-crie-uma-linda-cesta-de-pao-para-decorar-sua-mesa\/\" target=\"_blank\" rel=\"noreferrer noopener\">Com um peda\u00e7o de papel\u00e3o, crie uma linda cesta de p\u00e3o para decorar sua mesa<\/a><\/strong><\/em><\/p>\n\n\n\n<h2 class=\"wp-block-heading\">Como preparar e derreter a cera de forma segura?<\/h2>\n\n\n\n<p>O primeiro cuidado com a <strong>cera reaproveitada<\/strong> \u00e9 a limpeza. Quebrar os restos em peda\u00e7os menores e remover partes queimadas evita cheiro desagrad\u00e1vel e aspecto opaco na vela final, garantindo um acabamento mais bonito.<\/p>\n\n\n\n<p>O derretimento deve ser feito sempre em banho-maria. A cera \u00e9 inflam\u00e1vel e nunca deve ir direto ao fogo. O aquecimento lento e controlado transforma os peda\u00e7os s\u00f3lidos em um l\u00edquido uniforme e pronto para reutiliza\u00e7\u00e3o.<\/p>\n\n\n\n<p>Confira o v\u00eddeo compartilhado pelo canal do TikTok <strong><a href=\"https:\/\/www.tiktok.com\/@reidagambiarra012\" target=\"_blank\" rel=\"noreferrer noopener\"><strong>reidagambiarra012<\/strong><\/a><\/strong> ensinando um truque para fazer uma vela caseira para emerg\u00eancias.<\/p>\n\n\n\n<blockquote class=\"tiktok-embed\" cite=\"https:\/\/www.tiktok.com\/@reidagambiarra012\/video\/7473996437882195205\" data-video-id=\"7473996437882195205\" style=\"max-width: 605px;min-width: 325px;\" > <section> <a target=\"_blank\" title=\"@reidagambiarra012\" href=\"https:\/\/www.tiktok.com\/@reidagambiarra012?refer=embed\">@reidagambiarra012<\/a> Fa\u00e7a uma vela caseira de um jeito simples \ud83d\udd6f\ufe0f <a title=\"dicas\" target=\"_blank\" href=\"https:\/\/www.tiktok.com\/tag\/dicas?refer=embed\">#dicas<\/a> <a title=\"diy\" target=\"_blank\" href=\"https:\/\/www.tiktok.com\/tag\/diy?refer=embed\">#diy<\/a> <a title=\"vela\" target=\"_blank\" href=\"https:\/\/www.tiktok.com\/tag\/vela?refer=embed\">#vela<\/a> <a title=\"caseira\" target=\"_blank\" href=\"https:\/\/www.tiktok.com\/tag\/caseira?refer=embed\">#caseira<\/a> <a title=\"ideia\" target=\"_blank\" href=\"https:\/\/www.tiktok.com\/tag\/ideia?refer=embed\">#ideia<\/a> <a target=\"_blank\" title=\"\u266c som original - Rei da Gambiarra\" href=\"https:\/\/www.tiktok.com\/music\/som-original-7473996463729511173?refer=embed\">\u266c som original &#8211; Rei da Gambiarra<\/a> <\/section> <\/blockquote> <script async src=\"https:\/\/www.tiktok.com\/embed.js\"><\/script>\n\n\n\n<h2 class=\"wp-block-heading\">Quais cuidados garantem uma vela bonita e sem defeitos?<\/h2>\n\n\n\n<p>Durante o enchimento e a secagem da <strong>vela artesanal<\/strong>, alguns detalhes fazem toda a diferen\u00e7a no resultado final. Pequenos cuidados evitam rachaduras, desn\u00edveis e problemas no pavio, como voc\u00ea confere nos pontos abaixo.<\/p>\n\n\n\n<ul class=\"wp-block-list\">\n<li>Fixa\u00e7\u00e3o do pavio: centralize bem usando pregador ou palito de sorvete.<\/li>\n\n\n\n<li>Resfriamento lento: deixe esfriar longe de vento para evitar rachaduras.<\/li>\n\n\n\n<li>Cura adequada: aguarde 24 horas antes de acender a vela.<\/li>\n<\/ul>\n\n\n\n<h2 class=\"wp-block-heading\">Como transformar a vela reaproveitada em item decorativo?<\/h2>\n\n\n\n<p>A personaliza\u00e7\u00e3o \u00e9 o toque final da <strong>vela decorativa reciclada<\/strong>. Aromas, cores e elementos naturais podem ser combinados para criar pe\u00e7as r\u00fasticas, modernas ou minimalistas, adaptando o visual ao estilo do ambiente.<\/p>\n\n\n\n<p>Com criatividade, um simples pote de vidro se transforma em objeto sofisticado. O reaproveitamento de velas mostra que pequenas atitudes sustent\u00e1veis geram impacto visual, emocional e ambiental, valorizando o feito \u00e0 m\u00e3o e o consumo consciente.<\/p>\n","protected":false},"excerpt":{"rendered":"<p>Reaproveitar restos de velas em potes de vidro reduz lixo e cria pe\u00e7as decorativas. Com banho-maria, pavio centralizado e cura de 24 horas, a cera usada vira velas sustent\u00e1veis, personalizadas e seguras. Reaproveitar restos de velas \u00e9 uma forma simples de unir sustentabilidade, economia e criatividade. Com potes de vidro comuns, \u00e9 poss\u00edvel transformar sobras [&hellip;]<\/p>\n","protected":false},"author":13,"featured_media":156710,"comment_status":"open","ping_status":"open","sticky":false,"template":"","format":"standard","meta":{"jnews-multi-image_gallery":[],"jnews_single_post":{"format":"standard"},"jnews_primary_category":[],"jnews_social_meta":[],"jnews_override_counter":[],"footnotes":""},"categories":[8819],"tags":[5115,19999,13809],"class_list":["post-156656","post","type-post","status-publish","format-standard","has-post-thumbnail","hentry","category-curiosidades","tag-diy","tag-pecas-decorativas","tag-velas-caseiras"],"yoast_head":"<!-- This site is optimized with the Yoast SEO plugin v23.8 - https:\/\/yoast.com\/wordpress\/plugins\/seo\/ -->\n<title>Transforme restos de velas em pe\u00e7as decorativas incr\u00edveis usando potes de vidro que iriam para o lixo e crie sua pr\u00f3pria cole\u00e7\u00e3o - Estado de Minas - Em foco<\/title>\n<meta name=\"description\" content=\"Reaproveitar cera usada virou tend\u00eancia veja como transformar sobras de vela em pe\u00e7as incr\u00edveis usando potes simples e criatividade.\" \/>\n<meta name=\"robots\" content=\"index, follow, max-snippet:-1, max-image-preview:large, max-video-preview:-1\" \/>\n<link rel=\"canonical\" href=\"https:\/\/www.em.com.br\/emfoco\/2026\/01\/19\/transforme-restos-de-velas-em-pecas-decorativas-incriveis-usando-potes-de-vidro-que-iriam-para-o-lixo-e-crie-sua-propria-colecao\/\" \/>\n<meta property=\"og:locale\" content=\"pt_BR\" \/>\n<meta property=\"og:type\" content=\"article\" \/>\n<meta property=\"og:title\" content=\"Transforme restos de velas em pe\u00e7as decorativas incr\u00edveis usando potes de vidro que iriam para o lixo e crie sua pr\u00f3pria cole\u00e7\u00e3o - Estado de Minas - Em foco\" \/>\n<meta property=\"og:description\" content=\"Reaproveitar cera usada virou tend\u00eancia veja como transformar sobras de vela em pe\u00e7as incr\u00edveis usando potes simples e criatividade.\" \/>\n<meta property=\"og:url\" content=\"https:\/\/www.em.com.br\/emfoco\/2026\/01\/19\/transforme-restos-de-velas-em-pecas-decorativas-incriveis-usando-potes-de-vidro-que-iriam-para-o-lixo-e-crie-sua-propria-colecao\/\" \/>\n<meta property=\"og:site_name\" content=\"Estado de Minas - Em foco\" \/>\n<meta property=\"article:published_time\" content=\"2026-01-19T18:45:00+00:00\" \/>\n<meta property=\"article:modified_time\" content=\"2026-01-17T18:19:53+00:00\" \/>\n<meta property=\"og:image\" content=\"https:\/\/www.em.com.br\/emfoco\/wp-content\/uploads\/2026\/01\/AIAI-11-17.jpg\" \/>\n\t<meta property=\"og:image:width\" content=\"1280\" \/>\n\t<meta property=\"og:image:height\" content=\"720\" \/>\n\t<meta property=\"og:image:type\" content=\"image\/jpeg\" \/>\n<meta name=\"author\" content=\"Gabriel Martins\" \/>\n<meta name=\"twitter:card\" content=\"summary_large_image\" \/>\n<meta name=\"twitter:label1\" content=\"Escrito por\" \/>\n\t<meta name=\"twitter:data1\" content=\"Gabriel Martins\" \/>\n\t<meta name=\"twitter:label2\" content=\"Est. tempo de leitura\" \/>\n\t<meta name=\"twitter:data2\" content=\"4 minutos\" \/>\n<!-- \/ Yoast SEO plugin. -->","yoast_head_json":{"title":"Transforme restos de velas em pe\u00e7as decorativas incr\u00edveis usando potes de vidro que iriam para o lixo e crie sua pr\u00f3pria cole\u00e7\u00e3o - Estado de Minas - Em foco","description":"Reaproveitar cera usada virou tend\u00eancia veja como transformar sobras de vela em pe\u00e7as incr\u00edveis usando potes simples e criatividade.","robots":{"index":"index","follow":"follow","max-snippet":"max-snippet:-1","max-image-preview":"max-image-preview:large","max-video-preview":"max-video-preview:-1"},"canonical":"https:\/\/www.em.com.br\/emfoco\/2026\/01\/19\/transforme-restos-de-velas-em-pecas-decorativas-incriveis-usando-potes-de-vidro-que-iriam-para-o-lixo-e-crie-sua-propria-colecao\/","og_locale":"pt_BR","og_type":"article","og_title":"Transforme restos de velas em pe\u00e7as decorativas incr\u00edveis usando potes de vidro que iriam para o lixo e crie sua pr\u00f3pria cole\u00e7\u00e3o - Estado de Minas - Em foco","og_description":"Reaproveitar cera usada virou tend\u00eancia veja como transformar sobras de vela em pe\u00e7as incr\u00edveis usando potes simples e criatividade.","og_url":"https:\/\/www.em.com.br\/emfoco\/2026\/01\/19\/transforme-restos-de-velas-em-pecas-decorativas-incriveis-usando-potes-de-vidro-que-iriam-para-o-lixo-e-crie-sua-propria-colecao\/","og_site_name":"Estado de Minas - Em foco","article_published_time":"2026-01-19T18:45:00+00:00","article_modified_time":"2026-01-17T18:19:53+00:00","og_image":[{"width":1280,"height":720,"url":"https:\/\/www.em.com.br\/emfoco\/wp-content\/uploads\/2026\/01\/AIAI-11-17.jpg","type":"image\/jpeg"}],"author":"Gabriel Martins","twitter_card":"summary_large_image","twitter_misc":{"Escrito por":"Gabriel Martins","Est. tempo de leitura":"4 minutos"},"schema":{"@context":"https:\/\/schema.org","@graph":[{"@type":"WebPage","@id":"https:\/\/www.em.com.br\/emfoco\/2026\/01\/19\/transforme-restos-de-velas-em-pecas-decorativas-incriveis-usando-potes-de-vidro-que-iriam-para-o-lixo-e-crie-sua-propria-colecao\/","url":"https:\/\/www.em.com.br\/emfoco\/2026\/01\/19\/transforme-restos-de-velas-em-pecas-decorativas-incriveis-usando-potes-de-vidro-que-iriam-para-o-lixo-e-crie-sua-propria-colecao\/","name":"Transforme restos de velas em pe\u00e7as decorativas incr\u00edveis usando potes de vidro que iriam para o lixo e crie sua pr\u00f3pria cole\u00e7\u00e3o - Estado de Minas - Em foco","isPartOf":{"@id":"https:\/\/www.em.com.br\/emfoco\/#website"},"primaryImageOfPage":{"@id":"https:\/\/www.em.com.br\/emfoco\/2026\/01\/19\/transforme-restos-de-velas-em-pecas-decorativas-incriveis-usando-potes-de-vidro-que-iriam-para-o-lixo-e-crie-sua-propria-colecao\/#primaryimage"},"image":{"@id":"https:\/\/www.em.com.br\/emfoco\/2026\/01\/19\/transforme-restos-de-velas-em-pecas-decorativas-incriveis-usando-potes-de-vidro-que-iriam-para-o-lixo-e-crie-sua-propria-colecao\/#primaryimage"},"thumbnailUrl":"https:\/\/www.em.com.br\/emfoco\/wp-content\/uploads\/2026\/01\/AIAI-11-17.jpg","datePublished":"2026-01-19T18:45:00+00:00","dateModified":"2026-01-17T18:19:53+00:00","author":{"@id":"https:\/\/www.em.com.br\/emfoco\/#\/schema\/person\/1c9ddeab18b98abeffef834667bcf08a"},"description":"Reaproveitar cera usada virou tend\u00eancia veja como transformar sobras de vela em pe\u00e7as incr\u00edveis usando potes simples e criatividade.","breadcrumb":{"@id":"https:\/\/www.em.com.br\/emfoco\/2026\/01\/19\/transforme-restos-de-velas-em-pecas-decorativas-incriveis-usando-potes-de-vidro-que-iriam-para-o-lixo-e-crie-sua-propria-colecao\/#breadcrumb"},"inLanguage":"pt-BR","potentialAction":[{"@type":"ReadAction","target":["https:\/\/www.em.com.br\/emfoco\/2026\/01\/19\/transforme-restos-de-velas-em-pecas-decorativas-incriveis-usando-potes-de-vidro-que-iriam-para-o-lixo-e-crie-sua-propria-colecao\/"]}]},{"@type":"ImageObject","inLanguage":"pt-BR","@id":"https:\/\/www.em.com.br\/emfoco\/2026\/01\/19\/transforme-restos-de-velas-em-pecas-decorativas-incriveis-usando-potes-de-vidro-que-iriam-para-o-lixo-e-crie-sua-propria-colecao\/#primaryimage","url":"https:\/\/www.em.com.br\/emfoco\/wp-content\/uploads\/2026\/01\/AIAI-11-17.jpg","contentUrl":"https:\/\/www.em.com.br\/emfoco\/wp-content\/uploads\/2026\/01\/AIAI-11-17.jpg","width":1280,"height":720,"caption":"Reaproveitar restos de velas une sustentabilidade, criatividade e decora\u00e7\u00e3o personalizada"},{"@type":"BreadcrumbList","@id":"https:\/\/www.em.com.br\/emfoco\/2026\/01\/19\/transforme-restos-de-velas-em-pecas-decorativas-incriveis-usando-potes-de-vidro-que-iriam-para-o-lixo-e-crie-sua-propria-colecao\/#breadcrumb","itemListElement":[{"@type":"ListItem","position":1,"name":"In\u00edcio","item":"https:\/\/www.em.com.br\/emfoco\/"},{"@type":"ListItem","position":2,"name":"Transforme restos de velas em pe\u00e7as decorativas incr\u00edveis usando potes de vidro que iriam para o lixo e crie sua pr\u00f3pria cole\u00e7\u00e3o"}]},{"@type":"WebSite","@id":"https:\/\/www.em.com.br\/emfoco\/#website","url":"https:\/\/www.em.com.br\/emfoco\/","name":"Estado de Minas - Em foco","description":"Acompanhe as \u00faltimas not\u00edcias e fique bem informado sobre tudo o que acontece em Minas Gerais, Brasil e no mundo.","potentialAction":[{"@type":"SearchAction","target":{"@type":"EntryPoint","urlTemplate":"https:\/\/www.em.com.br\/emfoco\/?s={search_term_string}"},"query-input":{"@type":"PropertyValueSpecification","valueRequired":true,"valueName":"search_term_string"}}],"inLanguage":"pt-BR"},{"@type":"Person","@id":"https:\/\/www.em.com.br\/emfoco\/#\/schema\/person\/1c9ddeab18b98abeffef834667bcf08a","name":"Gabriel Martins","image":{"@type":"ImageObject","inLanguage":"pt-BR","@id":"https:\/\/www.em.com.br\/emfoco\/#\/schema\/person\/image\/","url":"https:\/\/secure.gravatar.com\/avatar\/f0f1e2efdfd88f1ad2cb08c5c2731e50?s=96&d=mm&r=g","contentUrl":"https:\/\/secure.gravatar.com\/avatar\/f0f1e2efdfd88f1ad2cb08c5c2731e50?s=96&d=mm&r=g","caption":"Gabriel Martins"},"sameAs":["https:\/\/www.em.com.br\/emfoco\/"],"url":"https:\/\/www.em.com.br\/emfoco\/author\/gabrielmartinsmyth\/"}]}},"_links":{"self":[{"href":"https:\/\/www.em.com.br\/emfoco\/wp-json\/wp\/v2\/posts\/156656","targetHints":{"allow":["GET"]}}],"collection":[{"href":"https:\/\/www.em.com.br\/emfoco\/wp-json\/wp\/v2\/posts"}],"about":[{"href":"https:\/\/www.em.com.br\/emfoco\/wp-json\/wp\/v2\/types\/post"}],"author":[{"embeddable":true,"href":"https:\/\/www.em.com.br\/emfoco\/wp-json\/wp\/v2\/users\/13"}],"replies":[{"embeddable":true,"href":"https:\/\/www.em.com.br\/emfoco\/wp-json\/wp\/v2\/comments?post=156656"}],"version-history":[{"count":1,"href":"https:\/\/www.em.com.br\/emfoco\/wp-json\/wp\/v2\/posts\/156656\/revisions"}],"predecessor-version":[{"id":156712,"href":"https:\/\/www.em.com.br\/emfoco\/wp-json\/wp\/v2\/posts\/156656\/revisions\/156712"}],"wp:featuredmedia":[{"embeddable":true,"href":"https:\/\/www.em.com.br\/emfoco\/wp-json\/wp\/v2\/media\/156710"}],"wp:attachment":[{"href":"https:\/\/www.em.com.br\/emfoco\/wp-json\/wp\/v2\/media?parent=156656"}],"wp:term":[{"taxonomy":"category","embeddable":true,"href":"https:\/\/www.em.com.br\/emfoco\/wp-json\/wp\/v2\/categories?post=156656"},{"taxonomy":"post_tag","embeddable":true,"href":"https:\/\/www.em.com.br\/emfoco\/wp-json\/wp\/v2\/tags?post=156656"}],"curies":[{"name":"wp","href":"https:\/\/api.w.org\/{rel}","templated":true}]}}