{"id":156641,"date":"2026-01-18T16:35:22","date_gmt":"2026-01-18T19:35:22","guid":{"rendered":"https:\/\/www.em.com.br\/emfoco\/?p=156641"},"modified":"2026-01-17T15:05:15","modified_gmt":"2026-01-17T18:05:15","slug":"quer-ousar-no-curtinho-veja-como-o-corte-certo-traz-leveza-e-modernidade-ao-rosto-redondo","status":"publish","type":"post","link":"https:\/\/www.em.com.br\/emfoco\/2026\/01\/18\/quer-ousar-no-curtinho-veja-como-o-corte-certo-traz-leveza-e-modernidade-ao-rosto-redondo\/","title":{"rendered":"Quer ousar no curtinho? Veja como o corte certo traz leveza e modernidade ao rosto redondo"},"content":{"rendered":"\n<h2 class=\"wp-block-heading\">Para rosto redondo, aposte em Long Bob, Pixie alongado ou Chanel de bico. Esses cortes criam linhas verticais e volume no topo, alongando a face. O segredo \u00e9 evitar volume nas laterais e usar franjas diagonais.<\/h2>\n\n\n\n<p><b>Voc\u00ea j\u00e1 quis cortar o cabelo bem curto<\/b>, mas travou s\u00f3 de imaginar o rosto ainda mais redondo no espelho? Muita gente passa por isso e acaba fugindo da tesoura, mesmo morrendo de vontade de mudar o visual. <b>A boa not\u00edcia \u00e9 que, com o corte certo, o cabelo curto pode virar um grande aliado<\/b> para alongar a face, valorizar os tra\u00e7os e at\u00e9 trazer leveza para o dia a dia, sem exigir horas na frente do espelho.<\/p>\n\n\n\n<h2 class=\"wp-block-heading\">O que \u00e9 um bom corte de cabelo curto para rosto redondo<\/h2>\n\n\n\n<p>Para quem tem <b>rosto redondo<\/b>, o truque dos cortes curtos \u00e9 simples: criar sensa\u00e7\u00e3o de alongamento e evitar que as bochechas fiquem em destaque. Isso \u00e9 feito com linhas mais verticais, menos volume nas laterais e movimento concentrado no topo da cabe\u00e7a ou nas pontas, em vez de tudo \u201caberto\u201d para os lados. <b>Tamb\u00e9m vale lembrar que a escolha do comprimento ideal na frente e na nuca<\/b> faz diferen\u00e7a para equilibrar o conjunto.<\/p>\n\n\n\n<p>Tamb\u00e9m ajuda muito apostar em <b>leves assimetrias<\/b>, pontas um pouco desiguais e franjas laterais mais longas, que atravessam o rosto de forma diagonal. Antes de decidir, vale observar <b>a textura natural do cabelo<\/b>, tempo que voc\u00ea tem para arrumar e o tipo de ambiente em que trabalha, para juntar estilo e praticidade. <b>Levar fotos de refer\u00eancia para o sal\u00e3o<\/b> facilita a conversa com o profissional e evita surpresas.<\/p>\n\n\n\n<figure class=\"wp-block-embed is-type-rich is-provider-pinterest wp-block-embed-pinterest\"><div class=\"wp-block-embed__wrapper\">\n<iframe loading=\"lazy\" title=\"Cortes de cabelos para rosto redondo\" src=\"https:\/\/assets.pinterest.com\/ext\/embed.html?id=15621929951991775&#038;src=oembed\" height=\"899\" width=\"450\" frameborder=\"0\" scrolling=\"no\" ><\/iframe>\n<\/div><\/figure>\n\n\n\n<p>Leia tamb\u00e9m:&nbsp;<a href=\"https:\/\/www.em.com.br\/emfoco\/2026\/01\/16\/esses-sao-os-melhores-cortes-para-cabelos-finos-e-sem-volume\/\" target=\"_blank\" rel=\"noopener\">Esses s\u00e3o os melhores cortes para cabelos finos e sem volume<\/a><\/p>\n\n\n\n<h2 class=\"wp-block-heading\">Como funciona o long bob curto para rosto redondo<\/h2>\n\n\n\n<p>O <b>long bob curto<\/b> \u00e9 aquele corte na altura do queixo, ou um pouco abaixo, com a frente um tiquinho mais comprida que a parte de tr\u00e1s. Visto de frente, ele cria uma <b>linha diagonal suave<\/b>, que ajuda a \u201cafinar\u201d o contorno do rosto e desviar o foco das bochechas. <b>Quem n\u00e3o quer perder tanto comprimento<\/b> costuma gostar desse meio-termo entre curto e m\u00e9dio.<\/p>\n\n\n\n<p>Ele funciona em <b>cabelos lisos, ondulados ou com ondas feitas no babyliss<\/b>, desde que o volume fique leve e bem distribu\u00eddo. Uma franja lateral longa, caindo em dire\u00e7\u00e3o ao maxilar, refor\u00e7a o efeito de alongamento e ainda d\u00e1 um ar moderno, seja em um visual mais polido ou com textura bagun\u00e7adinha. <b>Para manter o corte bonito, aparar as pontas a cada 2 ou 3 meses<\/b> ajuda a preservar o caimento.<\/p>\n\n\n\n<figure class=\"wp-block-embed is-type-rich is-provider-pinterest wp-block-embed-pinterest\"><div class=\"wp-block-embed__wrapper\">\n<iframe loading=\"lazy\" title=\"franja pra quem tem rosto redondo\" src=\"https:\/\/assets.pinterest.com\/ext\/embed.html?id=7036943162373234&#038;src=oembed\" height=\"899\" width=\"450\" frameborder=\"0\" scrolling=\"no\" ><\/iframe>\n<\/div><\/figure>\n\n\n\n<h2 class=\"wp-block-heading\">Pixie alongado realmente valoriza rosto redondo<\/h2>\n\n\n\n<p>O <b>pixie cut alongado<\/b> \u00e9 ideal para quem quer cabelo bem curtinho, mas tem medo de \u201caumentar\u201d ainda mais o rosto. Diferente do pixie bem batido, essa vers\u00e3o mant\u00e9m mais comprimento no topo e na franja, geralmente jogada de lado, o que cria altura e cobre levemente parte da testa ou da bochecha. <b>Esse truque de volume no alto da cabe\u00e7a<\/b> \u00e9 \u00f3timo para alongar visualmente o rosto.<\/p>\n\n\n\n<p>Ele pode ser discreto ou bem ousado, com <b>laterais um pouco mais curtas e topo cheio<\/b>, garantindo o efeito alongado. Em fios lisos, pomadas leves ajudam a direcionar as mechas; em ondulados ou cacheados, cremes de defini\u00e7\u00e3o deixam o cabelo com forma, mas sem pesar ou armar demais ao redor do rosto. <b>Quem gosta de praticidade no dia a dia<\/b> geralmente se adapta muito bem a esse tipo de corte.<\/p>\n\n\n\n<figure class=\"wp-block-embed is-type-rich is-provider-pinterest wp-block-embed-pinterest\"><div class=\"wp-block-embed__wrapper\">\n<iframe loading=\"lazy\" title=\"Cortes de cabelo que podem valorizar e alongar rostos redondos. O corte longo em camadas, o corte bob assim\u00e9trico, o corte em camadas com franja lateral, o corte shag, o corte em V e o corte com franja longa s\u00e3o algumas das op\u00e7\u00f5es que ajudam a criar movimento, quebrar a simetria do rosto e emoldurar o rosto, resultando em uma apar\u00eancia mais alongada.\" src=\"https:\/\/assets.pinterest.com\/ext\/embed.html?id=441352832253941865&#038;src=oembed\" height=\"899\" width=\"450\" frameborder=\"0\" scrolling=\"no\" ><\/iframe>\n<\/div><\/figure>\n\n\n\n<h2 class=\"wp-block-heading\">Chanel de bico curto \u00e9 uma boa op\u00e7\u00e3o para rosto redondo<\/h2>\n\n\n\n<p>O <b>chanel de bico curto<\/b> \u00e9 aquele cl\u00e1ssico em que a nuca fica mais curtinha e a parte da frente se estende at\u00e9 o queixo ou um pouco abaixo. De frente, o desenho lembra um <b>\u201cV\u201d suave<\/b>, criando a sensa\u00e7\u00e3o de rosto mais estreito e alongado, sem perder a eleg\u00e2ncia. <b>\u00c9 uma boa escolha para quem prefere um visual mais alinhado<\/b> e sofisticado.<\/p>\n\n\n\n<p>Camadas discretas nas pontas ajudam a evitar <b>volume extra na altura das bochechas<\/b>, que \u00e9 justamente onde quem tem rosto redondo costuma se preocupar mais. A risca lateral geralmente favorece esse formato de rosto, e o corte funciona tanto escovado e alinhado quanto com a textura natural levemente controlada. <b>Produtos de prote\u00e7\u00e3o t\u00e9rmica<\/b> s\u00e3o importantes se voc\u00ea usa secador ou chapinha com frequ\u00eancia.<\/p>\n\n\n\n<p>Para voc\u00ea que ainda tem d\u00favida de cortes, separamos um v\u00eddeo do canal do <a href=\"https:\/\/www.youtube.com\/@RodrigoCintraoficial\" target=\"_blank\" rel=\"noreferrer noopener\">Rodrigo Cintra<\/a>, com dicas para escolher o melhor corte para o rosto redondo:<\/p>\n\n\n\n<figure class=\"wp-block-embed is-type-video is-provider-youtube wp-block-embed-youtube wp-embed-aspect-16-9 wp-has-aspect-ratio\"><div class=\"wp-block-embed__wrapper\">\n<div class=\"jeg_video_container jeg_video_content\"><iframe loading=\"lazy\" title=\"MELHORES CORTES DE CABELO PARA QUEM TEM O FORMATO DE ROSTO REDONDO\" width=\"500\" height=\"281\" src=\"https:\/\/www.youtube.com\/embed\/sTEX32_X7WY?feature=oembed\" frameborder=\"0\" allow=\"accelerometer; autoplay; clipboard-write; encrypted-media; gyroscope; picture-in-picture; web-share\" referrerpolicy=\"strict-origin-when-cross-origin\" allowfullscreen><\/iframe><\/div>\n<\/div><\/figure>\n\n\n\n<h2 class=\"wp-block-heading\">Como escolher entre esses 3 cortes curtos para rosto redondo<\/h2>\n\n\n\n<p>A escolha entre <b>long bob curto, pixie alongado e chanel de bico<\/b> passa muito pelo seu ritmo de vida. Se voc\u00ea prefere algo pr\u00e1tico, que seque r\u00e1pido e quase se ajeite sozinho, o pixie alongado ou um long bob com textura natural tendem a funcionar melhor no dia a dia. <b>Considere tamb\u00e9m o clima da sua cidade<\/b>, j\u00e1 que calor intenso costuma favorecer cortes mais frescos.<\/p>\n\n\n\n<p>Quem gosta de um <b>visual mais alinhado<\/b>, com escova e acabamento polido, costuma se dar bem com o chanel de bico. Antes de bater o martelo, vale conversar com um profissional de confian\u00e7a, avaliar densidade dos fios, redemoinhos, formato do pesco\u00e7o e mostrar refer\u00eancias de fotos. <b>Assim, o cabelo curto deixa de ser um \u201cmedo\u201d para o rosto redondo<\/b> e vira uma forma de destacar o que voc\u00ea mais gosta em si.<\/p>\n","protected":false},"excerpt":{"rendered":"<p>Para rosto redondo, aposte em Long Bob, Pixie alongado ou Chanel de bico. Esses cortes criam linhas verticais e volume no topo, alongando a face. O segredo \u00e9 evitar volume nas laterais e usar franjas diagonais. Voc\u00ea j\u00e1 quis cortar o cabelo bem curto, mas travou s\u00f3 de imaginar o rosto ainda mais redondo no [&hellip;]<\/p>\n","protected":false},"author":9,"featured_media":135761,"comment_status":"open","ping_status":"open","sticky":false,"template":"","format":"standard","meta":{"jnews-multi-image_gallery":[],"jnews_single_post":{"format":"standard"},"jnews_primary_category":[],"jnews_social_meta":[],"jnews_override_counter":[],"footnotes":""},"categories":[8691,8819,1],"tags":[17528,22887,17957],"class_list":["post-156641","post","type-post","status-publish","format-standard","has-post-thumbnail","hentry","category-bem-estar","category-curiosidades","category-noticias","tag-corte-cabelo","tag-curto","tag-rosto-redondo"],"yoast_head":"<!-- This site is optimized with the Yoast SEO plugin v23.8 - https:\/\/yoast.com\/wordpress\/plugins\/seo\/ -->\n<title>Quer ousar no curtinho? Veja como o corte certo traz leveza e modernidade ao rosto redondo - Estado de Minas - Em foco<\/title>\n<meta name=\"description\" content=\"Rosto redondo? Long Bob, Pixie e Chanel de bico alongam o visual. Veja como escolher o corte ideal.\" \/>\n<meta name=\"robots\" content=\"index, follow, max-snippet:-1, max-image-preview:large, max-video-preview:-1\" \/>\n<link rel=\"canonical\" href=\"https:\/\/www.em.com.br\/emfoco\/2026\/01\/18\/quer-ousar-no-curtinho-veja-como-o-corte-certo-traz-leveza-e-modernidade-ao-rosto-redondo\/\" \/>\n<meta property=\"og:locale\" content=\"pt_BR\" \/>\n<meta property=\"og:type\" content=\"article\" \/>\n<meta property=\"og:title\" content=\"Quer ousar no curtinho? Veja como o corte certo traz leveza e modernidade ao rosto redondo - Estado de Minas - Em foco\" \/>\n<meta property=\"og:description\" content=\"Rosto redondo? Long Bob, Pixie e Chanel de bico alongam o visual. Veja como escolher o corte ideal.\" \/>\n<meta property=\"og:url\" content=\"https:\/\/www.em.com.br\/emfoco\/2026\/01\/18\/quer-ousar-no-curtinho-veja-como-o-corte-certo-traz-leveza-e-modernidade-ao-rosto-redondo\/\" \/>\n<meta property=\"og:site_name\" content=\"Estado de Minas - Em foco\" \/>\n<meta property=\"article:published_time\" content=\"2026-01-18T19:35:22+00:00\" \/>\n<meta property=\"article:modified_time\" content=\"2026-01-17T18:05:15+00:00\" \/>\n<meta property=\"og:image\" content=\"https:\/\/www.em.com.br\/emfoco\/wp-content\/uploads\/2025\/12\/Gemini_Generated_Image_5983715983715983-1.png\" \/>\n\t<meta property=\"og:image:width\" content=\"1280\" \/>\n\t<meta property=\"og:image:height\" content=\"720\" \/>\n\t<meta property=\"og:image:type\" content=\"image\/png\" \/>\n<meta name=\"author\" content=\"Daniely Cardoso\" \/>\n<meta name=\"twitter:card\" content=\"summary_large_image\" \/>\n<meta name=\"twitter:label1\" content=\"Escrito por\" \/>\n\t<meta name=\"twitter:data1\" content=\"Daniely Cardoso\" \/>\n\t<meta name=\"twitter:label2\" content=\"Est. tempo de leitura\" \/>\n\t<meta name=\"twitter:data2\" content=\"6 minutos\" \/>\n<!-- \/ Yoast SEO plugin. -->","yoast_head_json":{"title":"Quer ousar no curtinho? Veja como o corte certo traz leveza e modernidade ao rosto redondo - Estado de Minas - Em foco","description":"Rosto redondo? Long Bob, Pixie e Chanel de bico alongam o visual. Veja como escolher o corte ideal.","robots":{"index":"index","follow":"follow","max-snippet":"max-snippet:-1","max-image-preview":"max-image-preview:large","max-video-preview":"max-video-preview:-1"},"canonical":"https:\/\/www.em.com.br\/emfoco\/2026\/01\/18\/quer-ousar-no-curtinho-veja-como-o-corte-certo-traz-leveza-e-modernidade-ao-rosto-redondo\/","og_locale":"pt_BR","og_type":"article","og_title":"Quer ousar no curtinho? Veja como o corte certo traz leveza e modernidade ao rosto redondo - Estado de Minas - Em foco","og_description":"Rosto redondo? Long Bob, Pixie e Chanel de bico alongam o visual. Veja como escolher o corte ideal.","og_url":"https:\/\/www.em.com.br\/emfoco\/2026\/01\/18\/quer-ousar-no-curtinho-veja-como-o-corte-certo-traz-leveza-e-modernidade-ao-rosto-redondo\/","og_site_name":"Estado de Minas - Em foco","article_published_time":"2026-01-18T19:35:22+00:00","article_modified_time":"2026-01-17T18:05:15+00:00","og_image":[{"width":1280,"height":720,"url":"https:\/\/www.em.com.br\/emfoco\/wp-content\/uploads\/2025\/12\/Gemini_Generated_Image_5983715983715983-1.png","type":"image\/png"}],"author":"Daniely Cardoso","twitter_card":"summary_large_image","twitter_misc":{"Escrito por":"Daniely Cardoso","Est. tempo de leitura":"6 minutos"},"schema":{"@context":"https:\/\/schema.org","@graph":[{"@type":"WebPage","@id":"https:\/\/www.em.com.br\/emfoco\/2026\/01\/18\/quer-ousar-no-curtinho-veja-como-o-corte-certo-traz-leveza-e-modernidade-ao-rosto-redondo\/","url":"https:\/\/www.em.com.br\/emfoco\/2026\/01\/18\/quer-ousar-no-curtinho-veja-como-o-corte-certo-traz-leveza-e-modernidade-ao-rosto-redondo\/","name":"Quer ousar no curtinho? Veja como o corte certo traz leveza e modernidade ao rosto redondo - Estado de Minas - Em foco","isPartOf":{"@id":"https:\/\/www.em.com.br\/emfoco\/#website"},"primaryImageOfPage":{"@id":"https:\/\/www.em.com.br\/emfoco\/2026\/01\/18\/quer-ousar-no-curtinho-veja-como-o-corte-certo-traz-leveza-e-modernidade-ao-rosto-redondo\/#primaryimage"},"image":{"@id":"https:\/\/www.em.com.br\/emfoco\/2026\/01\/18\/quer-ousar-no-curtinho-veja-como-o-corte-certo-traz-leveza-e-modernidade-ao-rosto-redondo\/#primaryimage"},"thumbnailUrl":"https:\/\/www.em.com.br\/emfoco\/wp-content\/uploads\/2025\/12\/Gemini_Generated_Image_5983715983715983-1.png","datePublished":"2026-01-18T19:35:22+00:00","dateModified":"2026-01-17T18:05:15+00:00","author":{"@id":"https:\/\/www.em.com.br\/emfoco\/#\/schema\/person\/0a8186d72f2c3a5c6276d90b41f271a0"},"description":"Rosto redondo? Long Bob, Pixie e Chanel de bico alongam o visual. Veja como escolher o corte ideal.","breadcrumb":{"@id":"https:\/\/www.em.com.br\/emfoco\/2026\/01\/18\/quer-ousar-no-curtinho-veja-como-o-corte-certo-traz-leveza-e-modernidade-ao-rosto-redondo\/#breadcrumb"},"inLanguage":"pt-BR","potentialAction":[{"@type":"ReadAction","target":["https:\/\/www.em.com.br\/emfoco\/2026\/01\/18\/quer-ousar-no-curtinho-veja-como-o-corte-certo-traz-leveza-e-modernidade-ao-rosto-redondo\/"]}]},{"@type":"ImageObject","inLanguage":"pt-BR","@id":"https:\/\/www.em.com.br\/emfoco\/2026\/01\/18\/quer-ousar-no-curtinho-veja-como-o-corte-certo-traz-leveza-e-modernidade-ao-rosto-redondo\/#primaryimage","url":"https:\/\/www.em.com.br\/emfoco\/wp-content\/uploads\/2025\/12\/Gemini_Generated_Image_5983715983715983-1.png","contentUrl":"https:\/\/www.em.com.br\/emfoco\/wp-content\/uploads\/2025\/12\/Gemini_Generated_Image_5983715983715983-1.png","width":1280,"height":720,"caption":"Um dos segredos do corte borboleta em casa \u00e9 a divis\u00e3o correta do cabelo"},{"@type":"BreadcrumbList","@id":"https:\/\/www.em.com.br\/emfoco\/2026\/01\/18\/quer-ousar-no-curtinho-veja-como-o-corte-certo-traz-leveza-e-modernidade-ao-rosto-redondo\/#breadcrumb","itemListElement":[{"@type":"ListItem","position":1,"name":"In\u00edcio","item":"https:\/\/www.em.com.br\/emfoco\/"},{"@type":"ListItem","position":2,"name":"Quer ousar no curtinho? Veja como o corte certo traz leveza e modernidade ao rosto redondo"}]},{"@type":"WebSite","@id":"https:\/\/www.em.com.br\/emfoco\/#website","url":"https:\/\/www.em.com.br\/emfoco\/","name":"Estado de Minas - Em foco","description":"Acompanhe as \u00faltimas not\u00edcias e fique bem informado sobre tudo o que acontece em Minas Gerais, Brasil e no mundo.","potentialAction":[{"@type":"SearchAction","target":{"@type":"EntryPoint","urlTemplate":"https:\/\/www.em.com.br\/emfoco\/?s={search_term_string}"},"query-input":{"@type":"PropertyValueSpecification","valueRequired":true,"valueName":"search_term_string"}}],"inLanguage":"pt-BR"},{"@type":"Person","@id":"https:\/\/www.em.com.br\/emfoco\/#\/schema\/person\/0a8186d72f2c3a5c6276d90b41f271a0","name":"Daniely Cardoso","image":{"@type":"ImageObject","inLanguage":"pt-BR","@id":"https:\/\/www.em.com.br\/emfoco\/#\/schema\/person\/image\/","url":"https:\/\/secure.gravatar.com\/avatar\/4b80ddbd124d1f071b626d52d62e5dff?s=96&d=mm&r=g","contentUrl":"https:\/\/secure.gravatar.com\/avatar\/4b80ddbd124d1f071b626d52d62e5dff?s=96&d=mm&r=g","caption":"Daniely Cardoso"},"url":"https:\/\/www.em.com.br\/emfoco\/author\/danielymyth\/"}]}},"_links":{"self":[{"href":"https:\/\/www.em.com.br\/emfoco\/wp-json\/wp\/v2\/posts\/156641","targetHints":{"allow":["GET"]}}],"collection":[{"href":"https:\/\/www.em.com.br\/emfoco\/wp-json\/wp\/v2\/posts"}],"about":[{"href":"https:\/\/www.em.com.br\/emfoco\/wp-json\/wp\/v2\/types\/post"}],"author":[{"embeddable":true,"href":"https:\/\/www.em.com.br\/emfoco\/wp-json\/wp\/v2\/users\/9"}],"replies":[{"embeddable":true,"href":"https:\/\/www.em.com.br\/emfoco\/wp-json\/wp\/v2\/comments?post=156641"}],"version-history":[{"count":3,"href":"https:\/\/www.em.com.br\/emfoco\/wp-json\/wp\/v2\/posts\/156641\/revisions"}],"predecessor-version":[{"id":156679,"href":"https:\/\/www.em.com.br\/emfoco\/wp-json\/wp\/v2\/posts\/156641\/revisions\/156679"}],"wp:featuredmedia":[{"embeddable":true,"href":"https:\/\/www.em.com.br\/emfoco\/wp-json\/wp\/v2\/media\/135761"}],"wp:attachment":[{"href":"https:\/\/www.em.com.br\/emfoco\/wp-json\/wp\/v2\/media?parent=156641"}],"wp:term":[{"taxonomy":"category","embeddable":true,"href":"https:\/\/www.em.com.br\/emfoco\/wp-json\/wp\/v2\/categories?post=156641"},{"taxonomy":"post_tag","embeddable":true,"href":"https:\/\/www.em.com.br\/emfoco\/wp-json\/wp\/v2\/tags?post=156641"}],"curies":[{"name":"wp","href":"https:\/\/api.w.org\/{rel}","templated":true}]}}