{"id":15664,"date":"2025-02-02T10:40:05","date_gmt":"2025-02-02T13:40:05","guid":{"rendered":"https:\/\/www.em.com.br\/emfoco\/?p=15664"},"modified":"2025-02-01T11:59:23","modified_gmt":"2025-02-01T14:59:23","slug":"como-a-ia-esta-abalando-a-confianca-dos-adolescentes-no-mundo-digital","status":"publish","type":"post","link":"https:\/\/www.em.com.br\/emfoco\/2025\/02\/02\/como-a-ia-esta-abalando-a-confianca-dos-adolescentes-no-mundo-digital\/","title":{"rendered":"Como a IA est\u00e1 abalando a confian\u00e7a dos adolescentes no mundo digital"},"content":{"rendered":"\n<p>No cen\u00e1rio atual, onde a <strong>tecnologia <\/strong>avan\u00e7a em ritmo acelerado, os <strong>adolescentes <\/strong>enfrentam novos desafios ao navegar pelas complexas intera\u00e7\u00f5es no ambiente digital. Apesar de passarem grande parte do tempo conectados nas redes sociais, eles come\u00e7am a <strong>desconfiar do conte\u00fado online <\/strong>que consomem. Com a ascens\u00e3o da <strong>intelig\u00eancia artificial<\/strong> (IA), essa desconfian\u00e7a se acentua devido \u00e0 dificuldade em distinguir entre o que \u00e9 real e o que \u00e9 manipulado.<\/p>\n\n\n\n<p>Um estudo recente realizado pela <a href=\"https:\/\/www.commonsensemedia.org\/press-releases\/research-reveals-teens-distrust-in-tech-companies-and-ai-generated-content\" target=\"_blank\" rel=\"noreferrer noopener\">Common Sense Media<\/a>, envolvendo <strong>adolescentes entre 13 e 18 anos<\/strong>, revelou insights significativos sobre essa quest\u00e3o. S\u00e3o evid\u00eancias da preocupa\u00e7\u00e3o dos jovens em rela\u00e7\u00e3o \u00e0 autenticidade do conte\u00fado que encontram na internet e \u00e0 crescente complexidade em diferenciar informa\u00e7\u00f5es verdadeiras de fabricadas.<\/p>\n\n\n\n<h2 class=\"wp-block-heading\">Como a confian\u00e7a dos adolescentes est\u00e1 sendo abalada?<\/h2>\n\n\n\n<p>O estudo intitulado \u201cAdolescentes, confian\u00e7a e tecnologia na era da IA\u201d exp\u00f4s que <strong>41% dos adolescentes<\/strong> est\u00e3o conscientes de que j\u00e1 encontraram imagens ou v\u00eddeos reais, por\u00e9m enganosos. Al\u00e9m disso, mais de um ter\u00e7o relatou ter sido enganado por conte\u00fado falso. Um fator alarmante \u00e9 que 28% dos jovens relataram n\u00e3o conseguir distinguir entre intera\u00e7\u00f5es humanas e <strong>chatbots <\/strong>em ambientes virtuais.<\/p>\n\n\n\n<p>Esses achados evidenciam as dificuldades crescentes para os <a href=\"https:\/\/www.em.com.br\/emfoco\/?s=adolescentes\" target=\"_blank\" rel=\"noreferrer noopener\">adolescentes <\/a>avaliarem a autenticidade do conte\u00fado digital. A incapacidade de discernir conte\u00fado verdadeiro do falso pode ter repercuss\u00f5es amplas, levando \u00e0 desconfian\u00e7a generalizada em plataformas online.<\/p>\n\n\n\n<h2 class=\"wp-block-heading\">Por que a desconfian\u00e7a em empresas de tecnologia cresce entre os jovens?<\/h2>\n\n\n\n<p>N\u00e3o \u00e9 s\u00f3 o conte\u00fado que preocupa os adolescentes, mas tamb\u00e9m as empresas por tr\u00e1s das plataformas. A pesquisa revelou que <strong>64% dos jovens <\/strong>n\u00e3o confiam que as empresas de tecnologia priorizem seu bem-estar. Al\u00e9m disso, 62% duvidam que essas corpora\u00e7\u00f5es coloquem a seguran\u00e7a do usu\u00e1rio acima dos lucros.<\/p>\n\n\n\n<p>A falta de confian\u00e7a se estende a quest\u00f5es \u00e9ticas, com 53% dos adolescentes expressando baixo n\u00edvel de confian\u00e7a nas empresas para tomar decis\u00f5es respons\u00e1veis e justas. Este ceticismo se reflete na preocupa\u00e7\u00e3o sobre o uso da IA nas plataformas, onde 47% dos jovens n\u00e3o acreditam que as empresas fa\u00e7am uso respons\u00e1vel da tecnologia.<\/p>\n\n\n\n<h2 class=\"wp-block-heading\">Como a IA generativa est\u00e1 impactando a educa\u00e7\u00e3o dos adolescentes?<\/h2>\n\n\n\n<p>A <strong>IA generativa<\/strong>, em particular, representa tanto uma ferramenta quanto um desafio no ambiente escolar. O estudo apontou que <strong>39% dos adolescentes <\/strong>que utilizaram IA para atividades escolares identificaram <strong>imprecis\u00f5es<\/strong> nos resultados. Esta situa\u00e7\u00e3o impulsiona o desejo de 73% dos jovens de que o conte\u00fado gerado por IA seja claramente rotulado.<\/p>\n\n\n\n<p>Esse desejo por transpar\u00eancia na tecnologia sublinha a necessidade de uma abordagem mais clara e \u00e9tica no desenvolvimento e aplica\u00e7\u00e3o de sistemas de IA, especialmente quando afetam diretamente a educa\u00e7\u00e3o e a forma\u00e7\u00e3o dos jovens.<\/p>\n\n\n<div class=\"wp-block-image\">\n<figure class=\"aligncenter size-large\"><img loading=\"lazy\" decoding=\"async\" width=\"1024\" height=\"576\" src=\"https:\/\/www.em.com.br\/emfoco\/wp-content\/uploads\/2025\/02\/adolescente-celular_1738386563246-1024x576.jpg\" alt=\"Como a IA est\u00e1 abalando a confian\u00e7a dos adolescentes no mundo digital\" class=\"wp-image-15676\" srcset=\"https:\/\/www.em.com.br\/emfoco\/wp-content\/uploads\/2025\/02\/adolescente-celular_1738386563246-1024x576.jpg 1024w, https:\/\/www.em.com.br\/emfoco\/wp-content\/uploads\/2025\/02\/adolescente-celular_1738386563246-300x169.jpg 300w, https:\/\/www.em.com.br\/emfoco\/wp-content\/uploads\/2025\/02\/adolescente-celular_1738386563246-768x432.jpg 768w, https:\/\/www.em.com.br\/emfoco\/wp-content\/uploads\/2025\/02\/adolescente-celular_1738386563246-750x422.jpg 750w, https:\/\/www.em.com.br\/emfoco\/wp-content\/uploads\/2025\/02\/adolescente-celular_1738386563246-1140x641.jpg 1140w, https:\/\/www.em.com.br\/emfoco\/wp-content\/uploads\/2025\/02\/adolescente-celular_1738386563246.jpg 1280w\" sizes=\"auto, (max-width: 1024px) 100vw, 1024px\" \/><figcaption class=\"wp-element-caption\">Imagem ilustrativa de adolescentes mexendo no celular &#8211; Cr\u00e9ditos: depositphotos.com \/ AllaSerebrina<\/figcaption><\/figure><\/div>\n\n\n<h2 class=\"wp-block-heading\">Como refor\u00e7ar a confian\u00e7a na era digital?<\/h2>\n\n\n\n<p>A reconstru\u00e7\u00e3o da confian\u00e7a dos adolescentes em rela\u00e7\u00e3o \u00e0s empresas de tecnologia requer a\u00e7\u00f5es concretas. <strong>Especialistas <\/strong>sugerem a implementa\u00e7\u00e3o de salvaguardas de <strong>privacidade e medidas de transpar\u00eancia<\/strong> como passos essenciais. Al\u00e9m disso, \u00e9 importante dar voz aos adolescentes no desenvolvimento dos espa\u00e7os digitais onde interagem, garantindo que suas necessidades e preocupa\u00e7\u00f5es sejam consideradas.<\/p>\n\n\n\n<p>Esse cen\u00e1rio exige uma colabora\u00e7\u00e3o ampla entre formuladores de pol\u00edticas, educadores, pais e os pr\u00f3prios jovens. A responsabilidade conjunta pode exercer uma press\u00e3o cont\u00ednua para que as empresas de tecnologia criem um ambiente digital mais seguro e confi\u00e1vel para a juventude contempor\u00e2nea.<\/p>\n\n\n\n<p>Entre as medidas propostas, destacam-se:<\/p>\n\n\n\n<ol start=\"1\" class=\"wp-block-list\">\n<li><strong>Implementa\u00e7\u00e3o de medidas de seguran\u00e7a robustas<\/strong>, como criptografia de dados e ferramentas de prote\u00e7\u00e3o contra fraudes e manipula\u00e7\u00e3o de conte\u00fado.<\/li>\n\n\n\n<li><strong>Aumento da transpar\u00eancia em sistemas de IA<\/strong>, com a cria\u00e7\u00e3o de mecanismos que expliquem como os algoritmos funcionam e como as decis\u00f5es s\u00e3o tomadas.<\/li>\n\n\n\n<li><strong>Incluir as vozes dos adolescentes na forma\u00e7\u00e3o de espa\u00e7os digitais<\/strong>, promovendo a participa\u00e7\u00e3o ativa dos jovens no design e na avalia\u00e7\u00e3o de plataformas e tecnologias que impactam suas vidas.<\/li>\n<\/ol>\n\n\n\n<p>Essas a\u00e7\u00f5es, aliadas a uma abordagem \u00e9tica e respons\u00e1vel por parte das empresas, podem ajudar a reconstruir a confian\u00e7a dos adolescentes e garantir que o ambiente digital seja um espa\u00e7o seguro, inclusivo e transparente para as gera\u00e7\u00f5es futuras.<\/p>\n","protected":false},"excerpt":{"rendered":"<p>No cen\u00e1rio atual, onde a tecnologia avan\u00e7a em ritmo acelerado, os adolescentes enfrentam novos desafios ao navegar pelas complexas intera\u00e7\u00f5es no ambiente digital. Apesar de passarem grande parte do tempo conectados nas redes sociais, eles come\u00e7am a desconfiar do conte\u00fado online que consomem. Com a ascens\u00e3o da intelig\u00eancia artificial (IA), essa desconfian\u00e7a se acentua devido [&hellip;]<\/p>\n","protected":false},"author":9,"featured_media":15675,"comment_status":"open","ping_status":"open","sticky":false,"template":"","format":"standard","meta":{"jnews-multi-image_gallery":[],"jnews_single_post":{"format":"standard"},"jnews_primary_category":[],"jnews_social_meta":[],"jnews_override_counter":[],"footnotes":""},"categories":[1,4204],"tags":[4486,3172,1375,952],"class_list":["post-15664","post","type-post","status-publish","format-standard","has-post-thumbnail","hentry","category-noticias","category-tecnologia","tag-adolescentes","tag-confiabilidade","tag-ia","tag-internet"],"yoast_head":"<!-- This site is optimized with the Yoast SEO plugin v23.8 - https:\/\/yoast.com\/wordpress\/plugins\/seo\/ -->\n<title>Como a IA est\u00e1 abalando a confian\u00e7a dos adolescentes no mundo digital<\/title>\n<meta name=\"description\" content=\"Adolescentes enfrentam desafios para identificar conte\u00fado real e desconfiam de empresas de tecnologia. Entenda o impacto da IA.\" \/>\n<meta name=\"robots\" content=\"index, follow, max-snippet:-1, max-image-preview:large, max-video-preview:-1\" \/>\n<link rel=\"canonical\" href=\"https:\/\/www.em.com.br\/emfoco\/2025\/02\/02\/como-a-ia-esta-abalando-a-confianca-dos-adolescentes-no-mundo-digital\/\" \/>\n<meta property=\"og:locale\" content=\"pt_BR\" \/>\n<meta property=\"og:type\" content=\"article\" \/>\n<meta property=\"og:title\" content=\"Como a IA est\u00e1 abalando a confian\u00e7a dos adolescentes no mundo digital\" \/>\n<meta property=\"og:description\" content=\"Adolescentes enfrentam desafios para identificar conte\u00fado real e desconfiam de empresas de tecnologia. Entenda o impacto da IA.\" \/>\n<meta property=\"og:url\" content=\"https:\/\/www.em.com.br\/emfoco\/2025\/02\/02\/como-a-ia-esta-abalando-a-confianca-dos-adolescentes-no-mundo-digital\/\" \/>\n<meta property=\"og:site_name\" content=\"Estado de Minas - Em foco\" \/>\n<meta property=\"article:published_time\" content=\"2025-02-02T13:40:05+00:00\" \/>\n<meta property=\"article:modified_time\" content=\"2025-02-01T14:59:23+00:00\" \/>\n<meta property=\"og:image\" content=\"https:\/\/www.em.com.br\/emfoco\/wp-content\/uploads\/2025\/02\/adolescentes-tecnologia_1738386237951.jpg\" \/>\n\t<meta property=\"og:image:width\" content=\"1280\" \/>\n\t<meta property=\"og:image:height\" content=\"720\" \/>\n\t<meta property=\"og:image:type\" content=\"image\/jpeg\" \/>\n<meta name=\"author\" content=\"Daniely Cardoso\" \/>\n<meta name=\"twitter:card\" content=\"summary_large_image\" \/>\n<meta name=\"twitter:label1\" content=\"Escrito por\" \/>\n\t<meta name=\"twitter:data1\" content=\"Daniely Cardoso\" \/>\n\t<meta name=\"twitter:label2\" content=\"Est. tempo de leitura\" \/>\n\t<meta name=\"twitter:data2\" content=\"5 minutos\" \/>\n<!-- \/ Yoast SEO plugin. -->","yoast_head_json":{"title":"Como a IA est\u00e1 abalando a confian\u00e7a dos adolescentes no mundo digital","description":"Adolescentes enfrentam desafios para identificar conte\u00fado real e desconfiam de empresas de tecnologia. Entenda o impacto da IA.","robots":{"index":"index","follow":"follow","max-snippet":"max-snippet:-1","max-image-preview":"max-image-preview:large","max-video-preview":"max-video-preview:-1"},"canonical":"https:\/\/www.em.com.br\/emfoco\/2025\/02\/02\/como-a-ia-esta-abalando-a-confianca-dos-adolescentes-no-mundo-digital\/","og_locale":"pt_BR","og_type":"article","og_title":"Como a IA est\u00e1 abalando a confian\u00e7a dos adolescentes no mundo digital","og_description":"Adolescentes enfrentam desafios para identificar conte\u00fado real e desconfiam de empresas de tecnologia. Entenda o impacto da IA.","og_url":"https:\/\/www.em.com.br\/emfoco\/2025\/02\/02\/como-a-ia-esta-abalando-a-confianca-dos-adolescentes-no-mundo-digital\/","og_site_name":"Estado de Minas - Em foco","article_published_time":"2025-02-02T13:40:05+00:00","article_modified_time":"2025-02-01T14:59:23+00:00","og_image":[{"width":1280,"height":720,"url":"https:\/\/www.em.com.br\/emfoco\/wp-content\/uploads\/2025\/02\/adolescentes-tecnologia_1738386237951.jpg","type":"image\/jpeg"}],"author":"Daniely Cardoso","twitter_card":"summary_large_image","twitter_misc":{"Escrito por":"Daniely Cardoso","Est. tempo de leitura":"5 minutos"},"schema":{"@context":"https:\/\/schema.org","@graph":[{"@type":"WebPage","@id":"https:\/\/www.em.com.br\/emfoco\/2025\/02\/02\/como-a-ia-esta-abalando-a-confianca-dos-adolescentes-no-mundo-digital\/","url":"https:\/\/www.em.com.br\/emfoco\/2025\/02\/02\/como-a-ia-esta-abalando-a-confianca-dos-adolescentes-no-mundo-digital\/","name":"Como a IA est\u00e1 abalando a confian\u00e7a dos adolescentes no mundo digital","isPartOf":{"@id":"https:\/\/www.em.com.br\/emfoco\/#website"},"primaryImageOfPage":{"@id":"https:\/\/www.em.com.br\/emfoco\/2025\/02\/02\/como-a-ia-esta-abalando-a-confianca-dos-adolescentes-no-mundo-digital\/#primaryimage"},"image":{"@id":"https:\/\/www.em.com.br\/emfoco\/2025\/02\/02\/como-a-ia-esta-abalando-a-confianca-dos-adolescentes-no-mundo-digital\/#primaryimage"},"thumbnailUrl":"https:\/\/www.em.com.br\/emfoco\/wp-content\/uploads\/2025\/02\/adolescentes-tecnologia_1738386237951.jpg","datePublished":"2025-02-02T13:40:05+00:00","dateModified":"2025-02-01T14:59:23+00:00","author":{"@id":"https:\/\/www.em.com.br\/emfoco\/#\/schema\/person\/0a8186d72f2c3a5c6276d90b41f271a0"},"description":"Adolescentes enfrentam desafios para identificar conte\u00fado real e desconfiam de empresas de tecnologia. Entenda o impacto da IA.","breadcrumb":{"@id":"https:\/\/www.em.com.br\/emfoco\/2025\/02\/02\/como-a-ia-esta-abalando-a-confianca-dos-adolescentes-no-mundo-digital\/#breadcrumb"},"inLanguage":"pt-BR","potentialAction":[{"@type":"ReadAction","target":["https:\/\/www.em.com.br\/emfoco\/2025\/02\/02\/como-a-ia-esta-abalando-a-confianca-dos-adolescentes-no-mundo-digital\/"]}]},{"@type":"ImageObject","inLanguage":"pt-BR","@id":"https:\/\/www.em.com.br\/emfoco\/2025\/02\/02\/como-a-ia-esta-abalando-a-confianca-dos-adolescentes-no-mundo-digital\/#primaryimage","url":"https:\/\/www.em.com.br\/emfoco\/wp-content\/uploads\/2025\/02\/adolescentes-tecnologia_1738386237951.jpg","contentUrl":"https:\/\/www.em.com.br\/emfoco\/wp-content\/uploads\/2025\/02\/adolescentes-tecnologia_1738386237951.jpg","width":1280,"height":720,"caption":"Imagem ilustrativa de adolescentes - Cr\u00e9ditos: depositphotos.com \/ carballo"},{"@type":"BreadcrumbList","@id":"https:\/\/www.em.com.br\/emfoco\/2025\/02\/02\/como-a-ia-esta-abalando-a-confianca-dos-adolescentes-no-mundo-digital\/#breadcrumb","itemListElement":[{"@type":"ListItem","position":1,"name":"In\u00edcio","item":"https:\/\/www.em.com.br\/emfoco\/"},{"@type":"ListItem","position":2,"name":"Como a IA est\u00e1 abalando a confian\u00e7a dos adolescentes no mundo digital"}]},{"@type":"WebSite","@id":"https:\/\/www.em.com.br\/emfoco\/#website","url":"https:\/\/www.em.com.br\/emfoco\/","name":"Estado de Minas - Em foco","description":"Acompanhe as \u00faltimas not\u00edcias e fique bem informado sobre tudo o que acontece em Minas Gerais, Brasil e no mundo.","potentialAction":[{"@type":"SearchAction","target":{"@type":"EntryPoint","urlTemplate":"https:\/\/www.em.com.br\/emfoco\/?s={search_term_string}"},"query-input":{"@type":"PropertyValueSpecification","valueRequired":true,"valueName":"search_term_string"}}],"inLanguage":"pt-BR"},{"@type":"Person","@id":"https:\/\/www.em.com.br\/emfoco\/#\/schema\/person\/0a8186d72f2c3a5c6276d90b41f271a0","name":"Daniely Cardoso","image":{"@type":"ImageObject","inLanguage":"pt-BR","@id":"https:\/\/www.em.com.br\/emfoco\/#\/schema\/person\/image\/","url":"https:\/\/secure.gravatar.com\/avatar\/4b80ddbd124d1f071b626d52d62e5dff?s=96&d=mm&r=g","contentUrl":"https:\/\/secure.gravatar.com\/avatar\/4b80ddbd124d1f071b626d52d62e5dff?s=96&d=mm&r=g","caption":"Daniely Cardoso"},"url":"https:\/\/www.em.com.br\/emfoco\/author\/danielymyth\/"}]}},"_links":{"self":[{"href":"https:\/\/www.em.com.br\/emfoco\/wp-json\/wp\/v2\/posts\/15664","targetHints":{"allow":["GET"]}}],"collection":[{"href":"https:\/\/www.em.com.br\/emfoco\/wp-json\/wp\/v2\/posts"}],"about":[{"href":"https:\/\/www.em.com.br\/emfoco\/wp-json\/wp\/v2\/types\/post"}],"author":[{"embeddable":true,"href":"https:\/\/www.em.com.br\/emfoco\/wp-json\/wp\/v2\/users\/9"}],"replies":[{"embeddable":true,"href":"https:\/\/www.em.com.br\/emfoco\/wp-json\/wp\/v2\/comments?post=15664"}],"version-history":[{"count":2,"href":"https:\/\/www.em.com.br\/emfoco\/wp-json\/wp\/v2\/posts\/15664\/revisions"}],"predecessor-version":[{"id":15677,"href":"https:\/\/www.em.com.br\/emfoco\/wp-json\/wp\/v2\/posts\/15664\/revisions\/15677"}],"wp:featuredmedia":[{"embeddable":true,"href":"https:\/\/www.em.com.br\/emfoco\/wp-json\/wp\/v2\/media\/15675"}],"wp:attachment":[{"href":"https:\/\/www.em.com.br\/emfoco\/wp-json\/wp\/v2\/media?parent=15664"}],"wp:term":[{"taxonomy":"category","embeddable":true,"href":"https:\/\/www.em.com.br\/emfoco\/wp-json\/wp\/v2\/categories?post=15664"},{"taxonomy":"post_tag","embeddable":true,"href":"https:\/\/www.em.com.br\/emfoco\/wp-json\/wp\/v2\/tags?post=15664"}],"curies":[{"name":"wp","href":"https:\/\/api.w.org\/{rel}","templated":true}]}}