{"id":156581,"date":"2026-01-18T20:05:01","date_gmt":"2026-01-18T23:05:01","guid":{"rendered":"https:\/\/www.em.com.br\/emfoco\/?p=156581"},"modified":"2026-01-17T15:20:09","modified_gmt":"2026-01-17T18:20:09","slug":"dia-estressante-o-habito-diario-que-ajuda-a-desligar-do-estresse-em-poucos-minutos","status":"publish","type":"post","link":"https:\/\/www.em.com.br\/emfoco\/2026\/01\/18\/dia-estressante-o-habito-diario-que-ajuda-a-desligar-do-estresse-em-poucos-minutos\/","title":{"rendered":"Dia estressante? O h\u00e1bito di\u00e1rio que ajuda a desligar do estresse em poucos minutos"},"content":{"rendered":"\n<h2 class=\"wp-block-heading\">O banho pode ser um ritual de autocuidado. \u00c1gua morna, luz baixa e aromas relaxam corpo e mente. Focar nas sensa\u00e7\u00f5es e respirar fundo transforma 10 minutos de chuveiro em uma pausa restauradora contra o estresse.<\/h2>\n\n\n\n<p>Depois de um dia cheio, voc\u00ea j\u00e1 entrou no banho sentindo que precisava <strong>desligar do mundo<\/strong> por alguns minutos? Quando a \u00e1gua come\u00e7a a cair, muita gente percebe que ali pode ser mais do que um momento de higiene: \u00e9 uma pausa simples, acess\u00edvel e di\u00e1ria para <strong>cuidar do corpo<\/strong> e acalmar a mente, sem grandes esfor\u00e7os ou rituais complicados.<\/p>\n\n\n\n<h2 class=\"wp-block-heading\">O que torna o banho um verdadeiro momento de autocuidado<\/h2>\n\n\n\n<p>Para que o banho deixe de ser s\u00f3 uma tarefa e vire <strong>autocuidado de verdade<\/strong>, \u00e9 preciso mudar o olhar sobre esse momento. N\u00e3o se trata apenas de tirar a sujeira do dia, e sim de prestar aten\u00e7\u00e3o nas sensa\u00e7\u00f5es: o toque da \u00e1gua, o <strong>cheiro do sabonete<\/strong>, a temperatura que mais agrada ao seu corpo.<\/p>\n\n\n\n<p>Quando se encara o banho como um ritual, detalhes antes \u201cautom\u00e1ticos\u201d ganham import\u00e2ncia. A <strong>\u00e1gua morna<\/strong> relaxa m\u00fasculos tensos, o aroma suave acalma a mente e a espuma na pele vira quase um carinho. Esse pequeno cuidado ajuda a criar uma <strong>fronteira simb\u00f3lica<\/strong> entre trabalho, estudos e o descanso em casa.<\/p>\n\n\n\n<figure class=\"wp-block-embed is-type-rich is-provider-pinterest wp-block-embed-pinterest\"><div class=\"wp-block-embed__wrapper\">\n<iframe loading=\"lazy\" title=\" \" src=\"https:\/\/assets.pinterest.com\/ext\/embed.html?id=36099234506190224&#038;src=oembed\" height=\"899\" width=\"450\" frameborder=\"0\" scrolling=\"no\" ><\/iframe>\n<\/div><\/figure>\n\n\n\n<p>Leia tamb\u00e9m:&nbsp;<a href=\"https:\/\/www.em.com.br\/emfoco\/2026\/01\/16\/tomar-banho-no-escuro-o-curioso-metodo-que-melhora-o-sono-naturalmente\/\" target=\"_blank\" rel=\"noopener\">Tomar banho no escuro: o curioso m\u00e9todo que melhora o sono naturalmente<\/a><\/p>\n\n\n\n<h2 class=\"wp-block-heading\">Como transformar o banho em um momento de relaxamento na pr\u00e1tica<\/h2>\n\n\n\n<p>A chave \u00e9 enxergar o autocuidado no banho como um conjunto de <strong>pequenos gestos<\/strong> que cabem na rotina real, sem exigir banheira, velas caras ou longas horas. Um banho noturno alguns minutos mais demorado j\u00e1 pode ajudar a <strong>desacelerar o corpo<\/strong>, enquanto um banho matinal um pouco mais revigorante prepara o corpo para o dia.<\/p>\n\n\n\n<p>Um bom come\u00e7o \u00e9 reduzir distra\u00e7\u00f5es, como entrar no chuveiro logo depois de mexer no celular. Focar na \u00e1gua, na espuma e no <strong>cheiro dos produtos<\/strong> aproxima o banho de uma \u201cmedita\u00e7\u00e3o r\u00e1pida\u201d, em que a mente se ocupa do presente, e n\u00e3o das <strong>pr\u00e9-ocupa\u00e7\u00f5es<\/strong> que ainda est\u00e3o por vir.<\/p>\n\n\n\n<figure class=\"wp-block-embed is-type-rich is-provider-pinterest wp-block-embed-pinterest\"><div class=\"wp-block-embed__wrapper\">\n<iframe loading=\"lazy\" title=\" \" src=\"https:\/\/assets.pinterest.com\/ext\/embed.html?id=2603712280132010&#038;src=oembed\" height=\"953\" width=\"450\" frameborder=\"0\" scrolling=\"no\" ><\/iframe>\n<\/div><\/figure>\n\n\n\n<h2 class=\"wp-block-heading\">Quais h\u00e1bitos simples potencializam o relaxamento durante o banho<\/h2>\n\n\n\n<p>Alguns h\u00e1bitos f\u00e1ceis de incorporar deixam o banho mais acolhedor e sinalizam para o corpo que \u00e9 hora de <strong>diminuir o ritmo<\/strong>. N\u00e3o \u00e9 necess\u00e1rio seguir um roteiro r\u00edgido, mas ter uma <strong>estrutura b\u00e1sica<\/strong> ajuda a transformar esse momento em um descanso regular para o corpo e para a mente.<\/p>\n\n\n\n<p>Veja algumas ideias que podem ser adaptadas \u00e0 sua realidade e ao <strong>tempo dispon\u00edvel<\/strong> que voc\u00ea tem:<\/p>\n\n\n\n<ul class=\"wp-block-list\">\n<li><strong>Criar um clima sonoro acolhedor<\/strong>: m\u00fasicas calmas ou sons da natureza, em volume baixo, ajudam a <strong>abafar ru\u00eddos externos<\/strong> e acalmar os pensamentos.<\/li>\n\n\n\n<li><strong>Praticar respira\u00e7\u00e3o consciente<\/strong>: inspirar pelo nariz e soltar o ar pela boca, de forma lenta, por alguns minutos, diminui a <strong>sensa\u00e7\u00e3o de agita\u00e7\u00e3o<\/strong>.<\/li>\n\n\n\n<li><strong>Massagear pontos de tens\u00e3o<\/strong>: com a ponta dos dedos, fa\u00e7a movimentos suaves em nuca, ombros e costas enquanto a \u00e1gua cai, aliviando o <strong>peso do dia<\/strong>.<\/li>\n\n\n\n<li><strong>Escolher produtos que trazem conforto<\/strong>: sabonetes hidratantes, \u00f3leos de banho leves e shampoos adequados ao seu tipo de cabelo ampliam a <strong>sensa\u00e7\u00e3o de cuidado<\/strong>.<\/li>\n<\/ul>\n\n\n\n<p>Para voc\u00ea que gosta de se cuidar, separamos um v\u00eddeo do canal da <a class=\"yt-simple-endpoint style-scope yt-formatted-string\" spellcheck=\"false\" href=\"https:\/\/www.youtube.com\/@byesterlima\" target=\"_blank\" rel=\"noopener\">Ester Lima<\/a> com dicas para uma banho perfeito de cuidados:<\/p>\n\n\n\n<figure class=\"wp-block-embed is-type-video is-provider-youtube wp-block-embed-youtube wp-embed-aspect-16-9 wp-has-aspect-ratio\"><div class=\"wp-block-embed__wrapper\">\n<div class=\"jeg_video_container jeg_video_content\"><iframe loading=\"lazy\" title=\"ROTINA banho premium \ud83d\udec1 | cabelo, esfolia\u00e7\u00e3o, corpo, hidrata\u00e7\u00e3o, pele, depila\u00e7\u00e3o\" width=\"500\" height=\"281\" src=\"https:\/\/www.youtube.com\/embed\/eCqOco-FE4I?feature=oembed\" frameborder=\"0\" allow=\"accelerometer; autoplay; clipboard-write; encrypted-media; gyroscope; picture-in-picture; web-share\" referrerpolicy=\"strict-origin-when-cross-origin\" allowfullscreen><\/iframe><\/div>\n<\/div><\/figure>\n\n\n\n<h2 class=\"wp-block-heading\">Como criar uma rotina di\u00e1ria de autocuidado no banho<\/h2>\n\n\n\n<p>Mesmo em dias corridos, \u00e9 poss\u00edvel transformar um banho de 10 a 15 minutos em uma <strong>pausa verdadeira<\/strong>, desde que haja presen\u00e7a e aten\u00e7\u00e3o. O tempo pode ser curto, mas a forma como voc\u00ea vive esses minutos faz diferen\u00e7a no <strong>cansa\u00e7o acumulado<\/strong> e no humor ao longo da semana.<\/p>\n\n\n\n<p>Uma boa estrat\u00e9gia \u00e9 montar um pequeno <strong>ritual fixo<\/strong>, simples e repet\u00edvel: respirar fundo sob a \u00e1gua morna por alguns segundos, ensaboar o corpo com movimentos mais delicados, enxaguar sem pressa e, ao sair, usar uma <strong>toalha macia<\/strong> e aplicar um hidratante com calma. Com o tempo, esse conjunto de gestos passa a ser um lembrete di\u00e1rio de que voc\u00ea merece desacelerar, nem que seja por um instante.<\/p>\n","protected":false},"excerpt":{"rendered":"<p>O banho pode ser um ritual de autocuidado. \u00c1gua morna, luz baixa e aromas relaxam corpo e mente. Focar nas sensa\u00e7\u00f5es e respirar fundo transforma 10 minutos de chuveiro em uma pausa restauradora contra o estresse. Depois de um dia cheio, voc\u00ea j\u00e1 entrou no banho sentindo que precisava desligar do mundo por alguns minutos? [&hellip;]<\/p>\n","protected":false},"author":9,"featured_media":146710,"comment_status":"open","ping_status":"open","sticky":false,"template":"","format":"standard","meta":{"jnews-multi-image_gallery":[],"jnews_single_post":{"format":"standard"},"jnews_primary_category":[],"jnews_social_meta":[],"jnews_override_counter":[],"footnotes":""},"categories":[8691,8819,1],"tags":[22121,5643,1926],"class_list":["post-156581","post","type-post","status-publish","format-standard","has-post-thumbnail","hentry","category-bem-estar","category-curiosidades","category-noticias","tag-auto-cuidado","tag-banho","tag-relaxante"],"yoast_head":"<!-- This site is optimized with the Yoast SEO plugin v23.8 - https:\/\/yoast.com\/wordpress\/plugins\/seo\/ -->\n<title>Dia estressante? O h\u00e1bito di\u00e1rio que ajuda a desligar do estresse em poucos minutos - Estado de Minas - Em foco<\/title>\n<meta name=\"description\" content=\"Transforme o banho em um ritual de autocuidado com \u00e1gua morna, respira\u00e7\u00e3o e aromas para reduzir o estresse em poucos minutos.\" \/>\n<meta name=\"robots\" content=\"index, follow, max-snippet:-1, max-image-preview:large, max-video-preview:-1\" \/>\n<link rel=\"canonical\" href=\"https:\/\/www.em.com.br\/emfoco\/2026\/01\/18\/dia-estressante-o-habito-diario-que-ajuda-a-desligar-do-estresse-em-poucos-minutos\/\" \/>\n<meta property=\"og:locale\" content=\"pt_BR\" \/>\n<meta property=\"og:type\" content=\"article\" \/>\n<meta property=\"og:title\" content=\"Dia estressante? O h\u00e1bito di\u00e1rio que ajuda a desligar do estresse em poucos minutos - Estado de Minas - Em foco\" \/>\n<meta property=\"og:description\" content=\"Transforme o banho em um ritual de autocuidado com \u00e1gua morna, respira\u00e7\u00e3o e aromas para reduzir o estresse em poucos minutos.\" \/>\n<meta property=\"og:url\" content=\"https:\/\/www.em.com.br\/emfoco\/2026\/01\/18\/dia-estressante-o-habito-diario-que-ajuda-a-desligar-do-estresse-em-poucos-minutos\/\" \/>\n<meta property=\"og:site_name\" content=\"Estado de Minas - Em foco\" \/>\n<meta property=\"article:published_time\" content=\"2026-01-18T23:05:01+00:00\" \/>\n<meta property=\"article:modified_time\" content=\"2026-01-17T18:20:09+00:00\" \/>\n<meta property=\"og:image\" content=\"https:\/\/www.em.com.br\/emfoco\/wp-content\/uploads\/2025\/12\/Gemini_Generated_Image_8e1oav8e1oav8e1o-1.png\" \/>\n\t<meta property=\"og:image:width\" content=\"1280\" \/>\n\t<meta property=\"og:image:height\" content=\"720\" \/>\n\t<meta property=\"og:image:type\" content=\"image\/png\" \/>\n<meta name=\"author\" content=\"Daniely Cardoso\" \/>\n<meta name=\"twitter:card\" content=\"summary_large_image\" \/>\n<meta name=\"twitter:label1\" content=\"Escrito por\" \/>\n\t<meta name=\"twitter:data1\" content=\"Daniely Cardoso\" \/>\n\t<meta name=\"twitter:label2\" content=\"Est. tempo de leitura\" \/>\n\t<meta name=\"twitter:data2\" content=\"4 minutos\" \/>\n<!-- \/ Yoast SEO plugin. -->","yoast_head_json":{"title":"Dia estressante? O h\u00e1bito di\u00e1rio que ajuda a desligar do estresse em poucos minutos - Estado de Minas - Em foco","description":"Transforme o banho em um ritual de autocuidado com \u00e1gua morna, respira\u00e7\u00e3o e aromas para reduzir o estresse em poucos minutos.","robots":{"index":"index","follow":"follow","max-snippet":"max-snippet:-1","max-image-preview":"max-image-preview:large","max-video-preview":"max-video-preview:-1"},"canonical":"https:\/\/www.em.com.br\/emfoco\/2026\/01\/18\/dia-estressante-o-habito-diario-que-ajuda-a-desligar-do-estresse-em-poucos-minutos\/","og_locale":"pt_BR","og_type":"article","og_title":"Dia estressante? O h\u00e1bito di\u00e1rio que ajuda a desligar do estresse em poucos minutos - Estado de Minas - Em foco","og_description":"Transforme o banho em um ritual de autocuidado com \u00e1gua morna, respira\u00e7\u00e3o e aromas para reduzir o estresse em poucos minutos.","og_url":"https:\/\/www.em.com.br\/emfoco\/2026\/01\/18\/dia-estressante-o-habito-diario-que-ajuda-a-desligar-do-estresse-em-poucos-minutos\/","og_site_name":"Estado de Minas - Em foco","article_published_time":"2026-01-18T23:05:01+00:00","article_modified_time":"2026-01-17T18:20:09+00:00","og_image":[{"width":1280,"height":720,"url":"https:\/\/www.em.com.br\/emfoco\/wp-content\/uploads\/2025\/12\/Gemini_Generated_Image_8e1oav8e1oav8e1o-1.png","type":"image\/png"}],"author":"Daniely Cardoso","twitter_card":"summary_large_image","twitter_misc":{"Escrito por":"Daniely Cardoso","Est. tempo de leitura":"4 minutos"},"schema":{"@context":"https:\/\/schema.org","@graph":[{"@type":"WebPage","@id":"https:\/\/www.em.com.br\/emfoco\/2026\/01\/18\/dia-estressante-o-habito-diario-que-ajuda-a-desligar-do-estresse-em-poucos-minutos\/","url":"https:\/\/www.em.com.br\/emfoco\/2026\/01\/18\/dia-estressante-o-habito-diario-que-ajuda-a-desligar-do-estresse-em-poucos-minutos\/","name":"Dia estressante? O h\u00e1bito di\u00e1rio que ajuda a desligar do estresse em poucos minutos - Estado de Minas - Em foco","isPartOf":{"@id":"https:\/\/www.em.com.br\/emfoco\/#website"},"primaryImageOfPage":{"@id":"https:\/\/www.em.com.br\/emfoco\/2026\/01\/18\/dia-estressante-o-habito-diario-que-ajuda-a-desligar-do-estresse-em-poucos-minutos\/#primaryimage"},"image":{"@id":"https:\/\/www.em.com.br\/emfoco\/2026\/01\/18\/dia-estressante-o-habito-diario-que-ajuda-a-desligar-do-estresse-em-poucos-minutos\/#primaryimage"},"thumbnailUrl":"https:\/\/www.em.com.br\/emfoco\/wp-content\/uploads\/2025\/12\/Gemini_Generated_Image_8e1oav8e1oav8e1o-1.png","datePublished":"2026-01-18T23:05:01+00:00","dateModified":"2026-01-17T18:20:09+00:00","author":{"@id":"https:\/\/www.em.com.br\/emfoco\/#\/schema\/person\/0a8186d72f2c3a5c6276d90b41f271a0"},"description":"Transforme o banho em um ritual de autocuidado com \u00e1gua morna, respira\u00e7\u00e3o e aromas para reduzir o estresse em poucos minutos.","breadcrumb":{"@id":"https:\/\/www.em.com.br\/emfoco\/2026\/01\/18\/dia-estressante-o-habito-diario-que-ajuda-a-desligar-do-estresse-em-poucos-minutos\/#breadcrumb"},"inLanguage":"pt-BR","potentialAction":[{"@type":"ReadAction","target":["https:\/\/www.em.com.br\/emfoco\/2026\/01\/18\/dia-estressante-o-habito-diario-que-ajuda-a-desligar-do-estresse-em-poucos-minutos\/"]}]},{"@type":"ImageObject","inLanguage":"pt-BR","@id":"https:\/\/www.em.com.br\/emfoco\/2026\/01\/18\/dia-estressante-o-habito-diario-que-ajuda-a-desligar-do-estresse-em-poucos-minutos\/#primaryimage","url":"https:\/\/www.em.com.br\/emfoco\/wp-content\/uploads\/2025\/12\/Gemini_Generated_Image_8e1oav8e1oav8e1o-1.png","contentUrl":"https:\/\/www.em.com.br\/emfoco\/wp-content\/uploads\/2025\/12\/Gemini_Generated_Image_8e1oav8e1oav8e1o-1.png","width":1280,"height":720,"caption":"Quando a \u00e1gua passa do ponto, a pele logo d\u00e1 sinais de que n\u00e3o est\u00e1 se adaptando bem \u00e0 rotina de banho"},{"@type":"BreadcrumbList","@id":"https:\/\/www.em.com.br\/emfoco\/2026\/01\/18\/dia-estressante-o-habito-diario-que-ajuda-a-desligar-do-estresse-em-poucos-minutos\/#breadcrumb","itemListElement":[{"@type":"ListItem","position":1,"name":"In\u00edcio","item":"https:\/\/www.em.com.br\/emfoco\/"},{"@type":"ListItem","position":2,"name":"Dia estressante? O h\u00e1bito di\u00e1rio que ajuda a desligar do estresse em poucos minutos"}]},{"@type":"WebSite","@id":"https:\/\/www.em.com.br\/emfoco\/#website","url":"https:\/\/www.em.com.br\/emfoco\/","name":"Estado de Minas - Em foco","description":"Acompanhe as \u00faltimas not\u00edcias e fique bem informado sobre tudo o que acontece em Minas Gerais, Brasil e no mundo.","potentialAction":[{"@type":"SearchAction","target":{"@type":"EntryPoint","urlTemplate":"https:\/\/www.em.com.br\/emfoco\/?s={search_term_string}"},"query-input":{"@type":"PropertyValueSpecification","valueRequired":true,"valueName":"search_term_string"}}],"inLanguage":"pt-BR"},{"@type":"Person","@id":"https:\/\/www.em.com.br\/emfoco\/#\/schema\/person\/0a8186d72f2c3a5c6276d90b41f271a0","name":"Daniely Cardoso","image":{"@type":"ImageObject","inLanguage":"pt-BR","@id":"https:\/\/www.em.com.br\/emfoco\/#\/schema\/person\/image\/","url":"https:\/\/secure.gravatar.com\/avatar\/4b80ddbd124d1f071b626d52d62e5dff?s=96&d=mm&r=g","contentUrl":"https:\/\/secure.gravatar.com\/avatar\/4b80ddbd124d1f071b626d52d62e5dff?s=96&d=mm&r=g","caption":"Daniely Cardoso"},"url":"https:\/\/www.em.com.br\/emfoco\/author\/danielymyth\/"}]}},"_links":{"self":[{"href":"https:\/\/www.em.com.br\/emfoco\/wp-json\/wp\/v2\/posts\/156581","targetHints":{"allow":["GET"]}}],"collection":[{"href":"https:\/\/www.em.com.br\/emfoco\/wp-json\/wp\/v2\/posts"}],"about":[{"href":"https:\/\/www.em.com.br\/emfoco\/wp-json\/wp\/v2\/types\/post"}],"author":[{"embeddable":true,"href":"https:\/\/www.em.com.br\/emfoco\/wp-json\/wp\/v2\/users\/9"}],"replies":[{"embeddable":true,"href":"https:\/\/www.em.com.br\/emfoco\/wp-json\/wp\/v2\/comments?post=156581"}],"version-history":[{"count":3,"href":"https:\/\/www.em.com.br\/emfoco\/wp-json\/wp\/v2\/posts\/156581\/revisions"}],"predecessor-version":[{"id":156713,"href":"https:\/\/www.em.com.br\/emfoco\/wp-json\/wp\/v2\/posts\/156581\/revisions\/156713"}],"wp:featuredmedia":[{"embeddable":true,"href":"https:\/\/www.em.com.br\/emfoco\/wp-json\/wp\/v2\/media\/146710"}],"wp:attachment":[{"href":"https:\/\/www.em.com.br\/emfoco\/wp-json\/wp\/v2\/media?parent=156581"}],"wp:term":[{"taxonomy":"category","embeddable":true,"href":"https:\/\/www.em.com.br\/emfoco\/wp-json\/wp\/v2\/categories?post=156581"},{"taxonomy":"post_tag","embeddable":true,"href":"https:\/\/www.em.com.br\/emfoco\/wp-json\/wp\/v2\/tags?post=156581"}],"curies":[{"name":"wp","href":"https:\/\/api.w.org\/{rel}","templated":true}]}}