{"id":156564,"date":"2026-01-18T13:25:20","date_gmt":"2026-01-18T16:25:20","guid":{"rendered":"https:\/\/www.em.com.br\/emfoco\/?p=156564"},"modified":"2026-01-17T14:56:10","modified_gmt":"2026-01-17T17:56:10","slug":"cozinha-pequena-veja-como-cultivar-ervas-em-vasos-e-jardineiras-compactas","status":"publish","type":"post","link":"https:\/\/www.em.com.br\/emfoco\/2026\/01\/18\/cozinha-pequena-veja-como-cultivar-ervas-em-vasos-e-jardineiras-compactas\/","title":{"rendered":"Cozinha pequena? Veja como plantar ervas em vasos e jardineiras compactas"},"content":{"rendered":"\n<h2 class=\"wp-block-heading\">Em apartamentos, use vasos com drenagem e terra leve para plantar temperos. Manjeric\u00e3o e salsa gostam de luz e umidade; j\u00e1 o alecrim prefere sol e solo seco. Acompanhe a rega com o dedo para evitar ra\u00edzes podres.<\/h2>\n\n\n\n<p>Voc\u00ea j\u00e1 imaginou colher seu pr\u00f3prio <b>manjeric\u00e3o<\/b> para o molho do macarr\u00e3o, mesmo morando em um <b>apartamento pequeno<\/b>? Montar uma <b>mini horta<\/b> com temperos frescos deixou de ser privil\u00e9gio de quem tem quintal. Com alguns cuidados simples e um pouquinho de rotina, qualquer cantinho com luz pode virar um <b>espa\u00e7o verde<\/b> cheio de aroma e sabor.<\/p>\n\n\n\n<h2 class=\"wp-block-heading\">O que \u00e9 preciso para montar uma mini horta em apartamento<\/h2>\n\n\n\n<p>A base de uma <b>mini horta com temperos frescos<\/b> \u00e9 simples: bons recipientes, um <b>substrato adequado<\/b>, luz e \u00e1gua na medida certa. Vasos ou jardineiras com <b>furos de drenagem<\/b> e pratinhos ajudam a evitar excesso de \u00e1gua e sujeira no ch\u00e3o, mantendo tudo mais organizado.<\/p>\n\n\n\n<p>Tamb\u00e9m faz diferen\u00e7a usar um <b>substrato leve<\/b>, pr\u00f3prio para hortas, em vez de terra pesada de jardim. <b>Salsinha, cebolinha<\/b>, manjeric\u00e3o, alecrim e hortel\u00e3 se adaptam bem a varandas, janelas e cozinhas bem iluminadas. Com algum planejamento, a mini horta pode fornecer <b>folhas frescas<\/b> sempre \u00e0 m\u00e3o, reduzindo o desperd\u00edcio e a compra de temperos prontos.<\/p>\n\n\n\n<figure class=\"wp-block-embed is-type-rich is-provider-pinterest wp-block-embed-pinterest\"><div class=\"wp-block-embed__wrapper\">\n<iframe loading=\"lazy\" title=\"Greener balconies\" src=\"https:\/\/assets.pinterest.com\/ext\/embed.html?id=12384967723802019&#038;src=oembed\" height=\"899\" width=\"450\" frameborder=\"0\" scrolling=\"no\" ><\/iframe>\n<\/div><\/figure>\n\n\n\n<p>Leia tamb\u00e9m:&nbsp;<a href=\"https:\/\/www.em.com.br\/emfoco\/2026\/01\/14\/se-voce-tem-cascas-de-ovo-em-casa-nao-jogue-fora-saiba-para-que-e-como-usa-las-na-sua-horta\/\" target=\"_blank\" rel=\"noopener\">Se voc\u00ea tem cascas de ovo em casa, n\u00e3o jogue fora: saiba para que e como us\u00e1-las na sua horta<\/a><\/p>\n\n\n\n<h2 class=\"wp-block-heading\">Como \u00e9 a ilumina\u00e7\u00e3o ideal para uma mini horta em apartamento<\/h2>\n\n\n\n<p>Para quem mora em apartamento, a <b>luz natural<\/b> costuma ser o ponto mais delicado. A maioria dos temperos precisa de algumas horas de <b>claridade indireta<\/b>, de prefer\u00eancia ao longo do dia, para crescer forte e verdinha. Em dias muito quentes, vale observar se as folhas n\u00e3o est\u00e3o queimando com o <b>excesso de sol<\/b>.<\/p>\n\n\n\n<p>Locais pr\u00f3ximos a <b>janelas<\/b>, varandas envidra\u00e7adas ou \u00e1reas de servi\u00e7o bem claras costumam funcionar bem. Em ambientes muito escuros, algumas pessoas recorrem a <b>l\u00e2mpadas de cultivo<\/b>, mas, na maioria dos casos, aproveitar melhor o sol que entra em casa j\u00e1 faz uma grande diferen\u00e7a e ainda economiza <b>energia el\u00e9trica<\/b>.<\/p>\n\n\n\n<figure class=\"wp-block-embed is-type-rich is-provider-pinterest wp-block-embed-pinterest\"><div class=\"wp-block-embed__wrapper\">\n<iframe loading=\"lazy\" title=\"CURSO HORTA EM CASA SEM AGROT\u00d3XICOS | IMP\u00c9RIO DAS P\u00c9ROLAS\" src=\"https:\/\/assets.pinterest.com\/ext\/embed.html?id=21532904464177805&#038;src=oembed\" height=\"899\" width=\"450\" frameborder=\"0\" scrolling=\"no\" ><\/iframe>\n<\/div><\/figure>\n\n\n\n<h2 class=\"wp-block-heading\">Como fazer uma mini horta com temperos frescos passo a passo<\/h2>\n\n\n\n<p>Ao montar uma <b>horta de temperos<\/b> em casa, ajuda muito seguir uma sequ\u00eancia simples. Assim, o cultivo fica mais <b>organizado<\/b>, as plantas sofrem menos e voc\u00ea entende melhor o que est\u00e1 acontecendo em cada fase, facilitando eventuais <b>corre\u00e7\u00f5es de cuidados<\/b>.<\/p>\n\n\n\n<div style=\"font-family: 'Segoe UI', Tahoma, Geneva, Verdana, sans-serif; max-width: 1000px; margin: 20px auto; border: 2px solid #722f37; border-radius: 30px; overflow: hidden; background-color: #ffffff; box-shadow: 0 4px 15px rgba(114, 47, 55, 0.1);\">\n    <table style=\"width: 100%; border-collapse: collapse; text-align: left; font-size: 14px;\">\n        <thead>\n            <tr style=\"background-color: #722f37;\">\n                <th style=\"padding: 15px; color: #ffffff; border-bottom: 2px solid #f9d8e6; width: 30%;\">Etapa<\/th>\n                <th style=\"padding: 15px; color: #ffffff; border-bottom: 2px solid #f9d8e6; width: 70%;\">Descri\u00e7\u00e3o e Orienta\u00e7\u00f5es<\/th>\n            <\/tr>\n        <\/thead>\n        <tbody>\n            <tr>\n                <td style=\"padding: 12px 15px; border-bottom: 1px solid #ffe3ee; color: #4a4a4a; font-weight: bold;\">1. Definir o local<\/td>\n                <td style=\"padding: 12px 15px; border-bottom: 1px solid #ffe3ee; color: #4a4a4a;\">Escolher um ponto com boa <b>claridade<\/b>, protegido de <b>ventos fortes<\/b> e de chuva direta constante.<\/td>\n            <\/tr>\n            <tr style=\"background-color: #fffafa;\">\n                <td style=\"padding: 12px 15px; border-bottom: 1px solid #ffe3ee; color: #4a4a4a; font-weight: bold;\">2. Selecionar os recipientes<\/td>\n                <td style=\"padding: 12px 15px; border-bottom: 1px solid #ffe3ee; color: #4a4a4a;\">Vasos, caixotes de <b>madeira forrados<\/b> ou jardineiras pl\u00e1sticas com <b>furos no fundo<\/b> e pratinho para reter o excesso de \u00e1gua.<\/td>\n            <\/tr>\n            <tr>\n                <td style=\"padding: 12px 15px; border-bottom: 1px solid #ffe3ee; color: #4a4a4a; font-weight: bold;\">3. Preparar o fundo<\/td>\n                <td style=\"padding: 12px 15px; border-bottom: 1px solid #ffe3ee; color: #4a4a4a;\">Colocar uma camada de <b>pedrinhas<\/b>, cacos de telha ou <b>argila expandida<\/b> para ajudar na drenagem.<\/td>\n            <\/tr>\n            <tr style=\"background-color: #fffafa;\">\n                <td style=\"padding: 12px 15px; border-bottom: 1px solid #ffe3ee; color: #4a4a4a; font-weight: bold;\">4. Adicionar o substrato<\/td>\n                <td style=\"padding: 12px 15px; border-bottom: 1px solid #ffe3ee; color: #4a4a4a;\">Usar terra pr\u00f3pria para <b>hortas<\/b> ou um misto de <b>substrato org\u00e2nico<\/b> com areia, preenchendo o vaso quase at\u00e9 a borda.<\/td>\n            <\/tr>\n            <tr>\n                <td style=\"padding: 12px 15px; border-bottom: 1px solid #ffe3ee; color: #4a4a4a; font-weight: bold;\">5. Plantar mudas ou sementes<\/td>\n                <td style=\"padding: 12px 15px; border-bottom: 1px solid #ffe3ee; color: #4a4a4a;\">Abrir pequenos buracos, posicionar as mudas com o <b>torr\u00e3o<\/b> ou semear na profundidade indicada na embalagem.<\/td>\n            <\/tr>\n            <tr style=\"background-color: #fffafa;\">\n                <td style=\"padding: 12px 15px; border-bottom: 1px solid #ffe3ee; color: #4a4a4a; font-weight: bold;\">6. Regar cuidadosamente<\/td>\n                <td style=\"padding: 12px 15px; border-bottom: 1px solid #ffe3ee; color: #4a4a4a;\">Umedecer a terra at\u00e9 que fique <b>\u00famida<\/b>, mas n\u00e3o encharcada, evitando <b>po\u00e7as<\/b> no pratinho.<\/td>\n            <\/tr>\n            <tr>\n                <td style=\"padding: 12px 15px; color: #4a4a4a; font-weight: bold;\">7. Acompanhar o crescimento<\/td>\n                <td style=\"padding: 12px 15px; color: #4a4a4a;\">Observar <b>folhas<\/b>, cor e umidade do solo, ajustando aos poucos a frequ\u00eancia de rega e a exposi\u00e7\u00e3o ao <b>sol<\/b>.<\/td>\n            <\/tr>\n        <\/tbody>\n    <\/table>\n<\/div>\n\n\n\n<h2 class=\"wp-block-heading\">Quais temperos plantar em apartamento e como cuidar de cada um<\/h2>\n\n\n\n<p>Alguns <b>temperos<\/b> se d\u00e3o melhor em espa\u00e7os pequenos e na rotina corrida do dia a dia. Entender o \u201cjeito\u201d de cada <b>planta<\/b> ajuda a evitar frustra\u00e7\u00f5es e a ter sempre folhas bonitas e cheirosas para cozinhar, tornando as refei\u00e7\u00f5es mais <b>saborosas<\/b>.<\/p>\n\n\n\n<figure class=\"wp-block-embed is-type-rich is-provider-pinterest wp-block-embed-pinterest\"><div class=\"wp-block-embed__wrapper\">\n<iframe loading=\"lazy\" title=\"\ud83c\udf45 HORTA ORG\u00c2NICA: Veja como essas pessoas cultivam alimentos e temperos em pequenos espa\u00e7os de casa\" src=\"https:\/\/assets.pinterest.com\/ext\/embed.html?id=33988172184060225&#038;src=oembed\" height=\"775\" width=\"450\" frameborder=\"0\" scrolling=\"no\" ><\/iframe>\n<\/div><\/figure>\n\n\n\n<p>A seguir, veja como cada <b>erva<\/b> costuma se comportar em vasos e quais cuidados simples facilitam o <b>cultivo em apartamento<\/b>:<\/p>\n\n\n\n<ul class=\"wp-block-list\">\n<li><strong>Manjeric\u00e3o<\/strong> gosta de bastante <b>claridade<\/b> e calor, com solo levemente \u00famido. Colher as folhas com frequ\u00eancia, sempre acima de um <b>par de folhas<\/b>, incentiva novos brotos e mant\u00e9m a planta mais <b>cheia<\/b>.<\/li>\n\n\n\n<li><strong>Salsinha<\/strong> se desenvolve bem em vasos m\u00e9dios, com boa <b>drenagem<\/b>, e aceita um pouco menos de sol direto. As colheitas s\u00e3o feitas cortando os <b>talos mais externos<\/b>, preservando o centro para que a planta continue <b>brotando<\/b>.<\/li>\n\n\n\n<li><strong>Cebolinha<\/strong> \u00e9 resistente e pode ser replantada a partir da <b>base comprada<\/b> no mercado, desde que fique em substrato f\u00e9rtil e \u00famido, recebendo bem o <b>sol da manh\u00e3<\/b>. Cortes regulares estimulam novas <b>folhas<\/b>.<\/li>\n\n\n\n<li><strong>Alecrim<\/strong> prefere <b>sol direto<\/b> e solo mais seco, com drenagem excelente. O <b>encharcamento<\/b> \u00e9 uma das principais causas de perda dessa planta em apartamentos, por isso \u00e9 melhor regar menos do que em excesso.<\/li>\n\n\n\n<li><strong>Hortel\u00e3<\/strong> cresce r\u00e1pido e se <b>espalha bastante<\/b>, por isso \u00e9 melhor em vaso pr\u00f3prio. Gosta de umidade moderada, sem <b>\u00e1gua acumulada<\/b> no pratinho, e responde bem a podas leves frequentes.<\/li>\n<\/ul>\n\n\n\n<p>Para voc\u00ea que gosta de plantar, separamos um v\u00eddeo do canal do <a class=\"yt-simple-endpoint style-scope yt-formatted-string\" spellcheck=\"false\" href=\"https:\/\/www.youtube.com\/@HenriqueButtler\" target=\"_blank\" rel=\"noopener\">Henrique Buttler<\/a> com dicas para fazer um horta no apartamento:&nbsp;<\/p>\n\n\n\n<figure class=\"wp-block-embed is-type-video is-provider-youtube wp-block-embed-youtube wp-embed-aspect-16-9 wp-has-aspect-ratio\"><div class=\"wp-block-embed__wrapper\">\n<div class=\"jeg_video_container jeg_video_content\"><iframe loading=\"lazy\" title=\"COMO FAZER HORTA EM APARTAMENTO\" width=\"500\" height=\"281\" src=\"https:\/\/www.youtube.com\/embed\/s5katIF1Zvk?feature=oembed\" frameborder=\"0\" allow=\"accelerometer; autoplay; clipboard-write; encrypted-media; gyroscope; picture-in-picture; web-share\" referrerpolicy=\"strict-origin-when-cross-origin\" allowfullscreen><\/iframe><\/div>\n<\/div><\/figure>\n\n\n\n<h2 class=\"wp-block-heading\">Quais cuidados di\u00e1rios mant\u00eam a horta de temperos saud\u00e1vel<\/h2>\n\n\n\n<p>Depois de instalada, a <b>horta de temperos em apartamento<\/b> entra na rotina como fazer caf\u00e9 ou abrir a janela de manh\u00e3. A <b>rega<\/b> \u00e9 mais frequente em dias quentes e menos intensa em per\u00edodos frios ou chuvosos, sempre evitando exageros para n\u00e3o causar <b>fungos<\/b> nas ra\u00edzes.<\/p>\n\n\n\n<p>Um jeito simples de saber se \u00e9 hora de molhar \u00e9 enfiar o <b>dedo<\/b> cerca de dois cent\u00edmetros no solo; se estiver seco, \u00e9 hora de regar. Aduba\u00e7\u00e3o leve com <b>h\u00famus de minhoca<\/b> ou composto org\u00e2nico a cada poucos meses fortalece as plantas. Remover <b>folhas secas<\/b> e observar pragas, como pulg\u00f5es, ajuda a agir cedo, usando solu\u00e7\u00f5es suaves, como \u00e1gua com um pouco de sab\u00e3o neutro pr\u00f3prio para plantas.<\/p>\n","protected":false},"excerpt":{"rendered":"<p>Em apartamentos, use vasos com drenagem e terra leve para plantar temperos. Manjeric\u00e3o e salsa gostam de luz e umidade; j\u00e1 o alecrim prefere sol e solo seco. Acompanhe a rega com o dedo para evitar ra\u00edzes podres. Voc\u00ea j\u00e1 imaginou colher seu pr\u00f3prio manjeric\u00e3o para o molho do macarr\u00e3o, mesmo morando em um apartamento [&hellip;]<\/p>\n","protected":false},"author":9,"featured_media":156615,"comment_status":"open","ping_status":"open","sticky":false,"template":"","format":"standard","meta":{"jnews-multi-image_gallery":[],"jnews_single_post":{"format":"standard"},"jnews_primary_category":[],"jnews_social_meta":[],"jnews_override_counter":[],"footnotes":""},"categories":[8691,8819,1],"tags":[7701,2125,3792],"class_list":["post-156564","post","type-post","status-publish","format-standard","has-post-thumbnail","hentry","category-bem-estar","category-curiosidades","category-noticias","tag-como-plantar","tag-ervas","tag-horta"],"yoast_head":"<!-- This site is optimized with the Yoast SEO plugin v23.8 - https:\/\/yoast.com\/wordpress\/plugins\/seo\/ -->\n<title>Cozinha pequena? Veja como plantar ervas em vasos e jardineiras compactas - Estado de Minas - Em foco<\/title>\n<meta name=\"description\" content=\"Cultive temperos em apartamento. Manjeric\u00e3o, salsa e cebolinha crescem bem em vasos com boa drenagem e luz.\" \/>\n<meta name=\"robots\" content=\"index, follow, max-snippet:-1, max-image-preview:large, max-video-preview:-1\" \/>\n<link rel=\"canonical\" href=\"https:\/\/www.em.com.br\/emfoco\/2026\/01\/18\/cozinha-pequena-veja-como-cultivar-ervas-em-vasos-e-jardineiras-compactas\/\" \/>\n<meta property=\"og:locale\" content=\"pt_BR\" \/>\n<meta property=\"og:type\" content=\"article\" \/>\n<meta property=\"og:title\" content=\"Cozinha pequena? Veja como plantar ervas em vasos e jardineiras compactas - Estado de Minas - Em foco\" \/>\n<meta property=\"og:description\" content=\"Cultive temperos em apartamento. Manjeric\u00e3o, salsa e cebolinha crescem bem em vasos com boa drenagem e luz.\" \/>\n<meta property=\"og:url\" content=\"https:\/\/www.em.com.br\/emfoco\/2026\/01\/18\/cozinha-pequena-veja-como-cultivar-ervas-em-vasos-e-jardineiras-compactas\/\" \/>\n<meta property=\"og:site_name\" content=\"Estado de Minas - Em foco\" \/>\n<meta property=\"article:published_time\" content=\"2026-01-18T16:25:20+00:00\" \/>\n<meta property=\"article:modified_time\" content=\"2026-01-17T17:56:10+00:00\" \/>\n<meta property=\"og:image\" content=\"https:\/\/www.em.com.br\/emfoco\/wp-content\/uploads\/2026\/01\/horta-apartamento_1768651634858.jpg\" \/>\n\t<meta property=\"og:image:width\" content=\"1280\" \/>\n\t<meta property=\"og:image:height\" content=\"720\" \/>\n\t<meta property=\"og:image:type\" content=\"image\/jpeg\" \/>\n<meta name=\"author\" content=\"Daniely Cardoso\" \/>\n<meta name=\"twitter:card\" content=\"summary_large_image\" \/>\n<meta name=\"twitter:label1\" content=\"Escrito por\" \/>\n\t<meta name=\"twitter:data1\" content=\"Daniely Cardoso\" \/>\n\t<meta name=\"twitter:label2\" content=\"Est. tempo de leitura\" \/>\n\t<meta name=\"twitter:data2\" content=\"6 minutos\" \/>\n<!-- \/ Yoast SEO plugin. -->","yoast_head_json":{"title":"Cozinha pequena? Veja como plantar ervas em vasos e jardineiras compactas - Estado de Minas - Em foco","description":"Cultive temperos em apartamento. Manjeric\u00e3o, salsa e cebolinha crescem bem em vasos com boa drenagem e luz.","robots":{"index":"index","follow":"follow","max-snippet":"max-snippet:-1","max-image-preview":"max-image-preview:large","max-video-preview":"max-video-preview:-1"},"canonical":"https:\/\/www.em.com.br\/emfoco\/2026\/01\/18\/cozinha-pequena-veja-como-cultivar-ervas-em-vasos-e-jardineiras-compactas\/","og_locale":"pt_BR","og_type":"article","og_title":"Cozinha pequena? Veja como plantar ervas em vasos e jardineiras compactas - Estado de Minas - Em foco","og_description":"Cultive temperos em apartamento. Manjeric\u00e3o, salsa e cebolinha crescem bem em vasos com boa drenagem e luz.","og_url":"https:\/\/www.em.com.br\/emfoco\/2026\/01\/18\/cozinha-pequena-veja-como-cultivar-ervas-em-vasos-e-jardineiras-compactas\/","og_site_name":"Estado de Minas - Em foco","article_published_time":"2026-01-18T16:25:20+00:00","article_modified_time":"2026-01-17T17:56:10+00:00","og_image":[{"width":1280,"height":720,"url":"https:\/\/www.em.com.br\/emfoco\/wp-content\/uploads\/2026\/01\/horta-apartamento_1768651634858.jpg","type":"image\/jpeg"}],"author":"Daniely Cardoso","twitter_card":"summary_large_image","twitter_misc":{"Escrito por":"Daniely Cardoso","Est. tempo de leitura":"6 minutos"},"schema":{"@context":"https:\/\/schema.org","@graph":[{"@type":"WebPage","@id":"https:\/\/www.em.com.br\/emfoco\/2026\/01\/18\/cozinha-pequena-veja-como-cultivar-ervas-em-vasos-e-jardineiras-compactas\/","url":"https:\/\/www.em.com.br\/emfoco\/2026\/01\/18\/cozinha-pequena-veja-como-cultivar-ervas-em-vasos-e-jardineiras-compactas\/","name":"Cozinha pequena? Veja como plantar ervas em vasos e jardineiras compactas - Estado de Minas - Em foco","isPartOf":{"@id":"https:\/\/www.em.com.br\/emfoco\/#website"},"primaryImageOfPage":{"@id":"https:\/\/www.em.com.br\/emfoco\/2026\/01\/18\/cozinha-pequena-veja-como-cultivar-ervas-em-vasos-e-jardineiras-compactas\/#primaryimage"},"image":{"@id":"https:\/\/www.em.com.br\/emfoco\/2026\/01\/18\/cozinha-pequena-veja-como-cultivar-ervas-em-vasos-e-jardineiras-compactas\/#primaryimage"},"thumbnailUrl":"https:\/\/www.em.com.br\/emfoco\/wp-content\/uploads\/2026\/01\/horta-apartamento_1768651634858.jpg","datePublished":"2026-01-18T16:25:20+00:00","dateModified":"2026-01-17T17:56:10+00:00","author":{"@id":"https:\/\/www.em.com.br\/emfoco\/#\/schema\/person\/0a8186d72f2c3a5c6276d90b41f271a0"},"description":"Cultive temperos em apartamento. Manjeric\u00e3o, salsa e cebolinha crescem bem em vasos com boa drenagem e luz.","breadcrumb":{"@id":"https:\/\/www.em.com.br\/emfoco\/2026\/01\/18\/cozinha-pequena-veja-como-cultivar-ervas-em-vasos-e-jardineiras-compactas\/#breadcrumb"},"inLanguage":"pt-BR","potentialAction":[{"@type":"ReadAction","target":["https:\/\/www.em.com.br\/emfoco\/2026\/01\/18\/cozinha-pequena-veja-como-cultivar-ervas-em-vasos-e-jardineiras-compactas\/"]}]},{"@type":"ImageObject","inLanguage":"pt-BR","@id":"https:\/\/www.em.com.br\/emfoco\/2026\/01\/18\/cozinha-pequena-veja-como-cultivar-ervas-em-vasos-e-jardineiras-compactas\/#primaryimage","url":"https:\/\/www.em.com.br\/emfoco\/wp-content\/uploads\/2026\/01\/horta-apartamento_1768651634858.jpg","contentUrl":"https:\/\/www.em.com.br\/emfoco\/wp-content\/uploads\/2026\/01\/horta-apartamento_1768651634858.jpg","width":1280,"height":720,"caption":"Para o plantio, vale usar um substrato leve e bem drenado, que permita que a \u00e1gua escorra sem encharcar as ra\u00edzes da planta- Cr\u00e9ditos: depositphotos.com \/ burns.ashleybelle"},{"@type":"BreadcrumbList","@id":"https:\/\/www.em.com.br\/emfoco\/2026\/01\/18\/cozinha-pequena-veja-como-cultivar-ervas-em-vasos-e-jardineiras-compactas\/#breadcrumb","itemListElement":[{"@type":"ListItem","position":1,"name":"In\u00edcio","item":"https:\/\/www.em.com.br\/emfoco\/"},{"@type":"ListItem","position":2,"name":"Cozinha pequena? Veja como plantar ervas em vasos e jardineiras compactas"}]},{"@type":"WebSite","@id":"https:\/\/www.em.com.br\/emfoco\/#website","url":"https:\/\/www.em.com.br\/emfoco\/","name":"Estado de Minas - Em foco","description":"Acompanhe as \u00faltimas not\u00edcias e fique bem informado sobre tudo o que acontece em Minas Gerais, Brasil e no mundo.","potentialAction":[{"@type":"SearchAction","target":{"@type":"EntryPoint","urlTemplate":"https:\/\/www.em.com.br\/emfoco\/?s={search_term_string}"},"query-input":{"@type":"PropertyValueSpecification","valueRequired":true,"valueName":"search_term_string"}}],"inLanguage":"pt-BR"},{"@type":"Person","@id":"https:\/\/www.em.com.br\/emfoco\/#\/schema\/person\/0a8186d72f2c3a5c6276d90b41f271a0","name":"Daniely Cardoso","image":{"@type":"ImageObject","inLanguage":"pt-BR","@id":"https:\/\/www.em.com.br\/emfoco\/#\/schema\/person\/image\/","url":"https:\/\/secure.gravatar.com\/avatar\/4b80ddbd124d1f071b626d52d62e5dff?s=96&d=mm&r=g","contentUrl":"https:\/\/secure.gravatar.com\/avatar\/4b80ddbd124d1f071b626d52d62e5dff?s=96&d=mm&r=g","caption":"Daniely Cardoso"},"url":"https:\/\/www.em.com.br\/emfoco\/author\/danielymyth\/"}]}},"_links":{"self":[{"href":"https:\/\/www.em.com.br\/emfoco\/wp-json\/wp\/v2\/posts\/156564","targetHints":{"allow":["GET"]}}],"collection":[{"href":"https:\/\/www.em.com.br\/emfoco\/wp-json\/wp\/v2\/posts"}],"about":[{"href":"https:\/\/www.em.com.br\/emfoco\/wp-json\/wp\/v2\/types\/post"}],"author":[{"embeddable":true,"href":"https:\/\/www.em.com.br\/emfoco\/wp-json\/wp\/v2\/users\/9"}],"replies":[{"embeddable":true,"href":"https:\/\/www.em.com.br\/emfoco\/wp-json\/wp\/v2\/comments?post=156564"}],"version-history":[{"count":3,"href":"https:\/\/www.em.com.br\/emfoco\/wp-json\/wp\/v2\/posts\/156564\/revisions"}],"predecessor-version":[{"id":156671,"href":"https:\/\/www.em.com.br\/emfoco\/wp-json\/wp\/v2\/posts\/156564\/revisions\/156671"}],"wp:featuredmedia":[{"embeddable":true,"href":"https:\/\/www.em.com.br\/emfoco\/wp-json\/wp\/v2\/media\/156615"}],"wp:attachment":[{"href":"https:\/\/www.em.com.br\/emfoco\/wp-json\/wp\/v2\/media?parent=156564"}],"wp:term":[{"taxonomy":"category","embeddable":true,"href":"https:\/\/www.em.com.br\/emfoco\/wp-json\/wp\/v2\/categories?post=156564"},{"taxonomy":"post_tag","embeddable":true,"href":"https:\/\/www.em.com.br\/emfoco\/wp-json\/wp\/v2\/tags?post=156564"}],"curies":[{"name":"wp","href":"https:\/\/api.w.org\/{rel}","templated":true}]}}