{"id":156559,"date":"2026-01-18T09:55:55","date_gmt":"2026-01-18T12:55:55","guid":{"rendered":"https:\/\/www.em.com.br\/emfoco\/?p=156559"},"modified":"2026-01-17T08:46:13","modified_gmt":"2026-01-17T11:46:13","slug":"quer-lichia-no-quintal-saiba-escolher-o-local-com-sol-pleno-para-ela-crescer","status":"publish","type":"post","link":"https:\/\/www.em.com.br\/emfoco\/2026\/01\/18\/quer-lichia-no-quintal-saiba-escolher-o-local-com-sol-pleno-para-ela-crescer\/","title":{"rendered":"Quer lichia no quintal? Saiba escolher o local com sol pleno para ela crescer"},"content":{"rendered":"\n<h2 class=\"wp-block-heading\">A lichia precisa de sol pleno e solo org\u00e2nico. Regas frequentes e aduba\u00e7\u00e3o rica em pot\u00e1ssio garantem frutos. Podas de limpeza abrem a copa para a luz, e cuidados p\u00f3s-colheita asseguram a safra seguinte.<\/h2>\n\n\n\n<p>Imagine abrir a janela de casa e dar de cara com um <b>p\u00e9 de lichia carregado<\/b>, pronto para colher e dividir com a fam\u00edlia. Essa cena, que antes parecia distante e \u201ccoisa de s\u00edtio\u201d, hoje \u00e9 cada vez mais comum em <b>quintais urbanos<\/b> e pequenos pomares.<\/p>\n\n\n\n<h2 class=\"wp-block-heading\">Como fazer o plantio da lichia no quintal de forma simples<\/h2>\n\n\n\n<p>Ao escolher o local para sua <b>\u00e1rvore de lichia<\/b>, prefira um ponto bem ensolarado, longe de muros altos e de outras \u00e1rvores que fa\u00e7am sombra ou disputem nutrientes. A <b>cova de plantio<\/b> deve ser larga e profunda o suficiente para acomodar a muda com folga, misturando terra solta com composto org\u00e2nico.<\/p>\n\n\n\n<p>Depois do plantio, coloque uma camada de <b>cobertura morta<\/b> ao redor do tronco, usando folhas secas, capim ou casca de \u00e1rvore, sem encostar na base da planta. Nos primeiros anos, a <b>rega frequente<\/b>, especialmente em per\u00edodos de estiagem, \u00e9 fundamental para o enraizamento e o bom desenvolvimento da lichieira.<\/p>\n\n\n<div class=\"wp-block-image\">\n<figure class=\"aligncenter size-large\"><img loading=\"lazy\" decoding=\"async\" width=\"1024\" height=\"576\" src=\"https:\/\/www.em.com.br\/emfoco\/wp-content\/uploads\/2025\/06\/lichia-_1750814519559-1024x576.jpg\" alt=\"\" class=\"wp-image-66618\" srcset=\"https:\/\/www.em.com.br\/emfoco\/wp-content\/uploads\/2025\/06\/lichia-_1750814519559-1024x576.jpg 1024w, https:\/\/www.em.com.br\/emfoco\/wp-content\/uploads\/2025\/06\/lichia-_1750814519559-300x169.jpg 300w, https:\/\/www.em.com.br\/emfoco\/wp-content\/uploads\/2025\/06\/lichia-_1750814519559-768x432.jpg 768w, https:\/\/www.em.com.br\/emfoco\/wp-content\/uploads\/2025\/06\/lichia-_1750814519559-750x422.jpg 750w, https:\/\/www.em.com.br\/emfoco\/wp-content\/uploads\/2025\/06\/lichia-_1750814519559-1140x641.jpg 1140w, https:\/\/www.em.com.br\/emfoco\/wp-content\/uploads\/2025\/06\/lichia-_1750814519559.jpg 1280w\" sizes=\"auto, (max-width: 1024px) 100vw, 1024px\" \/><figcaption class=\"wp-element-caption\">Para ter um p\u00e9 de lichia com muitos frutos, o segredo \u00e9 cuidar da planta ao longo de todo o ano- Cr\u00e9ditos: depositphotos.com \/ Tanagron<\/figcaption><\/figure><\/div>\n\n\n<p>Leia tamb\u00e9m:&nbsp;<a href=\"https:\/\/www.em.com.br\/emfoco\/2026\/01\/16\/como-plantar-marmelo-em-casa-e-ter-frutos-perfeitos-para-doces-e-geleias\/\" target=\"_blank\" rel=\"noopener\">Como plantar marmelo em casa e ter frutos perfeitos para doces e geleias<\/a><\/p>\n\n\n\n<h2 class=\"wp-block-heading\">Quais cuidados pr\u00e1ticos ajudam a deixar o p\u00e9 de lichia carregado<\/h2>\n\n\n\n<p>Para ter um <b>p\u00e9 de lichia com muitos frutos<\/b>, o segredo \u00e9 cuidar da planta ao longo de todo o ano, n\u00e3o s\u00f3 na \u00e9poca da colheita. Uma rotina simples de <b>aduba\u00e7\u00e3o, poda<\/b> e observa\u00e7\u00e3o da sa\u00fade da \u00e1rvore garante frutos mais doces, gra\u00fados e em maior quantidade.<\/p>\n\n\n\n<ol class=\"wp-block-list\">\n<li><b>Aduba\u00e7\u00e3o equilibrada<\/b>: use adubos org\u00e2nicos, como esterco curtido ou composto caseiro, uma ou duas vezes por ano, ajustando, se necess\u00e1rio, com aduba\u00e7\u00e3o mineral. Evite exagerar no <b>nitrog\u00eanio<\/b> para n\u00e3o ter s\u00f3 folhas e pouca fruta, priorizando tamb\u00e9m <b>f\u00f3sforo e pot\u00e1ssio<\/b>, que favorecem flora\u00e7\u00e3o e frutifica\u00e7\u00e3o.<\/li>\n\n\n\n<li><b>Podas de forma\u00e7\u00e3o<\/b>: fa\u00e7a podas leves nos primeiros anos, abrindo a copa para permitir boa entrada de luz e circula\u00e7\u00e3o de ar, o que ajuda na flora\u00e7\u00e3o e na sa\u00fade geral da planta. Remova <b>galhos cruzados<\/b> ou muito voltados para o interior da copa para manter a estrutura mais arejada.<\/li>\n\n\n\n<li><b>Controle de pragas e doen\u00e7as<\/b>: observe folhas, flores e frutos com frequ\u00eancia, buscando sinais de insetos ou manchas. Em caso de problema, procure formas de controle mais naturais, como <b>caldas naturais<\/b> e produtos biol\u00f3gicos, sempre evitando o uso excessivo de <b>agrot\u00f3xicos<\/b> no quintal de casa.<\/li>\n\n\n\n<li><b>Irriga\u00e7\u00e3o na fase cr\u00edtica<\/b>: durante a forma\u00e7\u00e3o dos frutos, mantenha o solo sempre \u00famido, mas n\u00e3o encharcado, para evitar queda precoce das lichias ou frutos pequenos e pouco desenvolvidos. Use <b>sistemas simples de gotejamento<\/b> ou mangueiras perfuradas para garantir uma <b>umidade uniforme<\/b> ao redor da planta.<\/li>\n<\/ol>\n\n\n\n<figure class=\"wp-block-embed is-type-rich is-provider-pinterest wp-block-embed-pinterest\"><div class=\"wp-block-embed__wrapper\">\n<iframe loading=\"lazy\" title=\"\ud83c\udf38\ud83c\udf52 Lichia em Vaso: Colha no Seu Quintal!  \ud83c\udf31 Frutos fresquinhos, direto do seu vaso. Compacta, deliciosa e f\u00e1cil de cuidar! \ud83d\udc9a Garanta a sua! Link na bio ou chame no direct. \ud83e\udeb4 \ud83d\udc49 Marque quem adoraria ter essa del\u00edcia em casa! \ud83d\udcac Conta pra gente: voc\u00ea j\u00e1 imaginou colher lichia no seu jardim?  #jardimexotico #comoplantar #comofazer #facavocemeso #mudas #sementes #plantas #pomar #frutiferas #rosas #orquideas #frutasraras #frutasexoticas #plantasexoticas #frutiferasemvasos #pomaremvasos  #comoplantaemvaso\" src=\"https:\/\/assets.pinterest.com\/ext\/embed.html?id=592293788531428777&#038;src=oembed\" height=\"432\" width=\"450\" frameborder=\"0\" scrolling=\"no\" ><\/iframe>\n<\/div><\/figure>\n\n\n\n<h2 class=\"wp-block-heading\">Quais s\u00e3o os cuidados depois que a lichia come\u00e7a a produzir<\/h2>\n\n\n\n<p>Quando o p\u00e9 de lichia entra em <b>fase produtiva<\/b>, \u00e9 importante manter uma rotina anual de cuidados para garantir boas safras. Ap\u00f3s cada colheita, a planta precisa repor a energia gasta, ent\u00e3o a <b>aduba\u00e7\u00e3o de p\u00f3s-colheita<\/b> com mat\u00e9ria org\u00e2nica e nutrientes minerais ajuda na recupera\u00e7\u00e3o e na forma\u00e7\u00e3o das futuras flores. Em \u00e1reas mais frias, proteger a base da planta com <b>mulch mais espesso<\/b> pode auxiliar na prote\u00e7\u00e3o das ra\u00edzes.<\/p>\n\n\n\n<p>O <b>manejo da copa<\/b> tamb\u00e9m \u00e9 essencial nessa fase. A retirada de galhos secos, doentes ou mal posicionados melhora a ventila\u00e7\u00e3o, a entrada de luz e facilita o controle do tamanho da \u00e1rvore, algo muito \u00fatil em <b>quintais menores<\/b> e para quem quer colher sem grandes dificuldades. Sempre que fizer cortes maiores, utilize ferramentas bem <b>afiadas e higienizadas<\/b> para reduzir riscos de entrada de doen\u00e7as.<\/p>\n\n\n\n<p>Para voc\u00ea que gosta de plantar em casa, separamos um v\u00eddeo do canal <a href=\"https:\/\/www.youtube.com\/@MinutoHorta\" target=\"_blank\" rel=\"noreferrer noopener\">Minuto Horta<\/a> com dicas para plantar lichia de forma org\u00e2nica:<\/p>\n\n\n\n<figure class=\"wp-block-embed is-type-video is-provider-youtube wp-block-embed-youtube wp-embed-aspect-16-9 wp-has-aspect-ratio\"><div class=\"wp-block-embed__wrapper\">\n<div class=\"jeg_video_container jeg_video_content\"><iframe loading=\"lazy\" title=\"N\u00c3O PLANTE LICHIA ANTES DE ASSISTIR ESSE V\u00cdDEO.\" width=\"500\" height=\"281\" src=\"https:\/\/www.youtube.com\/embed\/vRIYpbIrQT8?start=2&#038;feature=oembed\" frameborder=\"0\" allow=\"accelerometer; autoplay; clipboard-write; encrypted-media; gyroscope; picture-in-picture; web-share\" referrerpolicy=\"strict-origin-when-cross-origin\" allowfullscreen><\/iframe><\/div>\n<\/div><\/figure>\n\n\n\n<h2 class=\"wp-block-heading\">Quais cuidados adicionais mant\u00eam o p\u00e9 de lichia saud\u00e1vel por muitos anos<\/h2>\n\n\n\n<p>Al\u00e9m da rega e aduba\u00e7\u00e3o, alguns detalhes fazem diferen\u00e7a na <b>vida \u00fatil<\/b> e na sa\u00fade do p\u00e9 de lichia no quintal. Proteger a planta de <b>ventos muito fortes<\/b> evita a quebra de galhos cheios de frutos e ajuda a manter a copa mais est\u00e1vel ao longo dos anos. Em locais muito expostos, o uso de <b>cercas vivas<\/b> ou barreiras naturais pode reduzir o impacto do vento.<\/p>\n\n\n\n<p>Tamb\u00e9m vale ficar atento ao <b>clima local<\/b>, ao solo ao redor da planta e ao dia a dia do quintal, criando uma rotina de cuidado simples, mas constante. Pequenas a\u00e7\u00f5es, como evitar o ac\u00famulo de <b>\u00e1gua parada<\/b> perto do tronco e manter a \u00e1rea sempre limpa, reduzem o risco de <b>fungos e pragas<\/b> indesejadas.<\/p>\n","protected":false},"excerpt":{"rendered":"<p>A lichia precisa de sol pleno e solo org\u00e2nico. Regas frequentes e aduba\u00e7\u00e3o rica em pot\u00e1ssio garantem frutos. Podas de limpeza abrem a copa para a luz, e cuidados p\u00f3s-colheita asseguram a safra seguinte. Imagine abrir a janela de casa e dar de cara com um p\u00e9 de lichia carregado, pronto para colher e dividir [&hellip;]<\/p>\n","protected":false},"author":9,"featured_media":156604,"comment_status":"open","ping_status":"open","sticky":false,"template":"","format":"standard","meta":{"jnews-multi-image_gallery":[],"jnews_single_post":{"format":"standard"},"jnews_primary_category":[],"jnews_social_meta":[],"jnews_override_counter":[],"footnotes":""},"categories":[8691,8819,1],"tags":[10426,1988,22874],"class_list":["post-156559","post","type-post","status-publish","format-standard","has-post-thumbnail","hentry","category-bem-estar","category-curiosidades","category-noticias","tag-arvore","tag-fruta","tag-pe-de-lichia"],"yoast_head":"<!-- This site is optimized with the Yoast SEO plugin v23.8 - https:\/\/yoast.com\/wordpress\/plugins\/seo\/ -->\n<title>Quer lichia no quintal? Saiba escolher o local com sol pleno para ela crescer - Estado de Minas - Em foco<\/title>\n<meta name=\"description\" content=\"Aprenda a plantar e cuidar do p\u00e9 de lichia no quintal. Dicas de sol, poda e aduba\u00e7\u00e3o para ter frutos doces.\" \/>\n<meta name=\"robots\" content=\"index, follow, max-snippet:-1, max-image-preview:large, max-video-preview:-1\" \/>\n<link rel=\"canonical\" href=\"https:\/\/www.em.com.br\/emfoco\/2026\/01\/18\/quer-lichia-no-quintal-saiba-escolher-o-local-com-sol-pleno-para-ela-crescer\/\" \/>\n<meta property=\"og:locale\" content=\"pt_BR\" \/>\n<meta property=\"og:type\" content=\"article\" \/>\n<meta property=\"og:title\" content=\"Quer lichia no quintal? Saiba escolher o local com sol pleno para ela crescer - Estado de Minas - Em foco\" \/>\n<meta property=\"og:description\" content=\"Aprenda a plantar e cuidar do p\u00e9 de lichia no quintal. Dicas de sol, poda e aduba\u00e7\u00e3o para ter frutos doces.\" \/>\n<meta property=\"og:url\" content=\"https:\/\/www.em.com.br\/emfoco\/2026\/01\/18\/quer-lichia-no-quintal-saiba-escolher-o-local-com-sol-pleno-para-ela-crescer\/\" \/>\n<meta property=\"og:site_name\" content=\"Estado de Minas - Em foco\" \/>\n<meta property=\"article:published_time\" content=\"2026-01-18T12:55:55+00:00\" \/>\n<meta property=\"article:modified_time\" content=\"2026-01-17T11:46:13+00:00\" \/>\n<meta property=\"og:image\" content=\"https:\/\/www.em.com.br\/emfoco\/wp-content\/uploads\/2026\/01\/lichia_1768650120241.jpg\" \/>\n\t<meta property=\"og:image:width\" content=\"1280\" \/>\n\t<meta property=\"og:image:height\" content=\"720\" \/>\n\t<meta property=\"og:image:type\" content=\"image\/jpeg\" \/>\n<meta name=\"author\" content=\"Daniely Cardoso\" \/>\n<meta name=\"twitter:card\" content=\"summary_large_image\" \/>\n<meta name=\"twitter:label1\" content=\"Escrito por\" \/>\n\t<meta name=\"twitter:data1\" content=\"Daniely Cardoso\" \/>\n\t<meta name=\"twitter:label2\" content=\"Est. tempo de leitura\" \/>\n\t<meta name=\"twitter:data2\" content=\"5 minutos\" \/>\n<!-- \/ Yoast SEO plugin. -->","yoast_head_json":{"title":"Quer lichia no quintal? Saiba escolher o local com sol pleno para ela crescer - Estado de Minas - Em foco","description":"Aprenda a plantar e cuidar do p\u00e9 de lichia no quintal. Dicas de sol, poda e aduba\u00e7\u00e3o para ter frutos doces.","robots":{"index":"index","follow":"follow","max-snippet":"max-snippet:-1","max-image-preview":"max-image-preview:large","max-video-preview":"max-video-preview:-1"},"canonical":"https:\/\/www.em.com.br\/emfoco\/2026\/01\/18\/quer-lichia-no-quintal-saiba-escolher-o-local-com-sol-pleno-para-ela-crescer\/","og_locale":"pt_BR","og_type":"article","og_title":"Quer lichia no quintal? Saiba escolher o local com sol pleno para ela crescer - Estado de Minas - Em foco","og_description":"Aprenda a plantar e cuidar do p\u00e9 de lichia no quintal. Dicas de sol, poda e aduba\u00e7\u00e3o para ter frutos doces.","og_url":"https:\/\/www.em.com.br\/emfoco\/2026\/01\/18\/quer-lichia-no-quintal-saiba-escolher-o-local-com-sol-pleno-para-ela-crescer\/","og_site_name":"Estado de Minas - Em foco","article_published_time":"2026-01-18T12:55:55+00:00","article_modified_time":"2026-01-17T11:46:13+00:00","og_image":[{"width":1280,"height":720,"url":"https:\/\/www.em.com.br\/emfoco\/wp-content\/uploads\/2026\/01\/lichia_1768650120241.jpg","type":"image\/jpeg"}],"author":"Daniely Cardoso","twitter_card":"summary_large_image","twitter_misc":{"Escrito por":"Daniely Cardoso","Est. tempo de leitura":"5 minutos"},"schema":{"@context":"https:\/\/schema.org","@graph":[{"@type":"WebPage","@id":"https:\/\/www.em.com.br\/emfoco\/2026\/01\/18\/quer-lichia-no-quintal-saiba-escolher-o-local-com-sol-pleno-para-ela-crescer\/","url":"https:\/\/www.em.com.br\/emfoco\/2026\/01\/18\/quer-lichia-no-quintal-saiba-escolher-o-local-com-sol-pleno-para-ela-crescer\/","name":"Quer lichia no quintal? Saiba escolher o local com sol pleno para ela crescer - Estado de Minas - Em foco","isPartOf":{"@id":"https:\/\/www.em.com.br\/emfoco\/#website"},"primaryImageOfPage":{"@id":"https:\/\/www.em.com.br\/emfoco\/2026\/01\/18\/quer-lichia-no-quintal-saiba-escolher-o-local-com-sol-pleno-para-ela-crescer\/#primaryimage"},"image":{"@id":"https:\/\/www.em.com.br\/emfoco\/2026\/01\/18\/quer-lichia-no-quintal-saiba-escolher-o-local-com-sol-pleno-para-ela-crescer\/#primaryimage"},"thumbnailUrl":"https:\/\/www.em.com.br\/emfoco\/wp-content\/uploads\/2026\/01\/lichia_1768650120241.jpg","datePublished":"2026-01-18T12:55:55+00:00","dateModified":"2026-01-17T11:46:13+00:00","author":{"@id":"https:\/\/www.em.com.br\/emfoco\/#\/schema\/person\/0a8186d72f2c3a5c6276d90b41f271a0"},"description":"Aprenda a plantar e cuidar do p\u00e9 de lichia no quintal. Dicas de sol, poda e aduba\u00e7\u00e3o para ter frutos doces.","breadcrumb":{"@id":"https:\/\/www.em.com.br\/emfoco\/2026\/01\/18\/quer-lichia-no-quintal-saiba-escolher-o-local-com-sol-pleno-para-ela-crescer\/#breadcrumb"},"inLanguage":"pt-BR","potentialAction":[{"@type":"ReadAction","target":["https:\/\/www.em.com.br\/emfoco\/2026\/01\/18\/quer-lichia-no-quintal-saiba-escolher-o-local-com-sol-pleno-para-ela-crescer\/"]}]},{"@type":"ImageObject","inLanguage":"pt-BR","@id":"https:\/\/www.em.com.br\/emfoco\/2026\/01\/18\/quer-lichia-no-quintal-saiba-escolher-o-local-com-sol-pleno-para-ela-crescer\/#primaryimage","url":"https:\/\/www.em.com.br\/emfoco\/wp-content\/uploads\/2026\/01\/lichia_1768650120241.jpg","contentUrl":"https:\/\/www.em.com.br\/emfoco\/wp-content\/uploads\/2026\/01\/lichia_1768650120241.jpg","width":1280,"height":720,"caption":"Imagine abrir a janela de casa e dar de cara com um p\u00e9 de lichia carregado, pronto para colher e dividir com a fam\u00edlia - Cr\u00e9ditos: depositphotos.com \/ IamTK"},{"@type":"BreadcrumbList","@id":"https:\/\/www.em.com.br\/emfoco\/2026\/01\/18\/quer-lichia-no-quintal-saiba-escolher-o-local-com-sol-pleno-para-ela-crescer\/#breadcrumb","itemListElement":[{"@type":"ListItem","position":1,"name":"In\u00edcio","item":"https:\/\/www.em.com.br\/emfoco\/"},{"@type":"ListItem","position":2,"name":"Quer lichia no quintal? Saiba escolher o local com sol pleno para ela crescer"}]},{"@type":"WebSite","@id":"https:\/\/www.em.com.br\/emfoco\/#website","url":"https:\/\/www.em.com.br\/emfoco\/","name":"Estado de Minas - Em foco","description":"Acompanhe as \u00faltimas not\u00edcias e fique bem informado sobre tudo o que acontece em Minas Gerais, Brasil e no mundo.","potentialAction":[{"@type":"SearchAction","target":{"@type":"EntryPoint","urlTemplate":"https:\/\/www.em.com.br\/emfoco\/?s={search_term_string}"},"query-input":{"@type":"PropertyValueSpecification","valueRequired":true,"valueName":"search_term_string"}}],"inLanguage":"pt-BR"},{"@type":"Person","@id":"https:\/\/www.em.com.br\/emfoco\/#\/schema\/person\/0a8186d72f2c3a5c6276d90b41f271a0","name":"Daniely Cardoso","image":{"@type":"ImageObject","inLanguage":"pt-BR","@id":"https:\/\/www.em.com.br\/emfoco\/#\/schema\/person\/image\/","url":"https:\/\/secure.gravatar.com\/avatar\/4b80ddbd124d1f071b626d52d62e5dff?s=96&d=mm&r=g","contentUrl":"https:\/\/secure.gravatar.com\/avatar\/4b80ddbd124d1f071b626d52d62e5dff?s=96&d=mm&r=g","caption":"Daniely Cardoso"},"url":"https:\/\/www.em.com.br\/emfoco\/author\/danielymyth\/"}]}},"_links":{"self":[{"href":"https:\/\/www.em.com.br\/emfoco\/wp-json\/wp\/v2\/posts\/156559","targetHints":{"allow":["GET"]}}],"collection":[{"href":"https:\/\/www.em.com.br\/emfoco\/wp-json\/wp\/v2\/posts"}],"about":[{"href":"https:\/\/www.em.com.br\/emfoco\/wp-json\/wp\/v2\/types\/post"}],"author":[{"embeddable":true,"href":"https:\/\/www.em.com.br\/emfoco\/wp-json\/wp\/v2\/users\/9"}],"replies":[{"embeddable":true,"href":"https:\/\/www.em.com.br\/emfoco\/wp-json\/wp\/v2\/comments?post=156559"}],"version-history":[{"count":2,"href":"https:\/\/www.em.com.br\/emfoco\/wp-json\/wp\/v2\/posts\/156559\/revisions"}],"predecessor-version":[{"id":156605,"href":"https:\/\/www.em.com.br\/emfoco\/wp-json\/wp\/v2\/posts\/156559\/revisions\/156605"}],"wp:featuredmedia":[{"embeddable":true,"href":"https:\/\/www.em.com.br\/emfoco\/wp-json\/wp\/v2\/media\/156604"}],"wp:attachment":[{"href":"https:\/\/www.em.com.br\/emfoco\/wp-json\/wp\/v2\/media?parent=156559"}],"wp:term":[{"taxonomy":"category","embeddable":true,"href":"https:\/\/www.em.com.br\/emfoco\/wp-json\/wp\/v2\/categories?post=156559"},{"taxonomy":"post_tag","embeddable":true,"href":"https:\/\/www.em.com.br\/emfoco\/wp-json\/wp\/v2\/tags?post=156559"}],"curies":[{"name":"wp","href":"https:\/\/api.w.org\/{rel}","templated":true}]}}