{"id":156557,"date":"2026-01-18T07:25:45","date_gmt":"2026-01-18T10:25:45","guid":{"rendered":"https:\/\/www.em.com.br\/emfoco\/?p=156557"},"modified":"2026-01-17T14:31:01","modified_gmt":"2026-01-17T17:31:01","slug":"sem-tempo-para-nada-cinco-habitos-de-autocuidado-que-cabem-em-apenas-10-minutos-por-dia","status":"publish","type":"post","link":"https:\/\/www.em.com.br\/emfoco\/2026\/01\/18\/sem-tempo-para-nada-cinco-habitos-de-autocuidado-que-cabem-em-apenas-10-minutos-por-dia\/","title":{"rendered":"Sem tempo para nada? Cinco h\u00e1bitos de autocuidado que cabem em apenas 10 minutos por dia"},"content":{"rendered":"\n<h2 class=\"wp-block-heading\">Reserve 10 minutos para 5 h\u00e1bitos de autocuidado: respira\u00e7\u00e3o 4-4-6, alongamento leve, pausa digital, escrita de pensamentos e ritual noturno. Essa &#8220;higiene emocional&#8221; reduz o estresse e melhora o sono sem exigir grandes mudan\u00e7as.<\/h2>\n\n\n\n<p>Voc\u00ea j\u00e1 se pegou no meio de um dia corrido pensando <b>\u201ceu s\u00f3 queria cinco minutinhos de paz\u201d<\/b>? Com rotinas cheias, cuidar da <b>sa\u00fade mental<\/b> deixou de ser luxo e virou necessidade b\u00e1sica. Em vez de grandes mudan\u00e7as de vida, o <b>autocuidado<\/b> aparece como pequenas pausas que cabem no dia: minutos que aliviam o estresse, melhoram o humor e at\u00e9 ajudam a dormir melhor.<\/p>\n\n\n\n<h2 class=\"wp-block-heading\">Quais s\u00e3o os 5 h\u00e1bitos de autocuidado que cabem em 10 minutos por dia<\/h2>\n\n\n\n<p>Em 2026, muitos especialistas t\u00eam refor\u00e7ado a ideia de reservar apenas <b>10 minutos di\u00e1rios<\/b> para voc\u00ea mesmo. Pode parecer pouco, mas esse tempo j\u00e1 ajuda a <b>desacelerar<\/b>, respirar melhor e organizar os pensamentos. O segredo n\u00e3o \u00e9 fazer tudo perfeito, e sim <b>repetir um pouco todos os dias<\/b>.<\/p>\n\n\n\n<figure class=\"wp-block-embed is-type-rich is-provider-pinterest wp-block-embed-pinterest\"><div class=\"wp-block-embed__wrapper\">\n<iframe loading=\"lazy\" title=\"10 Alongamentos Essenciais para Relaxar o Corpo e Melhorar a Flexibilidade\" src=\"https:\/\/assets.pinterest.com\/ext\/embed.html?id=86483255340207018&#038;src=oembed\" height=\"775\" width=\"450\" frameborder=\"0\" scrolling=\"no\" ><\/iframe>\n<\/div><\/figure>\n\n\n\n<p>Cinco h\u00e1bitos simples podem formar um <b>\u201ckit di\u00e1rio\u201d de autocuidado<\/b>: eles s\u00e3o r\u00e1pidos, n\u00e3o exigem equipamentos e podem ser adaptados a qualquer rotina. Com o tempo, esse conjunto de pr\u00e1ticas se torna uma esp\u00e9cie de <b>rotina m\u00ednima<\/b> de cuidado pessoal, ajudando a manter o equil\u00edbrio entre corpo e mente sem exigir grandes esfor\u00e7os ou investimentos. Assim, voc\u00ea cria um <b>ponto de apoio<\/b> est\u00e1vel mesmo em dias mais ca\u00f3ticos.<\/p>\n\n\n\n<div style=\"font-family: 'Segoe UI', Tahoma, Geneva, Verdana, sans-serif; max-width: 900px; margin: 20px auto; border: 2px solid #722f37; border-radius: 30px; overflow: hidden; background-color: #ffffff; box-shadow: 0 4px 15px rgba(114, 47, 55, 0.1);\">\n    <table style=\"width: 100%; border-collapse: collapse; text-align: left; font-size: 14px;\">\n        <thead>\n            <tr style=\"background-color: #722f37;\">\n                <th style=\"padding: 15px; color: #ffffff; border-bottom: 2px solid #f9d8e6; width: 35%;\">Micro Ritual<\/th>\n                <th style=\"padding: 15px; color: #ffffff; border-bottom: 2px solid #f9d8e6; width: 65%;\">A\u00e7\u00e3o Recomendada<\/th>\n            <\/tr>\n        <\/thead>\n        <tbody>\n            <tr>\n                <td style=\"padding: 12px 15px; border-bottom: 1px solid #ffe3ee; color: #4a4a4a; font-weight: bold;\">1. Respira\u00e7\u00e3o consciente<\/td>\n                <td style=\"padding: 12px 15px; border-bottom: 1px solid #ffe3ee; color: #4a4a4a;\">Praticar por alguns minutos para acalmar o sistema nervoso.<\/td>\n            <\/tr>\n            <tr style=\"background-color: #fffafa;\">\n                <td style=\"padding: 12px 15px; border-bottom: 1px solid #ffe3ee; color: #4a4a4a; font-weight: bold;\">2. Pausa de movimento<\/td>\n                <td style=\"padding: 12px 15px; border-bottom: 1px solid #ffe3ee; color: #4a4a4a;\">Realizar uma pequena pausa de movimento para o corpo durante o dia.<\/td>\n            <\/tr>\n            <tr>\n                <td style=\"padding: 12px 15px; border-bottom: 1px solid #ffe3ee; color: #4a4a4a; font-weight: bold;\">3. Desconex\u00e3o digital<\/td>\n                <td style=\"padding: 12px 15px; border-bottom: 1px solid #ffe3ee; color: #4a4a4a;\">Praticar o afastamento de telas e dispositivos em blocos curtos.<\/td>\n            <\/tr>\n            <tr style=\"background-color: #fffafa;\">\n                <td style=\"padding: 12px 15px; border-bottom: 1px solid #ffe3ee; color: #4a4a4a; font-weight: bold;\">4. Escrita r\u00e1pida<\/td>\n                <td style=\"padding: 12px 15px; border-bottom: 1px solid #ffe3ee; color: #4a4a4a;\">Registrar pensamentos ou tarefas de forma r\u00e1pida para organizar a mente.<\/td>\n            <\/tr>\n            <tr>\n                <td style=\"padding: 12px 15px; color: #4a4a4a; font-weight: bold;\">5. Relaxamento pr\u00e9-sono<\/td>\n                <td style=\"padding: 12px 15px; color: #4a4a4a;\">Estabelecer um micro ritual de relaxamento antes de dormir.<\/td>\n            <\/tr>\n        <\/tbody>\n    <\/table>\n<\/div>\n\n\n\n<p>Leia tamb\u00e9m:&nbsp;<a href=\"https:\/\/www.em.com.br\/emfoco\/2026\/01\/16\/tomar-banho-no-escuro-o-curioso-metodo-que-melhora-o-sono-naturalmente\/\" target=\"_blank\" rel=\"noopener\">Tomar banho no escuro: o curioso m\u00e9todo que melhora o sono naturalmente<\/a><\/p>\n\n\n\n<h2 class=\"wp-block-heading\">Como a respira\u00e7\u00e3o e o movimento aliviam a tens\u00e3o ao longo do dia<\/h2>\n\n\n\n<p>A <b>respira\u00e7\u00e3o<\/b> \u00e9 uma das formas mais r\u00e1pidas de mostrar ao corpo que ele pode relaxar. Um exerc\u00edcio simples de <b>respira\u00e7\u00e3o profunda<\/b>, por 3 minutos, j\u00e1 faz diferen\u00e7a: inspirar pelo nariz contando at\u00e9 quatro, segurar o ar por quatro segundos e soltar devagar pela boca contando at\u00e9 seis. Essa sequ\u00eancia ajuda a acalmar o cora\u00e7\u00e3o e a diminuir a sensa\u00e7\u00e3o de <b>\u201cmente acelerada\u201d<\/b>.<\/p>\n\n\n<div class=\"wp-block-image\">\n<figure class=\"aligncenter size-large\"><img loading=\"lazy\" decoding=\"async\" width=\"1024\" height=\"576\" src=\"https:\/\/www.em.com.br\/emfoco\/wp-content\/uploads\/2026\/01\/saude-mental_1768649267257-1024x576.jpg\" alt=\"\" class=\"wp-image-156598\" srcset=\"https:\/\/www.em.com.br\/emfoco\/wp-content\/uploads\/2026\/01\/saude-mental_1768649267257-1024x576.jpg 1024w, https:\/\/www.em.com.br\/emfoco\/wp-content\/uploads\/2026\/01\/saude-mental_1768649267257-300x169.jpg 300w, https:\/\/www.em.com.br\/emfoco\/wp-content\/uploads\/2026\/01\/saude-mental_1768649267257-768x432.jpg 768w, https:\/\/www.em.com.br\/emfoco\/wp-content\/uploads\/2026\/01\/saude-mental_1768649267257-750x422.jpg 750w, https:\/\/www.em.com.br\/emfoco\/wp-content\/uploads\/2026\/01\/saude-mental_1768649267257-1140x641.jpg 1140w, https:\/\/www.em.com.br\/emfoco\/wp-content\/uploads\/2026\/01\/saude-mental_1768649267257.jpg 1280w\" sizes=\"auto, (max-width: 1024px) 100vw, 1024px\" \/><figcaption class=\"wp-element-caption\">Em 2026, muitos especialistas t\u00eam refor\u00e7ado a ideia de reservar apenas 10 minutos di\u00e1rios para voc\u00ea mesmo &#8211; Cr\u00e9ditos: depositphotos.com \/ HayDmitriy<\/figcaption><\/figure><\/div>\n\n\n<p>Junto com a respira\u00e7\u00e3o, vale incluir alguns minutos de <b>movimento leve<\/b>. N\u00e3o \u00e9 academia nem treino pesado, e sim alongamentos b\u00e1sicos para tirar o corpo da rigidez de ficar horas sentado ou em p\u00e9 na mesma posi\u00e7\u00e3o. Esses movimentos suaves estimulam a <b>circula\u00e7\u00e3o<\/b> e podem reduzir dores em regi\u00f5es como pesco\u00e7o e ombros, ajudando o corpo a liberar parte da <b>tens\u00e3o acumulada<\/b> ao longo do dia.<\/p>\n\n\n\n<ul class=\"wp-block-list\">\n<li>Levantar da cadeira e <b>caminhar dentro do c\u00f4modo<\/b>.<\/li>\n\n\n\n<li>Alongar <b>bra\u00e7os acima da cabe\u00e7a<\/b> e para os lados.<\/li>\n\n\n\n<li>Rotacionar <b>punhos, tornozelos<\/b> e pesco\u00e7o suavemente.<\/li>\n\n\n\n<li>Flexionar joelhos e fazer pequenos <b>agachamentos<\/b>, se poss\u00edvel.<\/li>\n<\/ul>\n\n\n\n<figure class=\"wp-block-embed is-type-rich is-provider-pinterest wp-block-embed-pinterest\"><div class=\"wp-block-embed__wrapper\">\n<iframe loading=\"lazy\" title=\"Sua mente precisa de aten\u00e7\u00e3o, pausa e gentileza.\" src=\"https:\/\/assets.pinterest.com\/ext\/embed.html?id=18014467258479648&#038;src=oembed\" height=\"770\" width=\"450\" frameborder=\"0\" scrolling=\"no\" ><\/iframe>\n<\/div><\/figure>\n\n\n\n<h2 class=\"wp-block-heading\">Por que a desconex\u00e3o digital e a escrita r\u00e1pida fazem tanta diferen\u00e7a<\/h2>\n\n\n\n<p>Com <b>notifica\u00e7\u00f5es<\/b> o dia todo, a mente quase n\u00e3o descansa. Por isso, fazer blocos de 2 ou 3 minutos sem telas \u00e9 uma forma simples de dar um <b>\u201crespiro\u201d ao c\u00e9rebro<\/b>. Guardar o celular, olhar pela janela, observar detalhes do ambiente ou apenas fechar os olhos j\u00e1 reduz a <b>sobrecarga de est\u00edmulos<\/b>.<\/p>\n\n\n\n<p>Outro h\u00e1bito poderoso \u00e9 a <b>escrita r\u00e1pida<\/b>, por cerca de 3 minutos. Colocar no papel tarefas importantes, preocupa\u00e7\u00f5es e pensamentos repetitivos funciona como um <b>\u201cdescarregar mental\u201d<\/b>, tirando o peso de lembrar de tudo sozinho e reduzindo aquela sensa\u00e7\u00e3o de cabe\u00e7a cheia antes de dormir. Al\u00e9m disso, escrever permite identificar padr\u00f5es de <b>estresse recorrente<\/b>, ajudando voc\u00ea a perceber o que mais precisa de aten\u00e7\u00e3o no seu dia a dia.<\/p>\n\n\n\n<p>Para voc\u00ea que se preocupa com sua sa\u00fade mental, separamos um v\u00eddeo do canal do <a href=\"https:\/\/www.youtube.com\/@ClaramenteNT\" target=\"_blank\" rel=\"noreferrer noopener\">Psiquiatra<\/a> <a href=\"https:\/\/www.youtube.com\/@ClaramenteNT\" target=\"_blank\" rel=\"noreferrer noopener\">Dr. Cesar Vasconcellos<\/a> com dicas de h\u00e1bitos para cuidar da sua sa\u00fade:<\/p>\n\n\n\n<figure class=\"wp-block-embed is-type-video is-provider-youtube wp-block-embed-youtube wp-embed-aspect-16-9 wp-has-aspect-ratio\"><div class=\"wp-block-embed__wrapper\">\n<div class=\"jeg_video_container jeg_video_content\"><iframe loading=\"lazy\" title=\"6 EXERC\u00cdCIOS PARA FORTALECER A SUA MENTE - Dr. Cesar Vasconcellos Psiquiatra\" width=\"500\" height=\"281\" src=\"https:\/\/www.youtube.com\/embed\/lXj9o0ZLMrc?feature=oembed\" frameborder=\"0\" allow=\"accelerometer; autoplay; clipboard-write; encrypted-media; gyroscope; picture-in-picture; web-share\" referrerpolicy=\"strict-origin-when-cross-origin\" allowfullscreen><\/iframe><\/div>\n<\/div><\/figure>\n\n\n\n<h2 class=\"wp-block-heading\">Como criar um micro ritual de relaxamento para dormir melhor<\/h2>\n\n\n\n<p>Encerrar o dia com um pequeno <b>ritual<\/b> \u00e9 como dizer ao corpo: \u201cagora \u00e9 hora de desligar\u201d. Ele n\u00e3o precisa ser demorado nem complicado, s\u00f3 repetido com certa frequ\u00eancia para que o c\u00e9rebro comece a associar essas a\u00e7\u00f5es ao <b>descanso<\/b>. Esse processo de associa\u00e7\u00e3o funciona como um <b>sinal autom\u00e1tico<\/b> interno, facilitando a transi\u00e7\u00e3o entre atividade e sono.<\/p>\n\n\n\n<p>Voc\u00ea pode escolher algo simples que fa\u00e7a sentido para a sua rotina e que seja prazeroso, n\u00e3o uma obriga\u00e7\u00e3o: um <b>banho calmo<\/b>, um ch\u00e1 morno, alguns minutos de leitura leve ou um \u00e1udio relaxante j\u00e1 ajudam o corpo a entrar no modo sono com mais facilidade. Ao manter esse micro ritual, voc\u00ea cria uma esp\u00e9cie de <b>\u201chor\u00e1rio de fechamento\u201d<\/b> do dia, protegendo esse momento como um compromisso com seu pr\u00f3prio descanso.<\/p>\n\n\n\n<ul class=\"wp-block-list\">\n<li>Tomar um banho r\u00e1pido prestando aten\u00e7\u00e3o \u00e0 <b>temperatura da \u00e1gua<\/b> e \u00e0s sensa\u00e7\u00f5es f\u00edsicas.<\/li>\n\n\n\n<li>Beber um ch\u00e1 sem cafe\u00edna, em <b>sil\u00eancio<\/b> e sem celular.<\/li>\n\n\n\n<li>Ouvir uma faixa de <b>sons calmos<\/b> ou medita\u00e7\u00e3o guiada curta.<\/li>\n\n\n\n<li>Ler algumas p\u00e1ginas de um <b>livro leve<\/b>, em formato impresso.<\/li>\n<\/ul>\n","protected":false},"excerpt":{"rendered":"<p>Reserve 10 minutos para 5 h\u00e1bitos de autocuidado: respira\u00e7\u00e3o 4-4-6, alongamento leve, pausa digital, escrita de pensamentos e ritual noturno. Essa &#8220;higiene emocional&#8221; reduz o estresse e melhora o sono sem exigir grandes mudan\u00e7as. Voc\u00ea j\u00e1 se pegou no meio de um dia corrido pensando \u201ceu s\u00f3 queria cinco minutinhos de paz\u201d? Com rotinas cheias, [&hellip;]<\/p>\n","protected":false},"author":9,"featured_media":139308,"comment_status":"open","ping_status":"open","sticky":false,"template":"","format":"standard","meta":{"jnews-multi-image_gallery":[],"jnews_single_post":{"format":"standard"},"jnews_primary_category":[],"jnews_social_meta":[],"jnews_override_counter":[],"footnotes":""},"categories":[8691,8819,1],"tags":[22121,711,5654],"class_list":["post-156557","post","type-post","status-publish","format-standard","has-post-thumbnail","hentry","category-bem-estar","category-curiosidades","category-noticias","tag-auto-cuidado","tag-bem-estar","tag-habitos-diarios"],"yoast_head":"<!-- This site is optimized with the Yoast SEO plugin v23.8 - https:\/\/yoast.com\/wordpress\/plugins\/seo\/ -->\n<title>Sem tempo para nada? Cinco h\u00e1bitos de autocuidado que cabem em apenas 10 minutos por dia - Estado de Minas - Em foco<\/title>\n<meta name=\"description\" content=\"Sem tempo? Cuide da mente em 10 min. Respira\u00e7\u00e3o, escrita e pausas digitais reduzem o estresse e melhoram o sono.\" \/>\n<meta name=\"robots\" content=\"index, follow, max-snippet:-1, max-image-preview:large, max-video-preview:-1\" \/>\n<link rel=\"canonical\" href=\"https:\/\/www.em.com.br\/emfoco\/2026\/01\/18\/sem-tempo-para-nada-cinco-habitos-de-autocuidado-que-cabem-em-apenas-10-minutos-por-dia\/\" \/>\n<meta property=\"og:locale\" content=\"pt_BR\" \/>\n<meta property=\"og:type\" content=\"article\" \/>\n<meta property=\"og:title\" content=\"Sem tempo para nada? Cinco h\u00e1bitos de autocuidado que cabem em apenas 10 minutos por dia - Estado de Minas - Em foco\" \/>\n<meta property=\"og:description\" content=\"Sem tempo? Cuide da mente em 10 min. Respira\u00e7\u00e3o, escrita e pausas digitais reduzem o estresse e melhoram o sono.\" \/>\n<meta property=\"og:url\" content=\"https:\/\/www.em.com.br\/emfoco\/2026\/01\/18\/sem-tempo-para-nada-cinco-habitos-de-autocuidado-que-cabem-em-apenas-10-minutos-por-dia\/\" \/>\n<meta property=\"og:site_name\" content=\"Estado de Minas - Em foco\" \/>\n<meta property=\"article:published_time\" content=\"2026-01-18T10:25:45+00:00\" \/>\n<meta property=\"article:modified_time\" content=\"2026-01-17T17:31:01+00:00\" \/>\n<meta property=\"og:image\" content=\"https:\/\/www.em.com.br\/emfoco\/wp-content\/uploads\/2025\/12\/Autocuidado-feminino_1765489124523.jpg\" \/>\n\t<meta property=\"og:image:width\" content=\"1280\" \/>\n\t<meta property=\"og:image:height\" content=\"720\" \/>\n\t<meta property=\"og:image:type\" content=\"image\/jpeg\" \/>\n<meta name=\"author\" content=\"Daniely Cardoso\" \/>\n<meta name=\"twitter:card\" content=\"summary_large_image\" \/>\n<meta name=\"twitter:label1\" content=\"Escrito por\" \/>\n\t<meta name=\"twitter:data1\" content=\"Daniely Cardoso\" \/>\n\t<meta name=\"twitter:label2\" content=\"Est. tempo de leitura\" \/>\n\t<meta name=\"twitter:data2\" content=\"6 minutos\" \/>\n<!-- \/ Yoast SEO plugin. -->","yoast_head_json":{"title":"Sem tempo para nada? Cinco h\u00e1bitos de autocuidado que cabem em apenas 10 minutos por dia - Estado de Minas - Em foco","description":"Sem tempo? Cuide da mente em 10 min. Respira\u00e7\u00e3o, escrita e pausas digitais reduzem o estresse e melhoram o sono.","robots":{"index":"index","follow":"follow","max-snippet":"max-snippet:-1","max-image-preview":"max-image-preview:large","max-video-preview":"max-video-preview:-1"},"canonical":"https:\/\/www.em.com.br\/emfoco\/2026\/01\/18\/sem-tempo-para-nada-cinco-habitos-de-autocuidado-que-cabem-em-apenas-10-minutos-por-dia\/","og_locale":"pt_BR","og_type":"article","og_title":"Sem tempo para nada? Cinco h\u00e1bitos de autocuidado que cabem em apenas 10 minutos por dia - Estado de Minas - Em foco","og_description":"Sem tempo? Cuide da mente em 10 min. Respira\u00e7\u00e3o, escrita e pausas digitais reduzem o estresse e melhoram o sono.","og_url":"https:\/\/www.em.com.br\/emfoco\/2026\/01\/18\/sem-tempo-para-nada-cinco-habitos-de-autocuidado-que-cabem-em-apenas-10-minutos-por-dia\/","og_site_name":"Estado de Minas - Em foco","article_published_time":"2026-01-18T10:25:45+00:00","article_modified_time":"2026-01-17T17:31:01+00:00","og_image":[{"width":1280,"height":720,"url":"https:\/\/www.em.com.br\/emfoco\/wp-content\/uploads\/2025\/12\/Autocuidado-feminino_1765489124523.jpg","type":"image\/jpeg"}],"author":"Daniely Cardoso","twitter_card":"summary_large_image","twitter_misc":{"Escrito por":"Daniely Cardoso","Est. tempo de leitura":"6 minutos"},"schema":{"@context":"https:\/\/schema.org","@graph":[{"@type":"WebPage","@id":"https:\/\/www.em.com.br\/emfoco\/2026\/01\/18\/sem-tempo-para-nada-cinco-habitos-de-autocuidado-que-cabem-em-apenas-10-minutos-por-dia\/","url":"https:\/\/www.em.com.br\/emfoco\/2026\/01\/18\/sem-tempo-para-nada-cinco-habitos-de-autocuidado-que-cabem-em-apenas-10-minutos-por-dia\/","name":"Sem tempo para nada? Cinco h\u00e1bitos de autocuidado que cabem em apenas 10 minutos por dia - Estado de Minas - Em foco","isPartOf":{"@id":"https:\/\/www.em.com.br\/emfoco\/#website"},"primaryImageOfPage":{"@id":"https:\/\/www.em.com.br\/emfoco\/2026\/01\/18\/sem-tempo-para-nada-cinco-habitos-de-autocuidado-que-cabem-em-apenas-10-minutos-por-dia\/#primaryimage"},"image":{"@id":"https:\/\/www.em.com.br\/emfoco\/2026\/01\/18\/sem-tempo-para-nada-cinco-habitos-de-autocuidado-que-cabem-em-apenas-10-minutos-por-dia\/#primaryimage"},"thumbnailUrl":"https:\/\/www.em.com.br\/emfoco\/wp-content\/uploads\/2025\/12\/Autocuidado-feminino_1765489124523.jpg","datePublished":"2026-01-18T10:25:45+00:00","dateModified":"2026-01-17T17:31:01+00:00","author":{"@id":"https:\/\/www.em.com.br\/emfoco\/#\/schema\/person\/0a8186d72f2c3a5c6276d90b41f271a0"},"description":"Sem tempo? Cuide da mente em 10 min. Respira\u00e7\u00e3o, escrita e pausas digitais reduzem o estresse e melhoram o sono.","breadcrumb":{"@id":"https:\/\/www.em.com.br\/emfoco\/2026\/01\/18\/sem-tempo-para-nada-cinco-habitos-de-autocuidado-que-cabem-em-apenas-10-minutos-por-dia\/#breadcrumb"},"inLanguage":"pt-BR","potentialAction":[{"@type":"ReadAction","target":["https:\/\/www.em.com.br\/emfoco\/2026\/01\/18\/sem-tempo-para-nada-cinco-habitos-de-autocuidado-que-cabem-em-apenas-10-minutos-por-dia\/"]}]},{"@type":"ImageObject","inLanguage":"pt-BR","@id":"https:\/\/www.em.com.br\/emfoco\/2026\/01\/18\/sem-tempo-para-nada-cinco-habitos-de-autocuidado-que-cabem-em-apenas-10-minutos-por-dia\/#primaryimage","url":"https:\/\/www.em.com.br\/emfoco\/wp-content\/uploads\/2025\/12\/Autocuidado-feminino_1765489124523.jpg","contentUrl":"https:\/\/www.em.com.br\/emfoco\/wp-content\/uploads\/2025\/12\/Autocuidado-feminino_1765489124523.jpg","width":1280,"height":720,"caption":"Ao redor dos 40 anos, o corpo feminino passa por mudan\u00e7as mais percept\u00edveis - Cr\u00e9ditos: depositphotos.com \/ Satura_"},{"@type":"BreadcrumbList","@id":"https:\/\/www.em.com.br\/emfoco\/2026\/01\/18\/sem-tempo-para-nada-cinco-habitos-de-autocuidado-que-cabem-em-apenas-10-minutos-por-dia\/#breadcrumb","itemListElement":[{"@type":"ListItem","position":1,"name":"In\u00edcio","item":"https:\/\/www.em.com.br\/emfoco\/"},{"@type":"ListItem","position":2,"name":"Sem tempo para nada? Cinco h\u00e1bitos de autocuidado que cabem em apenas 10 minutos por dia"}]},{"@type":"WebSite","@id":"https:\/\/www.em.com.br\/emfoco\/#website","url":"https:\/\/www.em.com.br\/emfoco\/","name":"Estado de Minas - Em foco","description":"Acompanhe as \u00faltimas not\u00edcias e fique bem informado sobre tudo o que acontece em Minas Gerais, Brasil e no mundo.","potentialAction":[{"@type":"SearchAction","target":{"@type":"EntryPoint","urlTemplate":"https:\/\/www.em.com.br\/emfoco\/?s={search_term_string}"},"query-input":{"@type":"PropertyValueSpecification","valueRequired":true,"valueName":"search_term_string"}}],"inLanguage":"pt-BR"},{"@type":"Person","@id":"https:\/\/www.em.com.br\/emfoco\/#\/schema\/person\/0a8186d72f2c3a5c6276d90b41f271a0","name":"Daniely Cardoso","image":{"@type":"ImageObject","inLanguage":"pt-BR","@id":"https:\/\/www.em.com.br\/emfoco\/#\/schema\/person\/image\/","url":"https:\/\/secure.gravatar.com\/avatar\/4b80ddbd124d1f071b626d52d62e5dff?s=96&d=mm&r=g","contentUrl":"https:\/\/secure.gravatar.com\/avatar\/4b80ddbd124d1f071b626d52d62e5dff?s=96&d=mm&r=g","caption":"Daniely Cardoso"},"url":"https:\/\/www.em.com.br\/emfoco\/author\/danielymyth\/"}]}},"_links":{"self":[{"href":"https:\/\/www.em.com.br\/emfoco\/wp-json\/wp\/v2\/posts\/156557","targetHints":{"allow":["GET"]}}],"collection":[{"href":"https:\/\/www.em.com.br\/emfoco\/wp-json\/wp\/v2\/posts"}],"about":[{"href":"https:\/\/www.em.com.br\/emfoco\/wp-json\/wp\/v2\/types\/post"}],"author":[{"embeddable":true,"href":"https:\/\/www.em.com.br\/emfoco\/wp-json\/wp\/v2\/users\/9"}],"replies":[{"embeddable":true,"href":"https:\/\/www.em.com.br\/emfoco\/wp-json\/wp\/v2\/comments?post=156557"}],"version-history":[{"count":3,"href":"https:\/\/www.em.com.br\/emfoco\/wp-json\/wp\/v2\/posts\/156557\/revisions"}],"predecessor-version":[{"id":156649,"href":"https:\/\/www.em.com.br\/emfoco\/wp-json\/wp\/v2\/posts\/156557\/revisions\/156649"}],"wp:featuredmedia":[{"embeddable":true,"href":"https:\/\/www.em.com.br\/emfoco\/wp-json\/wp\/v2\/media\/139308"}],"wp:attachment":[{"href":"https:\/\/www.em.com.br\/emfoco\/wp-json\/wp\/v2\/media?parent=156557"}],"wp:term":[{"taxonomy":"category","embeddable":true,"href":"https:\/\/www.em.com.br\/emfoco\/wp-json\/wp\/v2\/categories?post=156557"},{"taxonomy":"post_tag","embeddable":true,"href":"https:\/\/www.em.com.br\/emfoco\/wp-json\/wp\/v2\/tags?post=156557"}],"curies":[{"name":"wp","href":"https:\/\/api.w.org\/{rel}","templated":true}]}}