{"id":156518,"date":"2026-01-19T14:05:00","date_gmt":"2026-01-19T17:05:00","guid":{"rendered":"https:\/\/www.em.com.br\/emfoco\/?p=156518"},"modified":"2026-01-17T02:28:43","modified_gmt":"2026-01-17T05:28:43","slug":"maior-rede-de-farmacias-dos-eua-encerra-atividades-apos-61-anos-e-acumula-divida-bilionaria-por-causa-de-acoes-judiciais-e-ma-gestao","status":"publish","type":"post","link":"https:\/\/www.em.com.br\/emfoco\/2026\/01\/19\/maior-rede-de-farmacias-dos-eua-encerra-atividades-apos-61-anos-e-acumula-divida-bilionaria-por-causa-de-acoes-judiciais-e-ma-gestao\/","title":{"rendered":"Maior rede de farm\u00e1cias dos EUA encerra atividades ap\u00f3s 61 anos e acumula d\u00edvida bilion\u00e1ria por causa de a\u00e7\u00f5es judiciais e m\u00e1 gest\u00e3o"},"content":{"rendered":"\n<h2 class=\"wp-block-heading\">A Rite Aid encerrou opera\u00e7\u00f5es ap\u00f3s 61 anos com d\u00edvida de cerca de R$ 15 bilh\u00f5es. Processos ligados aos opioides, altos custos legais e tentativas frustradas de recupera\u00e7\u00e3o levaram ao fechamento total das lojas.<\/h2>\n\n\n\n<p>A <strong>Rite Aid<\/strong>, uma das maiores redes de farm\u00e1cias dos Estados Unidos, encerrou as atividades ap\u00f3s 61 anos de atua\u00e7\u00e3o. A empresa acumulou cerca de <strong>R$ 15 bilh\u00f5es em d\u00edvidas<\/strong> e fechou centenas de lojas, marcando uma das maiores fal\u00eancias do varejo farmac\u00eautico recente.<\/p>\n\n\n\n<h2 class=\"wp-block-heading\">Como a Rite Aid saiu do auge para a fal\u00eancia?<\/h2>\n\n\n\n<p>A trajet\u00f3ria da <strong>Rite Aid<\/strong> come\u00e7ou s\u00f3lida, com presen\u00e7a nacional e milhares de unidades espalhadas pelo pa\u00eds. Durante d\u00e9cadas, a rede fez parte da rotina dos consumidores, oferecendo medicamentos, produtos de higiene e servi\u00e7os b\u00e1sicos de sa\u00fade.<\/p>\n\n\n\n<p>Com o passar dos anos, por\u00e9m, a empresa passou a enfrentar dificuldades financeiras persistentes. Custos elevados, mudan\u00e7as no mercado e decis\u00f5es estrat\u00e9gicas malsucedidas comprometeram a sustentabilidade do neg\u00f3cio, iniciando um longo per\u00edodo de crise.<\/p>\n\n\n\n<figure class=\"wp-block-image size-large\"><img loading=\"lazy\" decoding=\"async\" width=\"1024\" height=\"576\" src=\"https:\/\/www.em.com.br\/emfoco\/wp-content\/uploads\/2026\/01\/AIAI-13-11-1024x576.jpg\" alt=\"Maior rede de farm\u00e1cias dos EUA encerra atividades ap\u00f3s 61 anos e acumula d\u00edvida bilion\u00e1ria por causa de a\u00e7\u00f5es judiciais e m\u00e1 gest\u00e3o\" class=\"wp-image-156541\" srcset=\"https:\/\/www.em.com.br\/emfoco\/wp-content\/uploads\/2026\/01\/AIAI-13-11-1024x576.jpg 1024w, https:\/\/www.em.com.br\/emfoco\/wp-content\/uploads\/2026\/01\/AIAI-13-11-300x169.jpg 300w, https:\/\/www.em.com.br\/emfoco\/wp-content\/uploads\/2026\/01\/AIAI-13-11-768x432.jpg 768w, https:\/\/www.em.com.br\/emfoco\/wp-content\/uploads\/2026\/01\/AIAI-13-11-750x422.jpg 750w, https:\/\/www.em.com.br\/emfoco\/wp-content\/uploads\/2026\/01\/AIAI-13-11-1140x641.jpg 1140w, https:\/\/www.em.com.br\/emfoco\/wp-content\/uploads\/2026\/01\/AIAI-13-11.jpg 1280w\" sizes=\"auto, (max-width: 1024px) 100vw, 1024px\" \/><figcaption class=\"wp-element-caption\">Decis\u00f5es estrat\u00e9gicas falhas e custos elevados levaram empresa \u00e0 crise prolongada<\/figcaption><\/figure>\n\n\n\n<h2 class=\"wp-block-heading\">Quais fatores levaram ao crescimento explosivo das d\u00edvidas?<\/h2>\n\n\n\n<p>A situa\u00e7\u00e3o financeira da <strong><a href=\"https:\/\/www.riteaid.com\/\" target=\"_blank\" rel=\"noreferrer noopener\">Rite Aid<\/a><\/strong> se agravou de forma acelerada quando a empresa come\u00e7ou a responder a in\u00fameros processos judiciais, pressionando o caixa e ampliando o passivo. Entre os principais fatores que impulsionaram o endividamento, est\u00e3o os seguintes.<\/p>\n\n\n\n<ul class=\"wp-block-list\">\n<li><strong>A\u00e7\u00f5es judiciais<\/strong> ligadas \u00e0 crise dos opioides nos Estados Unidos.<\/li>\n\n\n\n<li><strong>Custos legais e indeniza\u00e7\u00f5es<\/strong> que elevaram o passivo financeiro.<\/li>\n\n\n\n<li><strong>D\u00edvida acumulada<\/strong> de cerca de US$ 3,3 bilh\u00f5es, equivalente a R$ 15 bilh\u00f5es.<\/li>\n<\/ul>\n\n\n\n<h2 class=\"wp-block-heading\">O que ocorreu durante a tentativa de recupera\u00e7\u00e3o financeira?<\/h2>\n\n\n\n<p>Em 2023, a <strong>Rite Aid<\/strong> entrou com pedido de prote\u00e7\u00e3o contra fal\u00eancia para tentar reorganizar suas finan\u00e7as, iniciando um processo de fechamento de lojas e renegocia\u00e7\u00e3o de compromissos financeiros.<\/p>\n\n\n\n<p>Na \u00e9poca, a rede reduziu o n\u00famero de unidades de aproximadamente 2.000 para cerca de 1.250. Mesmo saindo do processo em 2024 como empresa privada, a d\u00edvida remanescente continuou alta e insustent\u00e1vel.<\/p>\n\n\n\n<figure class=\"wp-block-image size-large\"><img loading=\"lazy\" decoding=\"async\" width=\"1024\" height=\"576\" src=\"https:\/\/www.em.com.br\/emfoco\/wp-content\/uploads\/2026\/01\/AIAI-14-9-1024x576.jpg\" alt=\"Maior rede de farm\u00e1cias dos EUA encerra atividades ap\u00f3s 61 anos e acumula d\u00edvida bilion\u00e1ria por causa de a\u00e7\u00f5es judiciais e m\u00e1 gest\u00e3o\" class=\"wp-image-156543\" srcset=\"https:\/\/www.em.com.br\/emfoco\/wp-content\/uploads\/2026\/01\/AIAI-14-9-1024x576.jpg 1024w, https:\/\/www.em.com.br\/emfoco\/wp-content\/uploads\/2026\/01\/AIAI-14-9-300x169.jpg 300w, https:\/\/www.em.com.br\/emfoco\/wp-content\/uploads\/2026\/01\/AIAI-14-9-768x432.jpg 768w, https:\/\/www.em.com.br\/emfoco\/wp-content\/uploads\/2026\/01\/AIAI-14-9-750x422.jpg 750w, https:\/\/www.em.com.br\/emfoco\/wp-content\/uploads\/2026\/01\/AIAI-14-9-1140x641.jpg 1140w, https:\/\/www.em.com.br\/emfoco\/wp-content\/uploads\/2026\/01\/AIAI-14-9.jpg 1280w\" sizes=\"auto, (max-width: 1024px) 100vw, 1024px\" \/><figcaption class=\"wp-element-caption\">Recupera\u00e7\u00e3o judicial reduziu lojas, mas n\u00e3o conseguiu reverter colapso financeiro<\/figcaption><\/figure>\n\n\n\n<p><em>Leia mais: <em><strong><a href=\"https:\/\/www.em.com.br\/emfoco\/2026\/01\/16\/nova-regra-da-nr-01-obriga-empresas-a-cuidar-da-saude-mental-dos-funcionarios-sob-risco-de-multas-e-processos\/\" target=\"_blank\" rel=\"noreferrer noopener\">Nova regra da NR-01 obriga empresas a cuidar da sa\u00fade mental dos funcion\u00e1rios sob risco de multas e processos<\/a><\/strong><\/em><\/em><\/p>\n\n\n\n<h2 class=\"wp-block-heading\">Quando a Rite Aid confirmou o fechamento definitivo?<\/h2>\n\n\n\n<p>A crise se tornou irrevers\u00edvel em 2025, quando a empresa declarou fal\u00eancia novamente e confirmou o encerramento completo das opera\u00e7\u00f5es. Entre as consequ\u00eancias diretas dessa decis\u00e3o, destacam-se os pontos abaixo.<\/p>\n\n\n\n<ul class=\"wp-block-list\">\n<li><strong>Fechamento total<\/strong> de todas as lojas da Rite Aid.<\/li>\n\n\n\n<li><strong>Fim das opera\u00e7\u00f5es comerciais<\/strong> ap\u00f3s 61 anos de hist\u00f3ria.<\/li>\n\n\n\n<li><strong>Manuten\u00e7\u00e3o limitada<\/strong> apenas para hist\u00f3rico de receitas e vacinas.<\/li>\n<\/ul>\n\n\n\n<h2 class=\"wp-block-heading\">Qual \u00e9 a diferen\u00e7a entre recupera\u00e7\u00e3o judicial e fal\u00eancia?<\/h2>\n\n\n\n<p>A recupera\u00e7\u00e3o judicial permite que a empresa continue operando enquanto reorganiza suas d\u00edvidas, buscando retomar a capacidade de gerar receita e preservar empregos ao longo do processo.<\/p>\n\n\n\n<p>Na fal\u00eancia, o neg\u00f3cio \u00e9 considerado <strong>irrecuper\u00e1vel<\/strong>, ocorre o encerramento das atividades e os ativos s\u00e3o liquidados para pagar credores, exatamente o desfecho enfrentado pela <strong>Rite Aid<\/strong>.<\/p>\n","protected":false},"excerpt":{"rendered":"<p>A Rite Aid encerrou opera\u00e7\u00f5es ap\u00f3s 61 anos com d\u00edvida de cerca de R$ 15 bilh\u00f5es. Processos ligados aos opioides, altos custos legais e tentativas frustradas de recupera\u00e7\u00e3o levaram ao fechamento total das lojas. A Rite Aid, uma das maiores redes de farm\u00e1cias dos Estados Unidos, encerrou as atividades ap\u00f3s 61 anos de atua\u00e7\u00e3o. A [&hellip;]<\/p>\n","protected":false},"author":13,"featured_media":156540,"comment_status":"open","ping_status":"open","sticky":false,"template":"","format":"standard","meta":{"jnews-multi-image_gallery":[],"jnews_single_post":{"format":"standard"},"jnews_primary_category":[],"jnews_social_meta":[],"jnews_override_counter":[],"footnotes":""},"categories":[28],"tags":[5478,9932,5477],"class_list":["post-156518","post","type-post","status-publish","format-standard","has-post-thumbnail","hentry","category-economia","tag-falencia","tag-farmacia","tag-rite-aid"],"yoast_head":"<!-- This site is optimized with the Yoast SEO plugin v23.8 - https:\/\/yoast.com\/wordpress\/plugins\/seo\/ -->\n<title>Maior rede de farm\u00e1cias dos EUA encerra atividades ap\u00f3s 61 anos e acumula d\u00edvida bilion\u00e1ria por causa de a\u00e7\u00f5es judiciais e m\u00e1 gest\u00e3o - Estado de Minas - Em foco<\/title>\n<meta name=\"description\" content=\"Rede hist\u00f3rica de farm\u00e1cias dos EUA fecha todas as lojas ap\u00f3s 61 anos e acumula d\u00edvida bilion\u00e1ria ligada \u00e0 crise dos opioides no pa\u00eds.\" \/>\n<meta name=\"robots\" content=\"index, follow, max-snippet:-1, max-image-preview:large, max-video-preview:-1\" \/>\n<link rel=\"canonical\" href=\"https:\/\/www.em.com.br\/emfoco\/2026\/01\/19\/maior-rede-de-farmacias-dos-eua-encerra-atividades-apos-61-anos-e-acumula-divida-bilionaria-por-causa-de-acoes-judiciais-e-ma-gestao\/\" \/>\n<meta property=\"og:locale\" content=\"pt_BR\" \/>\n<meta property=\"og:type\" content=\"article\" \/>\n<meta property=\"og:title\" content=\"Maior rede de farm\u00e1cias dos EUA encerra atividades ap\u00f3s 61 anos e acumula d\u00edvida bilion\u00e1ria por causa de a\u00e7\u00f5es judiciais e m\u00e1 gest\u00e3o - Estado de Minas - Em foco\" \/>\n<meta property=\"og:description\" content=\"Rede hist\u00f3rica de farm\u00e1cias dos EUA fecha todas as lojas ap\u00f3s 61 anos e acumula d\u00edvida bilion\u00e1ria ligada \u00e0 crise dos opioides no pa\u00eds.\" \/>\n<meta property=\"og:url\" content=\"https:\/\/www.em.com.br\/emfoco\/2026\/01\/19\/maior-rede-de-farmacias-dos-eua-encerra-atividades-apos-61-anos-e-acumula-divida-bilionaria-por-causa-de-acoes-judiciais-e-ma-gestao\/\" \/>\n<meta property=\"og:site_name\" content=\"Estado de Minas - Em foco\" \/>\n<meta property=\"article:published_time\" content=\"2026-01-19T17:05:00+00:00\" \/>\n<meta property=\"article:modified_time\" content=\"2026-01-17T05:28:43+00:00\" \/>\n<meta property=\"og:image\" content=\"https:\/\/www.em.com.br\/emfoco\/wp-content\/uploads\/2026\/01\/AIAI-12-11.jpg\" \/>\n\t<meta property=\"og:image:width\" content=\"1280\" \/>\n\t<meta property=\"og:image:height\" content=\"720\" \/>\n\t<meta property=\"og:image:type\" content=\"image\/jpeg\" \/>\n<meta name=\"author\" content=\"Gabriel Martins\" \/>\n<meta name=\"twitter:card\" content=\"summary_large_image\" \/>\n<meta name=\"twitter:label1\" content=\"Escrito por\" \/>\n\t<meta name=\"twitter:data1\" content=\"Gabriel Martins\" \/>\n\t<meta name=\"twitter:label2\" content=\"Est. tempo de leitura\" \/>\n\t<meta name=\"twitter:data2\" content=\"4 minutos\" \/>\n<!-- \/ Yoast SEO plugin. -->","yoast_head_json":{"title":"Maior rede de farm\u00e1cias dos EUA encerra atividades ap\u00f3s 61 anos e acumula d\u00edvida bilion\u00e1ria por causa de a\u00e7\u00f5es judiciais e m\u00e1 gest\u00e3o - Estado de Minas - Em foco","description":"Rede hist\u00f3rica de farm\u00e1cias dos EUA fecha todas as lojas ap\u00f3s 61 anos e acumula d\u00edvida bilion\u00e1ria ligada \u00e0 crise dos opioides no pa\u00eds.","robots":{"index":"index","follow":"follow","max-snippet":"max-snippet:-1","max-image-preview":"max-image-preview:large","max-video-preview":"max-video-preview:-1"},"canonical":"https:\/\/www.em.com.br\/emfoco\/2026\/01\/19\/maior-rede-de-farmacias-dos-eua-encerra-atividades-apos-61-anos-e-acumula-divida-bilionaria-por-causa-de-acoes-judiciais-e-ma-gestao\/","og_locale":"pt_BR","og_type":"article","og_title":"Maior rede de farm\u00e1cias dos EUA encerra atividades ap\u00f3s 61 anos e acumula d\u00edvida bilion\u00e1ria por causa de a\u00e7\u00f5es judiciais e m\u00e1 gest\u00e3o - Estado de Minas - Em foco","og_description":"Rede hist\u00f3rica de farm\u00e1cias dos EUA fecha todas as lojas ap\u00f3s 61 anos e acumula d\u00edvida bilion\u00e1ria ligada \u00e0 crise dos opioides no pa\u00eds.","og_url":"https:\/\/www.em.com.br\/emfoco\/2026\/01\/19\/maior-rede-de-farmacias-dos-eua-encerra-atividades-apos-61-anos-e-acumula-divida-bilionaria-por-causa-de-acoes-judiciais-e-ma-gestao\/","og_site_name":"Estado de Minas - Em foco","article_published_time":"2026-01-19T17:05:00+00:00","article_modified_time":"2026-01-17T05:28:43+00:00","og_image":[{"width":1280,"height":720,"url":"https:\/\/www.em.com.br\/emfoco\/wp-content\/uploads\/2026\/01\/AIAI-12-11.jpg","type":"image\/jpeg"}],"author":"Gabriel Martins","twitter_card":"summary_large_image","twitter_misc":{"Escrito por":"Gabriel Martins","Est. tempo de leitura":"4 minutos"},"schema":{"@context":"https:\/\/schema.org","@graph":[{"@type":"WebPage","@id":"https:\/\/www.em.com.br\/emfoco\/2026\/01\/19\/maior-rede-de-farmacias-dos-eua-encerra-atividades-apos-61-anos-e-acumula-divida-bilionaria-por-causa-de-acoes-judiciais-e-ma-gestao\/","url":"https:\/\/www.em.com.br\/emfoco\/2026\/01\/19\/maior-rede-de-farmacias-dos-eua-encerra-atividades-apos-61-anos-e-acumula-divida-bilionaria-por-causa-de-acoes-judiciais-e-ma-gestao\/","name":"Maior rede de farm\u00e1cias dos EUA encerra atividades ap\u00f3s 61 anos e acumula d\u00edvida bilion\u00e1ria por causa de a\u00e7\u00f5es judiciais e m\u00e1 gest\u00e3o - Estado de Minas - Em foco","isPartOf":{"@id":"https:\/\/www.em.com.br\/emfoco\/#website"},"primaryImageOfPage":{"@id":"https:\/\/www.em.com.br\/emfoco\/2026\/01\/19\/maior-rede-de-farmacias-dos-eua-encerra-atividades-apos-61-anos-e-acumula-divida-bilionaria-por-causa-de-acoes-judiciais-e-ma-gestao\/#primaryimage"},"image":{"@id":"https:\/\/www.em.com.br\/emfoco\/2026\/01\/19\/maior-rede-de-farmacias-dos-eua-encerra-atividades-apos-61-anos-e-acumula-divida-bilionaria-por-causa-de-acoes-judiciais-e-ma-gestao\/#primaryimage"},"thumbnailUrl":"https:\/\/www.em.com.br\/emfoco\/wp-content\/uploads\/2026\/01\/AIAI-12-11.jpg","datePublished":"2026-01-19T17:05:00+00:00","dateModified":"2026-01-17T05:28:43+00:00","author":{"@id":"https:\/\/www.em.com.br\/emfoco\/#\/schema\/person\/1c9ddeab18b98abeffef834667bcf08a"},"description":"Rede hist\u00f3rica de farm\u00e1cias dos EUA fecha todas as lojas ap\u00f3s 61 anos e acumula d\u00edvida bilion\u00e1ria ligada \u00e0 crise dos opioides no pa\u00eds.","breadcrumb":{"@id":"https:\/\/www.em.com.br\/emfoco\/2026\/01\/19\/maior-rede-de-farmacias-dos-eua-encerra-atividades-apos-61-anos-e-acumula-divida-bilionaria-por-causa-de-acoes-judiciais-e-ma-gestao\/#breadcrumb"},"inLanguage":"pt-BR","potentialAction":[{"@type":"ReadAction","target":["https:\/\/www.em.com.br\/emfoco\/2026\/01\/19\/maior-rede-de-farmacias-dos-eua-encerra-atividades-apos-61-anos-e-acumula-divida-bilionaria-por-causa-de-acoes-judiciais-e-ma-gestao\/"]}]},{"@type":"ImageObject","inLanguage":"pt-BR","@id":"https:\/\/www.em.com.br\/emfoco\/2026\/01\/19\/maior-rede-de-farmacias-dos-eua-encerra-atividades-apos-61-anos-e-acumula-divida-bilionaria-por-causa-de-acoes-judiciais-e-ma-gestao\/#primaryimage","url":"https:\/\/www.em.com.br\/emfoco\/wp-content\/uploads\/2026\/01\/AIAI-12-11.jpg","contentUrl":"https:\/\/www.em.com.br\/emfoco\/wp-content\/uploads\/2026\/01\/AIAI-12-11.jpg","width":1280,"height":720,"caption":"Fal\u00eancia da Rite Aid marca colapso hist\u00f3rico no varejo farmac\u00eautico americano"},{"@type":"BreadcrumbList","@id":"https:\/\/www.em.com.br\/emfoco\/2026\/01\/19\/maior-rede-de-farmacias-dos-eua-encerra-atividades-apos-61-anos-e-acumula-divida-bilionaria-por-causa-de-acoes-judiciais-e-ma-gestao\/#breadcrumb","itemListElement":[{"@type":"ListItem","position":1,"name":"In\u00edcio","item":"https:\/\/www.em.com.br\/emfoco\/"},{"@type":"ListItem","position":2,"name":"Maior rede de farm\u00e1cias dos EUA encerra atividades ap\u00f3s 61 anos e acumula d\u00edvida bilion\u00e1ria por causa de a\u00e7\u00f5es judiciais e m\u00e1 gest\u00e3o"}]},{"@type":"WebSite","@id":"https:\/\/www.em.com.br\/emfoco\/#website","url":"https:\/\/www.em.com.br\/emfoco\/","name":"Estado de Minas - Em foco","description":"Acompanhe as \u00faltimas not\u00edcias e fique bem informado sobre tudo o que acontece em Minas Gerais, Brasil e no mundo.","potentialAction":[{"@type":"SearchAction","target":{"@type":"EntryPoint","urlTemplate":"https:\/\/www.em.com.br\/emfoco\/?s={search_term_string}"},"query-input":{"@type":"PropertyValueSpecification","valueRequired":true,"valueName":"search_term_string"}}],"inLanguage":"pt-BR"},{"@type":"Person","@id":"https:\/\/www.em.com.br\/emfoco\/#\/schema\/person\/1c9ddeab18b98abeffef834667bcf08a","name":"Gabriel Martins","image":{"@type":"ImageObject","inLanguage":"pt-BR","@id":"https:\/\/www.em.com.br\/emfoco\/#\/schema\/person\/image\/","url":"https:\/\/secure.gravatar.com\/avatar\/f0f1e2efdfd88f1ad2cb08c5c2731e50?s=96&d=mm&r=g","contentUrl":"https:\/\/secure.gravatar.com\/avatar\/f0f1e2efdfd88f1ad2cb08c5c2731e50?s=96&d=mm&r=g","caption":"Gabriel Martins"},"sameAs":["https:\/\/www.em.com.br\/emfoco\/"],"url":"https:\/\/www.em.com.br\/emfoco\/author\/gabrielmartinsmyth\/"}]}},"_links":{"self":[{"href":"https:\/\/www.em.com.br\/emfoco\/wp-json\/wp\/v2\/posts\/156518","targetHints":{"allow":["GET"]}}],"collection":[{"href":"https:\/\/www.em.com.br\/emfoco\/wp-json\/wp\/v2\/posts"}],"about":[{"href":"https:\/\/www.em.com.br\/emfoco\/wp-json\/wp\/v2\/types\/post"}],"author":[{"embeddable":true,"href":"https:\/\/www.em.com.br\/emfoco\/wp-json\/wp\/v2\/users\/13"}],"replies":[{"embeddable":true,"href":"https:\/\/www.em.com.br\/emfoco\/wp-json\/wp\/v2\/comments?post=156518"}],"version-history":[{"count":1,"href":"https:\/\/www.em.com.br\/emfoco\/wp-json\/wp\/v2\/posts\/156518\/revisions"}],"predecessor-version":[{"id":156544,"href":"https:\/\/www.em.com.br\/emfoco\/wp-json\/wp\/v2\/posts\/156518\/revisions\/156544"}],"wp:featuredmedia":[{"embeddable":true,"href":"https:\/\/www.em.com.br\/emfoco\/wp-json\/wp\/v2\/media\/156540"}],"wp:attachment":[{"href":"https:\/\/www.em.com.br\/emfoco\/wp-json\/wp\/v2\/media?parent=156518"}],"wp:term":[{"taxonomy":"category","embeddable":true,"href":"https:\/\/www.em.com.br\/emfoco\/wp-json\/wp\/v2\/categories?post=156518"},{"taxonomy":"post_tag","embeddable":true,"href":"https:\/\/www.em.com.br\/emfoco\/wp-json\/wp\/v2\/tags?post=156518"}],"curies":[{"name":"wp","href":"https:\/\/api.w.org\/{rel}","templated":true}]}}