{"id":156360,"date":"2026-01-18T19:05:00","date_gmt":"2026-01-18T22:05:00","guid":{"rendered":"https:\/\/www.em.com.br\/emfoco\/?p=156360"},"modified":"2026-01-16T16:14:07","modified_gmt":"2026-01-16T19:14:07","slug":"o-whey-que-voce-toma-esta-ajudando-ou-so-encarecendo-sua-dieta","status":"publish","type":"post","link":"https:\/\/www.em.com.br\/emfoco\/2026\/01\/18\/o-whey-que-voce-toma-esta-ajudando-ou-so-encarecendo-sua-dieta\/","title":{"rendered":"O whey que voc\u00ea toma est\u00e1 ajudando ou s\u00f3 encarecendo sua dieta?"},"content":{"rendered":"\n<p>Nos \u00faltimos anos, o whey protein passou a ocupar um lugar fixo na rotina alimentar de muita gente, de atletas a pessoas com vida sedent\u00e1ria. A prote\u00edna em p\u00f3, antes associada quase exclusivamente ao ambiente de academia, hoje aparece em receitas caseiras, bebidas prontas e at\u00e9 em estrat\u00e9gias m\u00e9dicas de suporte nutricional, gra\u00e7as ao interesse em preservar massa muscular, controlar o peso e facilitar o alcance da meta di\u00e1ria de prote\u00ednas.<\/p>\n\n\n\n<h2 class=\"wp-block-heading\">O que \u00e9 whey protein e qual \u00e9 a sua fun\u00e7\u00e3o principal<\/h2>\n\n\n\n<p>No v\u00eddeo do <strong>@<a href=\"https:\/\/www.youtube.com\/@CardioDF\" target=\"_blank\" rel=\"noreferrer noopener\">Cardio DF \u2014 Cardiologia e sa\u00fade cardiovascular em Bras\u00edlia (DF)<\/a><\/strong>, voc\u00ea encontra uma explica\u00e7\u00e3o direta sobre o que \u00e9 o whey protein, para quem ele realmente faz sentido, diferen\u00e7as entre os tipos e como usar o suplemento sem excessos no dia a dia:<\/p>\n\n\n\n<iframe loading=\"lazy\" width=\"1013\" height=\"570\" src=\"https:\/\/www.youtube.com\/embed\/q-fLTo8Sg1U\" title=\"O que a WHEY PROTEIN pode fazer para SEU CORPO? Como a WHEY FUNCIONA? Quais os RISCOS para a SA\u00daDE?\" frameborder=\"0\" allow=\"accelerometer; autoplay; clipboard-write; encrypted-media; gyroscope; picture-in-picture; web-share\" referrerpolicy=\"strict-origin-when-cross-origin\" allowfullscreen><\/iframe>\n\n\n\n<p>O <strong>whey protein<\/strong> \u00e9 uma prote\u00edna extra\u00edda do soro do leite ap\u00f3s a fabrica\u00e7\u00e3o de queijos. Esse soro \u00e9 filtrado, concentrado e desidratado, resultando em um p\u00f3 de alto teor proteico, com todos os amino\u00e1cidos essenciais necess\u00e1rios para constru\u00e7\u00e3o e manuten\u00e7\u00e3o de tecidos.<\/p>\n\n\n\n<p>Al\u00e9m de participar da produ\u00e7\u00e3o de enzimas, horm\u00f4nios e componentes do sistema imunol\u00f3gico, o whey se destaca pela digest\u00e3o relativamente r\u00e1pida. Isso pode ser \u00fatil ap\u00f3s exerc\u00edcios de for\u00e7a ou em situa\u00e7\u00f5es de baixa ingest\u00e3o alimentar, embora seu efeito dependa sempre do conjunto da dieta e de h\u00e1bitos saud\u00e1veis.<\/p>\n\n\n\n<h2 class=\"wp-block-heading\">Quais s\u00e3o os principais tipos de whey protein dispon\u00edveis<\/h2>\n\n\n\n<p>Dentro da categoria <strong>whey protein<\/strong>, existem tr\u00eas formas mais conhecidas, definidas principalmente pelo grau de processamento. O whey concentrado passa por menos etapas de filtragem, mantendo mais gordura e lactose, com teor de prote\u00edna menor que as vers\u00f5es mais refinadas e custo geralmente mais baixo.<\/p>\n\n\n\n<p>O whey isolado passa por filtragens adicionais que removem boa parte da gordura e da lactose, elevando a porcentagem de prote\u00edna por dose. J\u00e1 o whey hidrolisado sofre quebra parcial das cadeias proteicas, formando fragmentos menores que tendem a ser digeridos mais rapidamente e causar menos desconforto intestinal em pessoas sens\u00edveis.<\/p>\n\n\n\n<ul class=\"wp-block-list\">\n<li><strong>Concentrado:<\/strong> teor proteico intermedi\u00e1rio, mais gordura e lactose, custo geralmente menor.<\/li>\n\n\n\n<li><strong>Isolado:<\/strong> maior concentra\u00e7\u00e3o de prote\u00edna, baixo teor de lactose e gordura.<\/li>\n\n\n\n<li><strong>Hidrolisado:<\/strong> prote\u00edna fracionada, foco em digest\u00e3o r\u00e1pida e maior toler\u00e2ncia intestinal.<\/li>\n<\/ul>\n\n\n\n<p>Leia mais: <a href=\"https:\/\/www.em.com.br\/emgiro\/2026\/01\/7332660-por-que-fazer-agachamento-todo-dia-pode-melhorar-sua-saude.html\" target=\"_blank\" rel=\"noreferrer noopener\">Por que fazer agachamento todo dia pode melhorar sua sa\u00fade<\/a><\/p>\n\n\n\n<h2 class=\"wp-block-heading\">Whey protein \u00e9 indicado apenas para quem faz muscula\u00e7\u00e3o<\/h2>\n\n\n\n<p>O uso de <strong>whey protein<\/strong> ganhou popularidade entre praticantes de muscula\u00e7\u00e3o, pois treino de for\u00e7a combinado a ingest\u00e3o adequada de prote\u00edna \u00e9 fundamental para aumento de massa muscular. O suplemento facilita consumir uma por\u00e7\u00e3o expressiva de prote\u00edna em pouco volume, algo \u00fatil em rotinas intensas ou com pouco tempo para cozinhar.<\/p>\n\n\n\n<p>Entretanto, o uso n\u00e3o se limita a esse p\u00fablico, podendo apoiar sa\u00fade muscular e recupera\u00e7\u00e3o em diferentes perfis. Em idosos, em pessoas em reabilita\u00e7\u00e3o, em quem tem pouco apetite ou dificuldade de mastiga\u00e7\u00e3o, o whey pode ser um aliado, desde que integrado a um plano alimentar equilibrado e supervisionado.<\/p>\n\n\n\n<ul class=\"wp-block-list\">\n<li>Praticantes de atividades f\u00edsicas que precisam aumentar o aporte de prote\u00ednas.<\/li>\n\n\n\n<li>Idosos com risco de perda de for\u00e7a e massa muscular.<\/li>\n\n\n\n<li>Pessoas com pouco apetite ou dificuldade de consumir grandes volumes de comida.<\/li>\n\n\n\n<li>Indiv\u00edduos em recupera\u00e7\u00e3o de doen\u00e7as que exigem maior suporte nutricional.<\/li>\n<\/ul>\n\n\n\n<h2 class=\"wp-block-heading\">Como definir a quantidade ideal de whey protein por dia<\/h2>\n\n\n<div class=\"wp-block-image\">\n<figure class=\"aligncenter size-large\"><img loading=\"lazy\" decoding=\"async\" width=\"1024\" height=\"576\" src=\"https:\/\/www.em.com.br\/emfoco\/wp-content\/uploads\/2026\/01\/whey-protein_1768590548030-1024x576.jpg\" alt=\"\" class=\"wp-image-156396\" srcset=\"https:\/\/www.em.com.br\/emfoco\/wp-content\/uploads\/2026\/01\/whey-protein_1768590548030-1024x576.jpg 1024w, https:\/\/www.em.com.br\/emfoco\/wp-content\/uploads\/2026\/01\/whey-protein_1768590548030-300x169.jpg 300w, https:\/\/www.em.com.br\/emfoco\/wp-content\/uploads\/2026\/01\/whey-protein_1768590548030-768x432.jpg 768w, https:\/\/www.em.com.br\/emfoco\/wp-content\/uploads\/2026\/01\/whey-protein_1768590548030-750x422.jpg 750w, https:\/\/www.em.com.br\/emfoco\/wp-content\/uploads\/2026\/01\/whey-protein_1768590548030-1140x641.jpg 1140w, https:\/\/www.em.com.br\/emfoco\/wp-content\/uploads\/2026\/01\/whey-protein_1768590548030.jpg 1280w\" sizes=\"auto, (max-width: 1024px) 100vw, 1024px\" \/><figcaption class=\"wp-element-caption\">Whey protein al\u00e9m da academia &#8211; Cr\u00e9ditos: depositphotos.com \/ lecic<\/figcaption><\/figure><\/div>\n\n\n<p>A quantidade de <strong>whey protein<\/strong> n\u00e3o \u00e9 igual para todas as pessoas, pois depende do peso, n\u00edvel de atividade f\u00edsica e estado de sa\u00fade. Em adultos saud\u00e1veis, costuma-se usar de 0,8 g de prote\u00edna por quilo ao dia para manuten\u00e7\u00e3o, podendo chegar em torno de 1,6 g por quilo em rotinas com treinos regulares e metas de ganho de massa.<\/p>\n\n\n\n<p>O whey entra apenas como parte dessa cota proteica, complementando o que vem de carnes, ovos, latic\u00ednios e leguminosas. Em muitos casos, uma ou duas doses por dia, somando cerca de 20 g a 40 g de prote\u00edna do suplemento, j\u00e1 s\u00e3o suficientes, evitando excessos que podem aumentar calorias e causar desconfortos gastrointestinais.<\/p>\n\n\n\n<ol class=\"wp-block-list\">\n<li>Estimar a necessidade proteica com aux\u00edlio de nutricionista ou m\u00e9dico.<\/li>\n\n\n\n<li>Registrar a quantidade aproximada de prote\u00edna presente nas refei\u00e7\u00f5es comuns.<\/li>\n\n\n\n<li>Verificar se existe d\u00e9ficit em rela\u00e7\u00e3o \u00e0 meta di\u00e1ria.<\/li>\n\n\n\n<li>Usar o whey protein apenas para preencher essa diferen\u00e7a, se necess\u00e1rio.<\/li>\n\n\n\n<li>Reajustar a dose conforme mudan\u00e7as no peso, no treino ou na condi\u00e7\u00e3o de sa\u00fade.<\/li>\n<\/ol>\n\n\n\n<p>Leia mais: <a href=\"https:\/\/www.em.com.br\/galeria\/2026\/01\/72b7334573-vai-alem-da-nutricao-alface-combate-insonia-e-ajuda-na-dieta.html\" target=\"_blank\" rel=\"noreferrer noopener\">Vai al\u00e9m da nutri\u00e7\u00e3o: Alface combate ins\u00f4nia e ajuda na dieta<\/a><\/p>\n\n\n\n<h2 class=\"wp-block-heading\">Como tomar whey protein de forma segura e eficiente<\/h2>\n\n\n\n<p>O hor\u00e1rio de consumo de <strong>whey protein<\/strong> costuma gerar d\u00favidas, mas o ponto central \u00e9 a quantidade di\u00e1ria total de prote\u00edna. Em pessoas que passam longos per\u00edodos sem ingerir prote\u00edna ou treinam em jejum, faz sentido usar o suplemento perto do exerc\u00edcio; quando a alimenta\u00e7\u00e3o \u00e9 bem distribu\u00edda, o momento exato tende a ser menos relevante.<\/p>\n\n\n\n<p>No preparo, misturar com \u00e1gua resulta em bebida menos cal\u00f3rica, \u00fatil em fases de redu\u00e7\u00e3o de gordura corporal, enquanto a combina\u00e7\u00e3o com leite aumenta calorias e nutrientes para quem tem dificuldade de ganhar peso. Pessoas com doen\u00e7a renal, problemas hep\u00e1ticos ou outras condi\u00e7\u00f5es espec\u00edficas devem ter acompanhamento profissional, evitando ingest\u00e3o exagerada que possa causar gases, altera\u00e7\u00f5es intestinais ou outros desconfortos.<\/p>\n","protected":false},"excerpt":{"rendered":"<p>Nos \u00faltimos anos, o whey protein passou a ocupar um lugar fixo na rotina alimentar de muita gente, de atletas a pessoas com vida sedent\u00e1ria. A prote\u00edna em p\u00f3, antes associada quase exclusivamente ao ambiente de academia, hoje aparece em receitas caseiras, bebidas prontas e at\u00e9 em estrat\u00e9gias m\u00e9dicas de suporte nutricional, gra\u00e7as ao interesse [&hellip;]<\/p>\n","protected":false},"author":20,"featured_media":156397,"comment_status":"open","ping_status":"open","sticky":false,"template":"","format":"standard","meta":{"jnews-multi-image_gallery":[],"jnews_single_post":{"format":"standard"},"jnews_primary_category":[],"jnews_social_meta":[],"jnews_override_counter":[],"footnotes":""},"categories":[8819,1],"tags":[627,22850,415,4070],"class_list":["post-156360","post","type-post","status-publish","format-standard","has-post-thumbnail","hentry","category-curiosidades","category-noticias","tag-envelhecimento","tag-musculos-2","tag-saude","tag-whey-protein"],"yoast_head":"<!-- This site is optimized with the Yoast SEO plugin v23.8 - https:\/\/yoast.com\/wordpress\/plugins\/seo\/ -->\n<title>O whey que voc\u00ea toma est\u00e1 ajudando ou s\u00f3 encarecendo sua dieta? - Estado de Minas - Em foco<\/title>\n<meta name=\"description\" content=\"Whey protein n\u00e3o \u00e9 s\u00f3 para quem treina. Entenda o que \u00e9, para quem faz sentido, como usar com seguran\u00e7a e evitar erros comuns no dia a dia.\" \/>\n<meta name=\"robots\" content=\"index, follow, max-snippet:-1, max-image-preview:large, max-video-preview:-1\" \/>\n<link rel=\"canonical\" href=\"https:\/\/www.em.com.br\/emfoco\/2026\/01\/18\/o-whey-que-voce-toma-esta-ajudando-ou-so-encarecendo-sua-dieta\/\" \/>\n<meta property=\"og:locale\" content=\"pt_BR\" \/>\n<meta property=\"og:type\" content=\"article\" \/>\n<meta property=\"og:title\" content=\"O whey que voc\u00ea toma est\u00e1 ajudando ou s\u00f3 encarecendo sua dieta? - Estado de Minas - Em foco\" \/>\n<meta property=\"og:description\" content=\"Whey protein n\u00e3o \u00e9 s\u00f3 para quem treina. Entenda o que \u00e9, para quem faz sentido, como usar com seguran\u00e7a e evitar erros comuns no dia a dia.\" \/>\n<meta property=\"og:url\" content=\"https:\/\/www.em.com.br\/emfoco\/2026\/01\/18\/o-whey-que-voce-toma-esta-ajudando-ou-so-encarecendo-sua-dieta\/\" \/>\n<meta property=\"og:site_name\" content=\"Estado de Minas - Em foco\" \/>\n<meta property=\"article:published_time\" content=\"2026-01-18T22:05:00+00:00\" \/>\n<meta property=\"article:modified_time\" content=\"2026-01-16T19:14:07+00:00\" \/>\n<meta property=\"og:image\" content=\"https:\/\/www.em.com.br\/emfoco\/wp-content\/uploads\/2026\/01\/whey-protein_1768590541641.jpg\" \/>\n\t<meta property=\"og:image:width\" content=\"1280\" \/>\n\t<meta property=\"og:image:height\" content=\"720\" \/>\n\t<meta property=\"og:image:type\" content=\"image\/jpeg\" \/>\n<meta name=\"author\" content=\"Ingrid Diniz\" \/>\n<meta name=\"twitter:card\" content=\"summary_large_image\" \/>\n<meta name=\"twitter:label1\" content=\"Escrito por\" \/>\n\t<meta name=\"twitter:data1\" content=\"Ingrid Diniz\" \/>\n\t<meta name=\"twitter:label2\" content=\"Est. tempo de leitura\" \/>\n\t<meta name=\"twitter:data2\" content=\"6 minutos\" \/>\n<!-- \/ Yoast SEO plugin. -->","yoast_head_json":{"title":"O whey que voc\u00ea toma est\u00e1 ajudando ou s\u00f3 encarecendo sua dieta? - Estado de Minas - Em foco","description":"Whey protein n\u00e3o \u00e9 s\u00f3 para quem treina. Entenda o que \u00e9, para quem faz sentido, como usar com seguran\u00e7a e evitar erros comuns no dia a dia.","robots":{"index":"index","follow":"follow","max-snippet":"max-snippet:-1","max-image-preview":"max-image-preview:large","max-video-preview":"max-video-preview:-1"},"canonical":"https:\/\/www.em.com.br\/emfoco\/2026\/01\/18\/o-whey-que-voce-toma-esta-ajudando-ou-so-encarecendo-sua-dieta\/","og_locale":"pt_BR","og_type":"article","og_title":"O whey que voc\u00ea toma est\u00e1 ajudando ou s\u00f3 encarecendo sua dieta? - Estado de Minas - Em foco","og_description":"Whey protein n\u00e3o \u00e9 s\u00f3 para quem treina. Entenda o que \u00e9, para quem faz sentido, como usar com seguran\u00e7a e evitar erros comuns no dia a dia.","og_url":"https:\/\/www.em.com.br\/emfoco\/2026\/01\/18\/o-whey-que-voce-toma-esta-ajudando-ou-so-encarecendo-sua-dieta\/","og_site_name":"Estado de Minas - Em foco","article_published_time":"2026-01-18T22:05:00+00:00","article_modified_time":"2026-01-16T19:14:07+00:00","og_image":[{"width":1280,"height":720,"url":"https:\/\/www.em.com.br\/emfoco\/wp-content\/uploads\/2026\/01\/whey-protein_1768590541641.jpg","type":"image\/jpeg"}],"author":"Ingrid Diniz","twitter_card":"summary_large_image","twitter_misc":{"Escrito por":"Ingrid Diniz","Est. tempo de leitura":"6 minutos"},"schema":{"@context":"https:\/\/schema.org","@graph":[{"@type":"WebPage","@id":"https:\/\/www.em.com.br\/emfoco\/2026\/01\/18\/o-whey-que-voce-toma-esta-ajudando-ou-so-encarecendo-sua-dieta\/","url":"https:\/\/www.em.com.br\/emfoco\/2026\/01\/18\/o-whey-que-voce-toma-esta-ajudando-ou-so-encarecendo-sua-dieta\/","name":"O whey que voc\u00ea toma est\u00e1 ajudando ou s\u00f3 encarecendo sua dieta? - Estado de Minas - Em foco","isPartOf":{"@id":"https:\/\/www.em.com.br\/emfoco\/#website"},"primaryImageOfPage":{"@id":"https:\/\/www.em.com.br\/emfoco\/2026\/01\/18\/o-whey-que-voce-toma-esta-ajudando-ou-so-encarecendo-sua-dieta\/#primaryimage"},"image":{"@id":"https:\/\/www.em.com.br\/emfoco\/2026\/01\/18\/o-whey-que-voce-toma-esta-ajudando-ou-so-encarecendo-sua-dieta\/#primaryimage"},"thumbnailUrl":"https:\/\/www.em.com.br\/emfoco\/wp-content\/uploads\/2026\/01\/whey-protein_1768590541641.jpg","datePublished":"2026-01-18T22:05:00+00:00","dateModified":"2026-01-16T19:14:07+00:00","author":{"@id":"https:\/\/www.em.com.br\/emfoco\/#\/schema\/person\/649e610b4eb8fff87ff394e54fe17b2b"},"description":"Whey protein n\u00e3o \u00e9 s\u00f3 para quem treina. Entenda o que \u00e9, para quem faz sentido, como usar com seguran\u00e7a e evitar erros comuns no dia a dia.","breadcrumb":{"@id":"https:\/\/www.em.com.br\/emfoco\/2026\/01\/18\/o-whey-que-voce-toma-esta-ajudando-ou-so-encarecendo-sua-dieta\/#breadcrumb"},"inLanguage":"pt-BR","potentialAction":[{"@type":"ReadAction","target":["https:\/\/www.em.com.br\/emfoco\/2026\/01\/18\/o-whey-que-voce-toma-esta-ajudando-ou-so-encarecendo-sua-dieta\/"]}]},{"@type":"ImageObject","inLanguage":"pt-BR","@id":"https:\/\/www.em.com.br\/emfoco\/2026\/01\/18\/o-whey-que-voce-toma-esta-ajudando-ou-so-encarecendo-sua-dieta\/#primaryimage","url":"https:\/\/www.em.com.br\/emfoco\/wp-content\/uploads\/2026\/01\/whey-protein_1768590541641.jpg","contentUrl":"https:\/\/www.em.com.br\/emfoco\/wp-content\/uploads\/2026\/01\/whey-protein_1768590541641.jpg","width":1280,"height":720,"caption":"A creatina transforma a sua for\u00e7a f\u00edsica e turbina o c\u00e9rebro - Cr\u00e9ditos: depositphotos.com \/ Elnur_"},{"@type":"BreadcrumbList","@id":"https:\/\/www.em.com.br\/emfoco\/2026\/01\/18\/o-whey-que-voce-toma-esta-ajudando-ou-so-encarecendo-sua-dieta\/#breadcrumb","itemListElement":[{"@type":"ListItem","position":1,"name":"In\u00edcio","item":"https:\/\/www.em.com.br\/emfoco\/"},{"@type":"ListItem","position":2,"name":"O whey que voc\u00ea toma est\u00e1 ajudando ou s\u00f3 encarecendo sua dieta?"}]},{"@type":"WebSite","@id":"https:\/\/www.em.com.br\/emfoco\/#website","url":"https:\/\/www.em.com.br\/emfoco\/","name":"Estado de Minas - Em foco","description":"Acompanhe as \u00faltimas not\u00edcias e fique bem informado sobre tudo o que acontece em Minas Gerais, Brasil e no mundo.","potentialAction":[{"@type":"SearchAction","target":{"@type":"EntryPoint","urlTemplate":"https:\/\/www.em.com.br\/emfoco\/?s={search_term_string}"},"query-input":{"@type":"PropertyValueSpecification","valueRequired":true,"valueName":"search_term_string"}}],"inLanguage":"pt-BR"},{"@type":"Person","@id":"https:\/\/www.em.com.br\/emfoco\/#\/schema\/person\/649e610b4eb8fff87ff394e54fe17b2b","name":"Ingrid Diniz","image":{"@type":"ImageObject","inLanguage":"pt-BR","@id":"https:\/\/www.em.com.br\/emfoco\/#\/schema\/person\/image\/","url":"https:\/\/secure.gravatar.com\/avatar\/a3baa1449ec5c39b4c42babc9d4f3951?s=96&d=mm&r=g","contentUrl":"https:\/\/secure.gravatar.com\/avatar\/a3baa1449ec5c39b4c42babc9d4f3951?s=96&d=mm&r=g","caption":"Ingrid Diniz"},"sameAs":["https:\/\/www.em.com.br\/"],"url":"https:\/\/www.em.com.br\/emfoco\/author\/ingridmyth\/"}]}},"_links":{"self":[{"href":"https:\/\/www.em.com.br\/emfoco\/wp-json\/wp\/v2\/posts\/156360","targetHints":{"allow":["GET"]}}],"collection":[{"href":"https:\/\/www.em.com.br\/emfoco\/wp-json\/wp\/v2\/posts"}],"about":[{"href":"https:\/\/www.em.com.br\/emfoco\/wp-json\/wp\/v2\/types\/post"}],"author":[{"embeddable":true,"href":"https:\/\/www.em.com.br\/emfoco\/wp-json\/wp\/v2\/users\/20"}],"replies":[{"embeddable":true,"href":"https:\/\/www.em.com.br\/emfoco\/wp-json\/wp\/v2\/comments?post=156360"}],"version-history":[{"count":1,"href":"https:\/\/www.em.com.br\/emfoco\/wp-json\/wp\/v2\/posts\/156360\/revisions"}],"predecessor-version":[{"id":156400,"href":"https:\/\/www.em.com.br\/emfoco\/wp-json\/wp\/v2\/posts\/156360\/revisions\/156400"}],"wp:featuredmedia":[{"embeddable":true,"href":"https:\/\/www.em.com.br\/emfoco\/wp-json\/wp\/v2\/media\/156397"}],"wp:attachment":[{"href":"https:\/\/www.em.com.br\/emfoco\/wp-json\/wp\/v2\/media?parent=156360"}],"wp:term":[{"taxonomy":"category","embeddable":true,"href":"https:\/\/www.em.com.br\/emfoco\/wp-json\/wp\/v2\/categories?post=156360"},{"taxonomy":"post_tag","embeddable":true,"href":"https:\/\/www.em.com.br\/emfoco\/wp-json\/wp\/v2\/tags?post=156360"}],"curies":[{"name":"wp","href":"https:\/\/api.w.org\/{rel}","templated":true}]}}