{"id":156351,"date":"2026-01-17T13:25:10","date_gmt":"2026-01-17T16:25:10","guid":{"rendered":"https:\/\/www.em.com.br\/emfoco\/?p=156351"},"modified":"2026-01-16T16:46:54","modified_gmt":"2026-01-16T19:46:54","slug":"quebrou-a-calcada-de-novo-veja-arvores-com-raizes-que-nao-destroem-o-piso","status":"publish","type":"post","link":"https:\/\/www.em.com.br\/emfoco\/2026\/01\/17\/quebrou-a-calcada-de-novo-veja-arvores-com-raizes-que-nao-destroem-o-piso\/","title":{"rendered":"Quebrou a cal\u00e7ada de novo? Veja \u00e1rvores com ra\u00edzes que n\u00e3o destroem o piso"},"content":{"rendered":"\n<h2 class=\"wp-block-heading\">\u00c1rvores pequenas como Resed\u00e1, Pitanga e Pata-de-vaca trazem sombra e beleza \u00e0 cal\u00e7ada. Com ra\u00edzes discretas, evitam quebrar o piso e n\u00e3o atingem a fia\u00e7\u00e3o. O plantio exige cova preparada, rega inicial e respeito \u00e0s normas municipais.<\/h2>\n\n\n\n<p><b>Voc\u00ea j\u00e1 caminhou por uma rua cheia de \u00e1rvores<\/b> e sentiu o ar mais fresco, a sombra agrad\u00e1vel e at\u00e9 vontade de andar mais devagar? <b>Plantar \u00e1rvores de pequeno porte na cal\u00e7ada<\/b> faz exatamente isso pelo bairro: melhora o conforto t\u00e9rmico, valoriza os im\u00f3veis e deixa tudo mais bonito. Mas essa escolha n\u00e3o pode ser feita s\u00f3 pela apar\u00eancia; \u00e9 preciso pensar no espa\u00e7o dispon\u00edvel, na fia\u00e7\u00e3o el\u00e9trica, na largura da cal\u00e7ada e at\u00e9 na rotina de quem passa ali todos os dias.<\/p>\n\n\n\n<figure class=\"wp-block-embed is-type-rich is-provider-pinterest wp-block-embed-pinterest\"><div class=\"wp-block-embed__wrapper\">\n<iframe loading=\"lazy\" title=\" \" src=\"https:\/\/assets.pinterest.com\/ext\/embed.html?id=12384967715686269&#038;src=oembed\" height=\"489\" width=\"450\" frameborder=\"0\" scrolling=\"no\" ><\/iframe>\n<\/div><\/figure>\n\n\n\n<h2 class=\"wp-block-heading\">Quais s\u00e3o as 4 melhores \u00e1rvores de pequeno porte para cal\u00e7ada<\/h2>\n\n\n\n<p>Existem v\u00e1rias esp\u00e9cies apropriadas, mas <b>quatro aparecem com frequ\u00eancia em projetos urbanos<\/b> pelos bons resultados que oferecem. S\u00e3o \u00e1rvores que, em geral, alcan\u00e7am de 3 a 6 metros de altura, t\u00eam copa moderada, ra\u00edzes menos agressivas e boa resist\u00eancia ao ambiente da cidade. <b>Essas caracter\u00edsticas ajudam a equilibrar conforto e seguran\u00e7a<\/b> no uso di\u00e1rio da cal\u00e7ada.<\/p>\n\n\n\n<p>Al\u00e9m de ajudarem a refrescar o clima e melhorar a paisagem, essas esp\u00e9cies costumam exigir <b>manuten\u00e7\u00e3o simples<\/b> e se adaptam bem a diferentes regi\u00f5es do Brasil, especialmente quando bem plantadas e cuidadas desde o in\u00edcio. Em muitos munic\u00edpios, elas j\u00e1 aparecem em <b>listas oficiais de esp\u00e9cies recomendadas<\/b>, o que facilita a aprova\u00e7\u00e3o dos projetos de arboriza\u00e7\u00e3o.<\/p>\n\n\n\n<ol class=\"wp-block-list\">\n<li><strong>Resed\u00e1 (Lagerstroemia indica)<\/strong><\/li>\n\n\n\n<li><strong>Pata-de-vaca-mirim (Bauhinia forficata var. pruinosa ou similares de pequeno porte)<\/strong><\/li>\n\n\n\n<li><strong>Escova-de-garrafa (Callistemon spp.)<\/strong><\/li>\n\n\n\n<li><strong>Pitanga (Eugenia uniflora)<\/strong><\/li>\n<\/ol>\n\n\n\n<figure class=\"wp-block-embed is-type-rich is-provider-pinterest wp-block-embed-pinterest\"><div class=\"wp-block-embed__wrapper\">\n<iframe loading=\"lazy\" title=\"pata-de-vaca branca\" src=\"https:\/\/assets.pinterest.com\/ext\/embed.html?id=224757837644030433&#038;src=oembed\" height=\"646\" width=\"450\" frameborder=\"0\" scrolling=\"no\" ><\/iframe>\n<\/div><\/figure>\n\n\n\n<p>Leia tamb\u00e9m: <a href=\"https:\/\/www.em.com.br\/emfoco\/2026\/01\/16\/se-voce-tem-sapatos-velhos-nao-os-jogue-fora-veja-por-que-eles-agora-estao-sendo-usados-como-vasos-de-flores-no-jardim\/\" target=\"_blank\" rel=\"noopener\">Se voc\u00ea tem sapatos velhos, n\u00e3o os jogue fora: veja por que eles agora est\u00e3o sendo usados \u200b\u200bcomo vasos de flores no jardim<\/a><\/p>\n\n\n\n<h2 class=\"wp-block-heading\">Como \u00e9 o resed\u00e1 utilizado como \u00e1rvore de cal\u00e7ada<\/h2>\n\n\n\n<p>O <b>resed\u00e1<\/b> \u00e9 uma das \u00e1rvores de pequeno porte mais usadas em cal\u00e7adas e canteiros centrais. Costuma atingir entre 3 e 6 metros de altura, com <b>copa arredondada e leve<\/b>. Sua flora\u00e7\u00e3o ornamental, em tons de rosa, branco, lil\u00e1s ou vermelho, chama aten\u00e7\u00e3o e deixa as ruas mais coloridas em diferentes \u00e9pocas do ano.<\/p>\n\n\n\n<p>Por ser muito utilizado em arboriza\u00e7\u00e3o vi\u00e1ria, <b>o resed\u00e1 aparece com frequ\u00eancia em manuais municipais<\/b> de paisagismo urbano. Em muitas cidades brasileiras, \u00e9 indicado para cal\u00e7adas com fia\u00e7\u00e3o a\u00e9rea, gra\u00e7as \u00e0 altura controlada e \u00e0 copa que interfere menos nos cabos. <b>Outra vantagem \u00e9 a boa resist\u00eancia a polui\u00e7\u00e3o urbana<\/b>, o que o torna adequado para avenidas movimentadas.<\/p>\n\n\n\n<ul class=\"wp-block-list\">\n<li><strong>Porte:<\/strong> pequeno, indicado para cal\u00e7adas m\u00e9dias e largas;<\/li>\n\n\n\n<li><strong>Ra\u00edzes:<\/strong> pouco agressivas, com menor risco de danificar o piso;<\/li>\n\n\n\n<li><strong>Manuten\u00e7\u00e3o:<\/strong> aceita bem podas de forma\u00e7\u00e3o e limpeza da copa;<\/li>\n\n\n\n<li><strong>Ambiente:<\/strong> prefere sol pleno e se adapta a climas quentes ou amenos.<\/li>\n<\/ul>\n\n\n\n<figure class=\"wp-block-embed is-type-rich is-provider-pinterest wp-block-embed-pinterest\"><div class=\"wp-block-embed__wrapper\">\n<iframe loading=\"lazy\" title=\"\u00c1rvores para Cal\u00e7ada: 25 Tipos e +50 Imagens para se Inspirar\" src=\"https:\/\/assets.pinterest.com\/ext\/embed.html?id=130463720446924951&#038;src=oembed\" height=\"899\" width=\"450\" frameborder=\"0\" scrolling=\"no\" ><\/iframe>\n<\/div><\/figure>\n\n\n\n<h2 class=\"wp-block-heading\">Como pata-de-vaca-mirim, escova-de-garrafa e pitanga se comportam na cal\u00e7ada<\/h2>\n\n\n\n<p>A <b>pata-de-vaca-mirim<\/b> \u00e9 uma vers\u00e3o de menor porte da pata-de-vaca tradicional. Seus galhos formam uma copa arredondada e n\u00e3o muito densa, permitindo a passagem de luz e ventila\u00e7\u00e3o. As <b>flores brancas ou rosadas<\/b> surgem em grande quantidade em certas \u00e9pocas, atraindo polinizadores e deixando a rua mais charmosa.<\/p>\n\n\n\n<p>A <b>escova-de-garrafa<\/b> \u00e9 um arbusto arb\u00f3reo ou pequena \u00e1rvore que se destaca pelas infloresc\u00eancias em forma de escova, geralmente vermelhas. J\u00e1 a <b>pitanga<\/b> \u00e9 uma frut\u00edfera nativa que pode ser conduzida como \u00e1rvore de pequeno porte, oferecendo sombra moderada e frutos que atraem aves, principalmente em bairros residenciais.<\/p>\n\n\n\n<ul class=\"wp-block-list\">\n<li><strong>Pata-de-vaca-mirim:<\/strong> ideal para locais ensolarados e cal\u00e7adas de largura m\u00e9dia;<\/li>\n\n\n\n<li><strong>Escova-de-garrafa:<\/strong> \u00f3tima para compor fileiras de \u00e1rvores baixas em frente a casas;<\/li>\n\n\n\n<li><strong>Pitanga:<\/strong> boa op\u00e7\u00e3o frut\u00edfera para quem deseja unir sombra e produ\u00e7\u00e3o de frutos.<\/li>\n<\/ul>\n\n\n\n<p>Para voc\u00ea que gosta de plantas, separamos um v\u00eddeo do canal <a class=\"yt-simple-endpoint style-scope yt-formatted-string\" spellcheck=\"false\" href=\"https:\/\/www.youtube.com\/@VilaNinaTV\" target=\"_blank\" rel=\"noopener\">Vila Nina TV<\/a> com dicas de como escolher a \u00e1rvore certa para sua cal\u00e7ada:<\/p>\n\n\n\n<figure class=\"wp-block-embed is-type-video is-provider-youtube wp-block-embed-youtube wp-embed-aspect-16-9 wp-has-aspect-ratio\"><div class=\"wp-block-embed__wrapper\">\n<div class=\"jeg_video_container jeg_video_content\"><iframe loading=\"lazy\" title=\"10 A\u0301rvores Ideais Para Calc\u0327ada\" width=\"500\" height=\"281\" src=\"https:\/\/www.youtube.com\/embed\/LFaOerIVUFA?start=2&#038;feature=oembed\" frameborder=\"0\" allow=\"accelerometer; autoplay; clipboard-write; encrypted-media; gyroscope; picture-in-picture; web-share\" referrerpolicy=\"strict-origin-when-cross-origin\" allowfullscreen><\/iframe><\/div>\n<\/div><\/figure>\n\n\n\n<h2 class=\"wp-block-heading\">Como plantar e cuidar de \u00e1rvores de pequeno porte na cal\u00e7ada<\/h2>\n\n\n\n<p>Para que a \u00e1rvore se desenvolva bem e n\u00e3o cause transtornos, o <b>plantio na cal\u00e7ada<\/b> precisa seguir alguns cuidados simples. Al\u00e9m de escolher bem a esp\u00e9cie, \u00e9 importante respeitar dist\u00e2ncias m\u00ednimas em rela\u00e7\u00e3o ao meio-fio, esquinas, postes e garagens, de acordo com as <b>regras do seu munic\u00edpio<\/b>. Em muitos lugares, \u00e9 necess\u00e1rio solicitar autoriza\u00e7\u00e3o da prefeitura antes de plantar.<\/p>\n\n\n\n<p>Depois de definir o lugar ideal, o segredo \u00e9 preparar bem o <b>ber\u00e7o de plantio<\/b>, cuidar da rega nos primeiros meses e acompanhar o crescimento da copa e das ra\u00edzes. Assim, voc\u00ea evita conflitos com a vizinhan\u00e7a e garante uma \u00e1rvore saud\u00e1vel por muitos anos. Em \u00e1reas muito quentes, um <b>cobertura morta (mulch) ao redor do tronco<\/b> ajuda a manter a umidade e proteger o solo.<\/p>\n\n\n\n<ol class=\"wp-block-list\">\n<li>Abrir um ber\u00e7o de plantio com profundidade e largura adequadas ao porte da muda;<\/li>\n\n\n\n<li>Usar substrato de boa qualidade misturado ao solo local, sem excesso de adubo qu\u00edmico no in\u00edcio;<\/li>\n\n\n\n<li>Fixar a muda com tutor, quando necess\u00e1rio, para proteg\u00ea-la de ventos e impactos;<\/li>\n\n\n\n<li>Manter irriga\u00e7\u00e3o regular nos primeiros meses, principalmente em per\u00edodos de estiagem;<\/li>\n\n\n\n<li>Realizar podas de forma\u00e7\u00e3o leves, respeitando o formato natural da \u00e1rvore;<\/li>\n\n\n\n<li>Acompanhar o desenvolvimento das ra\u00edzes e da copa, observando interfer\u00eancias com cal\u00e7ada ou fia\u00e7\u00e3o.<\/li>\n<\/ol>\n","protected":false},"excerpt":{"rendered":"<p>\u00c1rvores pequenas como Resed\u00e1, Pitanga e Pata-de-vaca trazem sombra e beleza \u00e0 cal\u00e7ada. Com ra\u00edzes discretas, evitam quebrar o piso e n\u00e3o atingem a fia\u00e7\u00e3o. O plantio exige cova preparada, rega inicial e respeito \u00e0s normas municipais. Voc\u00ea j\u00e1 caminhou por uma rua cheia de \u00e1rvores e sentiu o ar mais fresco, a sombra agrad\u00e1vel [&hellip;]<\/p>\n","protected":false},"author":9,"featured_media":156416,"comment_status":"open","ping_status":"open","sticky":false,"template":"","format":"standard","meta":{"jnews-multi-image_gallery":[],"jnews_single_post":{"format":"standard"},"jnews_primary_category":[],"jnews_social_meta":[],"jnews_override_counter":[],"footnotes":""},"categories":[8691,8819,1],"tags":[22852,17456],"class_list":["post-156351","post","type-post","status-publish","format-standard","has-post-thumbnail","hentry","category-bem-estar","category-curiosidades","category-noticias","tag-arvores-de-pequeno-porte","tag-calcada"],"yoast_head":"<!-- This site is optimized with the Yoast SEO plugin v23.8 - https:\/\/yoast.com\/wordpress\/plugins\/seo\/ -->\n<title>Quebrou a cal\u00e7ada de novo? Veja \u00e1rvores com ra\u00edzes que n\u00e3o destroem o piso - Estado de Minas - Em foco<\/title>\n<meta name=\"description\" content=\"Resed\u00e1, Pitanga e Pata-de-vaca s\u00e3o ideais para cal\u00e7adas. D\u00e3o sombra sem quebrar piso ou atingir fios. Veja como plantar.\" \/>\n<meta name=\"robots\" content=\"index, follow, max-snippet:-1, max-image-preview:large, max-video-preview:-1\" \/>\n<link rel=\"canonical\" href=\"https:\/\/www.em.com.br\/emfoco\/2026\/01\/17\/quebrou-a-calcada-de-novo-veja-arvores-com-raizes-que-nao-destroem-o-piso\/\" \/>\n<meta property=\"og:locale\" content=\"pt_BR\" \/>\n<meta property=\"og:type\" content=\"article\" \/>\n<meta property=\"og:title\" content=\"Quebrou a cal\u00e7ada de novo? Veja \u00e1rvores com ra\u00edzes que n\u00e3o destroem o piso - Estado de Minas - Em foco\" \/>\n<meta property=\"og:description\" content=\"Resed\u00e1, Pitanga e Pata-de-vaca s\u00e3o ideais para cal\u00e7adas. D\u00e3o sombra sem quebrar piso ou atingir fios. Veja como plantar.\" \/>\n<meta property=\"og:url\" content=\"https:\/\/www.em.com.br\/emfoco\/2026\/01\/17\/quebrou-a-calcada-de-novo-veja-arvores-com-raizes-que-nao-destroem-o-piso\/\" \/>\n<meta property=\"og:site_name\" content=\"Estado de Minas - Em foco\" \/>\n<meta property=\"article:published_time\" content=\"2026-01-17T16:25:10+00:00\" \/>\n<meta property=\"article:modified_time\" content=\"2026-01-16T19:46:54+00:00\" \/>\n<meta property=\"og:image\" content=\"https:\/\/www.em.com.br\/emfoco\/wp-content\/uploads\/2026\/01\/arvore-calcada_1768592574730.jpg\" \/>\n\t<meta property=\"og:image:width\" content=\"1280\" \/>\n\t<meta property=\"og:image:height\" content=\"720\" \/>\n\t<meta property=\"og:image:type\" content=\"image\/jpeg\" \/>\n<meta name=\"author\" content=\"Daniely Cardoso\" \/>\n<meta name=\"twitter:card\" content=\"summary_large_image\" \/>\n<meta name=\"twitter:label1\" content=\"Escrito por\" \/>\n\t<meta name=\"twitter:data1\" content=\"Daniely Cardoso\" \/>\n\t<meta name=\"twitter:label2\" content=\"Est. tempo de leitura\" \/>\n\t<meta name=\"twitter:data2\" content=\"5 minutos\" \/>\n<!-- \/ Yoast SEO plugin. -->","yoast_head_json":{"title":"Quebrou a cal\u00e7ada de novo? Veja \u00e1rvores com ra\u00edzes que n\u00e3o destroem o piso - Estado de Minas - Em foco","description":"Resed\u00e1, Pitanga e Pata-de-vaca s\u00e3o ideais para cal\u00e7adas. D\u00e3o sombra sem quebrar piso ou atingir fios. Veja como plantar.","robots":{"index":"index","follow":"follow","max-snippet":"max-snippet:-1","max-image-preview":"max-image-preview:large","max-video-preview":"max-video-preview:-1"},"canonical":"https:\/\/www.em.com.br\/emfoco\/2026\/01\/17\/quebrou-a-calcada-de-novo-veja-arvores-com-raizes-que-nao-destroem-o-piso\/","og_locale":"pt_BR","og_type":"article","og_title":"Quebrou a cal\u00e7ada de novo? Veja \u00e1rvores com ra\u00edzes que n\u00e3o destroem o piso - Estado de Minas - Em foco","og_description":"Resed\u00e1, Pitanga e Pata-de-vaca s\u00e3o ideais para cal\u00e7adas. D\u00e3o sombra sem quebrar piso ou atingir fios. Veja como plantar.","og_url":"https:\/\/www.em.com.br\/emfoco\/2026\/01\/17\/quebrou-a-calcada-de-novo-veja-arvores-com-raizes-que-nao-destroem-o-piso\/","og_site_name":"Estado de Minas - Em foco","article_published_time":"2026-01-17T16:25:10+00:00","article_modified_time":"2026-01-16T19:46:54+00:00","og_image":[{"width":1280,"height":720,"url":"https:\/\/www.em.com.br\/emfoco\/wp-content\/uploads\/2026\/01\/arvore-calcada_1768592574730.jpg","type":"image\/jpeg"}],"author":"Daniely Cardoso","twitter_card":"summary_large_image","twitter_misc":{"Escrito por":"Daniely Cardoso","Est. tempo de leitura":"5 minutos"},"schema":{"@context":"https:\/\/schema.org","@graph":[{"@type":"WebPage","@id":"https:\/\/www.em.com.br\/emfoco\/2026\/01\/17\/quebrou-a-calcada-de-novo-veja-arvores-com-raizes-que-nao-destroem-o-piso\/","url":"https:\/\/www.em.com.br\/emfoco\/2026\/01\/17\/quebrou-a-calcada-de-novo-veja-arvores-com-raizes-que-nao-destroem-o-piso\/","name":"Quebrou a cal\u00e7ada de novo? Veja \u00e1rvores com ra\u00edzes que n\u00e3o destroem o piso - Estado de Minas - Em foco","isPartOf":{"@id":"https:\/\/www.em.com.br\/emfoco\/#website"},"primaryImageOfPage":{"@id":"https:\/\/www.em.com.br\/emfoco\/2026\/01\/17\/quebrou-a-calcada-de-novo-veja-arvores-com-raizes-que-nao-destroem-o-piso\/#primaryimage"},"image":{"@id":"https:\/\/www.em.com.br\/emfoco\/2026\/01\/17\/quebrou-a-calcada-de-novo-veja-arvores-com-raizes-que-nao-destroem-o-piso\/#primaryimage"},"thumbnailUrl":"https:\/\/www.em.com.br\/emfoco\/wp-content\/uploads\/2026\/01\/arvore-calcada_1768592574730.jpg","datePublished":"2026-01-17T16:25:10+00:00","dateModified":"2026-01-16T19:46:54+00:00","author":{"@id":"https:\/\/www.em.com.br\/emfoco\/#\/schema\/person\/0a8186d72f2c3a5c6276d90b41f271a0"},"description":"Resed\u00e1, Pitanga e Pata-de-vaca s\u00e3o ideais para cal\u00e7adas. D\u00e3o sombra sem quebrar piso ou atingir fios. Veja como plantar.","breadcrumb":{"@id":"https:\/\/www.em.com.br\/emfoco\/2026\/01\/17\/quebrou-a-calcada-de-novo-veja-arvores-com-raizes-que-nao-destroem-o-piso\/#breadcrumb"},"inLanguage":"pt-BR","potentialAction":[{"@type":"ReadAction","target":["https:\/\/www.em.com.br\/emfoco\/2026\/01\/17\/quebrou-a-calcada-de-novo-veja-arvores-com-raizes-que-nao-destroem-o-piso\/"]}]},{"@type":"ImageObject","inLanguage":"pt-BR","@id":"https:\/\/www.em.com.br\/emfoco\/2026\/01\/17\/quebrou-a-calcada-de-novo-veja-arvores-com-raizes-que-nao-destroem-o-piso\/#primaryimage","url":"https:\/\/www.em.com.br\/emfoco\/wp-content\/uploads\/2026\/01\/arvore-calcada_1768592574730.jpg","contentUrl":"https:\/\/www.em.com.br\/emfoco\/wp-content\/uploads\/2026\/01\/arvore-calcada_1768592574730.jpg","width":1280,"height":720,"caption":"Voc\u00ea j\u00e1 caminhou por uma rua cheia de \u00e1rvores e sentiu o ar mais fresco, a sombra agrad\u00e1vel e at\u00e9 vontade de andar mais devagar -0 Cr\u00e9ditos: depositphotos.com \/ Thamkc"},{"@type":"BreadcrumbList","@id":"https:\/\/www.em.com.br\/emfoco\/2026\/01\/17\/quebrou-a-calcada-de-novo-veja-arvores-com-raizes-que-nao-destroem-o-piso\/#breadcrumb","itemListElement":[{"@type":"ListItem","position":1,"name":"In\u00edcio","item":"https:\/\/www.em.com.br\/emfoco\/"},{"@type":"ListItem","position":2,"name":"Quebrou a cal\u00e7ada de novo? Veja \u00e1rvores com ra\u00edzes que n\u00e3o destroem o piso"}]},{"@type":"WebSite","@id":"https:\/\/www.em.com.br\/emfoco\/#website","url":"https:\/\/www.em.com.br\/emfoco\/","name":"Estado de Minas - Em foco","description":"Acompanhe as \u00faltimas not\u00edcias e fique bem informado sobre tudo o que acontece em Minas Gerais, Brasil e no mundo.","potentialAction":[{"@type":"SearchAction","target":{"@type":"EntryPoint","urlTemplate":"https:\/\/www.em.com.br\/emfoco\/?s={search_term_string}"},"query-input":{"@type":"PropertyValueSpecification","valueRequired":true,"valueName":"search_term_string"}}],"inLanguage":"pt-BR"},{"@type":"Person","@id":"https:\/\/www.em.com.br\/emfoco\/#\/schema\/person\/0a8186d72f2c3a5c6276d90b41f271a0","name":"Daniely Cardoso","image":{"@type":"ImageObject","inLanguage":"pt-BR","@id":"https:\/\/www.em.com.br\/emfoco\/#\/schema\/person\/image\/","url":"https:\/\/secure.gravatar.com\/avatar\/4b80ddbd124d1f071b626d52d62e5dff?s=96&d=mm&r=g","contentUrl":"https:\/\/secure.gravatar.com\/avatar\/4b80ddbd124d1f071b626d52d62e5dff?s=96&d=mm&r=g","caption":"Daniely Cardoso"},"url":"https:\/\/www.em.com.br\/emfoco\/author\/danielymyth\/"}]}},"_links":{"self":[{"href":"https:\/\/www.em.com.br\/emfoco\/wp-json\/wp\/v2\/posts\/156351","targetHints":{"allow":["GET"]}}],"collection":[{"href":"https:\/\/www.em.com.br\/emfoco\/wp-json\/wp\/v2\/posts"}],"about":[{"href":"https:\/\/www.em.com.br\/emfoco\/wp-json\/wp\/v2\/types\/post"}],"author":[{"embeddable":true,"href":"https:\/\/www.em.com.br\/emfoco\/wp-json\/wp\/v2\/users\/9"}],"replies":[{"embeddable":true,"href":"https:\/\/www.em.com.br\/emfoco\/wp-json\/wp\/v2\/comments?post=156351"}],"version-history":[{"count":2,"href":"https:\/\/www.em.com.br\/emfoco\/wp-json\/wp\/v2\/posts\/156351\/revisions"}],"predecessor-version":[{"id":156417,"href":"https:\/\/www.em.com.br\/emfoco\/wp-json\/wp\/v2\/posts\/156351\/revisions\/156417"}],"wp:featuredmedia":[{"embeddable":true,"href":"https:\/\/www.em.com.br\/emfoco\/wp-json\/wp\/v2\/media\/156416"}],"wp:attachment":[{"href":"https:\/\/www.em.com.br\/emfoco\/wp-json\/wp\/v2\/media?parent=156351"}],"wp:term":[{"taxonomy":"category","embeddable":true,"href":"https:\/\/www.em.com.br\/emfoco\/wp-json\/wp\/v2\/categories?post=156351"},{"taxonomy":"post_tag","embeddable":true,"href":"https:\/\/www.em.com.br\/emfoco\/wp-json\/wp\/v2\/tags?post=156351"}],"curies":[{"name":"wp","href":"https:\/\/api.w.org\/{rel}","templated":true}]}}